{"id":70544,"date":"2022-04-12T02:58:11","date_gmt":"2022-04-12T02:58:11","guid":{"rendered":"http:\/\/www.noticiasradioreflejos.com.ar\/2021\/?p=70544"},"modified":"2022-04-12T02:58:11","modified_gmt":"2022-04-12T02:58:11","slug":"piden-colaboracion-a-la-policia-de-tornquist-para-dar-con-el-paradero-de-un-trabajador-rural","status":"publish","type":"post","link":"https:\/\/www.noticiasradioreflejos.com.ar\/2021\/piden-colaboracion-a-la-policia-de-tornquist-para-dar-con-el-paradero-de-un-trabajador-rural\/","title":{"rendered":"Piden colaboraci\u00f3n a la polic\u00eda de Tornquist para dar con el paradero de un trabajador  rural"},"content":{"rendered":"<p>La Estaci\u00f3n de Polic\u00eda Comunal de la ciudad de\u00a0<strong>Tornquist<\/strong>, de la Provincia de Buenos Aires, recibi\u00f3 un pedido de colaboraci\u00f3n de la Subdelegaci\u00f3n de la Direcci\u00f3n Departamental de Investigaciones (Sub DDI) de Bol\u00edvar para dar con el paradero del\u00a0<strong>trabajador rural desaparecido<\/strong>\u00a0hace m\u00e1s de diez d\u00edas.<!--more--><\/p>\n<p>En las \u00faltimas horas la polic\u00eda de Tornquist fue informada de que \u201cpodr\u00eda haber indicios\u201c del paso de Woldryk \u201cpor la ciudad o alrededores\u201c, por lo que advirti\u00f3 a los vecinos y pidi\u00f3 que cualquier dato sea comunicado al tel\u00e9fono 291-4941071, seg\u00fan\u00a0<a href=\"https:\/\/www.noticiastornquist.com.ar\/2022\/04\/11\/solicitan-colaboracion-para-dar-con-el-paradero-de-un-hombre-oriundo-de-bolivar-1\/\" target=\"_blank\" rel=\"noreferrer noopener\">public\u00f3<\/a>\u00a0el medio\u00a0<em>Noticias Tornquist.<\/em><\/p>\n<p>Fuentes policiales de Bol\u00edvar contaron a este medio que se est\u00e1n esperando im\u00e1genes de c\u00e1maras de seguridad para ser analizadas.<\/p>\n<p>&nbsp;<\/p>\n<figure class=\"wp-block-image size-full\"><img loading=\"lazy\" decoding=\"async\" class=\"wp-image-41051 lazyloaded aligncenter\" src=\"https:\/\/presentenoticias.com\/portal\/wp-content\/uploads\/2022\/04\/IMG_3879.jpg\" sizes=\"auto, (min-width: 0px) and (max-width: 480px) 480px, (min-width: 481px) 855px, 100vw\" srcset=\"https:\/\/presentenoticias.com\/portal\/wp-content\/uploads\/2022\/04\/IMG_3879.jpg 855w, https:\/\/presentenoticias.com\/portal\/wp-content\/uploads\/2022\/04\/IMG_3879-480x257.jpg 480w\" alt=\"\" width=\"855\" height=\"458\" data-ll-status=\"loaded\" \/><figcaption><em>Desde hace una semana se realizan rastrillajes en la zona<\/em>.<\/figcaption><\/figure>\n<p>&nbsp;<\/p>\n<p>La otra novedad reciente en la b\u00fasqueda del trabajador rural se conoci\u00f3 el domingo al mediod\u00eda cuando tom\u00f3 estado p\u00fablico el\u00a0<a href=\"https:\/\/presentenoticias.com\/portal\/2022\/04\/10\/hallaron-prendas-de-vestir-que-serian-de-juan-woldryk-en-las-inmediaciones-de-un-canal-de-carlos-casares\/\" target=\"_blank\" rel=\"noreferrer noopener\">hallazgo de prendas de vestir<\/a>, que podr\u00edan ser suyas, en cercan\u00edas del canal El Mercante en el Partido de Carlos Casares.<\/p>\n<p>&nbsp;<\/p>\n<p><img loading=\"lazy\" decoding=\"async\" class=\"lazyloaded aligncenter\" src=\"https:\/\/presentenoticias.com\/portal\/wp-content\/uploads\/2022\/04\/woldrykbusca.jpg\" sizes=\"auto, (min-width: 0px) and (max-width: 480px) 480px, (min-width: 481px) 855px, 100vw\" srcset=\"https:\/\/presentenoticias.com\/portal\/wp-content\/uploads\/2022\/04\/woldrykbusca.jpg 855w, https:\/\/presentenoticias.com\/portal\/wp-content\/uploads\/2022\/04\/woldrykbusca-480x257.jpg 480w\" alt=\"\" width=\"1080\" height=\"675\" data-ll-status=\"loaded\" \/><\/p>\n<blockquote class=\"instagram-media\" style=\"background: #FFF; border: 0; border-radius: 3px; box-shadow: 0 0 1px 0 rgba(0,0,0,0.5),0 1px 10px 0 rgba(0,0,0,0.15); margin: 1px; max-width: 540px; min-width: 326px; padding: 0; width: calc(100% - 2px);\" data-instgrm-captioned=\"\" data-instgrm-permalink=\"https:\/\/www.instagram.com\/p\/CcLfGUquZed\/?utm_source=ig_embed&amp;utm_campaign=loading\" data-instgrm-version=\"14\">\n<div style=\"padding: 16px;\">\n<p>&nbsp;<\/p>\n<div style=\"display: flex; flex-direction: row; align-items: center;\">\n<div style=\"background-color: #f4f4f4; border-radius: 50%; flex-grow: 0; height: 40px; margin-right: 14px; width: 40px;\"><\/div>\n<div style=\"display: flex; flex-direction: column; flex-grow: 1; justify-content: center;\">\n<div style=\"background-color: #f4f4f4; border-radius: 4px; flex-grow: 0; height: 14px; margin-bottom: 6px; width: 100px;\"><\/div>\n<div style=\"background-color: #f4f4f4; border-radius: 4px; flex-grow: 0; height: 14px; width: 60px;\"><\/div>\n<\/div>\n<\/div>\n<div style=\"padding: 19% 0;\"><\/div>\n<div style=\"display: block; height: 50px; margin: 0 auto 12px; width: 50px;\"><\/div>\n<div style=\"padding-top: 8px;\">\n<div style=\"color: #3897f0; font-family: Arial,sans-serif; font-size: 14px; font-style: normal; font-weight: 550; line-height: 18px;\">Ver esta publicaci\u00f3n en Instagram<\/div>\n<\/div>\n<div style=\"padding: 12.5% 0;\"><\/div>\n<div style=\"display: flex; flex-direction: row; margin-bottom: 14px; align-items: center;\">\n<div>\n<div style=\"background-color: #f4f4f4; border-radius: 50%; height: 12.5px; width: 12.5px; transform: translateX(0px) translateY(7px);\"><\/div>\n<div style=\"background-color: #f4f4f4; height: 12.5px; transform: rotate(-45deg) translateX(3px) translateY(1px); width: 12.5px; flex-grow: 0; margin-right: 14px; margin-left: 2px;\"><\/div>\n<div style=\"background-color: #f4f4f4; border-radius: 50%; height: 12.5px; width: 12.5px; transform: translateX(9px) translateY(-18px);\"><\/div>\n<\/div>\n<div style=\"margin-left: 8px;\">\n<div style=\"background-color: #f4f4f4; border-radius: 50%; flex-grow: 0; height: 20px; width: 20px;\"><\/div>\n<div style=\"width: 0; height: 0; border-top: 2px solid transparent; border-left: 6px solid #f4f4f4; border-bottom: 2px solid transparent; transform: translateX(16px) translateY(-4px) rotate(30deg);\"><\/div>\n<\/div>\n<div style=\"margin-left: auto;\">\n<div style=\"width: 0px; border-top: 8px solid #F4F4F4; border-right: 8px solid transparent; transform: translateY(16px);\"><\/div>\n<div style=\"background-color: #f4f4f4; flex-grow: 0; height: 12px; width: 16px; transform: translateY(-4px);\"><\/div>\n<div style=\"width: 0; height: 0; border-top: 8px solid #F4F4F4; border-left: 8px solid transparent; transform: translateY(-4px) translateX(8px);\"><\/div>\n<\/div>\n<\/div>\n<div style=\"display: flex; flex-direction: column; flex-grow: 1; justify-content: center; margin-bottom: 24px;\">\n<div style=\"background-color: #f4f4f4; border-radius: 4px; flex-grow: 0; height: 14px; margin-bottom: 6px; width: 224px;\"><\/div>\n<div style=\"background-color: #f4f4f4; border-radius: 4px; flex-grow: 0; height: 14px; width: 144px;\"><\/div>\n<\/div>\n<p>&nbsp;<\/p>\n<p style=\"color: #c9c8cd; font-family: Arial,sans-serif; font-size: 14px; line-height: 17px; margin-bottom: 0; margin-top: 8px; overflow: hidden; padding: 8px 0 7px; text-align: center; text-overflow: ellipsis; white-space: nowrap;\"><a style=\"color: #c9c8cd; font-family: Arial,sans-serif; font-size: 14px; font-style: normal; font-weight: normal; line-height: 17px; text-decoration: none;\" href=\"https:\/\/www.instagram.com\/p\/CcLfGUquZed\/?utm_source=ig_embed&amp;utm_campaign=loading\" target=\"_blank\" rel=\"noopener\">Una publicaci\u00f3n compartida de Presente Noticias (@presentenoticias)<\/a><\/p>\n<\/div>\n<\/blockquote>\n<p style=\"padding-left: 40px;\"><script async src=\"\/\/www.instagram.com\/embed.js\"><\/script><\/p>\n<p>Woldryk\u00a0<a href=\"https:\/\/presentenoticias.com\/portal\/2022\/03\/31\/a-mas-de-24-horas-del-pedido-activo-de-busqueda-juan-woldryk-no-ha-sido-encontrado\/\" target=\"_blank\" rel=\"noreferrer noopener\">fue visto por \u00faltima vez<\/a>\u00a0el mi\u00e9rcoles 30 de marzo al mediod\u00eda en la caba\u00f1a El Rinc\u00f3n, ubicada en la zona rural del Partido de Bol\u00edvar. Desde hace m\u00e1s de diez d\u00edas es buscado intensamente por cientos de efectivos policiales en zonas aleda\u00f1as al campo del que desapareci\u00f3.<\/p>\n<p>En el transcurso de la investigaci\u00f3n se determin\u00f3 que el motivo de su desaparici\u00f3n ten\u00eda v\u00ednculo directo con una\u00a0<a href=\"https:\/\/presentenoticias.com\/portal\/2022\/04\/06\/las-pericias-de-la-linea-telefonica-de-juan-woldryk-ratifican-que-era-victima-de-extorsion\/\" target=\"_blank\" rel=\"noreferrer noopener\">extorsi\u00f3n<\/a>\u00a0de la que estaba siendo v\u00edctima y por la que se realizaron varios\u00a0<a href=\"https:\/\/presentenoticias.com\/portal\/2022\/04\/09\/nuevos-allanamientos-por-la-extorsion-a-woldryk-quien-continua-desaparecido\/\" target=\"_blank\" rel=\"noreferrer noopener\">allanamientos<\/a>.<\/p>\n<p>&nbsp;<\/p>\n<blockquote><p>Fuente https:\/\/presentenoticias.com<\/p><\/blockquote>\n","protected":false},"excerpt":{"rendered":"<p>La Estaci\u00f3n de Polic\u00eda Comunal de la ciudad de\u00a0Tornquist, de la Provincia de Buenos Aires, recibi\u00f3 un pedido de colaboraci\u00f3n de la Subdelegaci\u00f3n de la Direcci\u00f3n Departamental de Investigaciones (Sub DDI) de Bol\u00edvar para dar con el paradero del\u00a0trabajador rural desaparecido\u00a0hace m\u00e1s de diez d\u00edas.<\/p>\n","protected":false},"author":3,"featured_media":0,"comment_status":"closed","ping_status":"closed","sticky":false,"template":"","format":"standard","meta":{"footnotes":""},"categories":[29],"tags":[],"class_list":["post-70544","post","type-post","status-publish","format-standard","hentry","category-policiales"],"yoast_head":"<!-- This site is optimized with the Yoast SEO plugin v25.9 - https:\/\/yoast.com\/wordpress\/plugins\/seo\/ -->\n<title>Piden colaboraci\u00f3n a la polic\u00eda de Tornquist para dar con el paradero de un trabajador rural - Noticias Radio Reflejos<\/title>\n<meta name=\"robots\" content=\"index, follow, max-snippet:-1, max-image-preview:large, max-video-preview:-1\" \/>\n<link rel=\"canonical\" href=\"https:\/\/www.noticiasradioreflejos.com.ar\/2021\/piden-colaboracion-a-la-policia-de-tornquist-para-dar-con-el-paradero-de-un-trabajador-rural\/\" \/>\n<meta property=\"og:locale\" content=\"es_ES\" \/>\n<meta property=\"og:type\" content=\"article\" \/>\n<meta property=\"og:title\" content=\"Piden colaboraci\u00f3n a la polic\u00eda de Tornquist para dar con el paradero de un trabajador rural - Noticias Radio Reflejos\" \/>\n<meta property=\"og:description\" content=\"La Estaci\u00f3n de Polic\u00eda Comunal de la ciudad de\u00a0Tornquist, de la Provincia de Buenos Aires, recibi\u00f3 un pedido de colaboraci\u00f3n de la Subdelegaci\u00f3n de la Direcci\u00f3n Departamental de Investigaciones (Sub DDI) de Bol\u00edvar para dar con el paradero del\u00a0trabajador rural desaparecido\u00a0hace m\u00e1s de diez d\u00edas.\" \/>\n<meta property=\"og:url\" content=\"https:\/\/www.noticiasradioreflejos.com.ar\/2021\/piden-colaboracion-a-la-policia-de-tornquist-para-dar-con-el-paradero-de-un-trabajador-rural\/\" \/>\n<meta property=\"og:site_name\" content=\"Noticias Radio Reflejos\" \/>\n<meta property=\"article:published_time\" content=\"2022-04-12T02:58:11+00:00\" \/>\n<meta property=\"og:image\" content=\"https:\/\/presentenoticias.com\/portal\/wp-content\/uploads\/2022\/04\/IMG_3879.jpg\" \/>\n<meta name=\"author\" content=\"Arnaldo Botto\" \/>\n<meta name=\"twitter:card\" content=\"summary_large_image\" \/>\n<script type=\"application\/ld+json\" class=\"yoast-schema-graph\">{\"@context\":\"https:\/\/schema.org\",\"@graph\":[{\"@type\":\"WebPage\",\"@id\":\"https:\/\/www.noticiasradioreflejos.com.ar\/2021\/piden-colaboracion-a-la-policia-de-tornquist-para-dar-con-el-paradero-de-un-trabajador-rural\/\",\"url\":\"https:\/\/www.noticiasradioreflejos.com.ar\/2021\/piden-colaboracion-a-la-policia-de-tornquist-para-dar-con-el-paradero-de-un-trabajador-rural\/\",\"name\":\"Piden colaboraci\u00f3n a la polic\u00eda de Tornquist para dar con el paradero de un trabajador rural - Noticias Radio Reflejos\",\"isPartOf\":{\"@id\":\"https:\/\/www.noticiasradioreflejos.com.ar\/2021\/#website\"},\"primaryImageOfPage\":{\"@id\":\"https:\/\/www.noticiasradioreflejos.com.ar\/2021\/piden-colaboracion-a-la-policia-de-tornquist-para-dar-con-el-paradero-de-un-trabajador-rural\/#primaryimage\"},\"image\":{\"@id\":\"https:\/\/www.noticiasradioreflejos.com.ar\/2021\/piden-colaboracion-a-la-policia-de-tornquist-para-dar-con-el-paradero-de-un-trabajador-rural\/#primaryimage\"},\"thumbnailUrl\":\"https:\/\/presentenoticias.com\/portal\/wp-content\/uploads\/2022\/04\/IMG_3879.jpg\",\"datePublished\":\"2022-04-12T02:58:11+00:00\",\"author\":{\"@id\":\"https:\/\/www.noticiasradioreflejos.com.ar\/2021\/#\/schema\/person\/ad82545263dcc5ec0996818884fd5fb1\"},\"breadcrumb\":{\"@id\":\"https:\/\/www.noticiasradioreflejos.com.ar\/2021\/piden-colaboracion-a-la-policia-de-tornquist-para-dar-con-el-paradero-de-un-trabajador-rural\/#breadcrumb\"},\"inLanguage\":\"es\",\"potentialAction\":[{\"@type\":\"ReadAction\",\"target\":[\"https:\/\/www.noticiasradioreflejos.com.ar\/2021\/piden-colaboracion-a-la-policia-de-tornquist-para-dar-con-el-paradero-de-un-trabajador-rural\/\"]}]},{\"@type\":\"ImageObject\",\"inLanguage\":\"es\",\"@id\":\"https:\/\/www.noticiasradioreflejos.com.ar\/2021\/piden-colaboracion-a-la-policia-de-tornquist-para-dar-con-el-paradero-de-un-trabajador-rural\/#primaryimage\",\"url\":\"https:\/\/presentenoticias.com\/portal\/wp-content\/uploads\/2022\/04\/IMG_3879.jpg\",\"contentUrl\":\"https:\/\/presentenoticias.com\/portal\/wp-content\/uploads\/2022\/04\/IMG_3879.jpg\"},{\"@type\":\"BreadcrumbList\",\"@id\":\"https:\/\/www.noticiasradioreflejos.com.ar\/2021\/piden-colaboracion-a-la-policia-de-tornquist-para-dar-con-el-paradero-de-un-trabajador-rural\/#breadcrumb\",\"itemListElement\":[{\"@type\":\"ListItem\",\"position\":1,\"name\":\"Portada\",\"item\":\"https:\/\/www.noticiasradioreflejos.com.ar\/2021\/\"},{\"@type\":\"ListItem\",\"position\":2,\"name\":\"Piden colaboraci\u00f3n a la polic\u00eda de Tornquist para dar con el paradero de un trabajador rural\"}]},{\"@type\":\"WebSite\",\"@id\":\"https:\/\/www.noticiasradioreflejos.com.ar\/2021\/#website\",\"url\":\"https:\/\/www.noticiasradioreflejos.com.ar\/2021\/\",\"name\":\"Noticias Radio Reflejos\",\"description\":\"Las noticias de mi comarca\",\"potentialAction\":[{\"@type\":\"SearchAction\",\"target\":{\"@type\":\"EntryPoint\",\"urlTemplate\":\"https:\/\/www.noticiasradioreflejos.com.ar\/2021\/?s={search_term_string}\"},\"query-input\":{\"@type\":\"PropertyValueSpecification\",\"valueRequired\":true,\"valueName\":\"search_term_string\"}}],\"inLanguage\":\"es\"},{\"@type\":\"Person\",\"@id\":\"https:\/\/www.noticiasradioreflejos.com.ar\/2021\/#\/schema\/person\/ad82545263dcc5ec0996818884fd5fb1\",\"name\":\"Arnaldo Botto\",\"image\":{\"@type\":\"ImageObject\",\"inLanguage\":\"es\",\"@id\":\"https:\/\/www.noticiasradioreflejos.com.ar\/2021\/#\/schema\/person\/image\/\",\"url\":\"https:\/\/secure.gravatar.com\/avatar\/55cb5e37c1efa326397366e6974cb338056df65cb50e7d64d1cf314e87504837?s=96&d=mm&r=g\",\"contentUrl\":\"https:\/\/secure.gravatar.com\/avatar\/55cb5e37c1efa326397366e6974cb338056df65cb50e7d64d1cf314e87504837?s=96&d=mm&r=g\",\"caption\":\"Arnaldo Botto\"},\"url\":\"https:\/\/www.noticiasradioreflejos.com.ar\/2021\/author\/arnaldo\/\"}]}<\/script>\n<!-- \/ Yoast SEO plugin. -->","yoast_head_json":{"title":"Piden colaboraci\u00f3n a la polic\u00eda de Tornquist para dar con el paradero de un trabajador rural - Noticias Radio Reflejos","robots":{"index":"index","follow":"follow","max-snippet":"max-snippet:-1","max-image-preview":"max-image-preview:large","max-video-preview":"max-video-preview:-1"},"canonical":"https:\/\/www.noticiasradioreflejos.com.ar\/2021\/piden-colaboracion-a-la-policia-de-tornquist-para-dar-con-el-paradero-de-un-trabajador-rural\/","og_locale":"es_ES","og_type":"article","og_title":"Piden colaboraci\u00f3n a la polic\u00eda de Tornquist para dar con el paradero de un trabajador rural - Noticias Radio Reflejos","og_description":"La Estaci\u00f3n de Polic\u00eda Comunal de la ciudad de\u00a0Tornquist, de la Provincia de Buenos Aires, recibi\u00f3 un pedido de colaboraci\u00f3n de la Subdelegaci\u00f3n de la Direcci\u00f3n Departamental de Investigaciones (Sub DDI) de Bol\u00edvar para dar con el paradero del\u00a0trabajador rural desaparecido\u00a0hace m\u00e1s de diez d\u00edas.","og_url":"https:\/\/www.noticiasradioreflejos.com.ar\/2021\/piden-colaboracion-a-la-policia-de-tornquist-para-dar-con-el-paradero-de-un-trabajador-rural\/","og_site_name":"Noticias Radio Reflejos","article_published_time":"2022-04-12T02:58:11+00:00","og_image":[{"url":"https:\/\/presentenoticias.com\/portal\/wp-content\/uploads\/2022\/04\/IMG_3879.jpg","type":"","width":"","height":""}],"author":"Arnaldo Botto","twitter_card":"summary_large_image","schema":{"@context":"https:\/\/schema.org","@graph":[{"@type":"WebPage","@id":"https:\/\/www.noticiasradioreflejos.com.ar\/2021\/piden-colaboracion-a-la-policia-de-tornquist-para-dar-con-el-paradero-de-un-trabajador-rural\/","url":"https:\/\/www.noticiasradioreflejos.com.ar\/2021\/piden-colaboracion-a-la-policia-de-tornquist-para-dar-con-el-paradero-de-un-trabajador-rural\/","name":"Piden colaboraci\u00f3n a la polic\u00eda de Tornquist para dar con el paradero de un trabajador rural - Noticias Radio Reflejos","isPartOf":{"@id":"https:\/\/www.noticiasradioreflejos.com.ar\/2021\/#website"},"primaryImageOfPage":{"@id":"https:\/\/www.noticiasradioreflejos.com.ar\/2021\/piden-colaboracion-a-la-policia-de-tornquist-para-dar-con-el-paradero-de-un-trabajador-rural\/#primaryimage"},"image":{"@id":"https:\/\/www.noticiasradioreflejos.com.ar\/2021\/piden-colaboracion-a-la-policia-de-tornquist-para-dar-con-el-paradero-de-un-trabajador-rural\/#primaryimage"},"thumbnailUrl":"https:\/\/presentenoticias.com\/portal\/wp-content\/uploads\/2022\/04\/IMG_3879.jpg","datePublished":"2022-04-12T02:58:11+00:00","author":{"@id":"https:\/\/www.noticiasradioreflejos.com.ar\/2021\/#\/schema\/person\/ad82545263dcc5ec0996818884fd5fb1"},"breadcrumb":{"@id":"https:\/\/www.noticiasradioreflejos.com.ar\/2021\/piden-colaboracion-a-la-policia-de-tornquist-para-dar-con-el-paradero-de-un-trabajador-rural\/#breadcrumb"},"inLanguage":"es","potentialAction":[{"@type":"ReadAction","target":["https:\/\/www.noticiasradioreflejos.com.ar\/2021\/piden-colaboracion-a-la-policia-de-tornquist-para-dar-con-el-paradero-de-un-trabajador-rural\/"]}]},{"@type":"ImageObject","inLanguage":"es","@id":"https:\/\/www.noticiasradioreflejos.com.ar\/2021\/piden-colaboracion-a-la-policia-de-tornquist-para-dar-con-el-paradero-de-un-trabajador-rural\/#primaryimage","url":"https:\/\/presentenoticias.com\/portal\/wp-content\/uploads\/2022\/04\/IMG_3879.jpg","contentUrl":"https:\/\/presentenoticias.com\/portal\/wp-content\/uploads\/2022\/04\/IMG_3879.jpg"},{"@type":"BreadcrumbList","@id":"https:\/\/www.noticiasradioreflejos.com.ar\/2021\/piden-colaboracion-a-la-policia-de-tornquist-para-dar-con-el-paradero-de-un-trabajador-rural\/#breadcrumb","itemListElement":[{"@type":"ListItem","position":1,"name":"Portada","item":"https:\/\/www.noticiasradioreflejos.com.ar\/2021\/"},{"@type":"ListItem","position":2,"name":"Piden colaboraci\u00f3n a la polic\u00eda de Tornquist para dar con el paradero de un trabajador rural"}]},{"@type":"WebSite","@id":"https:\/\/www.noticiasradioreflejos.com.ar\/2021\/#website","url":"https:\/\/www.noticiasradioreflejos.com.ar\/2021\/","name":"Noticias Radio Reflejos","description":"Las noticias de mi comarca","potentialAction":[{"@type":"SearchAction","target":{"@type":"EntryPoint","urlTemplate":"https:\/\/www.noticiasradioreflejos.com.ar\/2021\/?s={search_term_string}"},"query-input":{"@type":"PropertyValueSpecification","valueRequired":true,"valueName":"search_term_string"}}],"inLanguage":"es"},{"@type":"Person","@id":"https:\/\/www.noticiasradioreflejos.com.ar\/2021\/#\/schema\/person\/ad82545263dcc5ec0996818884fd5fb1","name":"Arnaldo Botto","image":{"@type":"ImageObject","inLanguage":"es","@id":"https:\/\/www.noticiasradioreflejos.com.ar\/2021\/#\/schema\/person\/image\/","url":"https:\/\/secure.gravatar.com\/avatar\/55cb5e37c1efa326397366e6974cb338056df65cb50e7d64d1cf314e87504837?s=96&d=mm&r=g","contentUrl":"https:\/\/secure.gravatar.com\/avatar\/55cb5e37c1efa326397366e6974cb338056df65cb50e7d64d1cf314e87504837?s=96&d=mm&r=g","caption":"Arnaldo Botto"},"url":"https:\/\/www.noticiasradioreflejos.com.ar\/2021\/author\/arnaldo\/"}]}},"_links":{"self":[{"href":"https:\/\/www.noticiasradioreflejos.com.ar\/2021\/wp-json\/wp\/v2\/posts\/70544","targetHints":{"allow":["GET"]}}],"collection":[{"href":"https:\/\/www.noticiasradioreflejos.com.ar\/2021\/wp-json\/wp\/v2\/posts"}],"about":[{"href":"https:\/\/www.noticiasradioreflejos.com.ar\/2021\/wp-json\/wp\/v2\/types\/post"}],"author":[{"embeddable":true,"href":"https:\/\/www.noticiasradioreflejos.com.ar\/2021\/wp-json\/wp\/v2\/users\/3"}],"replies":[{"embeddable":true,"href":"https:\/\/www.noticiasradioreflejos.com.ar\/2021\/wp-json\/wp\/v2\/comments?post=70544"}],"version-history":[{"count":3,"href":"https:\/\/www.noticiasradioreflejos.com.ar\/2021\/wp-json\/wp\/v2\/posts\/70544\/revisions"}],"predecessor-version":[{"id":70548,"href":"https:\/\/www.noticiasradioreflejos.com.ar\/2021\/wp-json\/wp\/v2\/posts\/70544\/revisions\/70548"}],"wp:attachment":[{"href":"https:\/\/www.noticiasradioreflejos.com.ar\/2021\/wp-json\/wp\/v2\/media?parent=70544"}],"wp:term":[{"taxonomy":"category","embeddable":true,"href":"https:\/\/www.noticiasradioreflejos.com.ar\/2021\/wp-json\/wp\/v2\/categories?post=70544"},{"taxonomy":"post_tag","embeddable":true,"href":"https:\/\/www.noticiasradioreflejos.com.ar\/2021\/wp-json\/wp\/v2\/tags?post=70544"}],"curies":[{"name":"wp","href":"https:\/\/api.w.org\/{rel}","templated":true}]}}