{"id":70529,"date":"2022-04-11T21:21:31","date_gmt":"2022-04-11T21:21:31","guid":{"rendered":"http:\/\/www.noticiasradioreflejos.com.ar\/2021\/?p=70529"},"modified":"2022-04-11T21:24:35","modified_gmt":"2022-04-11T21:24:35","slug":"crean-la-categoria-de-productos-vegetales-a-base-de-cannabis-con-fines-terapeuticos","status":"publish","type":"post","link":"https:\/\/www.noticiasradioreflejos.com.ar\/2021\/crean-la-categoria-de-productos-vegetales-a-base-de-cannabis-con-fines-terapeuticos\/","title":{"rendered":"Crean la categor\u00eda de productos vegetales a base de cannabis con fines terap\u00e9uticos"},"content":{"rendered":"<p>La resoluci\u00f3n promueve que \u00ablos m\u00e9dicos tratantes tengan garant\u00edas de la calidad de los productos que prescriben, que redundar\u00e1n en garantizar la seguridad de usuarios y usuarias\u00bb.<!--more--><\/p>\n<figure class=\"mb-3\"><img decoding=\"async\" src=\"https:\/\/www.telam.com.ar\/thumbs\/bluesteel\/advf\/imagenes\/2022\/04\/62543ac1b96a8_900.jpg\" alt=\"Sern incluidos en esta nueva categora aquellos productos cuya composicin est claramente definida y comprobable con porcentajes de THC menores o iguales a 03\" width=\"100%\" height=\"100%\" \/><\/p>\n<div class=\"media-icons\"><\/div><figcaption>Ser\u00e1n incluidos en esta nueva categor\u00eda aquellos productos cuya composici\u00f3n est\u00e9 claramente definida y comprobable con porcentajes de THC menores o iguales a 0,3%<\/figcaption><\/figure>\n<p>El Ministerio de Salud de la Naci\u00f3n cre\u00f3 la categor\u00eda de productos vegetales a base de cannabis para el uso y aplicaci\u00f3n en medicina humana, lo cual \u00abes un paso m\u00e1s para facilitar el acceso seguro a la poblaci\u00f3n que los necesite\u00bb, aseguraron desde la cartera sanitaria.<\/p>\n<p><strong>\u00abSe define una regulaci\u00f3n propia para este tipo de productos, diferenci\u00e1ndolos de las especialidades medicinales y los medicamentos herbarios. Es un paso m\u00e1s para facilitar el acceso seguro a la poblaci\u00f3n que los necesite\u00bb<\/strong>, indicaron desde la cartera sanitaria.<\/p>\n<p>A partir de\u00a0<a href=\"https:\/\/www.boletinoficial.gob.ar\/detalleAviso\/primera\/260768\/20220411\" target=\"_blank\" rel=\"noopener\">la Resoluci\u00f3n ministerial n\u00famero 781\/2022, publicada este lunes en el Bolet\u00edn Oficial<\/a>, el Ministerio de Salud de la Naci\u00f3n cre\u00f3 la categor\u00eda de \u201cProductos vegetales a base de cannabis y sus derivados destinados al uso y aplicaci\u00f3n en Medicina humana\u201d.<\/p>\n<p>As\u00ed, la cartera sanitaria define una regulaci\u00f3n propia para este tipo de productos con fines terap\u00e9uticos.<\/p>\n<p>Adem\u00e1s, la resoluci\u00f3n promueve que\u00a0<strong>\u00ablos m\u00e9dicos tratantes tengan garant\u00edas de la calidad de los productos que prescriben, que redundar\u00e1n en garantizar la seguridad de usuarios y usuarias\u00bb.<\/strong><\/p>\n<p>\u00abEsto permitir\u00e1 no solo ampliar su uso en diferentes patolog\u00edas, sino que asegurar\u00e1 la certificaci\u00f3n de los procesos en cuanto a las buenas pr\u00e1cticas de cultivo y elaboraci\u00f3n requeridas por las agencias regulatorias nacionales e internacionales\u00bb, sostuvieron desde el ministerio.<\/p>\n<p>Por medio de la resoluci\u00f3n<strong>\u00a0ser\u00e1n incluidos en esta nueva categor\u00eda aquellos productos cuya composici\u00f3n est\u00e9 claramente definida y comprobable con porcentajes de THC menores o iguales a 0,3%;\u00a0<\/strong>en tanto, cuando la concentraci\u00f3n de THC supere el 0,3% al producto se le aplicar\u00e1 el r\u00e9gimen correspondiente a las sustancias psicotr\u00f3picas.<\/p>\n<p><strong>Los productos deber\u00e1n ser indicados por una m\u00e9dica o m\u00e9dico prescriptor,<\/strong>\u00a0quien definir\u00e1 la formulaci\u00f3n de una concentraci\u00f3n conocida de principios activos (cannabinoides) y har\u00e1 el control correspondiente, con la seguridad de la calidad del producto indicado.<\/p>\n<p>Por otro lado,\u00a0<strong>la dispensa se realizar\u00e1 a trav\u00e9s de farmacias bajo receta<\/strong>, mientras que la habilitaci\u00f3n de los laboratorios de elaboraci\u00f3n estar\u00e1 a cargo de la Administraci\u00f3n Nacional de Medicamentos, Alimentos y Tecnolog\u00eda M\u00e9dica (ANMAT), que fiscalizar\u00e1 la producci\u00f3n.<\/p>\n<p>\u00abCon esta nueva categor\u00eda se est\u00e1 dando una respuesta acorde y equilibrada que garantiza la seguridad sanitaria con concentraciones de principios activos conocidos, libres de contaminantes y con el asesoramiento m\u00e9dico e informaci\u00f3n sobre sus beneficios y riesgos\u00bb, concluyeron las fuentes oficiales.<\/p>\n","protected":false},"excerpt":{"rendered":"<p>La resoluci\u00f3n promueve que \u00ablos m\u00e9dicos tratantes tengan garant\u00edas de la calidad de los productos que prescriben, que redundar\u00e1n en garantizar la seguridad de usuarios y usuarias\u00bb.<\/p>\n","protected":false},"author":3,"featured_media":70530,"comment_status":"closed","ping_status":"closed","sticky":false,"template":"","format":"standard","meta":{"footnotes":""},"categories":[46,24,30],"tags":[],"class_list":["post-70529","post","type-post","status-publish","format-standard","has-post-thumbnail","hentry","category-ciencia-y-tecnologia","category-politica","category-salud"],"yoast_head":"<!-- This site is optimized with the Yoast SEO plugin v25.9 - https:\/\/yoast.com\/wordpress\/plugins\/seo\/ -->\n<title>Crean la categor\u00eda de productos vegetales a base de cannabis con fines terap\u00e9uticos - Noticias Radio Reflejos<\/title>\n<meta name=\"robots\" content=\"index, follow, max-snippet:-1, max-image-preview:large, max-video-preview:-1\" \/>\n<link rel=\"canonical\" href=\"https:\/\/www.noticiasradioreflejos.com.ar\/2021\/crean-la-categoria-de-productos-vegetales-a-base-de-cannabis-con-fines-terapeuticos\/\" \/>\n<meta property=\"og:locale\" content=\"es_ES\" \/>\n<meta property=\"og:type\" content=\"article\" \/>\n<meta property=\"og:title\" content=\"Crean la categor\u00eda de productos vegetales a base de cannabis con fines terap\u00e9uticos - Noticias Radio Reflejos\" \/>\n<meta property=\"og:description\" content=\"La resoluci\u00f3n promueve que \u00ablos m\u00e9dicos tratantes tengan garant\u00edas de la calidad de los productos que prescriben, que redundar\u00e1n en garantizar la seguridad de usuarios y usuarias\u00bb.\" \/>\n<meta property=\"og:url\" content=\"https:\/\/www.noticiasradioreflejos.com.ar\/2021\/crean-la-categoria-de-productos-vegetales-a-base-de-cannabis-con-fines-terapeuticos\/\" \/>\n<meta property=\"og:site_name\" content=\"Noticias Radio Reflejos\" \/>\n<meta property=\"article:published_time\" content=\"2022-04-11T21:21:31+00:00\" \/>\n<meta property=\"article:modified_time\" content=\"2022-04-11T21:24:35+00:00\" \/>\n<meta property=\"og:image\" content=\"https:\/\/www.noticiasradioreflejos.com.ar\/2021\/wp-content\/uploads\/2022\/04\/Canabbis.jpg\" \/>\n\t<meta property=\"og:image:width\" content=\"900\" \/>\n\t<meta property=\"og:image:height\" content=\"506\" \/>\n\t<meta property=\"og:image:type\" content=\"image\/jpeg\" \/>\n<meta name=\"author\" content=\"Arnaldo Botto\" \/>\n<meta name=\"twitter:card\" content=\"summary_large_image\" \/>\n<script type=\"application\/ld+json\" class=\"yoast-schema-graph\">{\"@context\":\"https:\/\/schema.org\",\"@graph\":[{\"@type\":\"WebPage\",\"@id\":\"https:\/\/www.noticiasradioreflejos.com.ar\/2021\/crean-la-categoria-de-productos-vegetales-a-base-de-cannabis-con-fines-terapeuticos\/\",\"url\":\"https:\/\/www.noticiasradioreflejos.com.ar\/2021\/crean-la-categoria-de-productos-vegetales-a-base-de-cannabis-con-fines-terapeuticos\/\",\"name\":\"Crean la categor\u00eda de productos vegetales a base de cannabis con fines terap\u00e9uticos - Noticias Radio Reflejos\",\"isPartOf\":{\"@id\":\"https:\/\/www.noticiasradioreflejos.com.ar\/2021\/#website\"},\"primaryImageOfPage\":{\"@id\":\"https:\/\/www.noticiasradioreflejos.com.ar\/2021\/crean-la-categoria-de-productos-vegetales-a-base-de-cannabis-con-fines-terapeuticos\/#primaryimage\"},\"image\":{\"@id\":\"https:\/\/www.noticiasradioreflejos.com.ar\/2021\/crean-la-categoria-de-productos-vegetales-a-base-de-cannabis-con-fines-terapeuticos\/#primaryimage\"},\"thumbnailUrl\":\"https:\/\/www.noticiasradioreflejos.com.ar\/2021\/wp-content\/uploads\/2022\/04\/Canabbis.jpg\",\"datePublished\":\"2022-04-11T21:21:31+00:00\",\"dateModified\":\"2022-04-11T21:24:35+00:00\",\"author\":{\"@id\":\"https:\/\/www.noticiasradioreflejos.com.ar\/2021\/#\/schema\/person\/ad82545263dcc5ec0996818884fd5fb1\"},\"breadcrumb\":{\"@id\":\"https:\/\/www.noticiasradioreflejos.com.ar\/2021\/crean-la-categoria-de-productos-vegetales-a-base-de-cannabis-con-fines-terapeuticos\/#breadcrumb\"},\"inLanguage\":\"es\",\"potentialAction\":[{\"@type\":\"ReadAction\",\"target\":[\"https:\/\/www.noticiasradioreflejos.com.ar\/2021\/crean-la-categoria-de-productos-vegetales-a-base-de-cannabis-con-fines-terapeuticos\/\"]}]},{\"@type\":\"ImageObject\",\"inLanguage\":\"es\",\"@id\":\"https:\/\/www.noticiasradioreflejos.com.ar\/2021\/crean-la-categoria-de-productos-vegetales-a-base-de-cannabis-con-fines-terapeuticos\/#primaryimage\",\"url\":\"https:\/\/www.noticiasradioreflejos.com.ar\/2021\/wp-content\/uploads\/2022\/04\/Canabbis.jpg\",\"contentUrl\":\"https:\/\/www.noticiasradioreflejos.com.ar\/2021\/wp-content\/uploads\/2022\/04\/Canabbis.jpg\",\"width\":900,\"height\":506},{\"@type\":\"BreadcrumbList\",\"@id\":\"https:\/\/www.noticiasradioreflejos.com.ar\/2021\/crean-la-categoria-de-productos-vegetales-a-base-de-cannabis-con-fines-terapeuticos\/#breadcrumb\",\"itemListElement\":[{\"@type\":\"ListItem\",\"position\":1,\"name\":\"Portada\",\"item\":\"https:\/\/www.noticiasradioreflejos.com.ar\/2021\/\"},{\"@type\":\"ListItem\",\"position\":2,\"name\":\"Crean la categor\u00eda de productos vegetales a base de cannabis con fines terap\u00e9uticos\"}]},{\"@type\":\"WebSite\",\"@id\":\"https:\/\/www.noticiasradioreflejos.com.ar\/2021\/#website\",\"url\":\"https:\/\/www.noticiasradioreflejos.com.ar\/2021\/\",\"name\":\"Noticias Radio Reflejos\",\"description\":\"Las noticias de mi comarca\",\"potentialAction\":[{\"@type\":\"SearchAction\",\"target\":{\"@type\":\"EntryPoint\",\"urlTemplate\":\"https:\/\/www.noticiasradioreflejos.com.ar\/2021\/?s={search_term_string}\"},\"query-input\":{\"@type\":\"PropertyValueSpecification\",\"valueRequired\":true,\"valueName\":\"search_term_string\"}}],\"inLanguage\":\"es\"},{\"@type\":\"Person\",\"@id\":\"https:\/\/www.noticiasradioreflejos.com.ar\/2021\/#\/schema\/person\/ad82545263dcc5ec0996818884fd5fb1\",\"name\":\"Arnaldo Botto\",\"image\":{\"@type\":\"ImageObject\",\"inLanguage\":\"es\",\"@id\":\"https:\/\/www.noticiasradioreflejos.com.ar\/2021\/#\/schema\/person\/image\/\",\"url\":\"https:\/\/secure.gravatar.com\/avatar\/55cb5e37c1efa326397366e6974cb338056df65cb50e7d64d1cf314e87504837?s=96&d=mm&r=g\",\"contentUrl\":\"https:\/\/secure.gravatar.com\/avatar\/55cb5e37c1efa326397366e6974cb338056df65cb50e7d64d1cf314e87504837?s=96&d=mm&r=g\",\"caption\":\"Arnaldo Botto\"},\"url\":\"https:\/\/www.noticiasradioreflejos.com.ar\/2021\/author\/arnaldo\/\"}]}<\/script>\n<!-- \/ Yoast SEO plugin. -->","yoast_head_json":{"title":"Crean la categor\u00eda de productos vegetales a base de cannabis con fines terap\u00e9uticos - Noticias Radio Reflejos","robots":{"index":"index","follow":"follow","max-snippet":"max-snippet:-1","max-image-preview":"max-image-preview:large","max-video-preview":"max-video-preview:-1"},"canonical":"https:\/\/www.noticiasradioreflejos.com.ar\/2021\/crean-la-categoria-de-productos-vegetales-a-base-de-cannabis-con-fines-terapeuticos\/","og_locale":"es_ES","og_type":"article","og_title":"Crean la categor\u00eda de productos vegetales a base de cannabis con fines terap\u00e9uticos - Noticias Radio Reflejos","og_description":"La resoluci\u00f3n promueve que \u00ablos m\u00e9dicos tratantes tengan garant\u00edas de la calidad de los productos que prescriben, que redundar\u00e1n en garantizar la seguridad de usuarios y usuarias\u00bb.","og_url":"https:\/\/www.noticiasradioreflejos.com.ar\/2021\/crean-la-categoria-de-productos-vegetales-a-base-de-cannabis-con-fines-terapeuticos\/","og_site_name":"Noticias Radio Reflejos","article_published_time":"2022-04-11T21:21:31+00:00","article_modified_time":"2022-04-11T21:24:35+00:00","og_image":[{"width":900,"height":506,"url":"https:\/\/www.noticiasradioreflejos.com.ar\/2021\/wp-content\/uploads\/2022\/04\/Canabbis.jpg","type":"image\/jpeg"}],"author":"Arnaldo Botto","twitter_card":"summary_large_image","schema":{"@context":"https:\/\/schema.org","@graph":[{"@type":"WebPage","@id":"https:\/\/www.noticiasradioreflejos.com.ar\/2021\/crean-la-categoria-de-productos-vegetales-a-base-de-cannabis-con-fines-terapeuticos\/","url":"https:\/\/www.noticiasradioreflejos.com.ar\/2021\/crean-la-categoria-de-productos-vegetales-a-base-de-cannabis-con-fines-terapeuticos\/","name":"Crean la categor\u00eda de productos vegetales a base de cannabis con fines terap\u00e9uticos - Noticias Radio Reflejos","isPartOf":{"@id":"https:\/\/www.noticiasradioreflejos.com.ar\/2021\/#website"},"primaryImageOfPage":{"@id":"https:\/\/www.noticiasradioreflejos.com.ar\/2021\/crean-la-categoria-de-productos-vegetales-a-base-de-cannabis-con-fines-terapeuticos\/#primaryimage"},"image":{"@id":"https:\/\/www.noticiasradioreflejos.com.ar\/2021\/crean-la-categoria-de-productos-vegetales-a-base-de-cannabis-con-fines-terapeuticos\/#primaryimage"},"thumbnailUrl":"https:\/\/www.noticiasradioreflejos.com.ar\/2021\/wp-content\/uploads\/2022\/04\/Canabbis.jpg","datePublished":"2022-04-11T21:21:31+00:00","dateModified":"2022-04-11T21:24:35+00:00","author":{"@id":"https:\/\/www.noticiasradioreflejos.com.ar\/2021\/#\/schema\/person\/ad82545263dcc5ec0996818884fd5fb1"},"breadcrumb":{"@id":"https:\/\/www.noticiasradioreflejos.com.ar\/2021\/crean-la-categoria-de-productos-vegetales-a-base-de-cannabis-con-fines-terapeuticos\/#breadcrumb"},"inLanguage":"es","potentialAction":[{"@type":"ReadAction","target":["https:\/\/www.noticiasradioreflejos.com.ar\/2021\/crean-la-categoria-de-productos-vegetales-a-base-de-cannabis-con-fines-terapeuticos\/"]}]},{"@type":"ImageObject","inLanguage":"es","@id":"https:\/\/www.noticiasradioreflejos.com.ar\/2021\/crean-la-categoria-de-productos-vegetales-a-base-de-cannabis-con-fines-terapeuticos\/#primaryimage","url":"https:\/\/www.noticiasradioreflejos.com.ar\/2021\/wp-content\/uploads\/2022\/04\/Canabbis.jpg","contentUrl":"https:\/\/www.noticiasradioreflejos.com.ar\/2021\/wp-content\/uploads\/2022\/04\/Canabbis.jpg","width":900,"height":506},{"@type":"BreadcrumbList","@id":"https:\/\/www.noticiasradioreflejos.com.ar\/2021\/crean-la-categoria-de-productos-vegetales-a-base-de-cannabis-con-fines-terapeuticos\/#breadcrumb","itemListElement":[{"@type":"ListItem","position":1,"name":"Portada","item":"https:\/\/www.noticiasradioreflejos.com.ar\/2021\/"},{"@type":"ListItem","position":2,"name":"Crean la categor\u00eda de productos vegetales a base de cannabis con fines terap\u00e9uticos"}]},{"@type":"WebSite","@id":"https:\/\/www.noticiasradioreflejos.com.ar\/2021\/#website","url":"https:\/\/www.noticiasradioreflejos.com.ar\/2021\/","name":"Noticias Radio Reflejos","description":"Las noticias de mi comarca","potentialAction":[{"@type":"SearchAction","target":{"@type":"EntryPoint","urlTemplate":"https:\/\/www.noticiasradioreflejos.com.ar\/2021\/?s={search_term_string}"},"query-input":{"@type":"PropertyValueSpecification","valueRequired":true,"valueName":"search_term_string"}}],"inLanguage":"es"},{"@type":"Person","@id":"https:\/\/www.noticiasradioreflejos.com.ar\/2021\/#\/schema\/person\/ad82545263dcc5ec0996818884fd5fb1","name":"Arnaldo Botto","image":{"@type":"ImageObject","inLanguage":"es","@id":"https:\/\/www.noticiasradioreflejos.com.ar\/2021\/#\/schema\/person\/image\/","url":"https:\/\/secure.gravatar.com\/avatar\/55cb5e37c1efa326397366e6974cb338056df65cb50e7d64d1cf314e87504837?s=96&d=mm&r=g","contentUrl":"https:\/\/secure.gravatar.com\/avatar\/55cb5e37c1efa326397366e6974cb338056df65cb50e7d64d1cf314e87504837?s=96&d=mm&r=g","caption":"Arnaldo Botto"},"url":"https:\/\/www.noticiasradioreflejos.com.ar\/2021\/author\/arnaldo\/"}]}},"_links":{"self":[{"href":"https:\/\/www.noticiasradioreflejos.com.ar\/2021\/wp-json\/wp\/v2\/posts\/70529","targetHints":{"allow":["GET"]}}],"collection":[{"href":"https:\/\/www.noticiasradioreflejos.com.ar\/2021\/wp-json\/wp\/v2\/posts"}],"about":[{"href":"https:\/\/www.noticiasradioreflejos.com.ar\/2021\/wp-json\/wp\/v2\/types\/post"}],"author":[{"embeddable":true,"href":"https:\/\/www.noticiasradioreflejos.com.ar\/2021\/wp-json\/wp\/v2\/users\/3"}],"replies":[{"embeddable":true,"href":"https:\/\/www.noticiasradioreflejos.com.ar\/2021\/wp-json\/wp\/v2\/comments?post=70529"}],"version-history":[{"count":1,"href":"https:\/\/www.noticiasradioreflejos.com.ar\/2021\/wp-json\/wp\/v2\/posts\/70529\/revisions"}],"predecessor-version":[{"id":70531,"href":"https:\/\/www.noticiasradioreflejos.com.ar\/2021\/wp-json\/wp\/v2\/posts\/70529\/revisions\/70531"}],"wp:featuredmedia":[{"embeddable":true,"href":"https:\/\/www.noticiasradioreflejos.com.ar\/2021\/wp-json\/wp\/v2\/media\/70530"}],"wp:attachment":[{"href":"https:\/\/www.noticiasradioreflejos.com.ar\/2021\/wp-json\/wp\/v2\/media?parent=70529"}],"wp:term":[{"taxonomy":"category","embeddable":true,"href":"https:\/\/www.noticiasradioreflejos.com.ar\/2021\/wp-json\/wp\/v2\/categories?post=70529"},{"taxonomy":"post_tag","embeddable":true,"href":"https:\/\/www.noticiasradioreflejos.com.ar\/2021\/wp-json\/wp\/v2\/tags?post=70529"}],"curies":[{"name":"wp","href":"https:\/\/api.w.org\/{rel}","templated":true}]}}