{"id":70477,"date":"2022-04-11T10:55:35","date_gmt":"2022-04-11T10:55:35","guid":{"rendered":"http:\/\/www.noticiasradioreflejos.com.ar\/2021\/?p=70477"},"modified":"2022-04-11T10:55:35","modified_gmt":"2022-04-11T10:55:35","slug":"argentina-muestra-en-la-web-el-monitoreo-de-los-glaciares-antarticos","status":"publish","type":"post","link":"https:\/\/www.noticiasradioreflejos.com.ar\/2021\/argentina-muestra-en-la-web-el-monitoreo-de-los-glaciares-antarticos\/","title":{"rendered":"Argentina muestra en la web el monitoreo de los glaciares ant\u00e1rticos"},"content":{"rendered":"<p>A trav\u00e9s de sensores de temperatura y humedad y c\u00e1maras fotogr\u00e1ficas instaladas en febrero, cualquier interesado puede observar los cambios que sufre a lo largo del tiempo una masa de hielo cercana a la base Marambio.<!--more--><\/p>\n<figure class=\"mb-3\"><img decoding=\"async\" src=\"https:\/\/www.telam.com.ar\/thumbs\/bluesteel\/advf\/imagenes\/2022\/04\/62531e66ed51e_900.jpg\" alt=\"Los sensores permitirn seguir la evolucin del glaciar en tiempo real \" width=\"100%\" height=\"100%\" \/><\/p>\n<div class=\"media-icons\"><\/div><figcaption>Los sensores permitir\u00e1n seguir la evoluci\u00f3n del glaciar en tiempo real.<\/figcaption><\/figure>\n<p>Un equipo de investigadores del Instituto Ant\u00e1rtico Argentino (IAA) desarroll\u00f3\u00a0<strong>sensores equipados con monitores de temperatura y humedad adem\u00e1s de c\u00e1maras fotogr\u00e1ficas<\/strong>\u00a0que durante el mes de febrero fueron instalados en un glaciar cercano a la base Marambio como parte de un proyecto que busca vigilar en tiempo real las grandes masas de hielo de la Ant\u00e1rtida.<\/p>\n<p>Las im\u00e1genes y los datos meteorol\u00f3gicos capturados por los sensores son transmitidos en tiempo real y est\u00e1n disponibles a trav\u00e9s de la web en el<a href=\"http:\/\/dna-test.mincyt.gob.ar\/glaciares.php\" target=\"_blank\" rel=\"noopener\">\u00a0siguiente link\u00a0<\/a>que permite observar la Ant\u00e1rtida desde cualquier lugar del mundo con acceso a internet.<\/p>\n<p>La iniciativa del departamento de Glaciolog\u00eda del IAA fue<strong>\u00a0financiada por el Ministerio de Defensa a trav\u00e9s del Programa de Investigaci\u00f3n y Desarrollo para la Defensa (Piddef)<\/strong>\u00a0ya que los datos meteorol\u00f3gicos recabados por los sensores tambi\u00e9n son \u00fatiles para la elaboraci\u00f3n de pron\u00f3sticos del Servicio Meteorol\u00f3gico Nacional (SMN) y para la operaci\u00f3n de aviones y helic\u00f3pteros en el aer\u00f3dromo de la base Marambio.<\/p>\n<blockquote class=\"\"><p>\u00abEl estudio de los glaciares requiere de trabajo de campo, de monitorear con la mayor recurrencia posible la evoluci\u00f3n del cuerpo de hielo\u00bb.<\/p><\/blockquote>\n<figure class=\"mb-3\"><img decoding=\"async\" src=\"https:\/\/www.telam.com.ar\/thumbs\/bluesteel\/advf\/imagenes\/2022\/04\/62531e6737808_900.jpg\" alt=\"Telam SE\" width=\"100%\" height=\"100%\" \/><\/p>\n<div class=\"media-icons\"><\/div><figcaption><\/figcaption><\/figure>\n<p>Sebasti\u00e1n Marinsek es ingeniero en Electr\u00f3nica, graduado de la Universidad Tecnol\u00f3gica Nacional (UTN), y se desempe\u00f1a como\u00a0<strong>jefe del Departamento de Glaciolog\u00eda de la Coordinaci\u00f3n de Ciencias de la Tierra del Instituto Ant\u00e1rtico Argentino (IAA)<\/strong>. Su \u00e1rea de estudio est\u00e1 relacionada con el balance de masa y la din\u00e1mica de los glaciares ant\u00e1rticos y el sensoriamento remoto.<\/p>\n<p>En di\u00e1logo con T\u00e9lam, Marinsek se\u00f1al\u00f3 que \u00abhaber podido desarrollar estos sensores en base a nuestras necesidades y haberlos podido instalar nos va a proveer de mucha m\u00e1s informaci\u00f3n para comprender los glaciares y su comportamiento; hasta ahora nuestra manera de conocerlos era a trav\u00e9s de visitas anuales y de im\u00e1genes satelitales\u00bb.<\/p>\n<p>\u00abNosotros vamos cada a\u00f1o en el mes de febrero para hacer investigaciones de campo y a lo sumo tomar datos de alg\u00fan sensor que estuvo recabando datos desde nuestra \u00faltima visita, pero<strong>\u00a0si por ejemplo se registra un evento importante o alg\u00fan sensor dejaba de funcionar en marzo no nos enter\u00e1bamos hasta verano del a\u00f1o siguiente\u00bb<\/strong>, aclar\u00f3.<\/p>\n<p>\u00abEl glaciar Bah\u00eda del Diablo est\u00e1 en la isla Vega, a unos 60 kil\u00f3metros al norte de la base Marambio. Es un glaciar que visitamos cada verano para monitorear su evoluci\u00f3n y fue ah\u00ed donde hicimos en 2012 las primeras pruebas con un enlace con la central telef\u00f3nica de la base Marambio para determinar el nivel de se\u00f1al\u00bb, record\u00f3.<\/p>\n<p>Y a\u00f1adi\u00f3 que \u00aba partir de esa experiencia, al a\u00f1o siguiente comenzamos el\u00a0<strong>desarrollo de estos sensores pensando en que se pod\u00eda hacer a trav\u00e9s de radio enlaces dedicados\u00bb.<\/strong><\/p>\n<p>El investigador sostuvo que \u00abcon el financiamiento del Piddef en 2015 comenzamos a instalar equipos para evaluar la conectividad que se pod\u00eda conseguir y que dificultades presentaba la meteorolog\u00eda para el funcionamiento de los sensores; en cada dispositivo se aplicaban los conocimientos, experiencias y aprendizajes que se obten\u00edan de los anteriores\u00bb.<\/p>\n<p><strong>\u00abLa instalaci\u00f3n de redes de telefon\u00eda 3G y 4G en la base Marambio por parte de Movistar facilit\u00f3 mucho el desarrollo de esta nueva versi\u00f3n de monitores<\/strong>\u00a0porque para los m\u00e1s cercanos a la base ya no depend\u00edamos de los enlaces satelitales que son m\u00e1s costosos de adquirir y operar\u00bb, explic\u00f3.<\/p>\n<p>Marinsek indic\u00f3 que \u00abadem\u00e1s como criterio el desarrollo de los equipos se hizo adquiriendo sensores comerciales de una gama media que quiz\u00e1s no son los que tienen la mayor precisi\u00f3n del mercado, pero que se mantienen en un rango m\u00e1s que aceptable y por su menor costo nos permitieron construir m\u00e1s monitores y llegar a m\u00e1s lugares y, en el caso de perder alguno, son m\u00e1s baratos de reponer\u00bb.<\/p>\n<figure class=\"mb-3\"><img decoding=\"async\" src=\"https:\/\/www.telam.com.ar\/thumbs\/bluesteel\/advf\/imagenes\/2022\/04\/62531e6717f29_900.jpg\" alt=\"Telam SE\" width=\"100%\" height=\"100%\" \/><\/p>\n<div class=\"media-icons\"><\/div><figcaption><\/figcaption><\/figure>\n<p>El ingeniero detall\u00f3 que<strong>\u00a0\u00abdurante enero pasado gracias al apoyo log\u00edstico del Comando Conjunto Ant\u00e1rtico (Cocoantar) se pudieron instalar tres monitores conectados a trav\u00e9s de 4G\u00a0<\/strong>y otros dos monitores conectados a la red Iridium de telefon\u00eda satelital. Adem\u00e1s estamos terminado de hacer ajustes en otros dos monitores que no llegamos a instalar por la cantidad de d\u00edas en los que no pudimos volar por mal clima y tenemos la expectativa de poder enviarlos a Marambio pronto para ver si el personal de la base puede dejarlos instalados durante el invierno en la Isla James Ross y en la base Matienzo y que comiencen a producir datos este mismo a\u00f1o\u00bb.<\/p>\n<figure class=\"mb-3\"><img decoding=\"async\" src=\"https:\/\/www.telam.com.ar\/thumbs\/bluesteel\/advf\/imagenes\/2022\/04\/62531e6774451_900.jpg\" alt=\"Telam SE\" width=\"100%\" height=\"100%\" \/><\/p>\n<div class=\"media-icons\"><\/div><figcaption><\/figcaption><\/figure>\n<p>\u00abAntes dej\u00e1bamos una estaci\u00f3n meteorol\u00f3gica tomando datos y los \u00edbamos a buscar un a\u00f1o despu\u00e9s. Si hab\u00eda una ola de calor como la que se registr\u00f3 en marzo nos enter\u00e1bamos un a\u00f1o despu\u00e9s, ahora estamos monitoreando glaciares con datos y fotograf\u00edas que se actualizan cada 30 minutos lo que en la pr\u00e1ctica es lo mismo que en tiempo real, podemos identificar con precisi\u00f3n el momento en el que comienza la temporada invernal y cuando termina en base a las im\u00e1genes de la nieve y el hielo en la superficie del glaciar\u00bb, resalt\u00f3.<\/p>\n<p>En ese sentido agreg\u00f3 que\u00a0<strong>\u00abel estudio de los glaciares requiere de trabajo de campo, de monitorear con la mayor recurrencia posible la evoluci\u00f3n del cuerpo de hielo.<\/strong>\u00a0El rompimiento de la barrera de hielo Conger que se registr\u00f3 hace unas semanas fue detectado por im\u00e1genes satelitales, pero hay sat\u00e9lites que pasan por determinadas zonas cada 16 d\u00edas y si justo estaba nublado puede pasar un mes sin im\u00e1genes.<\/p>\n<p>\u00abEstos sensores son una alternativa que adem\u00e1s puede ser replicada en cualquier zona donde sea necesario, teniendo en cuenta la disponibilidad de conectividad\u00bb, destac\u00f3.<\/p>\n<p>Los \u00abmonitores incluyen sistemas de posicionamiento global GPS, c\u00e1maras, sensores de temperatura y humedad, la posibilidad de conectarse a trav\u00e9s de redes 4G o de telefon\u00eda satelital, y se abastecen de energ\u00eda solar, por eso cada equipo se puede configurar para que se mantengan activos s\u00f3lo los componentes que se necesitan en cada lugar, de manera que se pueda ahorrar energ\u00eda, teniendo en cuenta que las condiciones clim\u00e1ticas pueden afectar la integridad de los paneles solares o la estanqueidad de las bater\u00edas\u00bb, precis\u00f3.<\/p>\n<p><strong>\u00abAdem\u00e1s de los sensores que se instalaron en el glaciar Bah\u00eda del Diablo, tambi\u00e9n se coloc\u00f3 uno en la base Marambio junto al SMN para calibrar las mediciones<\/strong>, y tenemos previsto para el a\u00f1o que viene instalar monitores que no se pudieron colocar este a\u00f1o en cercan\u00edas de otros glaciares de la barrera de hielo Larsen y en las otras bases ant\u00e1rticas argentinas. Disponer de los datos durante el a\u00f1o nos va a permitir planificar mejor nuestra campa\u00f1a del pr\u00f3ximo verano y adem\u00e1s contamos con la ventaja que si alg\u00fan equipo se pierde o da\u00f1a, los datos ya fueron transmitidos\u00bb, complet\u00f3 Marinsek.<\/p>\n<p>La base Marambio se encuentra ubicada en la isla del mismo nombre sobre el mar de Weddell al noreste de la pen\u00ednsula ant\u00e1rtica y a 3.304 kil\u00f3metros de Buenos Aires.<\/p>\n<p>Las temperaturas en el lugar llegan a los treinta grados bajo cero y los vientos a 120 kil\u00f3metros por hora.<\/p>\n<p>Estos fuertes vientos, a su vez, son los que evitan una gran acumulaci\u00f3n de nieve en la zona de su meseta.<\/p>\n","protected":false},"excerpt":{"rendered":"<p>A trav\u00e9s de sensores de temperatura y humedad y c\u00e1maras fotogr\u00e1ficas instaladas en febrero, cualquier interesado puede observar los cambios que sufre a lo largo del tiempo una masa de hielo cercana a la base Marambio.<\/p>\n","protected":false},"author":3,"featured_media":0,"comment_status":"closed","ping_status":"closed","sticky":false,"template":"","format":"standard","meta":{"footnotes":""},"categories":[1],"tags":[],"class_list":["post-70477","post","type-post","status-publish","format-standard","hentry","category-sin-categoria"],"yoast_head":"<!-- This site is optimized with the Yoast SEO plugin v25.9 - https:\/\/yoast.com\/wordpress\/plugins\/seo\/ -->\n<title>Argentina muestra en la web el monitoreo de los glaciares ant\u00e1rticos - Noticias Radio Reflejos<\/title>\n<meta name=\"robots\" content=\"index, follow, max-snippet:-1, max-image-preview:large, max-video-preview:-1\" \/>\n<link rel=\"canonical\" href=\"https:\/\/www.noticiasradioreflejos.com.ar\/2021\/argentina-muestra-en-la-web-el-monitoreo-de-los-glaciares-antarticos\/\" \/>\n<meta property=\"og:locale\" content=\"es_ES\" \/>\n<meta property=\"og:type\" content=\"article\" \/>\n<meta property=\"og:title\" content=\"Argentina muestra en la web el monitoreo de los glaciares ant\u00e1rticos - Noticias Radio Reflejos\" \/>\n<meta property=\"og:description\" content=\"A trav\u00e9s de sensores de temperatura y humedad y c\u00e1maras fotogr\u00e1ficas instaladas en febrero, cualquier interesado puede observar los cambios que sufre a lo largo del tiempo una masa de hielo cercana a la base Marambio.\" \/>\n<meta property=\"og:url\" content=\"https:\/\/www.noticiasradioreflejos.com.ar\/2021\/argentina-muestra-en-la-web-el-monitoreo-de-los-glaciares-antarticos\/\" \/>\n<meta property=\"og:site_name\" content=\"Noticias Radio Reflejos\" \/>\n<meta property=\"article:published_time\" content=\"2022-04-11T10:55:35+00:00\" \/>\n<meta property=\"og:image\" content=\"https:\/\/www.telam.com.ar\/thumbs\/bluesteel\/advf\/imagenes\/2022\/04\/62531e66ed51e_900.jpg\" \/>\n<meta name=\"author\" content=\"Arnaldo Botto\" \/>\n<meta name=\"twitter:card\" content=\"summary_large_image\" \/>\n<script type=\"application\/ld+json\" class=\"yoast-schema-graph\">{\"@context\":\"https:\/\/schema.org\",\"@graph\":[{\"@type\":\"WebPage\",\"@id\":\"https:\/\/www.noticiasradioreflejos.com.ar\/2021\/argentina-muestra-en-la-web-el-monitoreo-de-los-glaciares-antarticos\/\",\"url\":\"https:\/\/www.noticiasradioreflejos.com.ar\/2021\/argentina-muestra-en-la-web-el-monitoreo-de-los-glaciares-antarticos\/\",\"name\":\"Argentina muestra en la web el monitoreo de los glaciares ant\u00e1rticos - Noticias Radio Reflejos\",\"isPartOf\":{\"@id\":\"https:\/\/www.noticiasradioreflejos.com.ar\/2021\/#website\"},\"primaryImageOfPage\":{\"@id\":\"https:\/\/www.noticiasradioreflejos.com.ar\/2021\/argentina-muestra-en-la-web-el-monitoreo-de-los-glaciares-antarticos\/#primaryimage\"},\"image\":{\"@id\":\"https:\/\/www.noticiasradioreflejos.com.ar\/2021\/argentina-muestra-en-la-web-el-monitoreo-de-los-glaciares-antarticos\/#primaryimage\"},\"thumbnailUrl\":\"https:\/\/www.telam.com.ar\/thumbs\/bluesteel\/advf\/imagenes\/2022\/04\/62531e66ed51e_900.jpg\",\"datePublished\":\"2022-04-11T10:55:35+00:00\",\"author\":{\"@id\":\"https:\/\/www.noticiasradioreflejos.com.ar\/2021\/#\/schema\/person\/ad82545263dcc5ec0996818884fd5fb1\"},\"breadcrumb\":{\"@id\":\"https:\/\/www.noticiasradioreflejos.com.ar\/2021\/argentina-muestra-en-la-web-el-monitoreo-de-los-glaciares-antarticos\/#breadcrumb\"},\"inLanguage\":\"es\",\"potentialAction\":[{\"@type\":\"ReadAction\",\"target\":[\"https:\/\/www.noticiasradioreflejos.com.ar\/2021\/argentina-muestra-en-la-web-el-monitoreo-de-los-glaciares-antarticos\/\"]}]},{\"@type\":\"ImageObject\",\"inLanguage\":\"es\",\"@id\":\"https:\/\/www.noticiasradioreflejos.com.ar\/2021\/argentina-muestra-en-la-web-el-monitoreo-de-los-glaciares-antarticos\/#primaryimage\",\"url\":\"https:\/\/www.telam.com.ar\/thumbs\/bluesteel\/advf\/imagenes\/2022\/04\/62531e66ed51e_900.jpg\",\"contentUrl\":\"https:\/\/www.telam.com.ar\/thumbs\/bluesteel\/advf\/imagenes\/2022\/04\/62531e66ed51e_900.jpg\"},{\"@type\":\"BreadcrumbList\",\"@id\":\"https:\/\/www.noticiasradioreflejos.com.ar\/2021\/argentina-muestra-en-la-web-el-monitoreo-de-los-glaciares-antarticos\/#breadcrumb\",\"itemListElement\":[{\"@type\":\"ListItem\",\"position\":1,\"name\":\"Portada\",\"item\":\"https:\/\/www.noticiasradioreflejos.com.ar\/2021\/\"},{\"@type\":\"ListItem\",\"position\":2,\"name\":\"Argentina muestra en la web el monitoreo de los glaciares ant\u00e1rticos\"}]},{\"@type\":\"WebSite\",\"@id\":\"https:\/\/www.noticiasradioreflejos.com.ar\/2021\/#website\",\"url\":\"https:\/\/www.noticiasradioreflejos.com.ar\/2021\/\",\"name\":\"Noticias Radio Reflejos\",\"description\":\"Las noticias de mi comarca\",\"potentialAction\":[{\"@type\":\"SearchAction\",\"target\":{\"@type\":\"EntryPoint\",\"urlTemplate\":\"https:\/\/www.noticiasradioreflejos.com.ar\/2021\/?s={search_term_string}\"},\"query-input\":{\"@type\":\"PropertyValueSpecification\",\"valueRequired\":true,\"valueName\":\"search_term_string\"}}],\"inLanguage\":\"es\"},{\"@type\":\"Person\",\"@id\":\"https:\/\/www.noticiasradioreflejos.com.ar\/2021\/#\/schema\/person\/ad82545263dcc5ec0996818884fd5fb1\",\"name\":\"Arnaldo Botto\",\"image\":{\"@type\":\"ImageObject\",\"inLanguage\":\"es\",\"@id\":\"https:\/\/www.noticiasradioreflejos.com.ar\/2021\/#\/schema\/person\/image\/\",\"url\":\"https:\/\/secure.gravatar.com\/avatar\/55cb5e37c1efa326397366e6974cb338056df65cb50e7d64d1cf314e87504837?s=96&d=mm&r=g\",\"contentUrl\":\"https:\/\/secure.gravatar.com\/avatar\/55cb5e37c1efa326397366e6974cb338056df65cb50e7d64d1cf314e87504837?s=96&d=mm&r=g\",\"caption\":\"Arnaldo Botto\"},\"url\":\"https:\/\/www.noticiasradioreflejos.com.ar\/2021\/author\/arnaldo\/\"}]}<\/script>\n<!-- \/ Yoast SEO plugin. -->","yoast_head_json":{"title":"Argentina muestra en la web el monitoreo de los glaciares ant\u00e1rticos - Noticias Radio Reflejos","robots":{"index":"index","follow":"follow","max-snippet":"max-snippet:-1","max-image-preview":"max-image-preview:large","max-video-preview":"max-video-preview:-1"},"canonical":"https:\/\/www.noticiasradioreflejos.com.ar\/2021\/argentina-muestra-en-la-web-el-monitoreo-de-los-glaciares-antarticos\/","og_locale":"es_ES","og_type":"article","og_title":"Argentina muestra en la web el monitoreo de los glaciares ant\u00e1rticos - Noticias Radio Reflejos","og_description":"A trav\u00e9s de sensores de temperatura y humedad y c\u00e1maras fotogr\u00e1ficas instaladas en febrero, cualquier interesado puede observar los cambios que sufre a lo largo del tiempo una masa de hielo cercana a la base Marambio.","og_url":"https:\/\/www.noticiasradioreflejos.com.ar\/2021\/argentina-muestra-en-la-web-el-monitoreo-de-los-glaciares-antarticos\/","og_site_name":"Noticias Radio Reflejos","article_published_time":"2022-04-11T10:55:35+00:00","og_image":[{"url":"https:\/\/www.telam.com.ar\/thumbs\/bluesteel\/advf\/imagenes\/2022\/04\/62531e66ed51e_900.jpg","type":"","width":"","height":""}],"author":"Arnaldo Botto","twitter_card":"summary_large_image","schema":{"@context":"https:\/\/schema.org","@graph":[{"@type":"WebPage","@id":"https:\/\/www.noticiasradioreflejos.com.ar\/2021\/argentina-muestra-en-la-web-el-monitoreo-de-los-glaciares-antarticos\/","url":"https:\/\/www.noticiasradioreflejos.com.ar\/2021\/argentina-muestra-en-la-web-el-monitoreo-de-los-glaciares-antarticos\/","name":"Argentina muestra en la web el monitoreo de los glaciares ant\u00e1rticos - Noticias Radio Reflejos","isPartOf":{"@id":"https:\/\/www.noticiasradioreflejos.com.ar\/2021\/#website"},"primaryImageOfPage":{"@id":"https:\/\/www.noticiasradioreflejos.com.ar\/2021\/argentina-muestra-en-la-web-el-monitoreo-de-los-glaciares-antarticos\/#primaryimage"},"image":{"@id":"https:\/\/www.noticiasradioreflejos.com.ar\/2021\/argentina-muestra-en-la-web-el-monitoreo-de-los-glaciares-antarticos\/#primaryimage"},"thumbnailUrl":"https:\/\/www.telam.com.ar\/thumbs\/bluesteel\/advf\/imagenes\/2022\/04\/62531e66ed51e_900.jpg","datePublished":"2022-04-11T10:55:35+00:00","author":{"@id":"https:\/\/www.noticiasradioreflejos.com.ar\/2021\/#\/schema\/person\/ad82545263dcc5ec0996818884fd5fb1"},"breadcrumb":{"@id":"https:\/\/www.noticiasradioreflejos.com.ar\/2021\/argentina-muestra-en-la-web-el-monitoreo-de-los-glaciares-antarticos\/#breadcrumb"},"inLanguage":"es","potentialAction":[{"@type":"ReadAction","target":["https:\/\/www.noticiasradioreflejos.com.ar\/2021\/argentina-muestra-en-la-web-el-monitoreo-de-los-glaciares-antarticos\/"]}]},{"@type":"ImageObject","inLanguage":"es","@id":"https:\/\/www.noticiasradioreflejos.com.ar\/2021\/argentina-muestra-en-la-web-el-monitoreo-de-los-glaciares-antarticos\/#primaryimage","url":"https:\/\/www.telam.com.ar\/thumbs\/bluesteel\/advf\/imagenes\/2022\/04\/62531e66ed51e_900.jpg","contentUrl":"https:\/\/www.telam.com.ar\/thumbs\/bluesteel\/advf\/imagenes\/2022\/04\/62531e66ed51e_900.jpg"},{"@type":"BreadcrumbList","@id":"https:\/\/www.noticiasradioreflejos.com.ar\/2021\/argentina-muestra-en-la-web-el-monitoreo-de-los-glaciares-antarticos\/#breadcrumb","itemListElement":[{"@type":"ListItem","position":1,"name":"Portada","item":"https:\/\/www.noticiasradioreflejos.com.ar\/2021\/"},{"@type":"ListItem","position":2,"name":"Argentina muestra en la web el monitoreo de los glaciares ant\u00e1rticos"}]},{"@type":"WebSite","@id":"https:\/\/www.noticiasradioreflejos.com.ar\/2021\/#website","url":"https:\/\/www.noticiasradioreflejos.com.ar\/2021\/","name":"Noticias Radio Reflejos","description":"Las noticias de mi comarca","potentialAction":[{"@type":"SearchAction","target":{"@type":"EntryPoint","urlTemplate":"https:\/\/www.noticiasradioreflejos.com.ar\/2021\/?s={search_term_string}"},"query-input":{"@type":"PropertyValueSpecification","valueRequired":true,"valueName":"search_term_string"}}],"inLanguage":"es"},{"@type":"Person","@id":"https:\/\/www.noticiasradioreflejos.com.ar\/2021\/#\/schema\/person\/ad82545263dcc5ec0996818884fd5fb1","name":"Arnaldo Botto","image":{"@type":"ImageObject","inLanguage":"es","@id":"https:\/\/www.noticiasradioreflejos.com.ar\/2021\/#\/schema\/person\/image\/","url":"https:\/\/secure.gravatar.com\/avatar\/55cb5e37c1efa326397366e6974cb338056df65cb50e7d64d1cf314e87504837?s=96&d=mm&r=g","contentUrl":"https:\/\/secure.gravatar.com\/avatar\/55cb5e37c1efa326397366e6974cb338056df65cb50e7d64d1cf314e87504837?s=96&d=mm&r=g","caption":"Arnaldo Botto"},"url":"https:\/\/www.noticiasradioreflejos.com.ar\/2021\/author\/arnaldo\/"}]}},"_links":{"self":[{"href":"https:\/\/www.noticiasradioreflejos.com.ar\/2021\/wp-json\/wp\/v2\/posts\/70477","targetHints":{"allow":["GET"]}}],"collection":[{"href":"https:\/\/www.noticiasradioreflejos.com.ar\/2021\/wp-json\/wp\/v2\/posts"}],"about":[{"href":"https:\/\/www.noticiasradioreflejos.com.ar\/2021\/wp-json\/wp\/v2\/types\/post"}],"author":[{"embeddable":true,"href":"https:\/\/www.noticiasradioreflejos.com.ar\/2021\/wp-json\/wp\/v2\/users\/3"}],"replies":[{"embeddable":true,"href":"https:\/\/www.noticiasradioreflejos.com.ar\/2021\/wp-json\/wp\/v2\/comments?post=70477"}],"version-history":[{"count":1,"href":"https:\/\/www.noticiasradioreflejos.com.ar\/2021\/wp-json\/wp\/v2\/posts\/70477\/revisions"}],"predecessor-version":[{"id":70479,"href":"https:\/\/www.noticiasradioreflejos.com.ar\/2021\/wp-json\/wp\/v2\/posts\/70477\/revisions\/70479"}],"wp:attachment":[{"href":"https:\/\/www.noticiasradioreflejos.com.ar\/2021\/wp-json\/wp\/v2\/media?parent=70477"}],"wp:term":[{"taxonomy":"category","embeddable":true,"href":"https:\/\/www.noticiasradioreflejos.com.ar\/2021\/wp-json\/wp\/v2\/categories?post=70477"},{"taxonomy":"post_tag","embeddable":true,"href":"https:\/\/www.noticiasradioreflejos.com.ar\/2021\/wp-json\/wp\/v2\/tags?post=70477"}],"curies":[{"name":"wp","href":"https:\/\/api.w.org\/{rel}","templated":true}]}}