{"id":70458,"date":"2022-04-09T15:02:11","date_gmt":"2022-04-09T15:02:11","guid":{"rendered":"http:\/\/www.noticiasradioreflejos.com.ar\/2021\/?p=70458"},"modified":"2022-04-09T15:02:11","modified_gmt":"2022-04-09T15:02:11","slug":"en-pinamar-quieren-privatizar-una-calle-frente-al-mar","status":"publish","type":"post","link":"https:\/\/www.noticiasradioreflejos.com.ar\/2021\/en-pinamar-quieren-privatizar-una-calle-frente-al-mar\/","title":{"rendered":"En Pinamar quieren privatizar una calle frente al mar"},"content":{"rendered":"<div class=\"section-2-col article-header\">\n<div class=\"col 2-col\">\n<p>El lugar en cuesti\u00f3n tiene un valor estimado en 1,2 millones de d\u00f3lares, a raz\u00f3n de unos 545 d\u00f3lares (tipo de cambio oficial) el metro cuadrado. El precio es barato, dada la ubicaci\u00f3n privilegiada, en uno de los balnearios m\u00e1s costosos de la Argentina.<\/p>\n<\/div>\n<\/div>\n<p><!--more--><\/p>\n<div class=\"section-2-col article-main-image\">\n<div class=\"col 2-col\">\n<div class=\"article-main-media-image__container\">\n<div class=\"image-wrapper\">\n<figure>\n<figure class=\"object-fit-block--contain intrinsic-container intrinsic-container-3x2\"><img decoding=\"async\" class=\" \" src=\"https:\/\/images.pagina12.com.ar\/styles\/focal_3_2_960x640\/public\/2022-04\/457510-whatsapp-20image-202022-04-09-20at-2011-38-23.jpeg?itok=CG_bWrNK\" alt=\"Mart\u00edn Yeza, intendente de Pinamar.\u00a0\" \/><\/figure><figcaption>Mart\u00edn Yeza, intendente de Pinamar.\u00a0<\/figcaption><\/figure>\n<\/div>\n<\/div>\n<\/div>\n<\/div>\n<div class=\"section-2-col article-main-content\">\n<div class=\"col 1-col\"><\/div>\n<div class=\"col 2-col\">\n<div class=\"article-main-content article-text \">\n<p>Una ins\u00f3lita ordenanza est\u00e1 a punto de tratarse en el Honorable Concejo Deliberante de Pinamar, ya que propone pasar del \u00e1mbito p\u00fablico al privado una superficie de 2.203,50 metros cuadrados frente al mar.\u00a0<b>Lo llamativo es que lo que el gobierno municipal pretende privatizar es una calle<\/b>.<\/p>\n<p>El lugar en cuesti\u00f3n tiene un valor estimado,<b>\u00a0seg\u00fan la ordenanza, en 1,2 millones de d\u00f3lares, a raz\u00f3n de unos 545 d\u00f3lares (tipo de cambio oficial) el metro cuadrado<\/b>. El precio es barato, dada la ubicaci\u00f3n privilegiada de la calle, en uno de los balnearios m\u00e1s costosos de la Argentina.<\/p>\n<div id=\"talkFireEvent\"><\/div>\n<p>La empresa a la que pasar\u00e1 el espacio p\u00fablico, en caso de avanzar el proyecto, es Energy Group SRL,\u00a0<b>vinculada al abogado y empresario V\u00edctor Stinfale<\/b>. El predio de 84,75 metros de largo y 26 metros de ancho, est\u00e1 lindero a KU, un cl\u00e1sico de la noche pinamarense que cerr\u00f3 en 2016 y donde pretende elevarse un proyecto de hotel all inclusive.<\/p>\n<p>Los fondos que se obtengan de la operaci\u00f3n inmobiliaria ser\u00e1n destinados a compras de<b>\u00a0\u00abbienes de inter\u00e9s y necesidad\u00bb para el municipio<\/b>. Seg\u00fan la oposici\u00f3n,\u00a0<b>el valor real del espacio que se pretende privatizar es de 4,5 millones de d\u00f3lares. Es decir, 3,3 millones por arriba<\/b>\u00a0de lo que pretende recaudar el intendente de Pinamar, Mart\u00edn Yeza.<\/p>\n<p>En la ordenanza se desafecta al municipio de ese bien, pasa a dominio privado y se lo vende a Energy Group SRL dada la titularidad de las parcelas circundantes y fija un valor de 1,2 millones de d\u00f3lares.\u00a0<b>Los gastos de mensura quedan a cargo del adquiriente<\/b>.<\/p>\n<p>El producido por dicha venta ser\u00e1 asignado al fondo exclusivo en cuenta especial destinadoa la\u00a0<b>adquisici\u00f3n de bienes de inter\u00e9s y necesidad para el Estado municipal<\/b>, conforme el procedimiento administrativo instrumentado para tales casos.<\/p>\n<p>La ordenanza especifica que el posible propietario del dominio (Energy Group SRL u otros futuros)\u00a0<b>no podr\u00e1 modificar las pendientes naturales del terreno<\/b>, \u00abpudiendo realizarse aquellas mejoras referidas a las instalaciones existentes destinadas a la canalizaci\u00f3n de las aguas de lluvia, en tanto resulten autorizadas por el Municipio\u00bb.<\/p>\n<p>Tambi\u00e9n impide las construcciones de mamposter\u00eda, debiendo utilizarse el predio bajo el uso de amenities de los inmuebles de las parcelas lindantes.\u00a0<b>Tampoco le estar\u00e1 permitido el desv\u00edo del escurrimiento natural de las aguas de lluvia\u00a0<\/b>provenientes de los sectores urbanos topogr\u00e1ficamente m\u00e1s elevados.<\/p>\n<\/div>\n<p><span style=\"color: #000080;\"><strong>Fuente P\u00e1gina 12<\/strong><\/span><\/p>\n<\/div>\n<\/div>\n","protected":false},"excerpt":{"rendered":"<p>El lugar en cuesti\u00f3n tiene un valor estimado en 1,2 millones de d\u00f3lares, a raz\u00f3n de unos 545 d\u00f3lares (tipo de cambio oficial) el metro cuadrado. El precio es barato, dada la ubicaci\u00f3n privilegiada, en uno de los balnearios m\u00e1s costosos de la Argentina.<\/p>\n","protected":false},"author":3,"featured_media":0,"comment_status":"closed","ping_status":"closed","sticky":false,"template":"","format":"standard","meta":{"footnotes":""},"categories":[24],"tags":[],"class_list":["post-70458","post","type-post","status-publish","format-standard","hentry","category-politica"],"yoast_head":"<!-- This site is optimized with the Yoast SEO plugin v25.9 - https:\/\/yoast.com\/wordpress\/plugins\/seo\/ -->\n<title>En Pinamar quieren privatizar una calle frente al mar - Noticias Radio Reflejos<\/title>\n<meta name=\"robots\" content=\"index, follow, max-snippet:-1, max-image-preview:large, max-video-preview:-1\" \/>\n<link rel=\"canonical\" href=\"https:\/\/www.noticiasradioreflejos.com.ar\/2021\/en-pinamar-quieren-privatizar-una-calle-frente-al-mar\/\" \/>\n<meta property=\"og:locale\" content=\"es_ES\" \/>\n<meta property=\"og:type\" content=\"article\" \/>\n<meta property=\"og:title\" content=\"En Pinamar quieren privatizar una calle frente al mar - Noticias Radio Reflejos\" \/>\n<meta property=\"og:description\" content=\"El lugar en cuesti\u00f3n tiene un valor estimado en 1,2 millones de d\u00f3lares, a raz\u00f3n de unos 545 d\u00f3lares (tipo de cambio oficial) el metro cuadrado. El precio es barato, dada la ubicaci\u00f3n privilegiada, en uno de los balnearios m\u00e1s costosos de la Argentina.\" \/>\n<meta property=\"og:url\" content=\"https:\/\/www.noticiasradioreflejos.com.ar\/2021\/en-pinamar-quieren-privatizar-una-calle-frente-al-mar\/\" \/>\n<meta property=\"og:site_name\" content=\"Noticias Radio Reflejos\" \/>\n<meta property=\"article:published_time\" content=\"2022-04-09T15:02:11+00:00\" \/>\n<meta property=\"og:image\" content=\"https:\/\/images.pagina12.com.ar\/styles\/focal_3_2_960x640\/public\/2022-04\/457510-whatsapp-20image-202022-04-09-20at-2011-38-23.jpeg?itok=CG_bWrNK\" \/>\n<meta name=\"author\" content=\"Arnaldo Botto\" \/>\n<meta name=\"twitter:card\" content=\"summary_large_image\" \/>\n<script type=\"application\/ld+json\" class=\"yoast-schema-graph\">{\"@context\":\"https:\/\/schema.org\",\"@graph\":[{\"@type\":\"WebPage\",\"@id\":\"https:\/\/www.noticiasradioreflejos.com.ar\/2021\/en-pinamar-quieren-privatizar-una-calle-frente-al-mar\/\",\"url\":\"https:\/\/www.noticiasradioreflejos.com.ar\/2021\/en-pinamar-quieren-privatizar-una-calle-frente-al-mar\/\",\"name\":\"En Pinamar quieren privatizar una calle frente al mar - Noticias Radio Reflejos\",\"isPartOf\":{\"@id\":\"https:\/\/www.noticiasradioreflejos.com.ar\/2021\/#website\"},\"primaryImageOfPage\":{\"@id\":\"https:\/\/www.noticiasradioreflejos.com.ar\/2021\/en-pinamar-quieren-privatizar-una-calle-frente-al-mar\/#primaryimage\"},\"image\":{\"@id\":\"https:\/\/www.noticiasradioreflejos.com.ar\/2021\/en-pinamar-quieren-privatizar-una-calle-frente-al-mar\/#primaryimage\"},\"thumbnailUrl\":\"https:\/\/images.pagina12.com.ar\/styles\/focal_3_2_960x640\/public\/2022-04\/457510-whatsapp-20image-202022-04-09-20at-2011-38-23.jpeg?itok=CG_bWrNK\",\"datePublished\":\"2022-04-09T15:02:11+00:00\",\"author\":{\"@id\":\"https:\/\/www.noticiasradioreflejos.com.ar\/2021\/#\/schema\/person\/ad82545263dcc5ec0996818884fd5fb1\"},\"breadcrumb\":{\"@id\":\"https:\/\/www.noticiasradioreflejos.com.ar\/2021\/en-pinamar-quieren-privatizar-una-calle-frente-al-mar\/#breadcrumb\"},\"inLanguage\":\"es\",\"potentialAction\":[{\"@type\":\"ReadAction\",\"target\":[\"https:\/\/www.noticiasradioreflejos.com.ar\/2021\/en-pinamar-quieren-privatizar-una-calle-frente-al-mar\/\"]}]},{\"@type\":\"ImageObject\",\"inLanguage\":\"es\",\"@id\":\"https:\/\/www.noticiasradioreflejos.com.ar\/2021\/en-pinamar-quieren-privatizar-una-calle-frente-al-mar\/#primaryimage\",\"url\":\"https:\/\/images.pagina12.com.ar\/styles\/focal_3_2_960x640\/public\/2022-04\/457510-whatsapp-20image-202022-04-09-20at-2011-38-23.jpeg?itok=CG_bWrNK\",\"contentUrl\":\"https:\/\/images.pagina12.com.ar\/styles\/focal_3_2_960x640\/public\/2022-04\/457510-whatsapp-20image-202022-04-09-20at-2011-38-23.jpeg?itok=CG_bWrNK\"},{\"@type\":\"BreadcrumbList\",\"@id\":\"https:\/\/www.noticiasradioreflejos.com.ar\/2021\/en-pinamar-quieren-privatizar-una-calle-frente-al-mar\/#breadcrumb\",\"itemListElement\":[{\"@type\":\"ListItem\",\"position\":1,\"name\":\"Portada\",\"item\":\"https:\/\/www.noticiasradioreflejos.com.ar\/2021\/\"},{\"@type\":\"ListItem\",\"position\":2,\"name\":\"En Pinamar quieren privatizar una calle frente al mar\"}]},{\"@type\":\"WebSite\",\"@id\":\"https:\/\/www.noticiasradioreflejos.com.ar\/2021\/#website\",\"url\":\"https:\/\/www.noticiasradioreflejos.com.ar\/2021\/\",\"name\":\"Noticias Radio Reflejos\",\"description\":\"Las noticias de mi comarca\",\"potentialAction\":[{\"@type\":\"SearchAction\",\"target\":{\"@type\":\"EntryPoint\",\"urlTemplate\":\"https:\/\/www.noticiasradioreflejos.com.ar\/2021\/?s={search_term_string}\"},\"query-input\":{\"@type\":\"PropertyValueSpecification\",\"valueRequired\":true,\"valueName\":\"search_term_string\"}}],\"inLanguage\":\"es\"},{\"@type\":\"Person\",\"@id\":\"https:\/\/www.noticiasradioreflejos.com.ar\/2021\/#\/schema\/person\/ad82545263dcc5ec0996818884fd5fb1\",\"name\":\"Arnaldo Botto\",\"image\":{\"@type\":\"ImageObject\",\"inLanguage\":\"es\",\"@id\":\"https:\/\/www.noticiasradioreflejos.com.ar\/2021\/#\/schema\/person\/image\/\",\"url\":\"https:\/\/secure.gravatar.com\/avatar\/55cb5e37c1efa326397366e6974cb338056df65cb50e7d64d1cf314e87504837?s=96&d=mm&r=g\",\"contentUrl\":\"https:\/\/secure.gravatar.com\/avatar\/55cb5e37c1efa326397366e6974cb338056df65cb50e7d64d1cf314e87504837?s=96&d=mm&r=g\",\"caption\":\"Arnaldo Botto\"},\"url\":\"https:\/\/www.noticiasradioreflejos.com.ar\/2021\/author\/arnaldo\/\"}]}<\/script>\n<!-- \/ Yoast SEO plugin. -->","yoast_head_json":{"title":"En Pinamar quieren privatizar una calle frente al mar - Noticias Radio Reflejos","robots":{"index":"index","follow":"follow","max-snippet":"max-snippet:-1","max-image-preview":"max-image-preview:large","max-video-preview":"max-video-preview:-1"},"canonical":"https:\/\/www.noticiasradioreflejos.com.ar\/2021\/en-pinamar-quieren-privatizar-una-calle-frente-al-mar\/","og_locale":"es_ES","og_type":"article","og_title":"En Pinamar quieren privatizar una calle frente al mar - Noticias Radio Reflejos","og_description":"El lugar en cuesti\u00f3n tiene un valor estimado en 1,2 millones de d\u00f3lares, a raz\u00f3n de unos 545 d\u00f3lares (tipo de cambio oficial) el metro cuadrado. El precio es barato, dada la ubicaci\u00f3n privilegiada, en uno de los balnearios m\u00e1s costosos de la Argentina.","og_url":"https:\/\/www.noticiasradioreflejos.com.ar\/2021\/en-pinamar-quieren-privatizar-una-calle-frente-al-mar\/","og_site_name":"Noticias Radio Reflejos","article_published_time":"2022-04-09T15:02:11+00:00","og_image":[{"url":"https:\/\/images.pagina12.com.ar\/styles\/focal_3_2_960x640\/public\/2022-04\/457510-whatsapp-20image-202022-04-09-20at-2011-38-23.jpeg?itok=CG_bWrNK","type":"","width":"","height":""}],"author":"Arnaldo Botto","twitter_card":"summary_large_image","schema":{"@context":"https:\/\/schema.org","@graph":[{"@type":"WebPage","@id":"https:\/\/www.noticiasradioreflejos.com.ar\/2021\/en-pinamar-quieren-privatizar-una-calle-frente-al-mar\/","url":"https:\/\/www.noticiasradioreflejos.com.ar\/2021\/en-pinamar-quieren-privatizar-una-calle-frente-al-mar\/","name":"En Pinamar quieren privatizar una calle frente al mar - Noticias Radio Reflejos","isPartOf":{"@id":"https:\/\/www.noticiasradioreflejos.com.ar\/2021\/#website"},"primaryImageOfPage":{"@id":"https:\/\/www.noticiasradioreflejos.com.ar\/2021\/en-pinamar-quieren-privatizar-una-calle-frente-al-mar\/#primaryimage"},"image":{"@id":"https:\/\/www.noticiasradioreflejos.com.ar\/2021\/en-pinamar-quieren-privatizar-una-calle-frente-al-mar\/#primaryimage"},"thumbnailUrl":"https:\/\/images.pagina12.com.ar\/styles\/focal_3_2_960x640\/public\/2022-04\/457510-whatsapp-20image-202022-04-09-20at-2011-38-23.jpeg?itok=CG_bWrNK","datePublished":"2022-04-09T15:02:11+00:00","author":{"@id":"https:\/\/www.noticiasradioreflejos.com.ar\/2021\/#\/schema\/person\/ad82545263dcc5ec0996818884fd5fb1"},"breadcrumb":{"@id":"https:\/\/www.noticiasradioreflejos.com.ar\/2021\/en-pinamar-quieren-privatizar-una-calle-frente-al-mar\/#breadcrumb"},"inLanguage":"es","potentialAction":[{"@type":"ReadAction","target":["https:\/\/www.noticiasradioreflejos.com.ar\/2021\/en-pinamar-quieren-privatizar-una-calle-frente-al-mar\/"]}]},{"@type":"ImageObject","inLanguage":"es","@id":"https:\/\/www.noticiasradioreflejos.com.ar\/2021\/en-pinamar-quieren-privatizar-una-calle-frente-al-mar\/#primaryimage","url":"https:\/\/images.pagina12.com.ar\/styles\/focal_3_2_960x640\/public\/2022-04\/457510-whatsapp-20image-202022-04-09-20at-2011-38-23.jpeg?itok=CG_bWrNK","contentUrl":"https:\/\/images.pagina12.com.ar\/styles\/focal_3_2_960x640\/public\/2022-04\/457510-whatsapp-20image-202022-04-09-20at-2011-38-23.jpeg?itok=CG_bWrNK"},{"@type":"BreadcrumbList","@id":"https:\/\/www.noticiasradioreflejos.com.ar\/2021\/en-pinamar-quieren-privatizar-una-calle-frente-al-mar\/#breadcrumb","itemListElement":[{"@type":"ListItem","position":1,"name":"Portada","item":"https:\/\/www.noticiasradioreflejos.com.ar\/2021\/"},{"@type":"ListItem","position":2,"name":"En Pinamar quieren privatizar una calle frente al mar"}]},{"@type":"WebSite","@id":"https:\/\/www.noticiasradioreflejos.com.ar\/2021\/#website","url":"https:\/\/www.noticiasradioreflejos.com.ar\/2021\/","name":"Noticias Radio Reflejos","description":"Las noticias de mi comarca","potentialAction":[{"@type":"SearchAction","target":{"@type":"EntryPoint","urlTemplate":"https:\/\/www.noticiasradioreflejos.com.ar\/2021\/?s={search_term_string}"},"query-input":{"@type":"PropertyValueSpecification","valueRequired":true,"valueName":"search_term_string"}}],"inLanguage":"es"},{"@type":"Person","@id":"https:\/\/www.noticiasradioreflejos.com.ar\/2021\/#\/schema\/person\/ad82545263dcc5ec0996818884fd5fb1","name":"Arnaldo Botto","image":{"@type":"ImageObject","inLanguage":"es","@id":"https:\/\/www.noticiasradioreflejos.com.ar\/2021\/#\/schema\/person\/image\/","url":"https:\/\/secure.gravatar.com\/avatar\/55cb5e37c1efa326397366e6974cb338056df65cb50e7d64d1cf314e87504837?s=96&d=mm&r=g","contentUrl":"https:\/\/secure.gravatar.com\/avatar\/55cb5e37c1efa326397366e6974cb338056df65cb50e7d64d1cf314e87504837?s=96&d=mm&r=g","caption":"Arnaldo Botto"},"url":"https:\/\/www.noticiasradioreflejos.com.ar\/2021\/author\/arnaldo\/"}]}},"_links":{"self":[{"href":"https:\/\/www.noticiasradioreflejos.com.ar\/2021\/wp-json\/wp\/v2\/posts\/70458","targetHints":{"allow":["GET"]}}],"collection":[{"href":"https:\/\/www.noticiasradioreflejos.com.ar\/2021\/wp-json\/wp\/v2\/posts"}],"about":[{"href":"https:\/\/www.noticiasradioreflejos.com.ar\/2021\/wp-json\/wp\/v2\/types\/post"}],"author":[{"embeddable":true,"href":"https:\/\/www.noticiasradioreflejos.com.ar\/2021\/wp-json\/wp\/v2\/users\/3"}],"replies":[{"embeddable":true,"href":"https:\/\/www.noticiasradioreflejos.com.ar\/2021\/wp-json\/wp\/v2\/comments?post=70458"}],"version-history":[{"count":1,"href":"https:\/\/www.noticiasradioreflejos.com.ar\/2021\/wp-json\/wp\/v2\/posts\/70458\/revisions"}],"predecessor-version":[{"id":70459,"href":"https:\/\/www.noticiasradioreflejos.com.ar\/2021\/wp-json\/wp\/v2\/posts\/70458\/revisions\/70459"}],"wp:attachment":[{"href":"https:\/\/www.noticiasradioreflejos.com.ar\/2021\/wp-json\/wp\/v2\/media?parent=70458"}],"wp:term":[{"taxonomy":"category","embeddable":true,"href":"https:\/\/www.noticiasradioreflejos.com.ar\/2021\/wp-json\/wp\/v2\/categories?post=70458"},{"taxonomy":"post_tag","embeddable":true,"href":"https:\/\/www.noticiasradioreflejos.com.ar\/2021\/wp-json\/wp\/v2\/tags?post=70458"}],"curies":[{"name":"wp","href":"https:\/\/api.w.org\/{rel}","templated":true}]}}