{"id":70454,"date":"2022-04-09T14:49:26","date_gmt":"2022-04-09T14:49:26","guid":{"rendered":"http:\/\/www.noticiasradioreflejos.com.ar\/2021\/?p=70454"},"modified":"2022-04-11T10:26:00","modified_gmt":"2022-04-11T10:26:00","slug":"alertas-amarillo-por-tormentas-para-el-centro-del-pais-y-nivel-naranja-por-lluvias-para-el-sur","status":"publish","type":"post","link":"https:\/\/www.noticiasradioreflejos.com.ar\/2021\/alertas-amarillo-por-tormentas-para-el-centro-del-pais-y-nivel-naranja-por-lluvias-para-el-sur\/","title":{"rendered":"Alertas amarillo por tormentas para el centro del pa\u00eds y nivel naranja por lluvias para el sur\u00a0\u00a0"},"content":{"rendered":"<p>El Servicio Meteorol\u00f3gico Nacional (SMN) emiti\u00f3 en la ma\u00f1ana de este s\u00e1bado<b>\u00a0alertas de nivel amarillo por tormentas con fuerte actividad el\u00e9ctrica\u00a0<\/b>para seis provincias del centro del pa\u00eds. Tambi\u00e9n dio a conocer\u00a0<b>dos alertas naranjas por lluvias intensas<\/b>\u00a0para Chubut y Santa Cruz.<!--more--><\/p>\n<div class=\"section-2-col article-main-content\">\n<div class=\"col 2-col\">\n<div class=\"article-main-content article-text \">\n<p>Las<b>\u00a0alertas nivel amarillo<\/b>\u00a0por tormentas corresponden al\u00a0<b>noroeste de la provincia de Mendoza, sur de San Luis y de la provincia de Buenos Aires, gran parte de La Pampa, sudoeste de Chubut y oeste de R\u00edo Negro<\/b>.<\/p>\n<p>Las zonas provinciales mencionadas podr\u00e1n ser afectadas por<b>\u00a0tormentas de variada intensidad, pudiendo ser algunas fuertes, acompa\u00f1adas de intensas r\u00e1fagas, fuerte actividad el\u00e9ctrica y ocasional ca\u00edda de granizo<\/b>, seg\u00fan detall\u00f3 el SMN en su reporte matutino.<\/p>\n<p>Asimismo,<b>\u00a0remarc\u00f3 la posible ca\u00edda abundante de agua en cortos per\u00edodos<\/b>, en los cuales se prev\u00e9n valores de precipitaci\u00f3n acumulada entre 30 y 50 mil\u00edmetros, pudiendo ser superados localmente.<\/p>\n<blockquote class=\"twitter-tweet\" data-width=\"500\" data-dnt=\"true\">\n<p lang=\"es\" dir=\"ltr\">\u203c\ufe0f IMPORTANTE \u203c\ufe0f<br \/>\ud83d\udfe0 ALERTA NARANJA POR LLUVIAS \ud83d\udfe0 <a href=\"https:\/\/t.co\/WOrDJocPFN\">pic.twitter.com\/WOrDJocPFN<\/a><\/p>\n<p>&mdash; Subsecretar\u00eda Protecci\u00f3n Ciudadana Chubut (@DcChubut) <a href=\"https:\/\/twitter.com\/DcChubut\/status\/1512753760111575040?ref_src=twsrc%5Etfw\">April 9, 2022<\/a><\/p><\/blockquote>\n<p><script async src=\"https:\/\/platform.twitter.com\/widgets.js\" charset=\"utf-8\"><\/script><\/p>\n<div id=\"talkFireEvent\"><\/div>\n<p><b>Otra alerta amarillo por vientos fue emitida esta ma\u00f1ana por el organismo para el oeste de la provincia de Neuqu\u00e9n<\/b>, donde se prev\u00e9n vientos del sector oeste con velocidades entre 50 y 70 kil\u00f3metros por hora y r\u00e1fagas que pueden alcanzar los 90.<\/p>\n<p><b>El nivel amarillo de alertas implica \u00abinformarse\u00bb\u00a0<\/b>debido a posibles fen\u00f3menos meteorol\u00f3gicos con capacidad de da\u00f1o y riesgo de interrupci\u00f3n moment\u00e1nea de actividades cotidianas.<\/p>\n<p>Asimismo, el SMN emiti\u00f3\u00a0<b>dos alertas nivel naranja por tormentas para el sudeste de las provincias de Chubut y el noreste de Santa Cruz<\/b>.<\/p>\n<p>Seg\u00fan detall\u00f3 el organismo,<b>\u00a0las \u00e1reas ser\u00e1n afectadas por lluvias intensas, donde se estiman valores de precipitaci\u00f3n acumulada entre 30 y 50 mil\u00edmetros<\/b>, pudiendo ser superados en forma puntual.<\/p>\n<p>El nivel naranja, indica<b>\u00a0\u00abPreparate\u00bb, debido a que se esperan \u00abfen\u00f3menos meteorol\u00f3gicos peligrosos para la sociedad<\/b>, la vida, los bienes y el medio ambiente\u00bb.<\/p>\n<\/div>\n<\/div>\n<\/div>\n<div class=\"section\">\n<div class=\"section-2-col margin-bottom\">\n<div class=\"col 1-col\"><\/div>\n<div class=\"col 2-col\">\n<div id=\"ventas-article-end\" class=\"ventas-article-end desktop\">\n<div class=\"ventas-article-end--inner\">\n<p id=\"ventas-article-end-p1\">\n<\/div>\n<\/div>\n<\/div>\n<\/div>\n<\/div>\n","protected":false},"excerpt":{"rendered":"<p>El Servicio Meteorol\u00f3gico Nacional (SMN) emiti\u00f3 en la ma\u00f1ana de este s\u00e1bado\u00a0alertas de nivel amarillo por tormentas con fuerte actividad el\u00e9ctrica\u00a0para seis provincias del centro del pa\u00eds. Tambi\u00e9n dio a conocer\u00a0dos alertas naranjas por lluvias intensas\u00a0para Chubut y Santa Cruz.<\/p>\n","protected":false},"author":3,"featured_media":0,"comment_status":"closed","ping_status":"closed","sticky":false,"template":"","format":"standard","meta":{"footnotes":""},"categories":[26],"tags":[],"class_list":["post-70454","post","type-post","status-publish","format-standard","hentry","category-sociedad"],"yoast_head":"<!-- This site is optimized with the Yoast SEO plugin v25.9 - https:\/\/yoast.com\/wordpress\/plugins\/seo\/ -->\n<title>Alertas amarillo por tormentas para el centro del pa\u00eds y nivel naranja por lluvias para el sur\u00a0\u00a0 - Noticias Radio Reflejos<\/title>\n<meta name=\"robots\" content=\"index, follow, max-snippet:-1, max-image-preview:large, max-video-preview:-1\" \/>\n<link rel=\"canonical\" href=\"https:\/\/www.noticiasradioreflejos.com.ar\/2021\/alertas-amarillo-por-tormentas-para-el-centro-del-pais-y-nivel-naranja-por-lluvias-para-el-sur\/\" \/>\n<meta property=\"og:locale\" content=\"es_ES\" \/>\n<meta property=\"og:type\" content=\"article\" \/>\n<meta property=\"og:title\" content=\"Alertas amarillo por tormentas para el centro del pa\u00eds y nivel naranja por lluvias para el sur\u00a0\u00a0 - Noticias Radio Reflejos\" \/>\n<meta property=\"og:description\" content=\"El Servicio Meteorol\u00f3gico Nacional (SMN) emiti\u00f3 en la ma\u00f1ana de este s\u00e1bado\u00a0alertas de nivel amarillo por tormentas con fuerte actividad el\u00e9ctrica\u00a0para seis provincias del centro del pa\u00eds. Tambi\u00e9n dio a conocer\u00a0dos alertas naranjas por lluvias intensas\u00a0para Chubut y Santa Cruz.\" \/>\n<meta property=\"og:url\" content=\"https:\/\/www.noticiasradioreflejos.com.ar\/2021\/alertas-amarillo-por-tormentas-para-el-centro-del-pais-y-nivel-naranja-por-lluvias-para-el-sur\/\" \/>\n<meta property=\"og:site_name\" content=\"Noticias Radio Reflejos\" \/>\n<meta property=\"article:published_time\" content=\"2022-04-09T14:49:26+00:00\" \/>\n<meta property=\"article:modified_time\" content=\"2022-04-11T10:26:00+00:00\" \/>\n<meta property=\"og:image\" content=\"https:\/\/www.noticiasradioreflejos.com.ar\/2021\/wp-content\/uploads\/2021\/07\/logosol300x200.png\" \/>\n\t<meta property=\"og:image:width\" content=\"300\" \/>\n\t<meta property=\"og:image:height\" content=\"200\" \/>\n\t<meta property=\"og:image:type\" content=\"image\/png\" \/>\n<meta name=\"author\" content=\"Arnaldo Botto\" \/>\n<meta name=\"twitter:card\" content=\"summary_large_image\" \/>\n<script type=\"application\/ld+json\" class=\"yoast-schema-graph\">{\"@context\":\"https:\/\/schema.org\",\"@graph\":[{\"@type\":\"WebPage\",\"@id\":\"https:\/\/www.noticiasradioreflejos.com.ar\/2021\/alertas-amarillo-por-tormentas-para-el-centro-del-pais-y-nivel-naranja-por-lluvias-para-el-sur\/\",\"url\":\"https:\/\/www.noticiasradioreflejos.com.ar\/2021\/alertas-amarillo-por-tormentas-para-el-centro-del-pais-y-nivel-naranja-por-lluvias-para-el-sur\/\",\"name\":\"Alertas amarillo por tormentas para el centro del pa\u00eds y nivel naranja por lluvias para el sur\u00a0\u00a0 - Noticias Radio Reflejos\",\"isPartOf\":{\"@id\":\"https:\/\/www.noticiasradioreflejos.com.ar\/2021\/#website\"},\"datePublished\":\"2022-04-09T14:49:26+00:00\",\"dateModified\":\"2022-04-11T10:26:00+00:00\",\"author\":{\"@id\":\"https:\/\/www.noticiasradioreflejos.com.ar\/2021\/#\/schema\/person\/ad82545263dcc5ec0996818884fd5fb1\"},\"breadcrumb\":{\"@id\":\"https:\/\/www.noticiasradioreflejos.com.ar\/2021\/alertas-amarillo-por-tormentas-para-el-centro-del-pais-y-nivel-naranja-por-lluvias-para-el-sur\/#breadcrumb\"},\"inLanguage\":\"es\",\"potentialAction\":[{\"@type\":\"ReadAction\",\"target\":[\"https:\/\/www.noticiasradioreflejos.com.ar\/2021\/alertas-amarillo-por-tormentas-para-el-centro-del-pais-y-nivel-naranja-por-lluvias-para-el-sur\/\"]}]},{\"@type\":\"BreadcrumbList\",\"@id\":\"https:\/\/www.noticiasradioreflejos.com.ar\/2021\/alertas-amarillo-por-tormentas-para-el-centro-del-pais-y-nivel-naranja-por-lluvias-para-el-sur\/#breadcrumb\",\"itemListElement\":[{\"@type\":\"ListItem\",\"position\":1,\"name\":\"Portada\",\"item\":\"https:\/\/www.noticiasradioreflejos.com.ar\/2021\/\"},{\"@type\":\"ListItem\",\"position\":2,\"name\":\"Alertas amarillo por tormentas para el centro del pa\u00eds y nivel naranja por lluvias para el sur\u00a0\u00a0\"}]},{\"@type\":\"WebSite\",\"@id\":\"https:\/\/www.noticiasradioreflejos.com.ar\/2021\/#website\",\"url\":\"https:\/\/www.noticiasradioreflejos.com.ar\/2021\/\",\"name\":\"Noticias Radio Reflejos\",\"description\":\"Las noticias de mi comarca\",\"potentialAction\":[{\"@type\":\"SearchAction\",\"target\":{\"@type\":\"EntryPoint\",\"urlTemplate\":\"https:\/\/www.noticiasradioreflejos.com.ar\/2021\/?s={search_term_string}\"},\"query-input\":{\"@type\":\"PropertyValueSpecification\",\"valueRequired\":true,\"valueName\":\"search_term_string\"}}],\"inLanguage\":\"es\"},{\"@type\":\"Person\",\"@id\":\"https:\/\/www.noticiasradioreflejos.com.ar\/2021\/#\/schema\/person\/ad82545263dcc5ec0996818884fd5fb1\",\"name\":\"Arnaldo Botto\",\"image\":{\"@type\":\"ImageObject\",\"inLanguage\":\"es\",\"@id\":\"https:\/\/www.noticiasradioreflejos.com.ar\/2021\/#\/schema\/person\/image\/\",\"url\":\"https:\/\/secure.gravatar.com\/avatar\/55cb5e37c1efa326397366e6974cb338056df65cb50e7d64d1cf314e87504837?s=96&d=mm&r=g\",\"contentUrl\":\"https:\/\/secure.gravatar.com\/avatar\/55cb5e37c1efa326397366e6974cb338056df65cb50e7d64d1cf314e87504837?s=96&d=mm&r=g\",\"caption\":\"Arnaldo Botto\"},\"url\":\"https:\/\/www.noticiasradioreflejos.com.ar\/2021\/author\/arnaldo\/\"}]}<\/script>\n<!-- \/ Yoast SEO plugin. -->","yoast_head_json":{"title":"Alertas amarillo por tormentas para el centro del pa\u00eds y nivel naranja por lluvias para el sur\u00a0\u00a0 - Noticias Radio Reflejos","robots":{"index":"index","follow":"follow","max-snippet":"max-snippet:-1","max-image-preview":"max-image-preview:large","max-video-preview":"max-video-preview:-1"},"canonical":"https:\/\/www.noticiasradioreflejos.com.ar\/2021\/alertas-amarillo-por-tormentas-para-el-centro-del-pais-y-nivel-naranja-por-lluvias-para-el-sur\/","og_locale":"es_ES","og_type":"article","og_title":"Alertas amarillo por tormentas para el centro del pa\u00eds y nivel naranja por lluvias para el sur\u00a0\u00a0 - Noticias Radio Reflejos","og_description":"El Servicio Meteorol\u00f3gico Nacional (SMN) emiti\u00f3 en la ma\u00f1ana de este s\u00e1bado\u00a0alertas de nivel amarillo por tormentas con fuerte actividad el\u00e9ctrica\u00a0para seis provincias del centro del pa\u00eds. Tambi\u00e9n dio a conocer\u00a0dos alertas naranjas por lluvias intensas\u00a0para Chubut y Santa Cruz.","og_url":"https:\/\/www.noticiasradioreflejos.com.ar\/2021\/alertas-amarillo-por-tormentas-para-el-centro-del-pais-y-nivel-naranja-por-lluvias-para-el-sur\/","og_site_name":"Noticias Radio Reflejos","article_published_time":"2022-04-09T14:49:26+00:00","article_modified_time":"2022-04-11T10:26:00+00:00","og_image":[{"width":300,"height":200,"url":"https:\/\/www.noticiasradioreflejos.com.ar\/2021\/wp-content\/uploads\/2021\/07\/logosol300x200.png","type":"image\/png"}],"author":"Arnaldo Botto","twitter_card":"summary_large_image","schema":{"@context":"https:\/\/schema.org","@graph":[{"@type":"WebPage","@id":"https:\/\/www.noticiasradioreflejos.com.ar\/2021\/alertas-amarillo-por-tormentas-para-el-centro-del-pais-y-nivel-naranja-por-lluvias-para-el-sur\/","url":"https:\/\/www.noticiasradioreflejos.com.ar\/2021\/alertas-amarillo-por-tormentas-para-el-centro-del-pais-y-nivel-naranja-por-lluvias-para-el-sur\/","name":"Alertas amarillo por tormentas para el centro del pa\u00eds y nivel naranja por lluvias para el sur\u00a0\u00a0 - Noticias Radio Reflejos","isPartOf":{"@id":"https:\/\/www.noticiasradioreflejos.com.ar\/2021\/#website"},"datePublished":"2022-04-09T14:49:26+00:00","dateModified":"2022-04-11T10:26:00+00:00","author":{"@id":"https:\/\/www.noticiasradioreflejos.com.ar\/2021\/#\/schema\/person\/ad82545263dcc5ec0996818884fd5fb1"},"breadcrumb":{"@id":"https:\/\/www.noticiasradioreflejos.com.ar\/2021\/alertas-amarillo-por-tormentas-para-el-centro-del-pais-y-nivel-naranja-por-lluvias-para-el-sur\/#breadcrumb"},"inLanguage":"es","potentialAction":[{"@type":"ReadAction","target":["https:\/\/www.noticiasradioreflejos.com.ar\/2021\/alertas-amarillo-por-tormentas-para-el-centro-del-pais-y-nivel-naranja-por-lluvias-para-el-sur\/"]}]},{"@type":"BreadcrumbList","@id":"https:\/\/www.noticiasradioreflejos.com.ar\/2021\/alertas-amarillo-por-tormentas-para-el-centro-del-pais-y-nivel-naranja-por-lluvias-para-el-sur\/#breadcrumb","itemListElement":[{"@type":"ListItem","position":1,"name":"Portada","item":"https:\/\/www.noticiasradioreflejos.com.ar\/2021\/"},{"@type":"ListItem","position":2,"name":"Alertas amarillo por tormentas para el centro del pa\u00eds y nivel naranja por lluvias para el sur\u00a0\u00a0"}]},{"@type":"WebSite","@id":"https:\/\/www.noticiasradioreflejos.com.ar\/2021\/#website","url":"https:\/\/www.noticiasradioreflejos.com.ar\/2021\/","name":"Noticias Radio Reflejos","description":"Las noticias de mi comarca","potentialAction":[{"@type":"SearchAction","target":{"@type":"EntryPoint","urlTemplate":"https:\/\/www.noticiasradioreflejos.com.ar\/2021\/?s={search_term_string}"},"query-input":{"@type":"PropertyValueSpecification","valueRequired":true,"valueName":"search_term_string"}}],"inLanguage":"es"},{"@type":"Person","@id":"https:\/\/www.noticiasradioreflejos.com.ar\/2021\/#\/schema\/person\/ad82545263dcc5ec0996818884fd5fb1","name":"Arnaldo Botto","image":{"@type":"ImageObject","inLanguage":"es","@id":"https:\/\/www.noticiasradioreflejos.com.ar\/2021\/#\/schema\/person\/image\/","url":"https:\/\/secure.gravatar.com\/avatar\/55cb5e37c1efa326397366e6974cb338056df65cb50e7d64d1cf314e87504837?s=96&d=mm&r=g","contentUrl":"https:\/\/secure.gravatar.com\/avatar\/55cb5e37c1efa326397366e6974cb338056df65cb50e7d64d1cf314e87504837?s=96&d=mm&r=g","caption":"Arnaldo Botto"},"url":"https:\/\/www.noticiasradioreflejos.com.ar\/2021\/author\/arnaldo\/"}]}},"_links":{"self":[{"href":"https:\/\/www.noticiasradioreflejos.com.ar\/2021\/wp-json\/wp\/v2\/posts\/70454","targetHints":{"allow":["GET"]}}],"collection":[{"href":"https:\/\/www.noticiasradioreflejos.com.ar\/2021\/wp-json\/wp\/v2\/posts"}],"about":[{"href":"https:\/\/www.noticiasradioreflejos.com.ar\/2021\/wp-json\/wp\/v2\/types\/post"}],"author":[{"embeddable":true,"href":"https:\/\/www.noticiasradioreflejos.com.ar\/2021\/wp-json\/wp\/v2\/users\/3"}],"replies":[{"embeddable":true,"href":"https:\/\/www.noticiasradioreflejos.com.ar\/2021\/wp-json\/wp\/v2\/comments?post=70454"}],"version-history":[{"count":2,"href":"https:\/\/www.noticiasradioreflejos.com.ar\/2021\/wp-json\/wp\/v2\/posts\/70454\/revisions"}],"predecessor-version":[{"id":70457,"href":"https:\/\/www.noticiasradioreflejos.com.ar\/2021\/wp-json\/wp\/v2\/posts\/70454\/revisions\/70457"}],"wp:attachment":[{"href":"https:\/\/www.noticiasradioreflejos.com.ar\/2021\/wp-json\/wp\/v2\/media?parent=70454"}],"wp:term":[{"taxonomy":"category","embeddable":true,"href":"https:\/\/www.noticiasradioreflejos.com.ar\/2021\/wp-json\/wp\/v2\/categories?post=70454"},{"taxonomy":"post_tag","embeddable":true,"href":"https:\/\/www.noticiasradioreflejos.com.ar\/2021\/wp-json\/wp\/v2\/tags?post=70454"}],"curies":[{"name":"wp","href":"https:\/\/api.w.org\/{rel}","templated":true}]}}