{"id":70450,"date":"2022-04-09T14:35:23","date_gmt":"2022-04-09T14:35:23","guid":{"rendered":"http:\/\/www.noticiasradioreflejos.com.ar\/2021\/?p=70450"},"modified":"2022-04-09T14:35:23","modified_gmt":"2022-04-09T14:35:23","slug":"migraciones-simplifico-los-requisitos-para-viajar-al-exterior","status":"publish","type":"post","link":"https:\/\/www.noticiasradioreflejos.com.ar\/2021\/migraciones-simplifico-los-requisitos-para-viajar-al-exterior\/","title":{"rendered":"Migraciones simplific\u00f3 los requisitos para viajar al exterior"},"content":{"rendered":"<p>La directora nacional de Migraciones, Florencia Carignano, anunci\u00f3 que ya no se deber\u00e1 completar una declaraci\u00f3n jurada para salir del pa\u00eds. La medida es posible gracias a que Argentina lleva 11 semanas consecutivas de descenso en el n\u00famero de casos de Covid-19.<!--more--><\/p>\n<figure class=\"mb-3\"><img decoding=\"async\" src=\"https:\/\/www.telam.com.ar\/thumbs\/bluesteel\/advf\/imagenes\/2021\/10\/617d4961a309a_900.jpg\" alt=\"Ya no se deber llenar la Declaracin Jurada para salir del pas\" width=\"100%\" height=\"100%\" \/><\/p>\n<div class=\"media-icons\"><\/div><figcaption>Ya no se deber\u00e1 llenar la Declaraci\u00f3n Jurada para salir del pa\u00eds.<\/figcaption><\/figure>\n<p>La directora nacional de Migraciones,<strong>\u00a0Florencia Carignano<\/strong>, anunci\u00f3 que, desde ahora,\u00a0<strong>ya no se deber\u00e1 completar una declaraci\u00f3n jurada para salir del pa\u00eds<\/strong>, en el marco de una serie de medidas que viene adoptando el Gobierno nacional para simplificar los requisitos para viajar.<\/p>\n<p>\u00ab<strong>Seguimos simplificando los requisitos de viaje<\/strong>. Ya no se deber\u00e1 llenar la Declaraci\u00f3n Jurada para salir del pa\u00eds. Los mismos datos ahora ser\u00e1n consignados por un inspector en el tr\u00e1mite migratorio.\u00a0<strong>Solamente deber\u00e1 llenarse la DDJJ para el ingreso al territorio naciona<\/strong>l\u00bb, inform\u00f3 Carignano en las \u00faltimas horas en su cuenta de Twitter.<\/p>\n<blockquote class=\"twitter-tweet\" data-width=\"500\" data-dnt=\"true\">\n<p lang=\"es\" dir=\"ltr\">Seguimos simplificando los requisitos de viaje \ud83d\udeeb<\/p>\n<p>Ya no se deber\u00e1 llenar la Declaraci\u00f3n Jurada para salir del pa\u00eds \ud83d\ude01 Los mismos datos ahora ser\u00e1n consignados por un inspector en el tr\u00e1mite migratorio.<\/p>\n<p>Solamente deber\u00e1 llenarse la DDJJ para el ingreso al territorio nacional \ud83d\udcf1 <a href=\"https:\/\/t.co\/AxPw7H1H2o\">pic.twitter.com\/AxPw7H1H2o<\/a><\/p>\n<p>&mdash; Florencia Carignano (@florcarignanook) <a href=\"https:\/\/twitter.com\/florcarignanook\/status\/1512544941964210183?ref_src=twsrc%5Etfw\">April 8, 2022<\/a><\/p><\/blockquote>\n<p><script async src=\"https:\/\/platform.twitter.com\/widgets.js\" charset=\"utf-8\"><\/script><\/p>\n<p>Esta semana, el Gobierno nacional flexibiliz\u00f3 el ingreso al pa\u00eds y estableci\u00f3 nuevas medidas de sanidad en las fronteras, al considerar necesario \u00abuna paulatina y gradual reducci\u00f3n de los requisitos impuestos\u00bb por la normativa de emergencia dispuesta por el coronavirus.<\/p>\n<p>Seg\u00fan informaron desde el Ministerio de Salud, se trata de \u00abun conjunto de medidas tendientes a simplificar los requisitos impuestos por la normativa de emergencia de Covid-19\u00bb.<\/p>\n<p>\u00abLa Argentina se encuentra transitando una situaci\u00f3n epidemiol\u00f3gica favorable con\u00a0<strong>11 semanas consecutivas de descenso en el n\u00famero de casos de Covid-19<\/strong>\u00a0y con importantes avances en la\u00a0<strong>estrategia de vacunaci\u00f3n<\/strong>, que cuenta con\u00a0<strong>niveles de cobertura del 89,4% en poblaci\u00f3n general con primera dosis, y del 80,5% con esquemas completos\u00bb<\/strong>, destac\u00f3 un comunicado de prensa de la cartera que encabeza Vizzotti.<\/p>\n<figure class=\"mb-3\"><img decoding=\"async\" src=\"https:\/\/www.telam.com.ar\/thumbs\/bluesteel\/advf\/imagenes\/2021\/10\/616fe56b5caa6_900.jpg\" alt=\"Florencia Carignano anunci que ya no se deber completar una declaracin jurada para salir del pas\" width=\"100%\" height=\"100%\" \/><\/p>\n<div class=\"media-icons\"><\/div><figcaption>Florencia Carignano anunci\u00f3 que ya no se deber\u00e1 completar una declaraci\u00f3n jurada para salir del pa\u00eds.<\/figcaption><\/figure>\n<p>En tanto, Carignano -en su cuenta de Twitter- inform\u00f3 sobre los \u00ab10 primeros pasos terrestres que vuelven a funcionar las 24 horas tal cual funcionaban antes de la pandemia\u00bb.<\/p>\n<p>Estos 10 pasos internacionales que ya operan libremente son Bernardo de Irigoyen, Clorinda, Col\u00f3n, Concordia, Gualeguaych\u00fa, Iguaz\u00fa, Paso de los Libres, Posadas, Salvador Mazza, Santo Tom\u00e9.<\/p>\n<p>\u00abVamos a seguir informando d\u00eda a d\u00eda las aperturas y horarios de todos los pasos\u00bb, concluy\u00f3 Carignano.<\/p>\n","protected":false},"excerpt":{"rendered":"<p>La directora nacional de Migraciones, Florencia Carignano, anunci\u00f3 que ya no se deber\u00e1 completar una declaraci\u00f3n jurada para salir del pa\u00eds. La medida es posible gracias a que Argentina lleva 11 semanas consecutivas de descenso en el n\u00famero de casos de Covid-19.<\/p>\n","protected":false},"author":3,"featured_media":0,"comment_status":"closed","ping_status":"closed","sticky":false,"template":"","format":"standard","meta":{"footnotes":""},"categories":[24,26,33],"tags":[],"class_list":["post-70450","post","type-post","status-publish","format-standard","hentry","category-politica","category-sociedad","category-turismo"],"yoast_head":"<!-- This site is optimized with the Yoast SEO plugin v25.9 - https:\/\/yoast.com\/wordpress\/plugins\/seo\/ -->\n<title>Migraciones simplific\u00f3 los requisitos para viajar al exterior - Noticias Radio Reflejos<\/title>\n<meta name=\"robots\" content=\"index, follow, max-snippet:-1, max-image-preview:large, max-video-preview:-1\" \/>\n<link rel=\"canonical\" href=\"https:\/\/www.noticiasradioreflejos.com.ar\/2021\/migraciones-simplifico-los-requisitos-para-viajar-al-exterior\/\" \/>\n<meta property=\"og:locale\" content=\"es_ES\" \/>\n<meta property=\"og:type\" content=\"article\" \/>\n<meta property=\"og:title\" content=\"Migraciones simplific\u00f3 los requisitos para viajar al exterior - Noticias Radio Reflejos\" \/>\n<meta property=\"og:description\" content=\"La directora nacional de Migraciones, Florencia Carignano, anunci\u00f3 que ya no se deber\u00e1 completar una declaraci\u00f3n jurada para salir del pa\u00eds. La medida es posible gracias a que Argentina lleva 11 semanas consecutivas de descenso en el n\u00famero de casos de Covid-19.\" \/>\n<meta property=\"og:url\" content=\"https:\/\/www.noticiasradioreflejos.com.ar\/2021\/migraciones-simplifico-los-requisitos-para-viajar-al-exterior\/\" \/>\n<meta property=\"og:site_name\" content=\"Noticias Radio Reflejos\" \/>\n<meta property=\"article:published_time\" content=\"2022-04-09T14:35:23+00:00\" \/>\n<meta property=\"og:image\" content=\"https:\/\/www.telam.com.ar\/thumbs\/bluesteel\/advf\/imagenes\/2021\/10\/617d4961a309a_900.jpg\" \/>\n<meta name=\"author\" content=\"Arnaldo Botto\" \/>\n<meta name=\"twitter:card\" content=\"summary_large_image\" \/>\n<script type=\"application\/ld+json\" class=\"yoast-schema-graph\">{\"@context\":\"https:\/\/schema.org\",\"@graph\":[{\"@type\":\"WebPage\",\"@id\":\"https:\/\/www.noticiasradioreflejos.com.ar\/2021\/migraciones-simplifico-los-requisitos-para-viajar-al-exterior\/\",\"url\":\"https:\/\/www.noticiasradioreflejos.com.ar\/2021\/migraciones-simplifico-los-requisitos-para-viajar-al-exterior\/\",\"name\":\"Migraciones simplific\u00f3 los requisitos para viajar al exterior - Noticias Radio Reflejos\",\"isPartOf\":{\"@id\":\"https:\/\/www.noticiasradioreflejos.com.ar\/2021\/#website\"},\"primaryImageOfPage\":{\"@id\":\"https:\/\/www.noticiasradioreflejos.com.ar\/2021\/migraciones-simplifico-los-requisitos-para-viajar-al-exterior\/#primaryimage\"},\"image\":{\"@id\":\"https:\/\/www.noticiasradioreflejos.com.ar\/2021\/migraciones-simplifico-los-requisitos-para-viajar-al-exterior\/#primaryimage\"},\"thumbnailUrl\":\"https:\/\/www.telam.com.ar\/thumbs\/bluesteel\/advf\/imagenes\/2021\/10\/617d4961a309a_900.jpg\",\"datePublished\":\"2022-04-09T14:35:23+00:00\",\"author\":{\"@id\":\"https:\/\/www.noticiasradioreflejos.com.ar\/2021\/#\/schema\/person\/ad82545263dcc5ec0996818884fd5fb1\"},\"breadcrumb\":{\"@id\":\"https:\/\/www.noticiasradioreflejos.com.ar\/2021\/migraciones-simplifico-los-requisitos-para-viajar-al-exterior\/#breadcrumb\"},\"inLanguage\":\"es\",\"potentialAction\":[{\"@type\":\"ReadAction\",\"target\":[\"https:\/\/www.noticiasradioreflejos.com.ar\/2021\/migraciones-simplifico-los-requisitos-para-viajar-al-exterior\/\"]}]},{\"@type\":\"ImageObject\",\"inLanguage\":\"es\",\"@id\":\"https:\/\/www.noticiasradioreflejos.com.ar\/2021\/migraciones-simplifico-los-requisitos-para-viajar-al-exterior\/#primaryimage\",\"url\":\"https:\/\/www.telam.com.ar\/thumbs\/bluesteel\/advf\/imagenes\/2021\/10\/617d4961a309a_900.jpg\",\"contentUrl\":\"https:\/\/www.telam.com.ar\/thumbs\/bluesteel\/advf\/imagenes\/2021\/10\/617d4961a309a_900.jpg\"},{\"@type\":\"BreadcrumbList\",\"@id\":\"https:\/\/www.noticiasradioreflejos.com.ar\/2021\/migraciones-simplifico-los-requisitos-para-viajar-al-exterior\/#breadcrumb\",\"itemListElement\":[{\"@type\":\"ListItem\",\"position\":1,\"name\":\"Portada\",\"item\":\"https:\/\/www.noticiasradioreflejos.com.ar\/2021\/\"},{\"@type\":\"ListItem\",\"position\":2,\"name\":\"Migraciones simplific\u00f3 los requisitos para viajar al exterior\"}]},{\"@type\":\"WebSite\",\"@id\":\"https:\/\/www.noticiasradioreflejos.com.ar\/2021\/#website\",\"url\":\"https:\/\/www.noticiasradioreflejos.com.ar\/2021\/\",\"name\":\"Noticias Radio Reflejos\",\"description\":\"Las noticias de mi comarca\",\"potentialAction\":[{\"@type\":\"SearchAction\",\"target\":{\"@type\":\"EntryPoint\",\"urlTemplate\":\"https:\/\/www.noticiasradioreflejos.com.ar\/2021\/?s={search_term_string}\"},\"query-input\":{\"@type\":\"PropertyValueSpecification\",\"valueRequired\":true,\"valueName\":\"search_term_string\"}}],\"inLanguage\":\"es\"},{\"@type\":\"Person\",\"@id\":\"https:\/\/www.noticiasradioreflejos.com.ar\/2021\/#\/schema\/person\/ad82545263dcc5ec0996818884fd5fb1\",\"name\":\"Arnaldo Botto\",\"image\":{\"@type\":\"ImageObject\",\"inLanguage\":\"es\",\"@id\":\"https:\/\/www.noticiasradioreflejos.com.ar\/2021\/#\/schema\/person\/image\/\",\"url\":\"https:\/\/secure.gravatar.com\/avatar\/55cb5e37c1efa326397366e6974cb338056df65cb50e7d64d1cf314e87504837?s=96&d=mm&r=g\",\"contentUrl\":\"https:\/\/secure.gravatar.com\/avatar\/55cb5e37c1efa326397366e6974cb338056df65cb50e7d64d1cf314e87504837?s=96&d=mm&r=g\",\"caption\":\"Arnaldo Botto\"},\"url\":\"https:\/\/www.noticiasradioreflejos.com.ar\/2021\/author\/arnaldo\/\"}]}<\/script>\n<!-- \/ Yoast SEO plugin. -->","yoast_head_json":{"title":"Migraciones simplific\u00f3 los requisitos para viajar al exterior - Noticias Radio Reflejos","robots":{"index":"index","follow":"follow","max-snippet":"max-snippet:-1","max-image-preview":"max-image-preview:large","max-video-preview":"max-video-preview:-1"},"canonical":"https:\/\/www.noticiasradioreflejos.com.ar\/2021\/migraciones-simplifico-los-requisitos-para-viajar-al-exterior\/","og_locale":"es_ES","og_type":"article","og_title":"Migraciones simplific\u00f3 los requisitos para viajar al exterior - Noticias Radio Reflejos","og_description":"La directora nacional de Migraciones, Florencia Carignano, anunci\u00f3 que ya no se deber\u00e1 completar una declaraci\u00f3n jurada para salir del pa\u00eds. La medida es posible gracias a que Argentina lleva 11 semanas consecutivas de descenso en el n\u00famero de casos de Covid-19.","og_url":"https:\/\/www.noticiasradioreflejos.com.ar\/2021\/migraciones-simplifico-los-requisitos-para-viajar-al-exterior\/","og_site_name":"Noticias Radio Reflejos","article_published_time":"2022-04-09T14:35:23+00:00","og_image":[{"url":"https:\/\/www.telam.com.ar\/thumbs\/bluesteel\/advf\/imagenes\/2021\/10\/617d4961a309a_900.jpg","type":"","width":"","height":""}],"author":"Arnaldo Botto","twitter_card":"summary_large_image","schema":{"@context":"https:\/\/schema.org","@graph":[{"@type":"WebPage","@id":"https:\/\/www.noticiasradioreflejos.com.ar\/2021\/migraciones-simplifico-los-requisitos-para-viajar-al-exterior\/","url":"https:\/\/www.noticiasradioreflejos.com.ar\/2021\/migraciones-simplifico-los-requisitos-para-viajar-al-exterior\/","name":"Migraciones simplific\u00f3 los requisitos para viajar al exterior - Noticias Radio Reflejos","isPartOf":{"@id":"https:\/\/www.noticiasradioreflejos.com.ar\/2021\/#website"},"primaryImageOfPage":{"@id":"https:\/\/www.noticiasradioreflejos.com.ar\/2021\/migraciones-simplifico-los-requisitos-para-viajar-al-exterior\/#primaryimage"},"image":{"@id":"https:\/\/www.noticiasradioreflejos.com.ar\/2021\/migraciones-simplifico-los-requisitos-para-viajar-al-exterior\/#primaryimage"},"thumbnailUrl":"https:\/\/www.telam.com.ar\/thumbs\/bluesteel\/advf\/imagenes\/2021\/10\/617d4961a309a_900.jpg","datePublished":"2022-04-09T14:35:23+00:00","author":{"@id":"https:\/\/www.noticiasradioreflejos.com.ar\/2021\/#\/schema\/person\/ad82545263dcc5ec0996818884fd5fb1"},"breadcrumb":{"@id":"https:\/\/www.noticiasradioreflejos.com.ar\/2021\/migraciones-simplifico-los-requisitos-para-viajar-al-exterior\/#breadcrumb"},"inLanguage":"es","potentialAction":[{"@type":"ReadAction","target":["https:\/\/www.noticiasradioreflejos.com.ar\/2021\/migraciones-simplifico-los-requisitos-para-viajar-al-exterior\/"]}]},{"@type":"ImageObject","inLanguage":"es","@id":"https:\/\/www.noticiasradioreflejos.com.ar\/2021\/migraciones-simplifico-los-requisitos-para-viajar-al-exterior\/#primaryimage","url":"https:\/\/www.telam.com.ar\/thumbs\/bluesteel\/advf\/imagenes\/2021\/10\/617d4961a309a_900.jpg","contentUrl":"https:\/\/www.telam.com.ar\/thumbs\/bluesteel\/advf\/imagenes\/2021\/10\/617d4961a309a_900.jpg"},{"@type":"BreadcrumbList","@id":"https:\/\/www.noticiasradioreflejos.com.ar\/2021\/migraciones-simplifico-los-requisitos-para-viajar-al-exterior\/#breadcrumb","itemListElement":[{"@type":"ListItem","position":1,"name":"Portada","item":"https:\/\/www.noticiasradioreflejos.com.ar\/2021\/"},{"@type":"ListItem","position":2,"name":"Migraciones simplific\u00f3 los requisitos para viajar al exterior"}]},{"@type":"WebSite","@id":"https:\/\/www.noticiasradioreflejos.com.ar\/2021\/#website","url":"https:\/\/www.noticiasradioreflejos.com.ar\/2021\/","name":"Noticias Radio Reflejos","description":"Las noticias de mi comarca","potentialAction":[{"@type":"SearchAction","target":{"@type":"EntryPoint","urlTemplate":"https:\/\/www.noticiasradioreflejos.com.ar\/2021\/?s={search_term_string}"},"query-input":{"@type":"PropertyValueSpecification","valueRequired":true,"valueName":"search_term_string"}}],"inLanguage":"es"},{"@type":"Person","@id":"https:\/\/www.noticiasradioreflejos.com.ar\/2021\/#\/schema\/person\/ad82545263dcc5ec0996818884fd5fb1","name":"Arnaldo Botto","image":{"@type":"ImageObject","inLanguage":"es","@id":"https:\/\/www.noticiasradioreflejos.com.ar\/2021\/#\/schema\/person\/image\/","url":"https:\/\/secure.gravatar.com\/avatar\/55cb5e37c1efa326397366e6974cb338056df65cb50e7d64d1cf314e87504837?s=96&d=mm&r=g","contentUrl":"https:\/\/secure.gravatar.com\/avatar\/55cb5e37c1efa326397366e6974cb338056df65cb50e7d64d1cf314e87504837?s=96&d=mm&r=g","caption":"Arnaldo Botto"},"url":"https:\/\/www.noticiasradioreflejos.com.ar\/2021\/author\/arnaldo\/"}]}},"_links":{"self":[{"href":"https:\/\/www.noticiasradioreflejos.com.ar\/2021\/wp-json\/wp\/v2\/posts\/70450","targetHints":{"allow":["GET"]}}],"collection":[{"href":"https:\/\/www.noticiasradioreflejos.com.ar\/2021\/wp-json\/wp\/v2\/posts"}],"about":[{"href":"https:\/\/www.noticiasradioreflejos.com.ar\/2021\/wp-json\/wp\/v2\/types\/post"}],"author":[{"embeddable":true,"href":"https:\/\/www.noticiasradioreflejos.com.ar\/2021\/wp-json\/wp\/v2\/users\/3"}],"replies":[{"embeddable":true,"href":"https:\/\/www.noticiasradioreflejos.com.ar\/2021\/wp-json\/wp\/v2\/comments?post=70450"}],"version-history":[{"count":1,"href":"https:\/\/www.noticiasradioreflejos.com.ar\/2021\/wp-json\/wp\/v2\/posts\/70450\/revisions"}],"predecessor-version":[{"id":70453,"href":"https:\/\/www.noticiasradioreflejos.com.ar\/2021\/wp-json\/wp\/v2\/posts\/70450\/revisions\/70453"}],"wp:attachment":[{"href":"https:\/\/www.noticiasradioreflejos.com.ar\/2021\/wp-json\/wp\/v2\/media?parent=70450"}],"wp:term":[{"taxonomy":"category","embeddable":true,"href":"https:\/\/www.noticiasradioreflejos.com.ar\/2021\/wp-json\/wp\/v2\/categories?post=70450"},{"taxonomy":"post_tag","embeddable":true,"href":"https:\/\/www.noticiasradioreflejos.com.ar\/2021\/wp-json\/wp\/v2\/tags?post=70450"}],"curies":[{"name":"wp","href":"https:\/\/api.w.org\/{rel}","templated":true}]}}