{"id":70435,"date":"2022-04-09T14:06:37","date_gmt":"2022-04-09T14:06:37","guid":{"rendered":"http:\/\/www.noticiasradioreflejos.com.ar\/2021\/?p=70435"},"modified":"2022-04-09T14:06:37","modified_gmt":"2022-04-09T14:06:37","slug":"funcionarios-provinciales-recorrieron-las-intervenciones-del-arbolado-urbano-de-tornquist","status":"publish","type":"post","link":"https:\/\/www.noticiasradioreflejos.com.ar\/2021\/funcionarios-provinciales-recorrieron-las-intervenciones-del-arbolado-urbano-de-tornquist\/","title":{"rendered":"Funcionarios provinciales recorrieron las intervenciones del arbolado urbano de Tornquist"},"content":{"rendered":"<p>Este jueves estuvieron en Tornquist el Director Provincial de Forestaci\u00f3n, Emiliano Cucciufo, y la Directora Provincial de Personal en\u00a0Ministerio\u00a0de Desarrollo\u00a0Agrario, Ver\u00f3nica C\u00faneo, en el marco del acompa\u00f1amiento a los trabajos que el municipio viene realizando en el arbolado urbano<!--more--><\/p>\n<p><a title=\"Visita Cucciufo (2)\" href=\"https:\/\/www.flickr.com\/photos\/182279889@N02\/51991368712\/in\/dateposted-public\/\" data-flickr-embed=\"true\"><img loading=\"lazy\" decoding=\"async\" src=\"https:\/\/live.staticflickr.com\/65535\/51991368712_7cb9ab4fdc_c.jpg\" alt=\"Visita Cucciufo (2)\" width=\"800\" height=\"450\" \/><\/a><script async src=\"\/\/embedr.flickr.com\/assets\/client-code.js\" charset=\"utf-8\"><\/script><\/p>\n<p>Los funcionarios fueron recibidos por el intendente Sergio Bordoni, con quien recorrieron la obra de intervenci\u00f3n de la primera cuadra de la Av. Ameghino, donde se extrajeron las ra\u00edces que da\u00f1an el pavimento para colocar una membrana geotextil y, luego, reasfaltar.<\/p>\n<p>Adem\u00e1s, visitaron la Huerta Municipal, desde donde, por iniciativa de Bordoni, se comenzar\u00e1 con la producci\u00f3n de diferentes especies forestales apuntada a contar con disponibilidad de ejemplares para reponer en veredas y espacios p\u00fablicos.<\/p>\n<p>En la actividad tambi\u00e9n estuvieron presentes los secretarios de Producci\u00f3n, Comercio e Industria, Victor Ant\u00f3n, y de Gobierno y Seguridad, Ezequiel Gabella; la Directora de Medio Ambiente, Lic. Melisa Herrada; la titular del \u00e1rea de Arbolado Urbano, Ing. Lucila Heit; el concejal Ing. Claudio Iribarren; y el Ing. Walter Taylor, del \u00e1rea municipal de Producci\u00f3n.<\/p>\n","protected":false},"excerpt":{"rendered":"<p>Este jueves estuvieron en Tornquist el Director Provincial de Forestaci\u00f3n, Emiliano Cucciufo, y la Directora Provincial de Personal en\u00a0Ministerio\u00a0de Desarrollo\u00a0Agrario, Ver\u00f3nica C\u00faneo, en el marco del acompa\u00f1amiento a los trabajos que el municipio viene realizando en el arbolado urbano<\/p>\n","protected":false},"author":3,"featured_media":0,"comment_status":"closed","ping_status":"closed","sticky":false,"template":"","format":"standard","meta":{"footnotes":""},"categories":[28],"tags":[],"class_list":["post-70435","post","type-post","status-publish","format-standard","hentry","category-municipales"],"yoast_head":"<!-- This site is optimized with the Yoast SEO plugin v25.9 - https:\/\/yoast.com\/wordpress\/plugins\/seo\/ -->\n<title>Funcionarios provinciales recorrieron las intervenciones del arbolado urbano de Tornquist - Noticias Radio Reflejos<\/title>\n<meta name=\"robots\" content=\"index, follow, max-snippet:-1, max-image-preview:large, max-video-preview:-1\" \/>\n<link rel=\"canonical\" href=\"https:\/\/www.noticiasradioreflejos.com.ar\/2021\/funcionarios-provinciales-recorrieron-las-intervenciones-del-arbolado-urbano-de-tornquist\/\" \/>\n<meta property=\"og:locale\" content=\"es_ES\" \/>\n<meta property=\"og:type\" content=\"article\" \/>\n<meta property=\"og:title\" content=\"Funcionarios provinciales recorrieron las intervenciones del arbolado urbano de Tornquist - Noticias Radio Reflejos\" \/>\n<meta property=\"og:description\" content=\"Este jueves estuvieron en Tornquist el Director Provincial de Forestaci\u00f3n, Emiliano Cucciufo, y la Directora Provincial de Personal en\u00a0Ministerio\u00a0de Desarrollo\u00a0Agrario, Ver\u00f3nica C\u00faneo, en el marco del acompa\u00f1amiento a los trabajos que el municipio viene realizando en el arbolado urbano\" \/>\n<meta property=\"og:url\" content=\"https:\/\/www.noticiasradioreflejos.com.ar\/2021\/funcionarios-provinciales-recorrieron-las-intervenciones-del-arbolado-urbano-de-tornquist\/\" \/>\n<meta property=\"og:site_name\" content=\"Noticias Radio Reflejos\" \/>\n<meta property=\"article:published_time\" content=\"2022-04-09T14:06:37+00:00\" \/>\n<meta property=\"og:image\" content=\"https:\/\/live.staticflickr.com\/65535\/51991368712_7cb9ab4fdc_c.jpg\" \/>\n<meta name=\"author\" content=\"Arnaldo Botto\" \/>\n<meta name=\"twitter:card\" content=\"summary_large_image\" \/>\n<script type=\"application\/ld+json\" class=\"yoast-schema-graph\">{\"@context\":\"https:\/\/schema.org\",\"@graph\":[{\"@type\":\"WebPage\",\"@id\":\"https:\/\/www.noticiasradioreflejos.com.ar\/2021\/funcionarios-provinciales-recorrieron-las-intervenciones-del-arbolado-urbano-de-tornquist\/\",\"url\":\"https:\/\/www.noticiasradioreflejos.com.ar\/2021\/funcionarios-provinciales-recorrieron-las-intervenciones-del-arbolado-urbano-de-tornquist\/\",\"name\":\"Funcionarios provinciales recorrieron las intervenciones del arbolado urbano de Tornquist - Noticias Radio Reflejos\",\"isPartOf\":{\"@id\":\"https:\/\/www.noticiasradioreflejos.com.ar\/2021\/#website\"},\"primaryImageOfPage\":{\"@id\":\"https:\/\/www.noticiasradioreflejos.com.ar\/2021\/funcionarios-provinciales-recorrieron-las-intervenciones-del-arbolado-urbano-de-tornquist\/#primaryimage\"},\"image\":{\"@id\":\"https:\/\/www.noticiasradioreflejos.com.ar\/2021\/funcionarios-provinciales-recorrieron-las-intervenciones-del-arbolado-urbano-de-tornquist\/#primaryimage\"},\"thumbnailUrl\":\"https:\/\/live.staticflickr.com\/65535\/51991368712_7cb9ab4fdc_c.jpg\",\"datePublished\":\"2022-04-09T14:06:37+00:00\",\"author\":{\"@id\":\"https:\/\/www.noticiasradioreflejos.com.ar\/2021\/#\/schema\/person\/ad82545263dcc5ec0996818884fd5fb1\"},\"breadcrumb\":{\"@id\":\"https:\/\/www.noticiasradioreflejos.com.ar\/2021\/funcionarios-provinciales-recorrieron-las-intervenciones-del-arbolado-urbano-de-tornquist\/#breadcrumb\"},\"inLanguage\":\"es\",\"potentialAction\":[{\"@type\":\"ReadAction\",\"target\":[\"https:\/\/www.noticiasradioreflejos.com.ar\/2021\/funcionarios-provinciales-recorrieron-las-intervenciones-del-arbolado-urbano-de-tornquist\/\"]}]},{\"@type\":\"ImageObject\",\"inLanguage\":\"es\",\"@id\":\"https:\/\/www.noticiasradioreflejos.com.ar\/2021\/funcionarios-provinciales-recorrieron-las-intervenciones-del-arbolado-urbano-de-tornquist\/#primaryimage\",\"url\":\"https:\/\/live.staticflickr.com\/65535\/51991368712_7cb9ab4fdc_c.jpg\",\"contentUrl\":\"https:\/\/live.staticflickr.com\/65535\/51991368712_7cb9ab4fdc_c.jpg\"},{\"@type\":\"BreadcrumbList\",\"@id\":\"https:\/\/www.noticiasradioreflejos.com.ar\/2021\/funcionarios-provinciales-recorrieron-las-intervenciones-del-arbolado-urbano-de-tornquist\/#breadcrumb\",\"itemListElement\":[{\"@type\":\"ListItem\",\"position\":1,\"name\":\"Portada\",\"item\":\"https:\/\/www.noticiasradioreflejos.com.ar\/2021\/\"},{\"@type\":\"ListItem\",\"position\":2,\"name\":\"Funcionarios provinciales recorrieron las intervenciones del arbolado urbano de Tornquist\"}]},{\"@type\":\"WebSite\",\"@id\":\"https:\/\/www.noticiasradioreflejos.com.ar\/2021\/#website\",\"url\":\"https:\/\/www.noticiasradioreflejos.com.ar\/2021\/\",\"name\":\"Noticias Radio Reflejos\",\"description\":\"Las noticias de mi comarca\",\"potentialAction\":[{\"@type\":\"SearchAction\",\"target\":{\"@type\":\"EntryPoint\",\"urlTemplate\":\"https:\/\/www.noticiasradioreflejos.com.ar\/2021\/?s={search_term_string}\"},\"query-input\":{\"@type\":\"PropertyValueSpecification\",\"valueRequired\":true,\"valueName\":\"search_term_string\"}}],\"inLanguage\":\"es\"},{\"@type\":\"Person\",\"@id\":\"https:\/\/www.noticiasradioreflejos.com.ar\/2021\/#\/schema\/person\/ad82545263dcc5ec0996818884fd5fb1\",\"name\":\"Arnaldo Botto\",\"image\":{\"@type\":\"ImageObject\",\"inLanguage\":\"es\",\"@id\":\"https:\/\/www.noticiasradioreflejos.com.ar\/2021\/#\/schema\/person\/image\/\",\"url\":\"https:\/\/secure.gravatar.com\/avatar\/55cb5e37c1efa326397366e6974cb338056df65cb50e7d64d1cf314e87504837?s=96&d=mm&r=g\",\"contentUrl\":\"https:\/\/secure.gravatar.com\/avatar\/55cb5e37c1efa326397366e6974cb338056df65cb50e7d64d1cf314e87504837?s=96&d=mm&r=g\",\"caption\":\"Arnaldo Botto\"},\"url\":\"https:\/\/www.noticiasradioreflejos.com.ar\/2021\/author\/arnaldo\/\"}]}<\/script>\n<!-- \/ Yoast SEO plugin. -->","yoast_head_json":{"title":"Funcionarios provinciales recorrieron las intervenciones del arbolado urbano de Tornquist - Noticias Radio Reflejos","robots":{"index":"index","follow":"follow","max-snippet":"max-snippet:-1","max-image-preview":"max-image-preview:large","max-video-preview":"max-video-preview:-1"},"canonical":"https:\/\/www.noticiasradioreflejos.com.ar\/2021\/funcionarios-provinciales-recorrieron-las-intervenciones-del-arbolado-urbano-de-tornquist\/","og_locale":"es_ES","og_type":"article","og_title":"Funcionarios provinciales recorrieron las intervenciones del arbolado urbano de Tornquist - Noticias Radio Reflejos","og_description":"Este jueves estuvieron en Tornquist el Director Provincial de Forestaci\u00f3n, Emiliano Cucciufo, y la Directora Provincial de Personal en\u00a0Ministerio\u00a0de Desarrollo\u00a0Agrario, Ver\u00f3nica C\u00faneo, en el marco del acompa\u00f1amiento a los trabajos que el municipio viene realizando en el arbolado urbano","og_url":"https:\/\/www.noticiasradioreflejos.com.ar\/2021\/funcionarios-provinciales-recorrieron-las-intervenciones-del-arbolado-urbano-de-tornquist\/","og_site_name":"Noticias Radio Reflejos","article_published_time":"2022-04-09T14:06:37+00:00","og_image":[{"url":"https:\/\/live.staticflickr.com\/65535\/51991368712_7cb9ab4fdc_c.jpg","type":"","width":"","height":""}],"author":"Arnaldo Botto","twitter_card":"summary_large_image","schema":{"@context":"https:\/\/schema.org","@graph":[{"@type":"WebPage","@id":"https:\/\/www.noticiasradioreflejos.com.ar\/2021\/funcionarios-provinciales-recorrieron-las-intervenciones-del-arbolado-urbano-de-tornquist\/","url":"https:\/\/www.noticiasradioreflejos.com.ar\/2021\/funcionarios-provinciales-recorrieron-las-intervenciones-del-arbolado-urbano-de-tornquist\/","name":"Funcionarios provinciales recorrieron las intervenciones del arbolado urbano de Tornquist - Noticias Radio Reflejos","isPartOf":{"@id":"https:\/\/www.noticiasradioreflejos.com.ar\/2021\/#website"},"primaryImageOfPage":{"@id":"https:\/\/www.noticiasradioreflejos.com.ar\/2021\/funcionarios-provinciales-recorrieron-las-intervenciones-del-arbolado-urbano-de-tornquist\/#primaryimage"},"image":{"@id":"https:\/\/www.noticiasradioreflejos.com.ar\/2021\/funcionarios-provinciales-recorrieron-las-intervenciones-del-arbolado-urbano-de-tornquist\/#primaryimage"},"thumbnailUrl":"https:\/\/live.staticflickr.com\/65535\/51991368712_7cb9ab4fdc_c.jpg","datePublished":"2022-04-09T14:06:37+00:00","author":{"@id":"https:\/\/www.noticiasradioreflejos.com.ar\/2021\/#\/schema\/person\/ad82545263dcc5ec0996818884fd5fb1"},"breadcrumb":{"@id":"https:\/\/www.noticiasradioreflejos.com.ar\/2021\/funcionarios-provinciales-recorrieron-las-intervenciones-del-arbolado-urbano-de-tornquist\/#breadcrumb"},"inLanguage":"es","potentialAction":[{"@type":"ReadAction","target":["https:\/\/www.noticiasradioreflejos.com.ar\/2021\/funcionarios-provinciales-recorrieron-las-intervenciones-del-arbolado-urbano-de-tornquist\/"]}]},{"@type":"ImageObject","inLanguage":"es","@id":"https:\/\/www.noticiasradioreflejos.com.ar\/2021\/funcionarios-provinciales-recorrieron-las-intervenciones-del-arbolado-urbano-de-tornquist\/#primaryimage","url":"https:\/\/live.staticflickr.com\/65535\/51991368712_7cb9ab4fdc_c.jpg","contentUrl":"https:\/\/live.staticflickr.com\/65535\/51991368712_7cb9ab4fdc_c.jpg"},{"@type":"BreadcrumbList","@id":"https:\/\/www.noticiasradioreflejos.com.ar\/2021\/funcionarios-provinciales-recorrieron-las-intervenciones-del-arbolado-urbano-de-tornquist\/#breadcrumb","itemListElement":[{"@type":"ListItem","position":1,"name":"Portada","item":"https:\/\/www.noticiasradioreflejos.com.ar\/2021\/"},{"@type":"ListItem","position":2,"name":"Funcionarios provinciales recorrieron las intervenciones del arbolado urbano de Tornquist"}]},{"@type":"WebSite","@id":"https:\/\/www.noticiasradioreflejos.com.ar\/2021\/#website","url":"https:\/\/www.noticiasradioreflejos.com.ar\/2021\/","name":"Noticias Radio Reflejos","description":"Las noticias de mi comarca","potentialAction":[{"@type":"SearchAction","target":{"@type":"EntryPoint","urlTemplate":"https:\/\/www.noticiasradioreflejos.com.ar\/2021\/?s={search_term_string}"},"query-input":{"@type":"PropertyValueSpecification","valueRequired":true,"valueName":"search_term_string"}}],"inLanguage":"es"},{"@type":"Person","@id":"https:\/\/www.noticiasradioreflejos.com.ar\/2021\/#\/schema\/person\/ad82545263dcc5ec0996818884fd5fb1","name":"Arnaldo Botto","image":{"@type":"ImageObject","inLanguage":"es","@id":"https:\/\/www.noticiasradioreflejos.com.ar\/2021\/#\/schema\/person\/image\/","url":"https:\/\/secure.gravatar.com\/avatar\/55cb5e37c1efa326397366e6974cb338056df65cb50e7d64d1cf314e87504837?s=96&d=mm&r=g","contentUrl":"https:\/\/secure.gravatar.com\/avatar\/55cb5e37c1efa326397366e6974cb338056df65cb50e7d64d1cf314e87504837?s=96&d=mm&r=g","caption":"Arnaldo Botto"},"url":"https:\/\/www.noticiasradioreflejos.com.ar\/2021\/author\/arnaldo\/"}]}},"_links":{"self":[{"href":"https:\/\/www.noticiasradioreflejos.com.ar\/2021\/wp-json\/wp\/v2\/posts\/70435","targetHints":{"allow":["GET"]}}],"collection":[{"href":"https:\/\/www.noticiasradioreflejos.com.ar\/2021\/wp-json\/wp\/v2\/posts"}],"about":[{"href":"https:\/\/www.noticiasradioreflejos.com.ar\/2021\/wp-json\/wp\/v2\/types\/post"}],"author":[{"embeddable":true,"href":"https:\/\/www.noticiasradioreflejos.com.ar\/2021\/wp-json\/wp\/v2\/users\/3"}],"replies":[{"embeddable":true,"href":"https:\/\/www.noticiasradioreflejos.com.ar\/2021\/wp-json\/wp\/v2\/comments?post=70435"}],"version-history":[{"count":1,"href":"https:\/\/www.noticiasradioreflejos.com.ar\/2021\/wp-json\/wp\/v2\/posts\/70435\/revisions"}],"predecessor-version":[{"id":70437,"href":"https:\/\/www.noticiasradioreflejos.com.ar\/2021\/wp-json\/wp\/v2\/posts\/70435\/revisions\/70437"}],"wp:attachment":[{"href":"https:\/\/www.noticiasradioreflejos.com.ar\/2021\/wp-json\/wp\/v2\/media?parent=70435"}],"wp:term":[{"taxonomy":"category","embeddable":true,"href":"https:\/\/www.noticiasradioreflejos.com.ar\/2021\/wp-json\/wp\/v2\/categories?post=70435"},{"taxonomy":"post_tag","embeddable":true,"href":"https:\/\/www.noticiasradioreflejos.com.ar\/2021\/wp-json\/wp\/v2\/tags?post=70435"}],"curies":[{"name":"wp","href":"https:\/\/api.w.org\/{rel}","templated":true}]}}