{"id":70380,"date":"2022-04-07T22:22:37","date_gmt":"2022-04-07T22:22:37","guid":{"rendered":"http:\/\/www.noticiasradioreflejos.com.ar\/2021\/?p=70380"},"modified":"2022-04-07T22:22:37","modified_gmt":"2022-04-07T22:22:37","slug":"como-sera-el-sistema-de-descuento-de-puntos-por-las-infracciones-de-transito","status":"publish","type":"post","link":"https:\/\/www.noticiasradioreflejos.com.ar\/2021\/como-sera-el-sistema-de-descuento-de-puntos-por-las-infracciones-de-transito\/","title":{"rendered":"C\u00f3mo ser\u00e1 el sistema de descuento de puntos por las infracciones de tr\u00e1nsito"},"content":{"rendered":"<p>La implementaci\u00f3n se realizar\u00e1 a trav\u00e9s de un decreto presidencial. \u00abSe trata de algo que era un hecho obligado por ley y sobre lo que han pasado 11 a\u00f1os y nunca se hab\u00eda avanzado\u00bb, se\u00f1al\u00f3 a T\u00e9lam el titular de la Agencia Nacional de Seguridad Vial, Pablo Mart\u00ednez Carignano.<!--more--><\/p>\n<p>El ministro de Transporte,\u00a0<strong>Alexis Guerrera<\/strong>, impuls\u00f3 este jueves ante autoridades y expertos en seguridad vial la aplicaci\u00f3n de un\u00a0<strong>sistema de scoring a nivel nacional<\/strong>\u00a0que consiste en el descuento de puntos para castigar en las licencias de conducir a los infractores de las normas de tr\u00e1nsito y cuya implementaci\u00f3n implicar\u00e1 un avance clave para lograr la unificaci\u00f3n de las pol\u00edticas viales en todo el pa\u00eds.<\/p>\n<p>De modo virtual, Guerrera particip\u00f3 en el Consejo Federal de Seguridad Vial que se realiz\u00f3 en la localidad sanluise\u00f1a de Potrero de los Funes, en el cual se\u00a0<strong>repasaron las bases consensuadas del scoring a nivel nacional. Su formulaci\u00f3n pasar\u00e1 a la \u00f3rbita del Estado nacional, que analizar\u00e1 su sanci\u00f3n por decreto, paso previo a que cada jurisdicci\u00f3n lo incorpore a su normativa local para su aplicaci\u00f3n.<\/strong><\/p>\n<p>Este trabajo es el resultado del consenso entre la Agencia Nacional de Seguridad Vial (ANSV) y las provincias, que significa un avance importante para lograr una misma pol\u00edtica p\u00fablica vial en todo el pa\u00eds.<\/p>\n<p>Cuando sea reglamentado,\u00a0<strong>las jurisdicciones deber\u00e1n incorporarla a su normativa local<\/strong>. Las penas de descuento van desde 1 a los 20 puntos y las m\u00e1s graves son por correr carreras no autorizadas en la v\u00eda p\u00fablica y por conducir inhabilitado.<\/p>\n<p>En la apertura del encuentro, Guerrera afirm\u00f3 que para el Gobierno nacional \u201ces muy importante este Consejo Federal y el trabajo que se hace, porque nos da la posibilidad de articular y coordinar para llegar a tener un \u00fanico sistema de puntaje y recuperaci\u00f3n de puntos que sea federal. As\u00ed lo que ocurre en una provincia, en t\u00e9rminos de seguridad vial, no est\u00e1 desvinculado de lo que ocurre en otra. Es muy importante formar parte de este encuentro, pero tambi\u00e9n formar parte de estos \u00faltimos pasos que dar\u00e1n inicio al sistema de scoring en la Argentina\u00bb.<\/p>\n<p>\u00abTenemos datos que son auspiciosos en la \u00faltima temporada de verano con una baja de la siniestralidad, y esto tiene que ver con el trabajo de prevenci\u00f3n, de docencia, de educaci\u00f3n que se viene haciendo y que tambi\u00e9n se plantea como una fuerte impronta para lo que resta de este a\u00f1o 2022\u201d, destac\u00f3 Guerrera.<\/p>\n<div class=\"jumbotron pt-4 mt-3\">\n<h3 class=\"module-title\">AS\u00cd FUNCIONAR\u00c1 EL SISTEMA<\/h3>\n<p>El tambi\u00e9n llamado scoring nacional -pendiente de aplicaci\u00f3n desde 2011- contar\u00e1 con 20 puntos para cada conductor o conductora que cuente con la licencia nacional de conducir.<\/p>\n<p><strong>Cuando se pierdan por primera vez los 20 puntos asignados por infracciones acumuladas el conductor quedar\u00e1 inhabilitado para conducir por 60 d\u00edas<\/strong>. Cuando ocurra\u00a0<strong>por segunda vez, el plazo aumentar\u00e1 a 120 d\u00edas, y por tercera, 180 d\u00edas<\/strong>. A partir de ese n\u00famero, el sistema prev\u00e9 la duplicaci\u00f3n sucesiva del tiempo, inform\u00f3 el Ministerio de Transporte a trav\u00e9s de un comunicado.<\/p>\n<p>En tanto, para el\u00a0<strong>recupero de puntos,<\/strong>\u00a0los\u00a0<strong>automovilistas deber\u00e1n efectuar cursos de seguridad vial mientras que los choferes profesionales pueden recurrir a esta opci\u00f3n con una periodicidad anual<\/strong>. Una vez cumplidos los per\u00edodos de inhabilitaci\u00f3n, el conductor recibir\u00e1 nuevamente el saldo de puntos.<\/p>\n<p>Entre los\u00a0<strong>consensos alcanzados<\/strong>, se destacan los siguientes:<\/p>\n<p>\u27a4 Circular con licencia de conducir vencida: 5 puntos<\/p>\n<p>\u27a4 Circular sin la revisi\u00f3n t\u00e9cnica obligatoria (RTO): 4<\/p>\n<p>\u27a4 Circular en moto sin casco: 5<\/p>\n<p>\u27a4 Circular sin haberse colocado el cintur\u00f3n de seguridad: 4<\/p>\n<p>\u27a4 No respetar sem\u00e1foros: 5<\/p>\n<p>\u27a4 Conducir bajo los efectos de alcohol y\/o estupefacientes: 10<\/p>\n<p>\u27a4 No respetar l\u00edmites de velocidad: de 5 a 10<\/p>\n<p>\u27a4\u00a0Conducir estando inhabilitado o con la habilitaci\u00f3n suspendida: 20<\/p>\n<p>\u27a4\u00a0Participar y\/u organizar picadas: 20<\/p>\n<p>\u00abBuscamos fundamentalmente romper con una vieja tradici\u00f3n en nuestro pa\u00eds donde las infracciones de tr\u00e1nsito se resuelven con dinero. El scoring era una deuda pendiente y viene a terminar con esa l\u00f3gica, por la cual asigna a cada a conductor 20 puntos en su licencia de conducir, que podr\u00e1 perder en el caso de cometer distintas infracciones. Lo que buscamos transmitir desde la ANSV es que manejar es una responsabilidad y que si un conductor hace las cosas mal puede perder su licencia\u00bb, se\u00f1al\u00f3 Mart\u00ednez Carignano.<\/p>\n<\/div>\n<p>El director ejecutivo de la Agencia Nacional de Seguridad Vial (ANSV),\u00a0Pablo Mart\u00ednez Carignano, adelant\u00f3 tambi\u00e9n el lanzamiento del Plan Federal de Educaci\u00f3n Vial, el 21 de abril pr\u00f3ximo en la provincia de San Juan, y la apertura de la primer base operativa de ese organismo en San Luis, hecho que calific\u00f3 como \u00abun hito porque nunca antes tuvimos tan estrecha colaboraci\u00f3n con la provincia\u00bb.<\/p>\n<p>Sobre la futura aplicaci\u00f3n a nivel nacional del descuento de puntos en la licencia de conducir -el llamado scoring unificado-, Mart\u00ednez Carignano se\u00f1al\u00f3: \u00abCreemos, y todas las provincias tambi\u00e9n lo creen, que\u00a0<strong>manejar, antes que un derecho, es una responsabilidad y que si alguien lo hace poniendo en peligro a los dem\u00e1s, violando las normas, no conviviendo de manera pac\u00edfica en el espacio p\u00fablico, no puede solucionarlo con plata, tiene que haber un Estado que diga &#8216;usted por el momento no va a seguir manejando<\/strong>\u00b4\u00bb.<\/p>\n<figure class=\"mb-3\"><img decoding=\"async\" src=\"https:\/\/www.telam.com.ar\/thumbs\/bluesteel\/advf\/imagenes\/2022\/04\/624f4fb821a7f_900.jpg\" alt=\"Telam SE\" width=\"100%\" height=\"100%\" \/><\/p>\n<div class=\"media-icons\"><\/div><figcaption><\/figcaption><\/figure>\n<p>En relaci\u00f3n a la futura\u00a0<strong>implementaci\u00f3n del scoring nacional a trav\u00e9s de un decreto presidencial<\/strong>, el funcionario resalt\u00f3 que \u00abse trata de algo que era un hecho obligado por ley y sobre lo que han pasado 11 a\u00f1os y nunca se hab\u00eda avanzado\u00bb.<\/p>\n<p>Durante las deliberaciones en\u00a0<strong>San Luis<\/strong>, adem\u00e1s, se abord\u00f3 una propuesta de modificaci\u00f3n de la normativa nacional respecto de las infracciones de tr\u00e1nsito cometidas por conductores extranjeros en el pa\u00eds; la presentaci\u00f3n de l\u00edneas de acci\u00f3n 2022 del Plan Federal de Educaci\u00f3n Vial; y la normativa vigente de tr\u00e1ileres, aspectos t\u00e9cnicos y actualizaci\u00f3n.<\/p>\n<p>Sobre el lanzamiento del\u00a0<strong>Plan Federal de Educaci\u00f3n\u00a0<\/strong>que se realizar\u00e1 en La Rioja adelant\u00f3 que, \u00abluego de capacitar durante todo 2020 y 2021 a miles de docentes, va a haber cuadernillos para todas las escuelas, material audiovisual, canciones para los m\u00e1s chicos de un m\u00fasico argentino que se llama Luis Pezzeti y sobre todo va a haber seguridad vial en las aulas, que creemos que es el lugar donde tiene que impartirse, saliendo de un esquema tradicional de una charla dada por una ONG en alg\u00fan momento y sin continuidad\u00bb.<\/p>\n<h2 class=\"\">Base operativa<\/h2>\n<p>Carigagno agreg\u00f3 que se inaugur\u00f3 en San Luis, en la localidad de Justo Daract, la\u00a0<strong>primera base operativa de la Agencia de Seguridad Vial Nacional<\/strong>\u00a0porque \u00abest\u00e1 claro que nuestra decisi\u00f3n es que la seguridad vial sea federal y llegue a todas las provincias\u00bb<\/p>\n<p>\u00abUna base operativa nueva implica presencia de trabajadores, agentes de control que son sanluise\u00f1os, m\u00f3viles, radares, alcohol\u00edmetros, para poder trabajar junto con la Polic\u00eda de la Provincia y llevar m\u00e1s seguridad vial a las rutas\u00bb.<\/p>\n<p>\u00abEn esta primera etapa -aclar\u00f3- son doce puestos de trabajo para 6 mujeres y 6 varones, que fueron elegidos por la Provincia, son gente de la\u00a0<strong>zona de Villa Mercedes y Justo Daract<\/strong>, que son parte del plantel nacional y van a trabajar juntos con la Polic\u00eda de la Provincia y el ente de control de rutas de San Luis en los controles que son tan necesarios para que a\u00f1o a a\u00f1o sigan bajando la siniestralidad vial\u00bb.<\/p>\n<p>La primera base operativa de control y fiscalizaci\u00f3n de la ANSV en la provincia tendr\u00e1\u00a0<strong>zona de cobertura en distintos puntos de las rutas nacionales 7 y 55 y las y los agentes del organismo realizar\u00e1n principalmente tareas de ordenamiento vehicular y balizamientos, patrullajes preventivos, controles de documentaci\u00f3n, alcoholemia y velocidad, concientizaci\u00f3n vial y asistencia en siniestros o eventualidades sobre rutas<\/strong>.<\/p>\n<p>La base en San Luis es la cuarta que inaugura la ANSV en el a\u00f1o -anteriormente en Tunuy\u00e1n y Santa Rosa (<strong>Mendoza<\/strong>) y sobre la autopista Ricchieri (<strong>Buenos Aires<\/strong>) y desde el comienzo de la gesti\u00f3n en diciembre de 2019, se duplic\u00f3 la cantidad de dependencias del organismo desde su creaci\u00f3n en 2008. Pr\u00f3ximamente, ser\u00e1n inauguradas nuevas bases operativas en San Pedro (Buenos Aires), Villa La Angostura (Neuqu\u00e9n) y Laboulaye y R\u00edo Cuarto (C\u00f3rdoba).<\/p>\n<p>Finalmente el funcionario destac\u00f3 que en 2021 \u00aben San Luis murieron 68 personas, frente a 117 en 2019, hubo un descenso fuerte\u00bb y aclar\u00f3 que de \u00abcada 10 fallecidos, 8 son varones, 2 son mujeres y que el usuario vulnerable en primer lugar son los motociclistas con un 45 por ciento de los fallecidos\u00bb.<\/p>\n","protected":false},"excerpt":{"rendered":"<p>La implementaci\u00f3n se realizar\u00e1 a trav\u00e9s de un decreto presidencial. \u00abSe trata de algo que era un hecho obligado por ley y sobre lo que han pasado 11 a\u00f1os y nunca se hab\u00eda avanzado\u00bb, se\u00f1al\u00f3 a T\u00e9lam el titular de la Agencia Nacional de Seguridad Vial, Pablo Mart\u00ednez Carignano.<\/p>\n","protected":false},"author":3,"featured_media":0,"comment_status":"closed","ping_status":"closed","sticky":false,"template":"","format":"standard","meta":{"footnotes":""},"categories":[57,28,26],"tags":[],"class_list":["post-70380","post","type-post","status-publish","format-standard","hentry","category-judiciales","category-municipales","category-sociedad"],"yoast_head":"<!-- This site is optimized with the Yoast SEO plugin v25.9 - https:\/\/yoast.com\/wordpress\/plugins\/seo\/ -->\n<title>C\u00f3mo ser\u00e1 el sistema de descuento de puntos por las infracciones de tr\u00e1nsito - Noticias Radio Reflejos<\/title>\n<meta name=\"robots\" content=\"index, follow, max-snippet:-1, max-image-preview:large, max-video-preview:-1\" \/>\n<link rel=\"canonical\" href=\"https:\/\/www.noticiasradioreflejos.com.ar\/2021\/como-sera-el-sistema-de-descuento-de-puntos-por-las-infracciones-de-transito\/\" \/>\n<meta property=\"og:locale\" content=\"es_ES\" \/>\n<meta property=\"og:type\" content=\"article\" \/>\n<meta property=\"og:title\" content=\"C\u00f3mo ser\u00e1 el sistema de descuento de puntos por las infracciones de tr\u00e1nsito - Noticias Radio Reflejos\" \/>\n<meta property=\"og:description\" content=\"La implementaci\u00f3n se realizar\u00e1 a trav\u00e9s de un decreto presidencial. \u00abSe trata de algo que era un hecho obligado por ley y sobre lo que han pasado 11 a\u00f1os y nunca se hab\u00eda avanzado\u00bb, se\u00f1al\u00f3 a T\u00e9lam el titular de la Agencia Nacional de Seguridad Vial, Pablo Mart\u00ednez Carignano.\" \/>\n<meta property=\"og:url\" content=\"https:\/\/www.noticiasradioreflejos.com.ar\/2021\/como-sera-el-sistema-de-descuento-de-puntos-por-las-infracciones-de-transito\/\" \/>\n<meta property=\"og:site_name\" content=\"Noticias Radio Reflejos\" \/>\n<meta property=\"article:published_time\" content=\"2022-04-07T22:22:37+00:00\" \/>\n<meta property=\"og:image\" content=\"https:\/\/www.telam.com.ar\/thumbs\/bluesteel\/advf\/imagenes\/2022\/04\/624f4fb821a7f_900.jpg\" \/>\n<meta name=\"author\" content=\"Arnaldo Botto\" \/>\n<meta name=\"twitter:card\" content=\"summary_large_image\" \/>\n<script type=\"application\/ld+json\" class=\"yoast-schema-graph\">{\"@context\":\"https:\/\/schema.org\",\"@graph\":[{\"@type\":\"WebPage\",\"@id\":\"https:\/\/www.noticiasradioreflejos.com.ar\/2021\/como-sera-el-sistema-de-descuento-de-puntos-por-las-infracciones-de-transito\/\",\"url\":\"https:\/\/www.noticiasradioreflejos.com.ar\/2021\/como-sera-el-sistema-de-descuento-de-puntos-por-las-infracciones-de-transito\/\",\"name\":\"C\u00f3mo ser\u00e1 el sistema de descuento de puntos por las infracciones de tr\u00e1nsito - Noticias Radio Reflejos\",\"isPartOf\":{\"@id\":\"https:\/\/www.noticiasradioreflejos.com.ar\/2021\/#website\"},\"primaryImageOfPage\":{\"@id\":\"https:\/\/www.noticiasradioreflejos.com.ar\/2021\/como-sera-el-sistema-de-descuento-de-puntos-por-las-infracciones-de-transito\/#primaryimage\"},\"image\":{\"@id\":\"https:\/\/www.noticiasradioreflejos.com.ar\/2021\/como-sera-el-sistema-de-descuento-de-puntos-por-las-infracciones-de-transito\/#primaryimage\"},\"thumbnailUrl\":\"https:\/\/www.telam.com.ar\/thumbs\/bluesteel\/advf\/imagenes\/2022\/04\/624f4fb821a7f_900.jpg\",\"datePublished\":\"2022-04-07T22:22:37+00:00\",\"author\":{\"@id\":\"https:\/\/www.noticiasradioreflejos.com.ar\/2021\/#\/schema\/person\/ad82545263dcc5ec0996818884fd5fb1\"},\"breadcrumb\":{\"@id\":\"https:\/\/www.noticiasradioreflejos.com.ar\/2021\/como-sera-el-sistema-de-descuento-de-puntos-por-las-infracciones-de-transito\/#breadcrumb\"},\"inLanguage\":\"es\",\"potentialAction\":[{\"@type\":\"ReadAction\",\"target\":[\"https:\/\/www.noticiasradioreflejos.com.ar\/2021\/como-sera-el-sistema-de-descuento-de-puntos-por-las-infracciones-de-transito\/\"]}]},{\"@type\":\"ImageObject\",\"inLanguage\":\"es\",\"@id\":\"https:\/\/www.noticiasradioreflejos.com.ar\/2021\/como-sera-el-sistema-de-descuento-de-puntos-por-las-infracciones-de-transito\/#primaryimage\",\"url\":\"https:\/\/www.telam.com.ar\/thumbs\/bluesteel\/advf\/imagenes\/2022\/04\/624f4fb821a7f_900.jpg\",\"contentUrl\":\"https:\/\/www.telam.com.ar\/thumbs\/bluesteel\/advf\/imagenes\/2022\/04\/624f4fb821a7f_900.jpg\"},{\"@type\":\"BreadcrumbList\",\"@id\":\"https:\/\/www.noticiasradioreflejos.com.ar\/2021\/como-sera-el-sistema-de-descuento-de-puntos-por-las-infracciones-de-transito\/#breadcrumb\",\"itemListElement\":[{\"@type\":\"ListItem\",\"position\":1,\"name\":\"Portada\",\"item\":\"https:\/\/www.noticiasradioreflejos.com.ar\/2021\/\"},{\"@type\":\"ListItem\",\"position\":2,\"name\":\"C\u00f3mo ser\u00e1 el sistema de descuento de puntos por las infracciones de tr\u00e1nsito\"}]},{\"@type\":\"WebSite\",\"@id\":\"https:\/\/www.noticiasradioreflejos.com.ar\/2021\/#website\",\"url\":\"https:\/\/www.noticiasradioreflejos.com.ar\/2021\/\",\"name\":\"Noticias Radio Reflejos\",\"description\":\"Las noticias de mi comarca\",\"potentialAction\":[{\"@type\":\"SearchAction\",\"target\":{\"@type\":\"EntryPoint\",\"urlTemplate\":\"https:\/\/www.noticiasradioreflejos.com.ar\/2021\/?s={search_term_string}\"},\"query-input\":{\"@type\":\"PropertyValueSpecification\",\"valueRequired\":true,\"valueName\":\"search_term_string\"}}],\"inLanguage\":\"es\"},{\"@type\":\"Person\",\"@id\":\"https:\/\/www.noticiasradioreflejos.com.ar\/2021\/#\/schema\/person\/ad82545263dcc5ec0996818884fd5fb1\",\"name\":\"Arnaldo Botto\",\"image\":{\"@type\":\"ImageObject\",\"inLanguage\":\"es\",\"@id\":\"https:\/\/www.noticiasradioreflejos.com.ar\/2021\/#\/schema\/person\/image\/\",\"url\":\"https:\/\/secure.gravatar.com\/avatar\/55cb5e37c1efa326397366e6974cb338056df65cb50e7d64d1cf314e87504837?s=96&d=mm&r=g\",\"contentUrl\":\"https:\/\/secure.gravatar.com\/avatar\/55cb5e37c1efa326397366e6974cb338056df65cb50e7d64d1cf314e87504837?s=96&d=mm&r=g\",\"caption\":\"Arnaldo Botto\"},\"url\":\"https:\/\/www.noticiasradioreflejos.com.ar\/2021\/author\/arnaldo\/\"}]}<\/script>\n<!-- \/ Yoast SEO plugin. -->","yoast_head_json":{"title":"C\u00f3mo ser\u00e1 el sistema de descuento de puntos por las infracciones de tr\u00e1nsito - Noticias Radio Reflejos","robots":{"index":"index","follow":"follow","max-snippet":"max-snippet:-1","max-image-preview":"max-image-preview:large","max-video-preview":"max-video-preview:-1"},"canonical":"https:\/\/www.noticiasradioreflejos.com.ar\/2021\/como-sera-el-sistema-de-descuento-de-puntos-por-las-infracciones-de-transito\/","og_locale":"es_ES","og_type":"article","og_title":"C\u00f3mo ser\u00e1 el sistema de descuento de puntos por las infracciones de tr\u00e1nsito - Noticias Radio Reflejos","og_description":"La implementaci\u00f3n se realizar\u00e1 a trav\u00e9s de un decreto presidencial. \u00abSe trata de algo que era un hecho obligado por ley y sobre lo que han pasado 11 a\u00f1os y nunca se hab\u00eda avanzado\u00bb, se\u00f1al\u00f3 a T\u00e9lam el titular de la Agencia Nacional de Seguridad Vial, Pablo Mart\u00ednez Carignano.","og_url":"https:\/\/www.noticiasradioreflejos.com.ar\/2021\/como-sera-el-sistema-de-descuento-de-puntos-por-las-infracciones-de-transito\/","og_site_name":"Noticias Radio Reflejos","article_published_time":"2022-04-07T22:22:37+00:00","og_image":[{"url":"https:\/\/www.telam.com.ar\/thumbs\/bluesteel\/advf\/imagenes\/2022\/04\/624f4fb821a7f_900.jpg","type":"","width":"","height":""}],"author":"Arnaldo Botto","twitter_card":"summary_large_image","schema":{"@context":"https:\/\/schema.org","@graph":[{"@type":"WebPage","@id":"https:\/\/www.noticiasradioreflejos.com.ar\/2021\/como-sera-el-sistema-de-descuento-de-puntos-por-las-infracciones-de-transito\/","url":"https:\/\/www.noticiasradioreflejos.com.ar\/2021\/como-sera-el-sistema-de-descuento-de-puntos-por-las-infracciones-de-transito\/","name":"C\u00f3mo ser\u00e1 el sistema de descuento de puntos por las infracciones de tr\u00e1nsito - Noticias Radio Reflejos","isPartOf":{"@id":"https:\/\/www.noticiasradioreflejos.com.ar\/2021\/#website"},"primaryImageOfPage":{"@id":"https:\/\/www.noticiasradioreflejos.com.ar\/2021\/como-sera-el-sistema-de-descuento-de-puntos-por-las-infracciones-de-transito\/#primaryimage"},"image":{"@id":"https:\/\/www.noticiasradioreflejos.com.ar\/2021\/como-sera-el-sistema-de-descuento-de-puntos-por-las-infracciones-de-transito\/#primaryimage"},"thumbnailUrl":"https:\/\/www.telam.com.ar\/thumbs\/bluesteel\/advf\/imagenes\/2022\/04\/624f4fb821a7f_900.jpg","datePublished":"2022-04-07T22:22:37+00:00","author":{"@id":"https:\/\/www.noticiasradioreflejos.com.ar\/2021\/#\/schema\/person\/ad82545263dcc5ec0996818884fd5fb1"},"breadcrumb":{"@id":"https:\/\/www.noticiasradioreflejos.com.ar\/2021\/como-sera-el-sistema-de-descuento-de-puntos-por-las-infracciones-de-transito\/#breadcrumb"},"inLanguage":"es","potentialAction":[{"@type":"ReadAction","target":["https:\/\/www.noticiasradioreflejos.com.ar\/2021\/como-sera-el-sistema-de-descuento-de-puntos-por-las-infracciones-de-transito\/"]}]},{"@type":"ImageObject","inLanguage":"es","@id":"https:\/\/www.noticiasradioreflejos.com.ar\/2021\/como-sera-el-sistema-de-descuento-de-puntos-por-las-infracciones-de-transito\/#primaryimage","url":"https:\/\/www.telam.com.ar\/thumbs\/bluesteel\/advf\/imagenes\/2022\/04\/624f4fb821a7f_900.jpg","contentUrl":"https:\/\/www.telam.com.ar\/thumbs\/bluesteel\/advf\/imagenes\/2022\/04\/624f4fb821a7f_900.jpg"},{"@type":"BreadcrumbList","@id":"https:\/\/www.noticiasradioreflejos.com.ar\/2021\/como-sera-el-sistema-de-descuento-de-puntos-por-las-infracciones-de-transito\/#breadcrumb","itemListElement":[{"@type":"ListItem","position":1,"name":"Portada","item":"https:\/\/www.noticiasradioreflejos.com.ar\/2021\/"},{"@type":"ListItem","position":2,"name":"C\u00f3mo ser\u00e1 el sistema de descuento de puntos por las infracciones de tr\u00e1nsito"}]},{"@type":"WebSite","@id":"https:\/\/www.noticiasradioreflejos.com.ar\/2021\/#website","url":"https:\/\/www.noticiasradioreflejos.com.ar\/2021\/","name":"Noticias Radio Reflejos","description":"Las noticias de mi comarca","potentialAction":[{"@type":"SearchAction","target":{"@type":"EntryPoint","urlTemplate":"https:\/\/www.noticiasradioreflejos.com.ar\/2021\/?s={search_term_string}"},"query-input":{"@type":"PropertyValueSpecification","valueRequired":true,"valueName":"search_term_string"}}],"inLanguage":"es"},{"@type":"Person","@id":"https:\/\/www.noticiasradioreflejos.com.ar\/2021\/#\/schema\/person\/ad82545263dcc5ec0996818884fd5fb1","name":"Arnaldo Botto","image":{"@type":"ImageObject","inLanguage":"es","@id":"https:\/\/www.noticiasradioreflejos.com.ar\/2021\/#\/schema\/person\/image\/","url":"https:\/\/secure.gravatar.com\/avatar\/55cb5e37c1efa326397366e6974cb338056df65cb50e7d64d1cf314e87504837?s=96&d=mm&r=g","contentUrl":"https:\/\/secure.gravatar.com\/avatar\/55cb5e37c1efa326397366e6974cb338056df65cb50e7d64d1cf314e87504837?s=96&d=mm&r=g","caption":"Arnaldo Botto"},"url":"https:\/\/www.noticiasradioreflejos.com.ar\/2021\/author\/arnaldo\/"}]}},"_links":{"self":[{"href":"https:\/\/www.noticiasradioreflejos.com.ar\/2021\/wp-json\/wp\/v2\/posts\/70380","targetHints":{"allow":["GET"]}}],"collection":[{"href":"https:\/\/www.noticiasradioreflejos.com.ar\/2021\/wp-json\/wp\/v2\/posts"}],"about":[{"href":"https:\/\/www.noticiasradioreflejos.com.ar\/2021\/wp-json\/wp\/v2\/types\/post"}],"author":[{"embeddable":true,"href":"https:\/\/www.noticiasradioreflejos.com.ar\/2021\/wp-json\/wp\/v2\/users\/3"}],"replies":[{"embeddable":true,"href":"https:\/\/www.noticiasradioreflejos.com.ar\/2021\/wp-json\/wp\/v2\/comments?post=70380"}],"version-history":[{"count":1,"href":"https:\/\/www.noticiasradioreflejos.com.ar\/2021\/wp-json\/wp\/v2\/posts\/70380\/revisions"}],"predecessor-version":[{"id":70382,"href":"https:\/\/www.noticiasradioreflejos.com.ar\/2021\/wp-json\/wp\/v2\/posts\/70380\/revisions\/70382"}],"wp:attachment":[{"href":"https:\/\/www.noticiasradioreflejos.com.ar\/2021\/wp-json\/wp\/v2\/media?parent=70380"}],"wp:term":[{"taxonomy":"category","embeddable":true,"href":"https:\/\/www.noticiasradioreflejos.com.ar\/2021\/wp-json\/wp\/v2\/categories?post=70380"},{"taxonomy":"post_tag","embeddable":true,"href":"https:\/\/www.noticiasradioreflejos.com.ar\/2021\/wp-json\/wp\/v2\/tags?post=70380"}],"curies":[{"name":"wp","href":"https:\/\/api.w.org\/{rel}","templated":true}]}}