{"id":70360,"date":"2022-04-07T13:32:20","date_gmt":"2022-04-07T13:32:20","guid":{"rendered":"http:\/\/www.noticiasradioreflejos.com.ar\/2021\/?p=70360"},"modified":"2022-04-07T13:32:20","modified_gmt":"2022-04-07T13:32:20","slug":"energia-con-olas-de-mar-en-que-consiste-el-trabajo-de-los-cientificos-argentinos","status":"publish","type":"post","link":"https:\/\/www.noticiasradioreflejos.com.ar\/2021\/energia-con-olas-de-mar-en-que-consiste-el-trabajo-de-los-cientificos-argentinos\/","title":{"rendered":"Energ\u00eda con olas de mar: \u00bfen qu\u00e9 consiste el trabajo de los cient\u00edficos argentinos?"},"content":{"rendered":"<div class=\"section-2-col article-header\">\n<div class=\"col 2-col\">\n<p>Su impulso, en las pr\u00f3ximas d\u00e9cadas, ser\u00e1 clave para descarbonizar la matriz energ\u00e9tica. La contribuci\u00f3n de grupos de especialistas de las Universidades Nacionales de Quilmes y La Plata.<\/p>\n<\/div>\n<\/div>\n<p><!--more--><\/p>\n<div class=\"section-2-col article-main-image\">\n<div class=\"col 2-col\">\n<div class=\"article-main-media-image__container\">\n<div class=\"image-wrapper\">\n<figure>\n<figure class=\"object-fit-block--contain intrinsic-container intrinsic-container-3x2\"><img decoding=\"async\" class=\" \" src=\"https:\/\/images.pagina12.com.ar\/styles\/focal_3_2_960x640\/public\/2022-04\/451862-whatsapp-20image-202022-04-06-20at-2020-02-33.jpeg?itok=_plEmem7\" alt=\"\" \/><\/figure>\n<\/figure>\n<\/div>\n<\/div>\n<\/div>\n<\/div>\n<div class=\"section-2-col article-main-content\">\n<div class=\"col 1-col\"><\/div>\n<div class=\"col 2-col\">\n<div class=\"article-main-content article-text \">\n<p>En un mundo signado por el calentamiento global y por la necesidad de transformar la actual matriz energ\u00e9tica basada en combustibles f\u00f3siles, los cient\u00edficos y las cient\u00edficas de Argentina buscan la puesta en marcha de\u00a0<b>iniciativas innovadoras ancladas en el contexto local.\u00a0<\/b>De manera reciente, investigadores de la Facultad de Ingenier\u00eda de la Universidad Nacional de La Plata y de la Universidad Nacional de Quilmes propusieron utilizar las olas de mar para generar energ\u00eda. De hecho, el proyecto no es nada descabellado: representan el \u00faltimo recurso energ\u00e9tico natural renovable sin explotar en el planeta.<\/p>\n<p>Seg\u00fan datos provistos por la\u00a0<b>Ocean Energy Systems (OES)\u00a0<\/b>y la\u00a0<b>Agencia Internacional de Energ\u00edas Renovables (IRENA)<\/b>, se estima que de las olas podr\u00eda extraerse una energ\u00eda equivalente a 29.500 TWh (Teravatio-hora)\/a\u00f1o, lo que supera el consumo mundial de electricidad en 2018 (que fue de alrededor 22.315 TWh y dos tercios se basa en combustibles f\u00f3siles). Lo que a\u00fan significa m\u00e1s, de acuerdo a la OES, se calcula que\u00a0<b>se pueden obtener 80.000 TWh de electricidad al a\u00f1o de las olas del oc\u00e9ano, lo que bastar\u00eda para satisfacer cinco veces la demanda energ\u00e9tica mundial.\u00a0<\/b>La Comisi\u00f3n Europea proyecta que para 2050, un 15 por ciento de la energ\u00eda provenga del mar y para 2080, prev\u00e9 que ese porcentaje se incremente al 50 por ciento.<\/p>\n<div id=\"talkFireEvent\"><\/div>\n<p>\u201cSacar energ\u00eda de las olas es un proyecto gigante; se puede obtener una densidad energ\u00e9tica muy grande. Para tener una magnitud: en las costas del Oc\u00e9ano Atl\u00e1ntico, en donde se genera una unidad de energ\u00eda solar, se genera ocho veces la misma unidad por el viento y cincuenta veces en olas\u201d, dice\u00a0<b>Demi\u00e1n Garc\u00eda Violini<\/b>, ingeniero en Automatizaci\u00f3n y Control industrial, y docente investigador por la Universidad Nacional de Quilmes. En criollo: gracias a las olas es posible obtener multiplicado por cincuenta lo que se puede extraer del sol. Luego contin\u00faa con la descripci\u00f3n del problema: \u201cExisten muchos inconvenientes t\u00e9cnicos y log\u00edsticos para poder extraerla. Falta much\u00edsimo, pero vamos por buen camino.\u00a0<b>Debemos lograr que el costo final de la energ\u00eda sea competitivo en t\u00e9rminos de lo que cuesta generarla con viento o con sol<\/b>\u201d.<\/p>\n<p><b>Proyecto aut\u00f3ctono<\/b><\/p>\n<p>En este marco, investigadores argentinos desarrollan una \u201c<b>columna de agua oscilante<\/b>\u201d, porque consideran que constituye una de las mejores t\u00e9cnicas que se propone convertir la energ\u00eda de las olas de mar en electricidad. Se trata, en concreto, de una c\u00e1mara hueca que puede ubicarse en una escollera. La astucia es que la c\u00e1mara posee un orificio por debajo del agua, donde la ola ingresa y sale; adem\u00e1s de un espacio de aire que con el movimiento de la ola se comprime y descomprime. En \u00faltima instancia, el flujo generado produce el movimiento de una turbina. Al respecto, el ingeniero apunta: \u201cTambien hay otros sistemas, como boyas que flotan, que est\u00e1n conectadas a un pist\u00f3n. A medida que la boya sube y baja, lo mueve y es el encargado de extraer energ\u00eda\u201d.<\/p>\n<p>El aporte del grupo de la UNLP, en este marco, consiste en la puesta a punto de las t\u00e9cnicas \u201cde control realimentado\u201d, que permiten medir \u2013entre otras variables\u2013 la velocidad con la que sube el pico de la ola, o bien, examinar c\u00f3mo asciende y desciende el flujo de aire en la c\u00e1mara. Una vez asegurado el funcionamiento de la turbina, el siguiente desaf\u00edo estar\u00e1 en localizar el sitio estrat\u00e9gico en donde colocar el dispositivo para extraer la mayor cantidad de energ\u00eda. Desde aqu\u00ed,\u00a0<b>Mar del Plata\u00a0<\/b>se prev\u00e9 como un buen punto de inicio para las primeras evaluaciones: la extensi\u00f3n costera en Argentina convierte al pa\u00eds en un escenario atractivo para el dise\u00f1o de sistemas que aprovechen las energ\u00edas alternativas, que a su vez, se complementan con la solar y la e\u00f3lica. \u201cMar del Plata tiene infraestructura para poder realizar experimentos. Hay desarrollo costero y nav\u00edo; hay astilleros e institutos de investigaci\u00f3n. Resuelve muchos aspectos centrales. Con el tiempo, veremos cu\u00e1l es el mejor escenario, el m\u00e1s estrat\u00e9gico para aprovechar esta energ\u00eda en Argentina\u201d, dice Garc\u00eda Violini.<\/p>\n<p>En 2021, en el escenario local, se cre\u00f3 la\u00a0<b>Red de Energ\u00edas Marinas Argentinas<\/b>, conformada por expertos y expertas de la Universidad Tecnol\u00f3gica Nacional Buenos Aires y de la Universidad de Buenos Aires, personal del Servicio de Hidrograf\u00eda Naval y del Instituto Nacional del Agua, entre otros. El prop\u00f3sito es que todos los grupos que trabajan por su cuenta puedan compartir saberes en torno a la energ\u00eda undimotriz, (como se denomina a la generada por las olas). Asimismo, promueven el crecimiento de un centro de experimentaci\u00f3n, a partir de la creaci\u00f3n de piletones aptos para la realizaci\u00f3n de ensayos y la puesta en marcha de prototipos de prueba.<\/p>\n<p><b>Clave para modificar la matriz<\/b><\/p>\n<p>La obtenida a partir de las olas es una energ\u00eda renovable cuyo desarrollo cient\u00edfico y t\u00e9cnico explot\u00f3 con el cambio de siglo, pero que arrastra intentos muy valiosos desde 1973, a partir de la crisis del petr\u00f3leo. Los modelos de negocio, cuando el precio del crudo se estabiliz\u00f3 en los 80\u2019s, volvieron a concentrarse en este combustible f\u00f3sil y en energ\u00edas renovables de car\u00e1cter m\u00e1s accesible, como la solar o la e\u00f3lica. Con el protocolo de Kyoto &#8211;que se propuso por primera vez reducir la emisi\u00f3n de gases de efecto invernadero&#8211; y otros encuentros diplom\u00e1ticos de envergadura, la energ\u00eda undimotriz retorn\u00f3 a la carpeta de los grandes Estados. En el presente, las olas, las corrientes y las mareas constituyen lo que se denomina\u00a0<b>\u201cenerg\u00edas oce\u00e1nicas\u201d<\/b>: \u00e1reas pujantes con m\u00faltiples potencialidades.<\/p>\n<p>\u201cEn el hemisferio norte se trabaja y se invierte much\u00edsimo dinero desde hace d\u00e9cadas. En Argentina, en cambio, casi no se hablaba de esto hasta hace tres o cuatro a\u00f1os, no hab\u00eda desarrollo local porque tampoco hab\u00eda inversi\u00f3n en investigaci\u00f3n\u201d, subraya Garc\u00eda Violini. Y remata: \u201c<b>No hay forma de pensar en un mundo libre de carbono basado solo en el viento o el sol, tambi\u00e9n necesitamos del mar.\u00a0<\/b>Todos los sistemas renovables deben complementarse entre s\u00ed\u201d.<i><\/i><\/p>\n<p>&nbsp;<\/p>\n<p>pablo.esteban@pagina12.com.ar<\/p>\n<\/div>\n<\/div>\n<\/div>\n","protected":false},"excerpt":{"rendered":"<p>Su impulso, en las pr\u00f3ximas d\u00e9cadas, ser\u00e1 clave para descarbonizar la matriz energ\u00e9tica. La contribuci\u00f3n de grupos de especialistas de las Universidades Nacionales de Quilmes y La Plata.<\/p>\n","protected":false},"author":3,"featured_media":0,"comment_status":"closed","ping_status":"closed","sticky":false,"template":"","format":"standard","meta":{"footnotes":""},"categories":[46],"tags":[],"class_list":["post-70360","post","type-post","status-publish","format-standard","hentry","category-ciencia-y-tecnologia"],"yoast_head":"<!-- This site is optimized with the Yoast SEO plugin v25.9 - https:\/\/yoast.com\/wordpress\/plugins\/seo\/ -->\n<title>Energ\u00eda con olas de mar: \u00bfen qu\u00e9 consiste el trabajo de los cient\u00edficos argentinos? - Noticias Radio Reflejos<\/title>\n<meta name=\"robots\" content=\"index, follow, max-snippet:-1, max-image-preview:large, max-video-preview:-1\" \/>\n<link rel=\"canonical\" href=\"https:\/\/www.noticiasradioreflejos.com.ar\/2021\/energia-con-olas-de-mar-en-que-consiste-el-trabajo-de-los-cientificos-argentinos\/\" \/>\n<meta property=\"og:locale\" content=\"es_ES\" \/>\n<meta property=\"og:type\" content=\"article\" \/>\n<meta property=\"og:title\" content=\"Energ\u00eda con olas de mar: \u00bfen qu\u00e9 consiste el trabajo de los cient\u00edficos argentinos? - Noticias Radio Reflejos\" \/>\n<meta property=\"og:description\" content=\"Su impulso, en las pr\u00f3ximas d\u00e9cadas, ser\u00e1 clave para descarbonizar la matriz energ\u00e9tica. La contribuci\u00f3n de grupos de especialistas de las Universidades Nacionales de Quilmes y La Plata.\" \/>\n<meta property=\"og:url\" content=\"https:\/\/www.noticiasradioreflejos.com.ar\/2021\/energia-con-olas-de-mar-en-que-consiste-el-trabajo-de-los-cientificos-argentinos\/\" \/>\n<meta property=\"og:site_name\" content=\"Noticias Radio Reflejos\" \/>\n<meta property=\"article:published_time\" content=\"2022-04-07T13:32:20+00:00\" \/>\n<meta property=\"og:image\" content=\"https:\/\/images.pagina12.com.ar\/styles\/focal_3_2_960x640\/public\/2022-04\/451862-whatsapp-20image-202022-04-06-20at-2020-02-33.jpeg?itok=_plEmem7\" \/>\n<meta name=\"author\" content=\"Arnaldo Botto\" \/>\n<meta name=\"twitter:card\" content=\"summary_large_image\" \/>\n<script type=\"application\/ld+json\" class=\"yoast-schema-graph\">{\"@context\":\"https:\/\/schema.org\",\"@graph\":[{\"@type\":\"WebPage\",\"@id\":\"https:\/\/www.noticiasradioreflejos.com.ar\/2021\/energia-con-olas-de-mar-en-que-consiste-el-trabajo-de-los-cientificos-argentinos\/\",\"url\":\"https:\/\/www.noticiasradioreflejos.com.ar\/2021\/energia-con-olas-de-mar-en-que-consiste-el-trabajo-de-los-cientificos-argentinos\/\",\"name\":\"Energ\u00eda con olas de mar: \u00bfen qu\u00e9 consiste el trabajo de los cient\u00edficos argentinos? - Noticias Radio Reflejos\",\"isPartOf\":{\"@id\":\"https:\/\/www.noticiasradioreflejos.com.ar\/2021\/#website\"},\"primaryImageOfPage\":{\"@id\":\"https:\/\/www.noticiasradioreflejos.com.ar\/2021\/energia-con-olas-de-mar-en-que-consiste-el-trabajo-de-los-cientificos-argentinos\/#primaryimage\"},\"image\":{\"@id\":\"https:\/\/www.noticiasradioreflejos.com.ar\/2021\/energia-con-olas-de-mar-en-que-consiste-el-trabajo-de-los-cientificos-argentinos\/#primaryimage\"},\"thumbnailUrl\":\"https:\/\/images.pagina12.com.ar\/styles\/focal_3_2_960x640\/public\/2022-04\/451862-whatsapp-20image-202022-04-06-20at-2020-02-33.jpeg?itok=_plEmem7\",\"datePublished\":\"2022-04-07T13:32:20+00:00\",\"author\":{\"@id\":\"https:\/\/www.noticiasradioreflejos.com.ar\/2021\/#\/schema\/person\/ad82545263dcc5ec0996818884fd5fb1\"},\"breadcrumb\":{\"@id\":\"https:\/\/www.noticiasradioreflejos.com.ar\/2021\/energia-con-olas-de-mar-en-que-consiste-el-trabajo-de-los-cientificos-argentinos\/#breadcrumb\"},\"inLanguage\":\"es\",\"potentialAction\":[{\"@type\":\"ReadAction\",\"target\":[\"https:\/\/www.noticiasradioreflejos.com.ar\/2021\/energia-con-olas-de-mar-en-que-consiste-el-trabajo-de-los-cientificos-argentinos\/\"]}]},{\"@type\":\"ImageObject\",\"inLanguage\":\"es\",\"@id\":\"https:\/\/www.noticiasradioreflejos.com.ar\/2021\/energia-con-olas-de-mar-en-que-consiste-el-trabajo-de-los-cientificos-argentinos\/#primaryimage\",\"url\":\"https:\/\/images.pagina12.com.ar\/styles\/focal_3_2_960x640\/public\/2022-04\/451862-whatsapp-20image-202022-04-06-20at-2020-02-33.jpeg?itok=_plEmem7\",\"contentUrl\":\"https:\/\/images.pagina12.com.ar\/styles\/focal_3_2_960x640\/public\/2022-04\/451862-whatsapp-20image-202022-04-06-20at-2020-02-33.jpeg?itok=_plEmem7\"},{\"@type\":\"BreadcrumbList\",\"@id\":\"https:\/\/www.noticiasradioreflejos.com.ar\/2021\/energia-con-olas-de-mar-en-que-consiste-el-trabajo-de-los-cientificos-argentinos\/#breadcrumb\",\"itemListElement\":[{\"@type\":\"ListItem\",\"position\":1,\"name\":\"Portada\",\"item\":\"https:\/\/www.noticiasradioreflejos.com.ar\/2021\/\"},{\"@type\":\"ListItem\",\"position\":2,\"name\":\"Energ\u00eda con olas de mar: \u00bfen qu\u00e9 consiste el trabajo de los cient\u00edficos argentinos?\"}]},{\"@type\":\"WebSite\",\"@id\":\"https:\/\/www.noticiasradioreflejos.com.ar\/2021\/#website\",\"url\":\"https:\/\/www.noticiasradioreflejos.com.ar\/2021\/\",\"name\":\"Noticias Radio Reflejos\",\"description\":\"Las noticias de mi comarca\",\"potentialAction\":[{\"@type\":\"SearchAction\",\"target\":{\"@type\":\"EntryPoint\",\"urlTemplate\":\"https:\/\/www.noticiasradioreflejos.com.ar\/2021\/?s={search_term_string}\"},\"query-input\":{\"@type\":\"PropertyValueSpecification\",\"valueRequired\":true,\"valueName\":\"search_term_string\"}}],\"inLanguage\":\"es\"},{\"@type\":\"Person\",\"@id\":\"https:\/\/www.noticiasradioreflejos.com.ar\/2021\/#\/schema\/person\/ad82545263dcc5ec0996818884fd5fb1\",\"name\":\"Arnaldo Botto\",\"image\":{\"@type\":\"ImageObject\",\"inLanguage\":\"es\",\"@id\":\"https:\/\/www.noticiasradioreflejos.com.ar\/2021\/#\/schema\/person\/image\/\",\"url\":\"https:\/\/secure.gravatar.com\/avatar\/55cb5e37c1efa326397366e6974cb338056df65cb50e7d64d1cf314e87504837?s=96&d=mm&r=g\",\"contentUrl\":\"https:\/\/secure.gravatar.com\/avatar\/55cb5e37c1efa326397366e6974cb338056df65cb50e7d64d1cf314e87504837?s=96&d=mm&r=g\",\"caption\":\"Arnaldo Botto\"},\"url\":\"https:\/\/www.noticiasradioreflejos.com.ar\/2021\/author\/arnaldo\/\"}]}<\/script>\n<!-- \/ Yoast SEO plugin. -->","yoast_head_json":{"title":"Energ\u00eda con olas de mar: \u00bfen qu\u00e9 consiste el trabajo de los cient\u00edficos argentinos? - Noticias Radio Reflejos","robots":{"index":"index","follow":"follow","max-snippet":"max-snippet:-1","max-image-preview":"max-image-preview:large","max-video-preview":"max-video-preview:-1"},"canonical":"https:\/\/www.noticiasradioreflejos.com.ar\/2021\/energia-con-olas-de-mar-en-que-consiste-el-trabajo-de-los-cientificos-argentinos\/","og_locale":"es_ES","og_type":"article","og_title":"Energ\u00eda con olas de mar: \u00bfen qu\u00e9 consiste el trabajo de los cient\u00edficos argentinos? - Noticias Radio Reflejos","og_description":"Su impulso, en las pr\u00f3ximas d\u00e9cadas, ser\u00e1 clave para descarbonizar la matriz energ\u00e9tica. La contribuci\u00f3n de grupos de especialistas de las Universidades Nacionales de Quilmes y La Plata.","og_url":"https:\/\/www.noticiasradioreflejos.com.ar\/2021\/energia-con-olas-de-mar-en-que-consiste-el-trabajo-de-los-cientificos-argentinos\/","og_site_name":"Noticias Radio Reflejos","article_published_time":"2022-04-07T13:32:20+00:00","og_image":[{"url":"https:\/\/images.pagina12.com.ar\/styles\/focal_3_2_960x640\/public\/2022-04\/451862-whatsapp-20image-202022-04-06-20at-2020-02-33.jpeg?itok=_plEmem7","type":"","width":"","height":""}],"author":"Arnaldo Botto","twitter_card":"summary_large_image","schema":{"@context":"https:\/\/schema.org","@graph":[{"@type":"WebPage","@id":"https:\/\/www.noticiasradioreflejos.com.ar\/2021\/energia-con-olas-de-mar-en-que-consiste-el-trabajo-de-los-cientificos-argentinos\/","url":"https:\/\/www.noticiasradioreflejos.com.ar\/2021\/energia-con-olas-de-mar-en-que-consiste-el-trabajo-de-los-cientificos-argentinos\/","name":"Energ\u00eda con olas de mar: \u00bfen qu\u00e9 consiste el trabajo de los cient\u00edficos argentinos? - Noticias Radio Reflejos","isPartOf":{"@id":"https:\/\/www.noticiasradioreflejos.com.ar\/2021\/#website"},"primaryImageOfPage":{"@id":"https:\/\/www.noticiasradioreflejos.com.ar\/2021\/energia-con-olas-de-mar-en-que-consiste-el-trabajo-de-los-cientificos-argentinos\/#primaryimage"},"image":{"@id":"https:\/\/www.noticiasradioreflejos.com.ar\/2021\/energia-con-olas-de-mar-en-que-consiste-el-trabajo-de-los-cientificos-argentinos\/#primaryimage"},"thumbnailUrl":"https:\/\/images.pagina12.com.ar\/styles\/focal_3_2_960x640\/public\/2022-04\/451862-whatsapp-20image-202022-04-06-20at-2020-02-33.jpeg?itok=_plEmem7","datePublished":"2022-04-07T13:32:20+00:00","author":{"@id":"https:\/\/www.noticiasradioreflejos.com.ar\/2021\/#\/schema\/person\/ad82545263dcc5ec0996818884fd5fb1"},"breadcrumb":{"@id":"https:\/\/www.noticiasradioreflejos.com.ar\/2021\/energia-con-olas-de-mar-en-que-consiste-el-trabajo-de-los-cientificos-argentinos\/#breadcrumb"},"inLanguage":"es","potentialAction":[{"@type":"ReadAction","target":["https:\/\/www.noticiasradioreflejos.com.ar\/2021\/energia-con-olas-de-mar-en-que-consiste-el-trabajo-de-los-cientificos-argentinos\/"]}]},{"@type":"ImageObject","inLanguage":"es","@id":"https:\/\/www.noticiasradioreflejos.com.ar\/2021\/energia-con-olas-de-mar-en-que-consiste-el-trabajo-de-los-cientificos-argentinos\/#primaryimage","url":"https:\/\/images.pagina12.com.ar\/styles\/focal_3_2_960x640\/public\/2022-04\/451862-whatsapp-20image-202022-04-06-20at-2020-02-33.jpeg?itok=_plEmem7","contentUrl":"https:\/\/images.pagina12.com.ar\/styles\/focal_3_2_960x640\/public\/2022-04\/451862-whatsapp-20image-202022-04-06-20at-2020-02-33.jpeg?itok=_plEmem7"},{"@type":"BreadcrumbList","@id":"https:\/\/www.noticiasradioreflejos.com.ar\/2021\/energia-con-olas-de-mar-en-que-consiste-el-trabajo-de-los-cientificos-argentinos\/#breadcrumb","itemListElement":[{"@type":"ListItem","position":1,"name":"Portada","item":"https:\/\/www.noticiasradioreflejos.com.ar\/2021\/"},{"@type":"ListItem","position":2,"name":"Energ\u00eda con olas de mar: \u00bfen qu\u00e9 consiste el trabajo de los cient\u00edficos argentinos?"}]},{"@type":"WebSite","@id":"https:\/\/www.noticiasradioreflejos.com.ar\/2021\/#website","url":"https:\/\/www.noticiasradioreflejos.com.ar\/2021\/","name":"Noticias Radio Reflejos","description":"Las noticias de mi comarca","potentialAction":[{"@type":"SearchAction","target":{"@type":"EntryPoint","urlTemplate":"https:\/\/www.noticiasradioreflejos.com.ar\/2021\/?s={search_term_string}"},"query-input":{"@type":"PropertyValueSpecification","valueRequired":true,"valueName":"search_term_string"}}],"inLanguage":"es"},{"@type":"Person","@id":"https:\/\/www.noticiasradioreflejos.com.ar\/2021\/#\/schema\/person\/ad82545263dcc5ec0996818884fd5fb1","name":"Arnaldo Botto","image":{"@type":"ImageObject","inLanguage":"es","@id":"https:\/\/www.noticiasradioreflejos.com.ar\/2021\/#\/schema\/person\/image\/","url":"https:\/\/secure.gravatar.com\/avatar\/55cb5e37c1efa326397366e6974cb338056df65cb50e7d64d1cf314e87504837?s=96&d=mm&r=g","contentUrl":"https:\/\/secure.gravatar.com\/avatar\/55cb5e37c1efa326397366e6974cb338056df65cb50e7d64d1cf314e87504837?s=96&d=mm&r=g","caption":"Arnaldo Botto"},"url":"https:\/\/www.noticiasradioreflejos.com.ar\/2021\/author\/arnaldo\/"}]}},"_links":{"self":[{"href":"https:\/\/www.noticiasradioreflejos.com.ar\/2021\/wp-json\/wp\/v2\/posts\/70360","targetHints":{"allow":["GET"]}}],"collection":[{"href":"https:\/\/www.noticiasradioreflejos.com.ar\/2021\/wp-json\/wp\/v2\/posts"}],"about":[{"href":"https:\/\/www.noticiasradioreflejos.com.ar\/2021\/wp-json\/wp\/v2\/types\/post"}],"author":[{"embeddable":true,"href":"https:\/\/www.noticiasradioreflejos.com.ar\/2021\/wp-json\/wp\/v2\/users\/3"}],"replies":[{"embeddable":true,"href":"https:\/\/www.noticiasradioreflejos.com.ar\/2021\/wp-json\/wp\/v2\/comments?post=70360"}],"version-history":[{"count":1,"href":"https:\/\/www.noticiasradioreflejos.com.ar\/2021\/wp-json\/wp\/v2\/posts\/70360\/revisions"}],"predecessor-version":[{"id":70362,"href":"https:\/\/www.noticiasradioreflejos.com.ar\/2021\/wp-json\/wp\/v2\/posts\/70360\/revisions\/70362"}],"wp:attachment":[{"href":"https:\/\/www.noticiasradioreflejos.com.ar\/2021\/wp-json\/wp\/v2\/media?parent=70360"}],"wp:term":[{"taxonomy":"category","embeddable":true,"href":"https:\/\/www.noticiasradioreflejos.com.ar\/2021\/wp-json\/wp\/v2\/categories?post=70360"},{"taxonomy":"post_tag","embeddable":true,"href":"https:\/\/www.noticiasradioreflejos.com.ar\/2021\/wp-json\/wp\/v2\/tags?post=70360"}],"curies":[{"name":"wp","href":"https:\/\/api.w.org\/{rel}","templated":true}]}}