{"id":70357,"date":"2022-04-07T13:09:01","date_gmt":"2022-04-07T13:09:01","guid":{"rendered":"http:\/\/www.noticiasradioreflejos.com.ar\/2021\/?p=70357"},"modified":"2022-04-07T13:09:01","modified_gmt":"2022-04-07T13:09:01","slug":"malvinas-nos-une-nuevo-diseno-para-los-vagones-argentinos","status":"publish","type":"post","link":"https:\/\/www.noticiasradioreflejos.com.ar\/2021\/malvinas-nos-une-nuevo-diseno-para-los-vagones-argentinos\/","title":{"rendered":"\u201cMalvinas nos une\u201d: nuevo dise\u00f1o para los vagones argentinos"},"content":{"rendered":"<p>En homenaje a los veteranos, veteranas y ca\u00eddos en el conflicto b\u00e9lico del Atlantico Sur, Trenes Argentinos Cargas incorpor\u00f3 a su material rodante la leyenda alusiva a la uni\u00f3n nacional en torno de la causa malvinense.<!--more--><\/p>\n<figure class=\"mb-3\"><img decoding=\"async\" src=\"https:\/\/www.telam.com.ar\/thumbs\/bluesteel\/advf\/imagenes\/2022\/04\/624df15000282_900.jpg\" alt=\"Las lneas de Trenes Argentinos Cargas se extienden a lo largo de 9100 kilmetros y atraviesan 16 provincias\" width=\"100%\" height=\"100%\" \/><\/p>\n<div class=\"media-icons\"><\/div><figcaption>Las l\u00edneas de Trenes Argentinos Cargas se extienden a lo largo de 9.100 kil\u00f3metros y atraviesan 16 provincias.<\/figcaption><\/figure>\n<p>La empresa de gesti\u00f3n estatal Trenes Argentinos Cargas (TAC) present\u00f3 los nuevos vagones a cuyos lados se incorpor\u00f3 la leyenda \u201cMalvinas nos une\u201d. As\u00ed, se cumple tambi\u00e9n en el \u00e1mbito del transporte carguero nacional un merecido reconocimiento a hombres y mujeres que entregaron su vida o la pusieron en juego en defensa del territorio nacional argentino.<\/p>\n<p>Esta iniciativa apunta a visibilizar el reclamo de soberan\u00eda y a la vez homenajear a veteranos, veteranas y ca\u00eddos en el conflicto b\u00e9lico del Atl\u00e1ntico Sur, a lo largo y a lo ancho del pa\u00eds, en las formaciones de las l\u00edneas San Mart\u00edn, Urquiza y Belgrano, que recorren un total de 9.100 kil\u00f3metros y pasan por decenas de ciudades en 16 provincias.<\/p>\n<figure class=\"mb-3\"><img decoding=\"async\" src=\"https:\/\/www.telam.com.ar\/thumbs\/bluesteel\/advf\/imagenes\/2022\/04\/624df150235a1_900.jpg\" alt=\"El homenaje recorrer el Pas mediante la circulacin de las formaciones de las lneas cargueras San Martn Urquiza y Belgrano \" width=\"100%\" height=\"100%\" \/><\/p>\n<div class=\"media-icons\"><\/div><figcaption>El homenaje recorrer\u00e1 el Pa\u00eds mediante la circulaci\u00f3n de las formaciones de las l\u00edneas cargueras San Mart\u00edn, Urquiza y Belgrano.<\/figcaption><\/figure>\n<p>El Secretario de Malvinas, Ant\u00e1rtida y Atl\u00e1ntico Sur, Guillermo Carmona; el Director del Museo Malvinas, Edgardo Esteban; el Secretario de Gesti\u00f3n de Transporte Diego Giuliano y el Vicepresidente de Trenes Argentinos Cargas, Mart\u00edn Gainza, recorrieron una de las formaciones con los nuevos ploteos en los vagones tipo tolva.<\/p>\n","protected":false},"excerpt":{"rendered":"<p>En homenaje a los veteranos, veteranas y ca\u00eddos en el conflicto b\u00e9lico del Atlantico Sur, Trenes Argentinos Cargas incorpor\u00f3 a su material rodante la leyenda alusiva a la uni\u00f3n nacional en torno de la causa malvinense.<\/p>\n","protected":false},"author":3,"featured_media":0,"comment_status":"closed","ping_status":"closed","sticky":false,"template":"","format":"standard","meta":{"footnotes":""},"categories":[24,26],"tags":[],"class_list":["post-70357","post","type-post","status-publish","format-standard","hentry","category-politica","category-sociedad"],"yoast_head":"<!-- This site is optimized with the Yoast SEO plugin v25.9 - https:\/\/yoast.com\/wordpress\/plugins\/seo\/ -->\n<title>\u201cMalvinas nos une\u201d: nuevo dise\u00f1o para los vagones argentinos - Noticias Radio Reflejos<\/title>\n<meta name=\"robots\" content=\"index, follow, max-snippet:-1, max-image-preview:large, max-video-preview:-1\" \/>\n<link rel=\"canonical\" href=\"https:\/\/www.noticiasradioreflejos.com.ar\/2021\/malvinas-nos-une-nuevo-diseno-para-los-vagones-argentinos\/\" \/>\n<meta property=\"og:locale\" content=\"es_ES\" \/>\n<meta property=\"og:type\" content=\"article\" \/>\n<meta property=\"og:title\" content=\"\u201cMalvinas nos une\u201d: nuevo dise\u00f1o para los vagones argentinos - Noticias Radio Reflejos\" \/>\n<meta property=\"og:description\" content=\"En homenaje a los veteranos, veteranas y ca\u00eddos en el conflicto b\u00e9lico del Atlantico Sur, Trenes Argentinos Cargas incorpor\u00f3 a su material rodante la leyenda alusiva a la uni\u00f3n nacional en torno de la causa malvinense.\" \/>\n<meta property=\"og:url\" content=\"https:\/\/www.noticiasradioreflejos.com.ar\/2021\/malvinas-nos-une-nuevo-diseno-para-los-vagones-argentinos\/\" \/>\n<meta property=\"og:site_name\" content=\"Noticias Radio Reflejos\" \/>\n<meta property=\"article:published_time\" content=\"2022-04-07T13:09:01+00:00\" \/>\n<meta property=\"og:image\" content=\"https:\/\/www.telam.com.ar\/thumbs\/bluesteel\/advf\/imagenes\/2022\/04\/624df15000282_900.jpg\" \/>\n<meta name=\"author\" content=\"Arnaldo Botto\" \/>\n<meta name=\"twitter:card\" content=\"summary_large_image\" \/>\n<script type=\"application\/ld+json\" class=\"yoast-schema-graph\">{\"@context\":\"https:\/\/schema.org\",\"@graph\":[{\"@type\":\"WebPage\",\"@id\":\"https:\/\/www.noticiasradioreflejos.com.ar\/2021\/malvinas-nos-une-nuevo-diseno-para-los-vagones-argentinos\/\",\"url\":\"https:\/\/www.noticiasradioreflejos.com.ar\/2021\/malvinas-nos-une-nuevo-diseno-para-los-vagones-argentinos\/\",\"name\":\"\u201cMalvinas nos une\u201d: nuevo dise\u00f1o para los vagones argentinos - Noticias Radio Reflejos\",\"isPartOf\":{\"@id\":\"https:\/\/www.noticiasradioreflejos.com.ar\/2021\/#website\"},\"primaryImageOfPage\":{\"@id\":\"https:\/\/www.noticiasradioreflejos.com.ar\/2021\/malvinas-nos-une-nuevo-diseno-para-los-vagones-argentinos\/#primaryimage\"},\"image\":{\"@id\":\"https:\/\/www.noticiasradioreflejos.com.ar\/2021\/malvinas-nos-une-nuevo-diseno-para-los-vagones-argentinos\/#primaryimage\"},\"thumbnailUrl\":\"https:\/\/www.telam.com.ar\/thumbs\/bluesteel\/advf\/imagenes\/2022\/04\/624df15000282_900.jpg\",\"datePublished\":\"2022-04-07T13:09:01+00:00\",\"author\":{\"@id\":\"https:\/\/www.noticiasradioreflejos.com.ar\/2021\/#\/schema\/person\/ad82545263dcc5ec0996818884fd5fb1\"},\"breadcrumb\":{\"@id\":\"https:\/\/www.noticiasradioreflejos.com.ar\/2021\/malvinas-nos-une-nuevo-diseno-para-los-vagones-argentinos\/#breadcrumb\"},\"inLanguage\":\"es\",\"potentialAction\":[{\"@type\":\"ReadAction\",\"target\":[\"https:\/\/www.noticiasradioreflejos.com.ar\/2021\/malvinas-nos-une-nuevo-diseno-para-los-vagones-argentinos\/\"]}]},{\"@type\":\"ImageObject\",\"inLanguage\":\"es\",\"@id\":\"https:\/\/www.noticiasradioreflejos.com.ar\/2021\/malvinas-nos-une-nuevo-diseno-para-los-vagones-argentinos\/#primaryimage\",\"url\":\"https:\/\/www.telam.com.ar\/thumbs\/bluesteel\/advf\/imagenes\/2022\/04\/624df15000282_900.jpg\",\"contentUrl\":\"https:\/\/www.telam.com.ar\/thumbs\/bluesteel\/advf\/imagenes\/2022\/04\/624df15000282_900.jpg\"},{\"@type\":\"BreadcrumbList\",\"@id\":\"https:\/\/www.noticiasradioreflejos.com.ar\/2021\/malvinas-nos-une-nuevo-diseno-para-los-vagones-argentinos\/#breadcrumb\",\"itemListElement\":[{\"@type\":\"ListItem\",\"position\":1,\"name\":\"Portada\",\"item\":\"https:\/\/www.noticiasradioreflejos.com.ar\/2021\/\"},{\"@type\":\"ListItem\",\"position\":2,\"name\":\"\u201cMalvinas nos une\u201d: nuevo dise\u00f1o para los vagones argentinos\"}]},{\"@type\":\"WebSite\",\"@id\":\"https:\/\/www.noticiasradioreflejos.com.ar\/2021\/#website\",\"url\":\"https:\/\/www.noticiasradioreflejos.com.ar\/2021\/\",\"name\":\"Noticias Radio Reflejos\",\"description\":\"Las noticias de mi comarca\",\"potentialAction\":[{\"@type\":\"SearchAction\",\"target\":{\"@type\":\"EntryPoint\",\"urlTemplate\":\"https:\/\/www.noticiasradioreflejos.com.ar\/2021\/?s={search_term_string}\"},\"query-input\":{\"@type\":\"PropertyValueSpecification\",\"valueRequired\":true,\"valueName\":\"search_term_string\"}}],\"inLanguage\":\"es\"},{\"@type\":\"Person\",\"@id\":\"https:\/\/www.noticiasradioreflejos.com.ar\/2021\/#\/schema\/person\/ad82545263dcc5ec0996818884fd5fb1\",\"name\":\"Arnaldo Botto\",\"image\":{\"@type\":\"ImageObject\",\"inLanguage\":\"es\",\"@id\":\"https:\/\/www.noticiasradioreflejos.com.ar\/2021\/#\/schema\/person\/image\/\",\"url\":\"https:\/\/secure.gravatar.com\/avatar\/55cb5e37c1efa326397366e6974cb338056df65cb50e7d64d1cf314e87504837?s=96&d=mm&r=g\",\"contentUrl\":\"https:\/\/secure.gravatar.com\/avatar\/55cb5e37c1efa326397366e6974cb338056df65cb50e7d64d1cf314e87504837?s=96&d=mm&r=g\",\"caption\":\"Arnaldo Botto\"},\"url\":\"https:\/\/www.noticiasradioreflejos.com.ar\/2021\/author\/arnaldo\/\"}]}<\/script>\n<!-- \/ Yoast SEO plugin. -->","yoast_head_json":{"title":"\u201cMalvinas nos une\u201d: nuevo dise\u00f1o para los vagones argentinos - Noticias Radio Reflejos","robots":{"index":"index","follow":"follow","max-snippet":"max-snippet:-1","max-image-preview":"max-image-preview:large","max-video-preview":"max-video-preview:-1"},"canonical":"https:\/\/www.noticiasradioreflejos.com.ar\/2021\/malvinas-nos-une-nuevo-diseno-para-los-vagones-argentinos\/","og_locale":"es_ES","og_type":"article","og_title":"\u201cMalvinas nos une\u201d: nuevo dise\u00f1o para los vagones argentinos - Noticias Radio Reflejos","og_description":"En homenaje a los veteranos, veteranas y ca\u00eddos en el conflicto b\u00e9lico del Atlantico Sur, Trenes Argentinos Cargas incorpor\u00f3 a su material rodante la leyenda alusiva a la uni\u00f3n nacional en torno de la causa malvinense.","og_url":"https:\/\/www.noticiasradioreflejos.com.ar\/2021\/malvinas-nos-une-nuevo-diseno-para-los-vagones-argentinos\/","og_site_name":"Noticias Radio Reflejos","article_published_time":"2022-04-07T13:09:01+00:00","og_image":[{"url":"https:\/\/www.telam.com.ar\/thumbs\/bluesteel\/advf\/imagenes\/2022\/04\/624df15000282_900.jpg","type":"","width":"","height":""}],"author":"Arnaldo Botto","twitter_card":"summary_large_image","schema":{"@context":"https:\/\/schema.org","@graph":[{"@type":"WebPage","@id":"https:\/\/www.noticiasradioreflejos.com.ar\/2021\/malvinas-nos-une-nuevo-diseno-para-los-vagones-argentinos\/","url":"https:\/\/www.noticiasradioreflejos.com.ar\/2021\/malvinas-nos-une-nuevo-diseno-para-los-vagones-argentinos\/","name":"\u201cMalvinas nos une\u201d: nuevo dise\u00f1o para los vagones argentinos - Noticias Radio Reflejos","isPartOf":{"@id":"https:\/\/www.noticiasradioreflejos.com.ar\/2021\/#website"},"primaryImageOfPage":{"@id":"https:\/\/www.noticiasradioreflejos.com.ar\/2021\/malvinas-nos-une-nuevo-diseno-para-los-vagones-argentinos\/#primaryimage"},"image":{"@id":"https:\/\/www.noticiasradioreflejos.com.ar\/2021\/malvinas-nos-une-nuevo-diseno-para-los-vagones-argentinos\/#primaryimage"},"thumbnailUrl":"https:\/\/www.telam.com.ar\/thumbs\/bluesteel\/advf\/imagenes\/2022\/04\/624df15000282_900.jpg","datePublished":"2022-04-07T13:09:01+00:00","author":{"@id":"https:\/\/www.noticiasradioreflejos.com.ar\/2021\/#\/schema\/person\/ad82545263dcc5ec0996818884fd5fb1"},"breadcrumb":{"@id":"https:\/\/www.noticiasradioreflejos.com.ar\/2021\/malvinas-nos-une-nuevo-diseno-para-los-vagones-argentinos\/#breadcrumb"},"inLanguage":"es","potentialAction":[{"@type":"ReadAction","target":["https:\/\/www.noticiasradioreflejos.com.ar\/2021\/malvinas-nos-une-nuevo-diseno-para-los-vagones-argentinos\/"]}]},{"@type":"ImageObject","inLanguage":"es","@id":"https:\/\/www.noticiasradioreflejos.com.ar\/2021\/malvinas-nos-une-nuevo-diseno-para-los-vagones-argentinos\/#primaryimage","url":"https:\/\/www.telam.com.ar\/thumbs\/bluesteel\/advf\/imagenes\/2022\/04\/624df15000282_900.jpg","contentUrl":"https:\/\/www.telam.com.ar\/thumbs\/bluesteel\/advf\/imagenes\/2022\/04\/624df15000282_900.jpg"},{"@type":"BreadcrumbList","@id":"https:\/\/www.noticiasradioreflejos.com.ar\/2021\/malvinas-nos-une-nuevo-diseno-para-los-vagones-argentinos\/#breadcrumb","itemListElement":[{"@type":"ListItem","position":1,"name":"Portada","item":"https:\/\/www.noticiasradioreflejos.com.ar\/2021\/"},{"@type":"ListItem","position":2,"name":"\u201cMalvinas nos une\u201d: nuevo dise\u00f1o para los vagones argentinos"}]},{"@type":"WebSite","@id":"https:\/\/www.noticiasradioreflejos.com.ar\/2021\/#website","url":"https:\/\/www.noticiasradioreflejos.com.ar\/2021\/","name":"Noticias Radio Reflejos","description":"Las noticias de mi comarca","potentialAction":[{"@type":"SearchAction","target":{"@type":"EntryPoint","urlTemplate":"https:\/\/www.noticiasradioreflejos.com.ar\/2021\/?s={search_term_string}"},"query-input":{"@type":"PropertyValueSpecification","valueRequired":true,"valueName":"search_term_string"}}],"inLanguage":"es"},{"@type":"Person","@id":"https:\/\/www.noticiasradioreflejos.com.ar\/2021\/#\/schema\/person\/ad82545263dcc5ec0996818884fd5fb1","name":"Arnaldo Botto","image":{"@type":"ImageObject","inLanguage":"es","@id":"https:\/\/www.noticiasradioreflejos.com.ar\/2021\/#\/schema\/person\/image\/","url":"https:\/\/secure.gravatar.com\/avatar\/55cb5e37c1efa326397366e6974cb338056df65cb50e7d64d1cf314e87504837?s=96&d=mm&r=g","contentUrl":"https:\/\/secure.gravatar.com\/avatar\/55cb5e37c1efa326397366e6974cb338056df65cb50e7d64d1cf314e87504837?s=96&d=mm&r=g","caption":"Arnaldo Botto"},"url":"https:\/\/www.noticiasradioreflejos.com.ar\/2021\/author\/arnaldo\/"}]}},"_links":{"self":[{"href":"https:\/\/www.noticiasradioreflejos.com.ar\/2021\/wp-json\/wp\/v2\/posts\/70357","targetHints":{"allow":["GET"]}}],"collection":[{"href":"https:\/\/www.noticiasradioreflejos.com.ar\/2021\/wp-json\/wp\/v2\/posts"}],"about":[{"href":"https:\/\/www.noticiasradioreflejos.com.ar\/2021\/wp-json\/wp\/v2\/types\/post"}],"author":[{"embeddable":true,"href":"https:\/\/www.noticiasradioreflejos.com.ar\/2021\/wp-json\/wp\/v2\/users\/3"}],"replies":[{"embeddable":true,"href":"https:\/\/www.noticiasradioreflejos.com.ar\/2021\/wp-json\/wp\/v2\/comments?post=70357"}],"version-history":[{"count":1,"href":"https:\/\/www.noticiasradioreflejos.com.ar\/2021\/wp-json\/wp\/v2\/posts\/70357\/revisions"}],"predecessor-version":[{"id":70359,"href":"https:\/\/www.noticiasradioreflejos.com.ar\/2021\/wp-json\/wp\/v2\/posts\/70357\/revisions\/70359"}],"wp:attachment":[{"href":"https:\/\/www.noticiasradioreflejos.com.ar\/2021\/wp-json\/wp\/v2\/media?parent=70357"}],"wp:term":[{"taxonomy":"category","embeddable":true,"href":"https:\/\/www.noticiasradioreflejos.com.ar\/2021\/wp-json\/wp\/v2\/categories?post=70357"},{"taxonomy":"post_tag","embeddable":true,"href":"https:\/\/www.noticiasradioreflejos.com.ar\/2021\/wp-json\/wp\/v2\/tags?post=70357"}],"curies":[{"name":"wp","href":"https:\/\/api.w.org\/{rel}","templated":true}]}}