{"id":70353,"date":"2022-04-07T12:05:28","date_gmt":"2022-04-07T12:05:28","guid":{"rendered":"http:\/\/www.noticiasradioreflejos.com.ar\/2021\/?p=70353"},"modified":"2022-04-07T12:05:28","modified_gmt":"2022-04-07T12:05:28","slug":"7-de-abril-dia-mundial-de-la-salud-nuestro-planeta-nuestra-salud","status":"publish","type":"post","link":"https:\/\/www.noticiasradioreflejos.com.ar\/2021\/7-de-abril-dia-mundial-de-la-salud-nuestro-planeta-nuestra-salud\/","title":{"rendered":"7 DE ABRIL: D\u00cdA MUNDIAL DE LA SALUD &#8211; \u201cNuestro planeta, nuestra salud\u201d"},"content":{"rendered":"<p>Compartimos una columna en la que la Dra. Claudia Lascano, profesora de la carrera de Medicina de la Facultad de Ciencias Biom\u00e9dicas de la Universidad Austral y directora M\u00e9dica de la Posta Sanitaria \u201cLas Lilas\u201d.<!--more--><\/p>\n<p>En medio de una pandemia, un planeta con contaminaci\u00f3n en aumento y la incidencia creciente de enfermedades, el lema de este a\u00f1o propuesto por la Organizaci\u00f3n Mundial de la Salud es \u00abNuestro planeta, nuestra salud\u00bb, para llamar la atenci\u00f3n mundial sobre la interconexi\u00f3n entre los ecosistemas del planeta y nuestro bienestar.<\/p>\n<p>La salud est\u00e1 determinada por las condiciones en que nacemos, crecemos, vivimos, trabajamos y envejecemos, y la pandemia no ha hecho m\u00e1s que dejar a la vista las grandes desigualdades que se viven en todo el mundo.<\/p>\n<p>Seg\u00fan la Organizaci\u00f3n Panamericana de la Salud (OPS) m\u00e1s del 90% de las personas respiran aire contaminado. Debido al calentamiento global, los mosquitos propagan las enfermedades m\u00e1s lejos y m\u00e1s r\u00e1pido que antes. Los fen\u00f3menos meteorol\u00f3gicos extremos, la degradaci\u00f3n del suelo y la escasez de agua est\u00e1n desplazando a las personas y afectando a su salud. La contaminaci\u00f3n y los pl\u00e1sticos se han abierto paso en nuestra cadena alimentaria. Los sistemas de fabricaci\u00f3n de alimentos y bebidas poco saludables est\u00e1n impulsando una ola de obesidad, enfermedades cardiovasculares, el c\u00e1ncer, al tiempo que generan un tercio de las emisiones mundiales de gases invernaderos.<\/p>\n<p>\u00bfQU\u00c9 PODEMOS HACER POR NUESTRO PLANETA Y NUESTRA SALUD?<\/p>\n<p>Necesitamos que todos los actores de la sociedad sean capaces de llevar a cabo acciones que impactar\u00e1n a futuro. Por ello, es importante que logremos:<\/p>\n<p>Tomar decisiones priorizando el bienestar humano a largo plazo,<br \/>\nFomentar el desarrollo de proyectos que usen energ\u00edas renovables,<br \/>\nReducir los niveles de contaminaci\u00f3n del aire y por ende, las enfermedades,<br \/>\nEliminar los alimentos y bebidas altamente procesados,<br \/>\nLograr comunidades libres de humo,<br \/>\nIntegrar la salud mental y el apoyo psicosocial en la acci\u00f3n y las pol\u00edticas clim\u00e1ticas para prepararse y responder mejor ante la crisis clim\u00e1tica,<br \/>\nCrear espacios verdes que promuevan la actividad f\u00edsica y la salud mental.<br \/>\nDesde 2007, la Facultad de Ciencias Biom\u00e9dicas de la Universidad Austral lleva adelante la Posta Sanitaria \u201cLas Lilas\u201d, un proyecto de promoci\u00f3n social que se constituye en un Centro de Atenci\u00f3n Primaria de la Salud en Derqui, Pilar. Contribuye de forma interdisciplinaria al cuidado de la salud de m\u00e1s de 2.600 familias de la comunidad. Desde all\u00ed, se promueve un modelo de atenci\u00f3n primaria basado en acciones concretas, dirigidas a resolver necesidades y problemas de la comunidad, y se trabaja a partir de actividades coordinadas de educaci\u00f3n, prevenci\u00f3n, tratamiento y rehabilitaci\u00f3n, potenciando la autorresponsabilidad y la participaci\u00f3n comunitaria. Estas acciones hacen que las mismas personas de la comunidad prioricen los problemas de su entorno y generen acciones que tienen un impacto en la salud.<\/p>\n<p>No siempre es f\u00e1cil darse cuenta del origen de las amenazas, los peligros y los problemas ambientales. Por eso es tan importante el trabajo del equipo de salud, para desarrollar proyectos comunitarios participativos, ayudar a la comunidad a descubrir los problemas y a proponer soluciones.<\/p>\n<p>Vivimos en un mundo donde el clima cambia r\u00e1pidamente, por lo que estamos llamados para anticipar, prevenir y prepararnos para brindar servicios de salud de alta calidad. La salud ambiental s\u00f3lo mejorar\u00e1 si logramos ense\u00f1ar y aprender la importancia del ambiente, qu\u00e9 pr\u00e1cticas nos perjudican y qu\u00e9 acciones hay que comprometerse a adoptar.<\/p>\n<p>&nbsp;<\/p>\n<p><strong><em>Por Dra. Claudia Lascano<\/em><\/strong><br \/>\n<strong><em>Profesora de la carrera de Medicina de la Facultad de Ciencias Biom\u00e9dicas de la Universidad Austral y directora M\u00e9dica de la Posta Sanitaria \u201cLas Lilas\u201d.<\/em><\/strong><\/p>\n","protected":false},"excerpt":{"rendered":"<p>Compartimos una columna en la que la Dra. Claudia Lascano, profesora de la carrera de Medicina de la Facultad de Ciencias Biom\u00e9dicas de la Universidad Austral y directora M\u00e9dica de la Posta Sanitaria \u201cLas Lilas\u201d.<\/p>\n","protected":false},"author":3,"featured_media":0,"comment_status":"closed","ping_status":"closed","sticky":false,"template":"","format":"standard","meta":{"footnotes":""},"categories":[24,30],"tags":[],"class_list":["post-70353","post","type-post","status-publish","format-standard","hentry","category-politica","category-salud"],"yoast_head":"<!-- This site is optimized with the Yoast SEO plugin v25.9 - https:\/\/yoast.com\/wordpress\/plugins\/seo\/ -->\n<title>7 DE ABRIL: D\u00cdA MUNDIAL DE LA SALUD - \u201cNuestro planeta, nuestra salud\u201d - Noticias Radio Reflejos<\/title>\n<meta name=\"robots\" content=\"index, follow, max-snippet:-1, max-image-preview:large, max-video-preview:-1\" \/>\n<link rel=\"canonical\" href=\"https:\/\/www.noticiasradioreflejos.com.ar\/2021\/7-de-abril-dia-mundial-de-la-salud-nuestro-planeta-nuestra-salud\/\" \/>\n<meta property=\"og:locale\" content=\"es_ES\" \/>\n<meta property=\"og:type\" content=\"article\" \/>\n<meta property=\"og:title\" content=\"7 DE ABRIL: D\u00cdA MUNDIAL DE LA SALUD - \u201cNuestro planeta, nuestra salud\u201d - Noticias Radio Reflejos\" \/>\n<meta property=\"og:description\" content=\"Compartimos una columna en la que la Dra. Claudia Lascano, profesora de la carrera de Medicina de la Facultad de Ciencias Biom\u00e9dicas de la Universidad Austral y directora M\u00e9dica de la Posta Sanitaria \u201cLas Lilas\u201d.\" \/>\n<meta property=\"og:url\" content=\"https:\/\/www.noticiasradioreflejos.com.ar\/2021\/7-de-abril-dia-mundial-de-la-salud-nuestro-planeta-nuestra-salud\/\" \/>\n<meta property=\"og:site_name\" content=\"Noticias Radio Reflejos\" \/>\n<meta property=\"article:published_time\" content=\"2022-04-07T12:05:28+00:00\" \/>\n<meta property=\"og:image\" content=\"https:\/\/www.noticiasradioreflejos.com.ar\/2021\/wp-content\/uploads\/2021\/07\/logosol300x200.png\" \/>\n\t<meta property=\"og:image:width\" content=\"300\" \/>\n\t<meta property=\"og:image:height\" content=\"200\" \/>\n\t<meta property=\"og:image:type\" content=\"image\/png\" \/>\n<meta name=\"author\" content=\"Arnaldo Botto\" \/>\n<meta name=\"twitter:card\" content=\"summary_large_image\" \/>\n<script type=\"application\/ld+json\" class=\"yoast-schema-graph\">{\"@context\":\"https:\/\/schema.org\",\"@graph\":[{\"@type\":\"WebPage\",\"@id\":\"https:\/\/www.noticiasradioreflejos.com.ar\/2021\/7-de-abril-dia-mundial-de-la-salud-nuestro-planeta-nuestra-salud\/\",\"url\":\"https:\/\/www.noticiasradioreflejos.com.ar\/2021\/7-de-abril-dia-mundial-de-la-salud-nuestro-planeta-nuestra-salud\/\",\"name\":\"7 DE ABRIL: D\u00cdA MUNDIAL DE LA SALUD - \u201cNuestro planeta, nuestra salud\u201d - Noticias Radio Reflejos\",\"isPartOf\":{\"@id\":\"https:\/\/www.noticiasradioreflejos.com.ar\/2021\/#website\"},\"datePublished\":\"2022-04-07T12:05:28+00:00\",\"author\":{\"@id\":\"https:\/\/www.noticiasradioreflejos.com.ar\/2021\/#\/schema\/person\/ad82545263dcc5ec0996818884fd5fb1\"},\"breadcrumb\":{\"@id\":\"https:\/\/www.noticiasradioreflejos.com.ar\/2021\/7-de-abril-dia-mundial-de-la-salud-nuestro-planeta-nuestra-salud\/#breadcrumb\"},\"inLanguage\":\"es\",\"potentialAction\":[{\"@type\":\"ReadAction\",\"target\":[\"https:\/\/www.noticiasradioreflejos.com.ar\/2021\/7-de-abril-dia-mundial-de-la-salud-nuestro-planeta-nuestra-salud\/\"]}]},{\"@type\":\"BreadcrumbList\",\"@id\":\"https:\/\/www.noticiasradioreflejos.com.ar\/2021\/7-de-abril-dia-mundial-de-la-salud-nuestro-planeta-nuestra-salud\/#breadcrumb\",\"itemListElement\":[{\"@type\":\"ListItem\",\"position\":1,\"name\":\"Portada\",\"item\":\"https:\/\/www.noticiasradioreflejos.com.ar\/2021\/\"},{\"@type\":\"ListItem\",\"position\":2,\"name\":\"7 DE ABRIL: D\u00cdA MUNDIAL DE LA SALUD &#8211; \u201cNuestro planeta, nuestra salud\u201d\"}]},{\"@type\":\"WebSite\",\"@id\":\"https:\/\/www.noticiasradioreflejos.com.ar\/2021\/#website\",\"url\":\"https:\/\/www.noticiasradioreflejos.com.ar\/2021\/\",\"name\":\"Noticias Radio Reflejos\",\"description\":\"Las noticias de mi comarca\",\"potentialAction\":[{\"@type\":\"SearchAction\",\"target\":{\"@type\":\"EntryPoint\",\"urlTemplate\":\"https:\/\/www.noticiasradioreflejos.com.ar\/2021\/?s={search_term_string}\"},\"query-input\":{\"@type\":\"PropertyValueSpecification\",\"valueRequired\":true,\"valueName\":\"search_term_string\"}}],\"inLanguage\":\"es\"},{\"@type\":\"Person\",\"@id\":\"https:\/\/www.noticiasradioreflejos.com.ar\/2021\/#\/schema\/person\/ad82545263dcc5ec0996818884fd5fb1\",\"name\":\"Arnaldo Botto\",\"image\":{\"@type\":\"ImageObject\",\"inLanguage\":\"es\",\"@id\":\"https:\/\/www.noticiasradioreflejos.com.ar\/2021\/#\/schema\/person\/image\/\",\"url\":\"https:\/\/secure.gravatar.com\/avatar\/55cb5e37c1efa326397366e6974cb338056df65cb50e7d64d1cf314e87504837?s=96&d=mm&r=g\",\"contentUrl\":\"https:\/\/secure.gravatar.com\/avatar\/55cb5e37c1efa326397366e6974cb338056df65cb50e7d64d1cf314e87504837?s=96&d=mm&r=g\",\"caption\":\"Arnaldo Botto\"},\"url\":\"https:\/\/www.noticiasradioreflejos.com.ar\/2021\/author\/arnaldo\/\"}]}<\/script>\n<!-- \/ Yoast SEO plugin. -->","yoast_head_json":{"title":"7 DE ABRIL: D\u00cdA MUNDIAL DE LA SALUD - \u201cNuestro planeta, nuestra salud\u201d - Noticias Radio Reflejos","robots":{"index":"index","follow":"follow","max-snippet":"max-snippet:-1","max-image-preview":"max-image-preview:large","max-video-preview":"max-video-preview:-1"},"canonical":"https:\/\/www.noticiasradioreflejos.com.ar\/2021\/7-de-abril-dia-mundial-de-la-salud-nuestro-planeta-nuestra-salud\/","og_locale":"es_ES","og_type":"article","og_title":"7 DE ABRIL: D\u00cdA MUNDIAL DE LA SALUD - \u201cNuestro planeta, nuestra salud\u201d - Noticias Radio Reflejos","og_description":"Compartimos una columna en la que la Dra. Claudia Lascano, profesora de la carrera de Medicina de la Facultad de Ciencias Biom\u00e9dicas de la Universidad Austral y directora M\u00e9dica de la Posta Sanitaria \u201cLas Lilas\u201d.","og_url":"https:\/\/www.noticiasradioreflejos.com.ar\/2021\/7-de-abril-dia-mundial-de-la-salud-nuestro-planeta-nuestra-salud\/","og_site_name":"Noticias Radio Reflejos","article_published_time":"2022-04-07T12:05:28+00:00","og_image":[{"width":300,"height":200,"url":"https:\/\/www.noticiasradioreflejos.com.ar\/2021\/wp-content\/uploads\/2021\/07\/logosol300x200.png","type":"image\/png"}],"author":"Arnaldo Botto","twitter_card":"summary_large_image","schema":{"@context":"https:\/\/schema.org","@graph":[{"@type":"WebPage","@id":"https:\/\/www.noticiasradioreflejos.com.ar\/2021\/7-de-abril-dia-mundial-de-la-salud-nuestro-planeta-nuestra-salud\/","url":"https:\/\/www.noticiasradioreflejos.com.ar\/2021\/7-de-abril-dia-mundial-de-la-salud-nuestro-planeta-nuestra-salud\/","name":"7 DE ABRIL: D\u00cdA MUNDIAL DE LA SALUD - \u201cNuestro planeta, nuestra salud\u201d - Noticias Radio Reflejos","isPartOf":{"@id":"https:\/\/www.noticiasradioreflejos.com.ar\/2021\/#website"},"datePublished":"2022-04-07T12:05:28+00:00","author":{"@id":"https:\/\/www.noticiasradioreflejos.com.ar\/2021\/#\/schema\/person\/ad82545263dcc5ec0996818884fd5fb1"},"breadcrumb":{"@id":"https:\/\/www.noticiasradioreflejos.com.ar\/2021\/7-de-abril-dia-mundial-de-la-salud-nuestro-planeta-nuestra-salud\/#breadcrumb"},"inLanguage":"es","potentialAction":[{"@type":"ReadAction","target":["https:\/\/www.noticiasradioreflejos.com.ar\/2021\/7-de-abril-dia-mundial-de-la-salud-nuestro-planeta-nuestra-salud\/"]}]},{"@type":"BreadcrumbList","@id":"https:\/\/www.noticiasradioreflejos.com.ar\/2021\/7-de-abril-dia-mundial-de-la-salud-nuestro-planeta-nuestra-salud\/#breadcrumb","itemListElement":[{"@type":"ListItem","position":1,"name":"Portada","item":"https:\/\/www.noticiasradioreflejos.com.ar\/2021\/"},{"@type":"ListItem","position":2,"name":"7 DE ABRIL: D\u00cdA MUNDIAL DE LA SALUD &#8211; \u201cNuestro planeta, nuestra salud\u201d"}]},{"@type":"WebSite","@id":"https:\/\/www.noticiasradioreflejos.com.ar\/2021\/#website","url":"https:\/\/www.noticiasradioreflejos.com.ar\/2021\/","name":"Noticias Radio Reflejos","description":"Las noticias de mi comarca","potentialAction":[{"@type":"SearchAction","target":{"@type":"EntryPoint","urlTemplate":"https:\/\/www.noticiasradioreflejos.com.ar\/2021\/?s={search_term_string}"},"query-input":{"@type":"PropertyValueSpecification","valueRequired":true,"valueName":"search_term_string"}}],"inLanguage":"es"},{"@type":"Person","@id":"https:\/\/www.noticiasradioreflejos.com.ar\/2021\/#\/schema\/person\/ad82545263dcc5ec0996818884fd5fb1","name":"Arnaldo Botto","image":{"@type":"ImageObject","inLanguage":"es","@id":"https:\/\/www.noticiasradioreflejos.com.ar\/2021\/#\/schema\/person\/image\/","url":"https:\/\/secure.gravatar.com\/avatar\/55cb5e37c1efa326397366e6974cb338056df65cb50e7d64d1cf314e87504837?s=96&d=mm&r=g","contentUrl":"https:\/\/secure.gravatar.com\/avatar\/55cb5e37c1efa326397366e6974cb338056df65cb50e7d64d1cf314e87504837?s=96&d=mm&r=g","caption":"Arnaldo Botto"},"url":"https:\/\/www.noticiasradioreflejos.com.ar\/2021\/author\/arnaldo\/"}]}},"_links":{"self":[{"href":"https:\/\/www.noticiasradioreflejos.com.ar\/2021\/wp-json\/wp\/v2\/posts\/70353","targetHints":{"allow":["GET"]}}],"collection":[{"href":"https:\/\/www.noticiasradioreflejos.com.ar\/2021\/wp-json\/wp\/v2\/posts"}],"about":[{"href":"https:\/\/www.noticiasradioreflejos.com.ar\/2021\/wp-json\/wp\/v2\/types\/post"}],"author":[{"embeddable":true,"href":"https:\/\/www.noticiasradioreflejos.com.ar\/2021\/wp-json\/wp\/v2\/users\/3"}],"replies":[{"embeddable":true,"href":"https:\/\/www.noticiasradioreflejos.com.ar\/2021\/wp-json\/wp\/v2\/comments?post=70353"}],"version-history":[{"count":2,"href":"https:\/\/www.noticiasradioreflejos.com.ar\/2021\/wp-json\/wp\/v2\/posts\/70353\/revisions"}],"predecessor-version":[{"id":70356,"href":"https:\/\/www.noticiasradioreflejos.com.ar\/2021\/wp-json\/wp\/v2\/posts\/70353\/revisions\/70356"}],"wp:attachment":[{"href":"https:\/\/www.noticiasradioreflejos.com.ar\/2021\/wp-json\/wp\/v2\/media?parent=70353"}],"wp:term":[{"taxonomy":"category","embeddable":true,"href":"https:\/\/www.noticiasradioreflejos.com.ar\/2021\/wp-json\/wp\/v2\/categories?post=70353"},{"taxonomy":"post_tag","embeddable":true,"href":"https:\/\/www.noticiasradioreflejos.com.ar\/2021\/wp-json\/wp\/v2\/tags?post=70353"}],"curies":[{"name":"wp","href":"https:\/\/api.w.org\/{rel}","templated":true}]}}