{"id":70347,"date":"2022-04-07T11:14:12","date_gmt":"2022-04-07T11:14:12","guid":{"rendered":"http:\/\/www.noticiasradioreflejos.com.ar\/2021\/?p=70347"},"modified":"2022-04-07T11:14:12","modified_gmt":"2022-04-07T11:14:12","slug":"la-justicia-habilito-el-regreso-del-tren-de-pasajeros-a-bahia-blanca-y-ordeno-a-ferro-expreso-pampeano-que-arregle-las-vias","status":"publish","type":"post","link":"https:\/\/www.noticiasradioreflejos.com.ar\/2021\/la-justicia-habilito-el-regreso-del-tren-de-pasajeros-a-bahia-blanca-y-ordeno-a-ferro-expreso-pampeano-que-arregle-las-vias\/","title":{"rendered":"La justicia habilit\u00f3 el regreso del tren de pasajeros a Bah\u00eda Blanca y orden\u00f3 a Ferro Expreso Pampeano que arregle las v\u00edas"},"content":{"rendered":"<div class=\"et_pb_module et_pb_post_title et_pb_post_title_0_tb_body et_pb_bg_layout_light  et_pb_text_align_left\">\n<div class=\"et_pb_title_container\">\n<p class=\"et_pb_title_meta_container\">La justicia<strong>\u00a0levant\u00f3 la cautelar y habilit\u00f3 la circulaci\u00f3n del tren de pasajeros en la totalidad del ramal Constituci\u00f3n \u2013 Olavarr\u00eda<\/strong>\u00a0que se encuentra suspendido desde el 8 de marzo luego del\u00a0<a href=\"https:\/\/www.todoprovincial.com\/descarrilo-tren-de-pasajeros-olavarria-500-personas-varadas-heridos\/\">descarrilamiento ocurrido en las afueras de Olavarr\u00eda<\/a>.<\/p>\n<\/div>\n<\/div>\n<p><!--more--><\/p>\n<div class=\"et_pb_module et_pb_image et_pb_image_0_tb_body\"><span class=\"et_pb_image_wrap \"><img loading=\"lazy\" decoding=\"async\" class=\"lazyloaded\" title=\"tren bahia blanca\" src=\"https:\/\/www.todoprovincial.com\/wp-content\/uploads\/2022\/04\/tren-bahia-blanca-scaled-e1649275364463.jpg\" sizes=\"auto, (max-width: 1200px) 100vw, 1200px\" srcset=\"https:\/\/www.todoprovincial.com\/wp-content\/uploads\/2022\/04\/tren-bahia-blanca-1536x1024.jpg 1536w, https:\/\/www.todoprovincial.com\/wp-content\/uploads\/2022\/04\/tren-bahia-blanca-300x200.jpg 300w, https:\/\/www.todoprovincial.com\/wp-content\/uploads\/2022\/04\/tren-bahia-blanca-1024x683.jpg 1024w, https:\/\/www.todoprovincial.com\/wp-content\/uploads\/2022\/04\/tren-bahia-blanca-768x512.jpg 768w, https:\/\/www.todoprovincial.com\/wp-content\/uploads\/2022\/04\/tren-bahia-blanca-2048x1366.jpg 2048w, https:\/\/www.todoprovincial.com\/wp-content\/uploads\/2022\/04\/tren-bahia-blanca-1080x720.jpg 1080w, https:\/\/www.todoprovincial.com\/wp-content\/uploads\/2022\/04\/tren-bahia-blanca-scaled-e1649275364463.jpg 1200w\" alt=\"tren bah\u00eda blanca\" width=\"1200\" height=\"800\" data-ll-status=\"loaded\" \/><\/span><\/div>\n<div class=\"et_pb_module et_pb_post_content et_pb_post_content_0_tb_body\">\n<div class=\"mwm_rrss_contenedor mwm_rrss_appearance_4 mwm_rrss_alingment_2\"><\/div>\n<p>El Juzgado Federal N\u00b0 1 de Azul emiti\u00f3 un comunicado en donde indica que decreta \u201cel cese de la\u00a0<a href=\"https:\/\/www.todoprovincial.com\/la-justicia-habilito-la-vuelta-del-tren-de-pasajeros-hasta-olavarria\/\">medida cautelar<\/a>\u00a0de prohibici\u00f3n de restablecimiento de servicio de trenes de pasajeros en el tramo comprendido entre Olavarr\u00eda \u2013 Bah\u00eda Blanca\u201d.<\/p>\n<p>Seg\u00fan informaron, el levantamiento<strong>\u00a0\u201cser\u00e1 bajo estricta responsabilidad de Ferro Expreso Pampeano S.A., que deber\u00e1 garantizar el estado y las condiciones de uso de la red ferroviaria<\/strong>, para seguridad para los pasajeros, formaci\u00f3n y terceros en general\u201d.<\/p>\n<p>Adem\u00e1s\u00a0<strong>orden\u00f3 a Trenes Argentinos que garantice \u201cel estado, mantenimiento y condiciones de seguridad de la formaci\u00f3n<\/strong>\u00a0que preste el servicio y de las condiciones operativas de la conducci\u00f3n de los trenes; y la Comisi\u00f3n Nacional de Regulaci\u00f3n del Transporte (C.N.R.T.) que deber\u00e1 supervisar en forma estricta el cumplimiento de las condiciones de seguridad que se adopten y deber\u00e1 exigir aquellas que deban disponerse en un futuro\u201d.<\/p>\n<p>El levantamiento de la medida, en el tramo indicado, se resolvi\u00f3 luego de que la concesionaria respondiera el requerimiento judicial. Para ello, adem\u00e1s, se tuvieron en cuenta las consideraciones y conclusiones de la C.N.R.T.<\/p>\n<p>Al mismo tiempo, la justicia \u201cemplaz\u00f3 a las operadoras Ferro Expreso Pampeano y Trenes Argentinos para que adopten el<strong>\u00a0est\u00e1ndar de m\u00e1xima precauci\u00f3n<\/strong>, criterio que comprende: a las\u00a0<strong>pautas t\u00e9cnicas de circulaci\u00f3n, seguridad, velocidades m\u00e1ximas de la formaci\u00f3n<\/strong>, mecanismos de control de velocidades de circulaci\u00f3n en tiempo real, servicio y mantenimiento de las locomotoras y coches en los plazos y condiciones correspondientes, entre otras medidas; y recomend\u00f3 a las referidas empresas la adopci\u00f3n de un plan integral de reportes o registros de eventos, en el que puedan documentarse incidentes o novedades para la pronta interacci\u00f3n de las operadoras; y la habilitaci\u00f3n de una v\u00eda de comunicaci\u00f3n simple, expedita y \u00fanica, para que los usuarios puedan reportar novedades o incidentes\u201d.<\/p>\n<p>&nbsp;<\/p>\n<h2><strong>Ferro Expreso Pampeano intenta responsabilizar al maquinista<\/strong><\/h2>\n<p>D\u00edas atr\u00e1s Ferro Expreso Pampean<a href=\"https:\/\/www.todoprovincial.com\/tren-descarrilamiento-olavarria-empresa-concesionaria-vias-intenta-culpar-maquinista\/\">o emiti\u00f3 un comunicado<\/a>\u00a0asegurando que \u201c<strong>no hay evidencia de que el origen y\/o causa del descarrilo haya sido una falla en la infraestructura\u201d<\/strong>\u00a0y que \u201ccontrariamente a ello, las evidencias recolectadas hasta la fecha indican preliminarmente que el descarrilo habr\u00eda tenido su causa en la concurrencia de\u00a0<strong>varios factores ajenos a las v\u00edas<\/strong>, entre los cuales se destacan el exceso de velocidad y la falta de amortiguadores de movimiento de lazo\u201d.<\/p>\n<p>Las l\u00edneas de carga Sarmiento, Mitre y Roca est\u00e1n\u00a0<strong>concesionados desde hace m\u00e1s de 30 a\u00f1o<\/strong>s, durante los cuales las empresas a cargo mostraron una<strong>\u00a0evidente falta de inversiones<\/strong>\u00a0para mantener las v\u00edas en buen estado.<\/p>\n<p>La concesi\u00f3n de Ferro Expreso Pampeano<strong>\u00a0venci\u00f3 el 31 de octubre 2021<\/strong>, mientras que en el caso de Nuevo Central Argentino lo har\u00e1 en diciembre 2022 y para Ferrosur Roca ser\u00e1 el 10 de marzo 2023.<\/p>\n<p>El a\u00f1o pasado el gobierno nacional anunci\u00f3 la decisi\u00f3n de\u00a0<strong>no prorrogar las concesiones<\/strong>, de modo tal que las operaciones cargueras quedar\u00edan bajo la empresa Trenes Argentinos Cargas, mientras que la administraci\u00f3n de la infraestructura ferroviaria y de la totalidad de los bienes estar\u00e1 a cargo de Trenes Argentinos Infraestructura.<\/p>\n<p>Sin embargo, todav\u00eda no se conoci\u00f3 un esquema certero sobre c\u00f3mo se producir\u00e1 este traspaso y el cambio del sistema que pretende avanzar hacia un \u201c<strong>modelo de uso abierto con participaci\u00f3n p\u00fablico- privada<\/strong>\u201d. A Ferro Expreso Pampeano<strong>\u00a0le dieron una pr\u00f3rroga de un a\u00f1o<\/strong>\u00a0para que todos los vencimientos se produzcan en simult\u00e1neo.<\/p>\n<p>En esta modalidad de \u201cv\u00edas abiertas\u201d, ser\u00eda el Estado el que asegure la infraestructura de las v\u00edas y, por intermedio de peajes, las operadoras podr\u00e1n utilizar el transporte de cargas en el sistema ferroviario.<\/p>\n<p>Al anunciar esta medida, el Ministerio de Transporte hab\u00eda argumentado que \u201clas concesiones ferroviarias de cargas arrojan, al cabo de casi 30 a\u00f1os<strong>, un balance negativo en t\u00e9rminos de estado de la infraestructura (velocidad y ramales perdidos)<\/strong>\u201d.<\/p>\n<\/div>\n<p>&nbsp;<\/p>\n<p>&nbsp;<\/p>\n<p><strong>Fuente https:\/\/www.todoprovincial.com\/<\/strong><\/p>\n","protected":false},"excerpt":{"rendered":"<p>La justicia\u00a0levant\u00f3 la cautelar y habilit\u00f3 la circulaci\u00f3n del tren de pasajeros en la totalidad del ramal Constituci\u00f3n \u2013 Olavarr\u00eda\u00a0que se encuentra suspendido desde el 8 de marzo luego del\u00a0descarrilamiento ocurrido en las afueras de Olavarr\u00eda.<\/p>\n","protected":false},"author":3,"featured_media":0,"comment_status":"closed","ping_status":"closed","sticky":false,"template":"","format":"standard","meta":{"footnotes":""},"categories":[57,26],"tags":[],"class_list":["post-70347","post","type-post","status-publish","format-standard","hentry","category-judiciales","category-sociedad"],"yoast_head":"<!-- This site is optimized with the Yoast SEO plugin v25.9 - https:\/\/yoast.com\/wordpress\/plugins\/seo\/ -->\n<title>La justicia habilit\u00f3 el regreso del tren de pasajeros a Bah\u00eda Blanca y orden\u00f3 a Ferro Expreso Pampeano que arregle las v\u00edas - Noticias Radio Reflejos<\/title>\n<meta name=\"robots\" content=\"index, follow, max-snippet:-1, max-image-preview:large, max-video-preview:-1\" \/>\n<link rel=\"canonical\" href=\"https:\/\/www.noticiasradioreflejos.com.ar\/2021\/la-justicia-habilito-el-regreso-del-tren-de-pasajeros-a-bahia-blanca-y-ordeno-a-ferro-expreso-pampeano-que-arregle-las-vias\/\" \/>\n<meta property=\"og:locale\" content=\"es_ES\" \/>\n<meta property=\"og:type\" content=\"article\" \/>\n<meta property=\"og:title\" content=\"La justicia habilit\u00f3 el regreso del tren de pasajeros a Bah\u00eda Blanca y orden\u00f3 a Ferro Expreso Pampeano que arregle las v\u00edas - Noticias Radio Reflejos\" \/>\n<meta property=\"og:description\" content=\"La justicia\u00a0levant\u00f3 la cautelar y habilit\u00f3 la circulaci\u00f3n del tren de pasajeros en la totalidad del ramal Constituci\u00f3n \u2013 Olavarr\u00eda\u00a0que se encuentra suspendido desde el 8 de marzo luego del\u00a0descarrilamiento ocurrido en las afueras de Olavarr\u00eda.\" \/>\n<meta property=\"og:url\" content=\"https:\/\/www.noticiasradioreflejos.com.ar\/2021\/la-justicia-habilito-el-regreso-del-tren-de-pasajeros-a-bahia-blanca-y-ordeno-a-ferro-expreso-pampeano-que-arregle-las-vias\/\" \/>\n<meta property=\"og:site_name\" content=\"Noticias Radio Reflejos\" \/>\n<meta property=\"article:published_time\" content=\"2022-04-07T11:14:12+00:00\" \/>\n<meta property=\"og:image\" content=\"https:\/\/www.todoprovincial.com\/wp-content\/uploads\/2022\/04\/tren-bahia-blanca-scaled-e1649275364463.jpg\" \/>\n<meta name=\"author\" content=\"Arnaldo Botto\" \/>\n<meta name=\"twitter:card\" content=\"summary_large_image\" \/>\n<script type=\"application\/ld+json\" class=\"yoast-schema-graph\">{\"@context\":\"https:\/\/schema.org\",\"@graph\":[{\"@type\":\"WebPage\",\"@id\":\"https:\/\/www.noticiasradioreflejos.com.ar\/2021\/la-justicia-habilito-el-regreso-del-tren-de-pasajeros-a-bahia-blanca-y-ordeno-a-ferro-expreso-pampeano-que-arregle-las-vias\/\",\"url\":\"https:\/\/www.noticiasradioreflejos.com.ar\/2021\/la-justicia-habilito-el-regreso-del-tren-de-pasajeros-a-bahia-blanca-y-ordeno-a-ferro-expreso-pampeano-que-arregle-las-vias\/\",\"name\":\"La justicia habilit\u00f3 el regreso del tren de pasajeros a Bah\u00eda Blanca y orden\u00f3 a Ferro Expreso Pampeano que arregle las v\u00edas - Noticias Radio Reflejos\",\"isPartOf\":{\"@id\":\"https:\/\/www.noticiasradioreflejos.com.ar\/2021\/#website\"},\"primaryImageOfPage\":{\"@id\":\"https:\/\/www.noticiasradioreflejos.com.ar\/2021\/la-justicia-habilito-el-regreso-del-tren-de-pasajeros-a-bahia-blanca-y-ordeno-a-ferro-expreso-pampeano-que-arregle-las-vias\/#primaryimage\"},\"image\":{\"@id\":\"https:\/\/www.noticiasradioreflejos.com.ar\/2021\/la-justicia-habilito-el-regreso-del-tren-de-pasajeros-a-bahia-blanca-y-ordeno-a-ferro-expreso-pampeano-que-arregle-las-vias\/#primaryimage\"},\"thumbnailUrl\":\"https:\/\/www.todoprovincial.com\/wp-content\/uploads\/2022\/04\/tren-bahia-blanca-scaled-e1649275364463.jpg\",\"datePublished\":\"2022-04-07T11:14:12+00:00\",\"author\":{\"@id\":\"https:\/\/www.noticiasradioreflejos.com.ar\/2021\/#\/schema\/person\/ad82545263dcc5ec0996818884fd5fb1\"},\"breadcrumb\":{\"@id\":\"https:\/\/www.noticiasradioreflejos.com.ar\/2021\/la-justicia-habilito-el-regreso-del-tren-de-pasajeros-a-bahia-blanca-y-ordeno-a-ferro-expreso-pampeano-que-arregle-las-vias\/#breadcrumb\"},\"inLanguage\":\"es\",\"potentialAction\":[{\"@type\":\"ReadAction\",\"target\":[\"https:\/\/www.noticiasradioreflejos.com.ar\/2021\/la-justicia-habilito-el-regreso-del-tren-de-pasajeros-a-bahia-blanca-y-ordeno-a-ferro-expreso-pampeano-que-arregle-las-vias\/\"]}]},{\"@type\":\"ImageObject\",\"inLanguage\":\"es\",\"@id\":\"https:\/\/www.noticiasradioreflejos.com.ar\/2021\/la-justicia-habilito-el-regreso-del-tren-de-pasajeros-a-bahia-blanca-y-ordeno-a-ferro-expreso-pampeano-que-arregle-las-vias\/#primaryimage\",\"url\":\"https:\/\/www.todoprovincial.com\/wp-content\/uploads\/2022\/04\/tren-bahia-blanca-scaled-e1649275364463.jpg\",\"contentUrl\":\"https:\/\/www.todoprovincial.com\/wp-content\/uploads\/2022\/04\/tren-bahia-blanca-scaled-e1649275364463.jpg\"},{\"@type\":\"BreadcrumbList\",\"@id\":\"https:\/\/www.noticiasradioreflejos.com.ar\/2021\/la-justicia-habilito-el-regreso-del-tren-de-pasajeros-a-bahia-blanca-y-ordeno-a-ferro-expreso-pampeano-que-arregle-las-vias\/#breadcrumb\",\"itemListElement\":[{\"@type\":\"ListItem\",\"position\":1,\"name\":\"Portada\",\"item\":\"https:\/\/www.noticiasradioreflejos.com.ar\/2021\/\"},{\"@type\":\"ListItem\",\"position\":2,\"name\":\"La justicia habilit\u00f3 el regreso del tren de pasajeros a Bah\u00eda Blanca y orden\u00f3 a Ferro Expreso Pampeano que arregle las v\u00edas\"}]},{\"@type\":\"WebSite\",\"@id\":\"https:\/\/www.noticiasradioreflejos.com.ar\/2021\/#website\",\"url\":\"https:\/\/www.noticiasradioreflejos.com.ar\/2021\/\",\"name\":\"Noticias Radio Reflejos\",\"description\":\"Las noticias de mi comarca\",\"potentialAction\":[{\"@type\":\"SearchAction\",\"target\":{\"@type\":\"EntryPoint\",\"urlTemplate\":\"https:\/\/www.noticiasradioreflejos.com.ar\/2021\/?s={search_term_string}\"},\"query-input\":{\"@type\":\"PropertyValueSpecification\",\"valueRequired\":true,\"valueName\":\"search_term_string\"}}],\"inLanguage\":\"es\"},{\"@type\":\"Person\",\"@id\":\"https:\/\/www.noticiasradioreflejos.com.ar\/2021\/#\/schema\/person\/ad82545263dcc5ec0996818884fd5fb1\",\"name\":\"Arnaldo Botto\",\"image\":{\"@type\":\"ImageObject\",\"inLanguage\":\"es\",\"@id\":\"https:\/\/www.noticiasradioreflejos.com.ar\/2021\/#\/schema\/person\/image\/\",\"url\":\"https:\/\/secure.gravatar.com\/avatar\/55cb5e37c1efa326397366e6974cb338056df65cb50e7d64d1cf314e87504837?s=96&d=mm&r=g\",\"contentUrl\":\"https:\/\/secure.gravatar.com\/avatar\/55cb5e37c1efa326397366e6974cb338056df65cb50e7d64d1cf314e87504837?s=96&d=mm&r=g\",\"caption\":\"Arnaldo Botto\"},\"url\":\"https:\/\/www.noticiasradioreflejos.com.ar\/2021\/author\/arnaldo\/\"}]}<\/script>\n<!-- \/ Yoast SEO plugin. -->","yoast_head_json":{"title":"La justicia habilit\u00f3 el regreso del tren de pasajeros a Bah\u00eda Blanca y orden\u00f3 a Ferro Expreso Pampeano que arregle las v\u00edas - Noticias Radio Reflejos","robots":{"index":"index","follow":"follow","max-snippet":"max-snippet:-1","max-image-preview":"max-image-preview:large","max-video-preview":"max-video-preview:-1"},"canonical":"https:\/\/www.noticiasradioreflejos.com.ar\/2021\/la-justicia-habilito-el-regreso-del-tren-de-pasajeros-a-bahia-blanca-y-ordeno-a-ferro-expreso-pampeano-que-arregle-las-vias\/","og_locale":"es_ES","og_type":"article","og_title":"La justicia habilit\u00f3 el regreso del tren de pasajeros a Bah\u00eda Blanca y orden\u00f3 a Ferro Expreso Pampeano que arregle las v\u00edas - Noticias Radio Reflejos","og_description":"La justicia\u00a0levant\u00f3 la cautelar y habilit\u00f3 la circulaci\u00f3n del tren de pasajeros en la totalidad del ramal Constituci\u00f3n \u2013 Olavarr\u00eda\u00a0que se encuentra suspendido desde el 8 de marzo luego del\u00a0descarrilamiento ocurrido en las afueras de Olavarr\u00eda.","og_url":"https:\/\/www.noticiasradioreflejos.com.ar\/2021\/la-justicia-habilito-el-regreso-del-tren-de-pasajeros-a-bahia-blanca-y-ordeno-a-ferro-expreso-pampeano-que-arregle-las-vias\/","og_site_name":"Noticias Radio Reflejos","article_published_time":"2022-04-07T11:14:12+00:00","og_image":[{"url":"https:\/\/www.todoprovincial.com\/wp-content\/uploads\/2022\/04\/tren-bahia-blanca-scaled-e1649275364463.jpg","type":"","width":"","height":""}],"author":"Arnaldo Botto","twitter_card":"summary_large_image","schema":{"@context":"https:\/\/schema.org","@graph":[{"@type":"WebPage","@id":"https:\/\/www.noticiasradioreflejos.com.ar\/2021\/la-justicia-habilito-el-regreso-del-tren-de-pasajeros-a-bahia-blanca-y-ordeno-a-ferro-expreso-pampeano-que-arregle-las-vias\/","url":"https:\/\/www.noticiasradioreflejos.com.ar\/2021\/la-justicia-habilito-el-regreso-del-tren-de-pasajeros-a-bahia-blanca-y-ordeno-a-ferro-expreso-pampeano-que-arregle-las-vias\/","name":"La justicia habilit\u00f3 el regreso del tren de pasajeros a Bah\u00eda Blanca y orden\u00f3 a Ferro Expreso Pampeano que arregle las v\u00edas - Noticias Radio Reflejos","isPartOf":{"@id":"https:\/\/www.noticiasradioreflejos.com.ar\/2021\/#website"},"primaryImageOfPage":{"@id":"https:\/\/www.noticiasradioreflejos.com.ar\/2021\/la-justicia-habilito-el-regreso-del-tren-de-pasajeros-a-bahia-blanca-y-ordeno-a-ferro-expreso-pampeano-que-arregle-las-vias\/#primaryimage"},"image":{"@id":"https:\/\/www.noticiasradioreflejos.com.ar\/2021\/la-justicia-habilito-el-regreso-del-tren-de-pasajeros-a-bahia-blanca-y-ordeno-a-ferro-expreso-pampeano-que-arregle-las-vias\/#primaryimage"},"thumbnailUrl":"https:\/\/www.todoprovincial.com\/wp-content\/uploads\/2022\/04\/tren-bahia-blanca-scaled-e1649275364463.jpg","datePublished":"2022-04-07T11:14:12+00:00","author":{"@id":"https:\/\/www.noticiasradioreflejos.com.ar\/2021\/#\/schema\/person\/ad82545263dcc5ec0996818884fd5fb1"},"breadcrumb":{"@id":"https:\/\/www.noticiasradioreflejos.com.ar\/2021\/la-justicia-habilito-el-regreso-del-tren-de-pasajeros-a-bahia-blanca-y-ordeno-a-ferro-expreso-pampeano-que-arregle-las-vias\/#breadcrumb"},"inLanguage":"es","potentialAction":[{"@type":"ReadAction","target":["https:\/\/www.noticiasradioreflejos.com.ar\/2021\/la-justicia-habilito-el-regreso-del-tren-de-pasajeros-a-bahia-blanca-y-ordeno-a-ferro-expreso-pampeano-que-arregle-las-vias\/"]}]},{"@type":"ImageObject","inLanguage":"es","@id":"https:\/\/www.noticiasradioreflejos.com.ar\/2021\/la-justicia-habilito-el-regreso-del-tren-de-pasajeros-a-bahia-blanca-y-ordeno-a-ferro-expreso-pampeano-que-arregle-las-vias\/#primaryimage","url":"https:\/\/www.todoprovincial.com\/wp-content\/uploads\/2022\/04\/tren-bahia-blanca-scaled-e1649275364463.jpg","contentUrl":"https:\/\/www.todoprovincial.com\/wp-content\/uploads\/2022\/04\/tren-bahia-blanca-scaled-e1649275364463.jpg"},{"@type":"BreadcrumbList","@id":"https:\/\/www.noticiasradioreflejos.com.ar\/2021\/la-justicia-habilito-el-regreso-del-tren-de-pasajeros-a-bahia-blanca-y-ordeno-a-ferro-expreso-pampeano-que-arregle-las-vias\/#breadcrumb","itemListElement":[{"@type":"ListItem","position":1,"name":"Portada","item":"https:\/\/www.noticiasradioreflejos.com.ar\/2021\/"},{"@type":"ListItem","position":2,"name":"La justicia habilit\u00f3 el regreso del tren de pasajeros a Bah\u00eda Blanca y orden\u00f3 a Ferro Expreso Pampeano que arregle las v\u00edas"}]},{"@type":"WebSite","@id":"https:\/\/www.noticiasradioreflejos.com.ar\/2021\/#website","url":"https:\/\/www.noticiasradioreflejos.com.ar\/2021\/","name":"Noticias Radio Reflejos","description":"Las noticias de mi comarca","potentialAction":[{"@type":"SearchAction","target":{"@type":"EntryPoint","urlTemplate":"https:\/\/www.noticiasradioreflejos.com.ar\/2021\/?s={search_term_string}"},"query-input":{"@type":"PropertyValueSpecification","valueRequired":true,"valueName":"search_term_string"}}],"inLanguage":"es"},{"@type":"Person","@id":"https:\/\/www.noticiasradioreflejos.com.ar\/2021\/#\/schema\/person\/ad82545263dcc5ec0996818884fd5fb1","name":"Arnaldo Botto","image":{"@type":"ImageObject","inLanguage":"es","@id":"https:\/\/www.noticiasradioreflejos.com.ar\/2021\/#\/schema\/person\/image\/","url":"https:\/\/secure.gravatar.com\/avatar\/55cb5e37c1efa326397366e6974cb338056df65cb50e7d64d1cf314e87504837?s=96&d=mm&r=g","contentUrl":"https:\/\/secure.gravatar.com\/avatar\/55cb5e37c1efa326397366e6974cb338056df65cb50e7d64d1cf314e87504837?s=96&d=mm&r=g","caption":"Arnaldo Botto"},"url":"https:\/\/www.noticiasradioreflejos.com.ar\/2021\/author\/arnaldo\/"}]}},"_links":{"self":[{"href":"https:\/\/www.noticiasradioreflejos.com.ar\/2021\/wp-json\/wp\/v2\/posts\/70347","targetHints":{"allow":["GET"]}}],"collection":[{"href":"https:\/\/www.noticiasradioreflejos.com.ar\/2021\/wp-json\/wp\/v2\/posts"}],"about":[{"href":"https:\/\/www.noticiasradioreflejos.com.ar\/2021\/wp-json\/wp\/v2\/types\/post"}],"author":[{"embeddable":true,"href":"https:\/\/www.noticiasradioreflejos.com.ar\/2021\/wp-json\/wp\/v2\/users\/3"}],"replies":[{"embeddable":true,"href":"https:\/\/www.noticiasradioreflejos.com.ar\/2021\/wp-json\/wp\/v2\/comments?post=70347"}],"version-history":[{"count":1,"href":"https:\/\/www.noticiasradioreflejos.com.ar\/2021\/wp-json\/wp\/v2\/posts\/70347\/revisions"}],"predecessor-version":[{"id":70349,"href":"https:\/\/www.noticiasradioreflejos.com.ar\/2021\/wp-json\/wp\/v2\/posts\/70347\/revisions\/70349"}],"wp:attachment":[{"href":"https:\/\/www.noticiasradioreflejos.com.ar\/2021\/wp-json\/wp\/v2\/media?parent=70347"}],"wp:term":[{"taxonomy":"category","embeddable":true,"href":"https:\/\/www.noticiasradioreflejos.com.ar\/2021\/wp-json\/wp\/v2\/categories?post=70347"},{"taxonomy":"post_tag","embeddable":true,"href":"https:\/\/www.noticiasradioreflejos.com.ar\/2021\/wp-json\/wp\/v2\/tags?post=70347"}],"curies":[{"name":"wp","href":"https:\/\/api.w.org\/{rel}","templated":true}]}}