{"id":70345,"date":"2022-04-07T11:03:34","date_gmt":"2022-04-07T11:03:34","guid":{"rendered":"http:\/\/www.noticiasradioreflejos.com.ar\/2021\/?p=70345"},"modified":"2022-04-07T11:03:34","modified_gmt":"2022-04-07T11:03:34","slug":"el-banco-nacion-suspende-el-tramite-de-fe-de-vida-para-jubilados-y-pensionados","status":"publish","type":"post","link":"https:\/\/www.noticiasradioreflejos.com.ar\/2021\/el-banco-nacion-suspende-el-tramite-de-fe-de-vida-para-jubilados-y-pensionados\/","title":{"rendered":"El Banco Naci\u00f3n suspende el tr\u00e1mite de fe de vida para jubilados y pensionados"},"content":{"rendered":"<p>Desde el pr\u00f3ximo viernes 8 de abril los beneficiarios habilitados podr\u00e1n percibir sus haberes sin la necesidad de demostrar la supervivencia.<!--more--><\/p>\n<figure class=\"mb-3\"><img decoding=\"async\" src=\"https:\/\/www.telam.com.ar\/thumbs\/bluesteel\/advf\/imagenes\/2021\/09\/615594d16157f_900.jpg\" alt=\"Foto archivo\" width=\"100%\" height=\"100%\" \/><\/p>\n<div class=\"media-icons\"><\/div><figcaption>Foto: archivo.<\/figcaption><\/figure>\n<p>El Banco de la Naci\u00f3n Argentina (BNA) y la Administraci\u00f3n Nacional de Seguridad Social (Anses) anunciaron que se suspender\u00e1 la necesidad de hacer el tr\u00e1mite de fe de vida a jubilados y pensionados para que pudieran cobrar sus haberes.<\/p>\n<p>De esta forma, a partir del pr\u00f3ximo viernes los beneficiarios habilitados podr\u00e1n percibir sus haberes sin la necesidad de demostrar la supervivencia, de acuerdo con el cronograma de pagos establecido por la Anses.<\/p>\n<p>\u00abEl BNA y Anses acordaron adem\u00e1s trabajar junto al Registro Nacional de las Personas (Renaper) para desarrollar un esquema de seguimiento y actualizaci\u00f3n de informaci\u00f3n que genere mayores certezas acerca de la &#8216;supervivencia&#8217; de jubilados y pensionados, y evite eventuales fraudes en perjuicio de todo el sistema de Seguridad Social\u00bb, se\u00f1al\u00f3 la entidad bancaria en un comunicado.<\/p>\n<p>El tr\u00e1mite de fe de vida estuvo suspendido hasta el 28 de febrero, cuando volvi\u00f3 a ser obligatorio, luego de que ese requisito para beneficiarios previsionales fuera relevado con motivo de las restricciones por la pandemia de coronavirus.<\/p>\n<p>En este sentido, con el objetivo de simplificar y hacer m\u00e1s \u00e1gil y amigable este tr\u00e1mite, la Anses comenz\u00f3 a solicitar desde noviembre de 2020 a las entidades bancarias que desarrollen y ofrezcan diversas metodolog\u00edas digitales a los jubilados y pensionados que permitan realizar la fe de vida.<\/p>\n<p>Para ello -como ya suced\u00eda con anterioridad- se utilizaron herramientas de comprobaci\u00f3n como las compras con tarjeta de d\u00e9bito o cr\u00e9dito en comercios, uso de cajeros con tecnolog\u00eda biom\u00e9trica y mediante aplicaciones m\u00f3viles, con lo cual los beneficiarios contar\u00e1n con la posibilidad de elegir de qu\u00e9 forma realizar este tr\u00e1mite.<\/p>\n<p>Las formas m\u00e1s utilizadas para realizar el tr\u00e1mite son: cobrar la jubilaci\u00f3n o pensi\u00f3n de manera directa por ventanilla en el banco, realizar una compra con la tarjeta de d\u00e9bito o cr\u00e9dito asociada a la cuenta bancaria, poner la huella digital en los diferentes t\u00f3tems de los bancos o acercarse a una Terminal de Autoconsulta biom\u00e9trica ubicada en las Oficinas de Anses.<\/p>\n<p>En caso de que el cobro del haber hubiera sido suspendido como consecuencia de no haber realizado la fe de vida, podr\u00e1 reactivarse una vez que la persona o su apoderado la realicen, sin necesidad de hacer un tr\u00e1mite adicional, aunque el pr\u00f3ximo cobro puede demorar hasta 60 d\u00edas.<\/p>\n","protected":false},"excerpt":{"rendered":"<p>Desde el pr\u00f3ximo viernes 8 de abril los beneficiarios habilitados podr\u00e1n percibir sus haberes sin la necesidad de demostrar la supervivencia.<\/p>\n","protected":false},"author":3,"featured_media":0,"comment_status":"closed","ping_status":"closed","sticky":false,"template":"","format":"standard","meta":{"footnotes":""},"categories":[24,26],"tags":[],"class_list":["post-70345","post","type-post","status-publish","format-standard","hentry","category-politica","category-sociedad"],"yoast_head":"<!-- This site is optimized with the Yoast SEO plugin v25.9 - https:\/\/yoast.com\/wordpress\/plugins\/seo\/ -->\n<title>El Banco Naci\u00f3n suspende el tr\u00e1mite de fe de vida para jubilados y pensionados - Noticias Radio Reflejos<\/title>\n<meta name=\"robots\" content=\"index, follow, max-snippet:-1, max-image-preview:large, max-video-preview:-1\" \/>\n<link rel=\"canonical\" href=\"https:\/\/www.noticiasradioreflejos.com.ar\/2021\/el-banco-nacion-suspende-el-tramite-de-fe-de-vida-para-jubilados-y-pensionados\/\" \/>\n<meta property=\"og:locale\" content=\"es_ES\" \/>\n<meta property=\"og:type\" content=\"article\" \/>\n<meta property=\"og:title\" content=\"El Banco Naci\u00f3n suspende el tr\u00e1mite de fe de vida para jubilados y pensionados - Noticias Radio Reflejos\" \/>\n<meta property=\"og:description\" content=\"Desde el pr\u00f3ximo viernes 8 de abril los beneficiarios habilitados podr\u00e1n percibir sus haberes sin la necesidad de demostrar la supervivencia.\" \/>\n<meta property=\"og:url\" content=\"https:\/\/www.noticiasradioreflejos.com.ar\/2021\/el-banco-nacion-suspende-el-tramite-de-fe-de-vida-para-jubilados-y-pensionados\/\" \/>\n<meta property=\"og:site_name\" content=\"Noticias Radio Reflejos\" \/>\n<meta property=\"article:published_time\" content=\"2022-04-07T11:03:34+00:00\" \/>\n<meta property=\"og:image\" content=\"https:\/\/www.telam.com.ar\/thumbs\/bluesteel\/advf\/imagenes\/2021\/09\/615594d16157f_900.jpg\" \/>\n<meta name=\"author\" content=\"Arnaldo Botto\" \/>\n<meta name=\"twitter:card\" content=\"summary_large_image\" \/>\n<script type=\"application\/ld+json\" class=\"yoast-schema-graph\">{\"@context\":\"https:\/\/schema.org\",\"@graph\":[{\"@type\":\"WebPage\",\"@id\":\"https:\/\/www.noticiasradioreflejos.com.ar\/2021\/el-banco-nacion-suspende-el-tramite-de-fe-de-vida-para-jubilados-y-pensionados\/\",\"url\":\"https:\/\/www.noticiasradioreflejos.com.ar\/2021\/el-banco-nacion-suspende-el-tramite-de-fe-de-vida-para-jubilados-y-pensionados\/\",\"name\":\"El Banco Naci\u00f3n suspende el tr\u00e1mite de fe de vida para jubilados y pensionados - Noticias Radio Reflejos\",\"isPartOf\":{\"@id\":\"https:\/\/www.noticiasradioreflejos.com.ar\/2021\/#website\"},\"primaryImageOfPage\":{\"@id\":\"https:\/\/www.noticiasradioreflejos.com.ar\/2021\/el-banco-nacion-suspende-el-tramite-de-fe-de-vida-para-jubilados-y-pensionados\/#primaryimage\"},\"image\":{\"@id\":\"https:\/\/www.noticiasradioreflejos.com.ar\/2021\/el-banco-nacion-suspende-el-tramite-de-fe-de-vida-para-jubilados-y-pensionados\/#primaryimage\"},\"thumbnailUrl\":\"https:\/\/www.telam.com.ar\/thumbs\/bluesteel\/advf\/imagenes\/2021\/09\/615594d16157f_900.jpg\",\"datePublished\":\"2022-04-07T11:03:34+00:00\",\"author\":{\"@id\":\"https:\/\/www.noticiasradioreflejos.com.ar\/2021\/#\/schema\/person\/ad82545263dcc5ec0996818884fd5fb1\"},\"breadcrumb\":{\"@id\":\"https:\/\/www.noticiasradioreflejos.com.ar\/2021\/el-banco-nacion-suspende-el-tramite-de-fe-de-vida-para-jubilados-y-pensionados\/#breadcrumb\"},\"inLanguage\":\"es\",\"potentialAction\":[{\"@type\":\"ReadAction\",\"target\":[\"https:\/\/www.noticiasradioreflejos.com.ar\/2021\/el-banco-nacion-suspende-el-tramite-de-fe-de-vida-para-jubilados-y-pensionados\/\"]}]},{\"@type\":\"ImageObject\",\"inLanguage\":\"es\",\"@id\":\"https:\/\/www.noticiasradioreflejos.com.ar\/2021\/el-banco-nacion-suspende-el-tramite-de-fe-de-vida-para-jubilados-y-pensionados\/#primaryimage\",\"url\":\"https:\/\/www.telam.com.ar\/thumbs\/bluesteel\/advf\/imagenes\/2021\/09\/615594d16157f_900.jpg\",\"contentUrl\":\"https:\/\/www.telam.com.ar\/thumbs\/bluesteel\/advf\/imagenes\/2021\/09\/615594d16157f_900.jpg\"},{\"@type\":\"BreadcrumbList\",\"@id\":\"https:\/\/www.noticiasradioreflejos.com.ar\/2021\/el-banco-nacion-suspende-el-tramite-de-fe-de-vida-para-jubilados-y-pensionados\/#breadcrumb\",\"itemListElement\":[{\"@type\":\"ListItem\",\"position\":1,\"name\":\"Portada\",\"item\":\"https:\/\/www.noticiasradioreflejos.com.ar\/2021\/\"},{\"@type\":\"ListItem\",\"position\":2,\"name\":\"El Banco Naci\u00f3n suspende el tr\u00e1mite de fe de vida para jubilados y pensionados\"}]},{\"@type\":\"WebSite\",\"@id\":\"https:\/\/www.noticiasradioreflejos.com.ar\/2021\/#website\",\"url\":\"https:\/\/www.noticiasradioreflejos.com.ar\/2021\/\",\"name\":\"Noticias Radio Reflejos\",\"description\":\"Las noticias de mi comarca\",\"potentialAction\":[{\"@type\":\"SearchAction\",\"target\":{\"@type\":\"EntryPoint\",\"urlTemplate\":\"https:\/\/www.noticiasradioreflejos.com.ar\/2021\/?s={search_term_string}\"},\"query-input\":{\"@type\":\"PropertyValueSpecification\",\"valueRequired\":true,\"valueName\":\"search_term_string\"}}],\"inLanguage\":\"es\"},{\"@type\":\"Person\",\"@id\":\"https:\/\/www.noticiasradioreflejos.com.ar\/2021\/#\/schema\/person\/ad82545263dcc5ec0996818884fd5fb1\",\"name\":\"Arnaldo Botto\",\"image\":{\"@type\":\"ImageObject\",\"inLanguage\":\"es\",\"@id\":\"https:\/\/www.noticiasradioreflejos.com.ar\/2021\/#\/schema\/person\/image\/\",\"url\":\"https:\/\/secure.gravatar.com\/avatar\/55cb5e37c1efa326397366e6974cb338056df65cb50e7d64d1cf314e87504837?s=96&d=mm&r=g\",\"contentUrl\":\"https:\/\/secure.gravatar.com\/avatar\/55cb5e37c1efa326397366e6974cb338056df65cb50e7d64d1cf314e87504837?s=96&d=mm&r=g\",\"caption\":\"Arnaldo Botto\"},\"url\":\"https:\/\/www.noticiasradioreflejos.com.ar\/2021\/author\/arnaldo\/\"}]}<\/script>\n<!-- \/ Yoast SEO plugin. -->","yoast_head_json":{"title":"El Banco Naci\u00f3n suspende el tr\u00e1mite de fe de vida para jubilados y pensionados - Noticias Radio Reflejos","robots":{"index":"index","follow":"follow","max-snippet":"max-snippet:-1","max-image-preview":"max-image-preview:large","max-video-preview":"max-video-preview:-1"},"canonical":"https:\/\/www.noticiasradioreflejos.com.ar\/2021\/el-banco-nacion-suspende-el-tramite-de-fe-de-vida-para-jubilados-y-pensionados\/","og_locale":"es_ES","og_type":"article","og_title":"El Banco Naci\u00f3n suspende el tr\u00e1mite de fe de vida para jubilados y pensionados - Noticias Radio Reflejos","og_description":"Desde el pr\u00f3ximo viernes 8 de abril los beneficiarios habilitados podr\u00e1n percibir sus haberes sin la necesidad de demostrar la supervivencia.","og_url":"https:\/\/www.noticiasradioreflejos.com.ar\/2021\/el-banco-nacion-suspende-el-tramite-de-fe-de-vida-para-jubilados-y-pensionados\/","og_site_name":"Noticias Radio Reflejos","article_published_time":"2022-04-07T11:03:34+00:00","og_image":[{"url":"https:\/\/www.telam.com.ar\/thumbs\/bluesteel\/advf\/imagenes\/2021\/09\/615594d16157f_900.jpg","type":"","width":"","height":""}],"author":"Arnaldo Botto","twitter_card":"summary_large_image","schema":{"@context":"https:\/\/schema.org","@graph":[{"@type":"WebPage","@id":"https:\/\/www.noticiasradioreflejos.com.ar\/2021\/el-banco-nacion-suspende-el-tramite-de-fe-de-vida-para-jubilados-y-pensionados\/","url":"https:\/\/www.noticiasradioreflejos.com.ar\/2021\/el-banco-nacion-suspende-el-tramite-de-fe-de-vida-para-jubilados-y-pensionados\/","name":"El Banco Naci\u00f3n suspende el tr\u00e1mite de fe de vida para jubilados y pensionados - Noticias Radio Reflejos","isPartOf":{"@id":"https:\/\/www.noticiasradioreflejos.com.ar\/2021\/#website"},"primaryImageOfPage":{"@id":"https:\/\/www.noticiasradioreflejos.com.ar\/2021\/el-banco-nacion-suspende-el-tramite-de-fe-de-vida-para-jubilados-y-pensionados\/#primaryimage"},"image":{"@id":"https:\/\/www.noticiasradioreflejos.com.ar\/2021\/el-banco-nacion-suspende-el-tramite-de-fe-de-vida-para-jubilados-y-pensionados\/#primaryimage"},"thumbnailUrl":"https:\/\/www.telam.com.ar\/thumbs\/bluesteel\/advf\/imagenes\/2021\/09\/615594d16157f_900.jpg","datePublished":"2022-04-07T11:03:34+00:00","author":{"@id":"https:\/\/www.noticiasradioreflejos.com.ar\/2021\/#\/schema\/person\/ad82545263dcc5ec0996818884fd5fb1"},"breadcrumb":{"@id":"https:\/\/www.noticiasradioreflejos.com.ar\/2021\/el-banco-nacion-suspende-el-tramite-de-fe-de-vida-para-jubilados-y-pensionados\/#breadcrumb"},"inLanguage":"es","potentialAction":[{"@type":"ReadAction","target":["https:\/\/www.noticiasradioreflejos.com.ar\/2021\/el-banco-nacion-suspende-el-tramite-de-fe-de-vida-para-jubilados-y-pensionados\/"]}]},{"@type":"ImageObject","inLanguage":"es","@id":"https:\/\/www.noticiasradioreflejos.com.ar\/2021\/el-banco-nacion-suspende-el-tramite-de-fe-de-vida-para-jubilados-y-pensionados\/#primaryimage","url":"https:\/\/www.telam.com.ar\/thumbs\/bluesteel\/advf\/imagenes\/2021\/09\/615594d16157f_900.jpg","contentUrl":"https:\/\/www.telam.com.ar\/thumbs\/bluesteel\/advf\/imagenes\/2021\/09\/615594d16157f_900.jpg"},{"@type":"BreadcrumbList","@id":"https:\/\/www.noticiasradioreflejos.com.ar\/2021\/el-banco-nacion-suspende-el-tramite-de-fe-de-vida-para-jubilados-y-pensionados\/#breadcrumb","itemListElement":[{"@type":"ListItem","position":1,"name":"Portada","item":"https:\/\/www.noticiasradioreflejos.com.ar\/2021\/"},{"@type":"ListItem","position":2,"name":"El Banco Naci\u00f3n suspende el tr\u00e1mite de fe de vida para jubilados y pensionados"}]},{"@type":"WebSite","@id":"https:\/\/www.noticiasradioreflejos.com.ar\/2021\/#website","url":"https:\/\/www.noticiasradioreflejos.com.ar\/2021\/","name":"Noticias Radio Reflejos","description":"Las noticias de mi comarca","potentialAction":[{"@type":"SearchAction","target":{"@type":"EntryPoint","urlTemplate":"https:\/\/www.noticiasradioreflejos.com.ar\/2021\/?s={search_term_string}"},"query-input":{"@type":"PropertyValueSpecification","valueRequired":true,"valueName":"search_term_string"}}],"inLanguage":"es"},{"@type":"Person","@id":"https:\/\/www.noticiasradioreflejos.com.ar\/2021\/#\/schema\/person\/ad82545263dcc5ec0996818884fd5fb1","name":"Arnaldo Botto","image":{"@type":"ImageObject","inLanguage":"es","@id":"https:\/\/www.noticiasradioreflejos.com.ar\/2021\/#\/schema\/person\/image\/","url":"https:\/\/secure.gravatar.com\/avatar\/55cb5e37c1efa326397366e6974cb338056df65cb50e7d64d1cf314e87504837?s=96&d=mm&r=g","contentUrl":"https:\/\/secure.gravatar.com\/avatar\/55cb5e37c1efa326397366e6974cb338056df65cb50e7d64d1cf314e87504837?s=96&d=mm&r=g","caption":"Arnaldo Botto"},"url":"https:\/\/www.noticiasradioreflejos.com.ar\/2021\/author\/arnaldo\/"}]}},"_links":{"self":[{"href":"https:\/\/www.noticiasradioreflejos.com.ar\/2021\/wp-json\/wp\/v2\/posts\/70345","targetHints":{"allow":["GET"]}}],"collection":[{"href":"https:\/\/www.noticiasradioreflejos.com.ar\/2021\/wp-json\/wp\/v2\/posts"}],"about":[{"href":"https:\/\/www.noticiasradioreflejos.com.ar\/2021\/wp-json\/wp\/v2\/types\/post"}],"author":[{"embeddable":true,"href":"https:\/\/www.noticiasradioreflejos.com.ar\/2021\/wp-json\/wp\/v2\/users\/3"}],"replies":[{"embeddable":true,"href":"https:\/\/www.noticiasradioreflejos.com.ar\/2021\/wp-json\/wp\/v2\/comments?post=70345"}],"version-history":[{"count":1,"href":"https:\/\/www.noticiasradioreflejos.com.ar\/2021\/wp-json\/wp\/v2\/posts\/70345\/revisions"}],"predecessor-version":[{"id":70346,"href":"https:\/\/www.noticiasradioreflejos.com.ar\/2021\/wp-json\/wp\/v2\/posts\/70345\/revisions\/70346"}],"wp:attachment":[{"href":"https:\/\/www.noticiasradioreflejos.com.ar\/2021\/wp-json\/wp\/v2\/media?parent=70345"}],"wp:term":[{"taxonomy":"category","embeddable":true,"href":"https:\/\/www.noticiasradioreflejos.com.ar\/2021\/wp-json\/wp\/v2\/categories?post=70345"},{"taxonomy":"post_tag","embeddable":true,"href":"https:\/\/www.noticiasradioreflejos.com.ar\/2021\/wp-json\/wp\/v2\/tags?post=70345"}],"curies":[{"name":"wp","href":"https:\/\/api.w.org\/{rel}","templated":true}]}}