{"id":70343,"date":"2022-04-07T10:56:44","date_gmt":"2022-04-07T10:56:44","guid":{"rendered":"http:\/\/www.noticiasradioreflejos.com.ar\/2021\/?p=70343"},"modified":"2022-04-07T10:56:44","modified_gmt":"2022-04-07T10:56:44","slug":"arsat-brindara-conectividad-a-las-escuelas-publicas-de-todo-el-pais","status":"publish","type":"post","link":"https:\/\/www.noticiasradioreflejos.com.ar\/2021\/arsat-brindara-conectividad-a-las-escuelas-publicas-de-todo-el-pais\/","title":{"rendered":"Arsat brindar\u00e1 conectividad a las escuelas p\u00fablicas de todo el pa\u00eds"},"content":{"rendered":"<p>El nuevo plan tendr\u00e1 una duraci\u00f3n de tres a\u00f1os para brindar conectividad a un total de 42.630 establecimientos.<!--more--><\/p>\n<figure class=\"mb-3\"><img decoding=\"async\" src=\"https:\/\/www.telam.com.ar\/thumbs\/bluesteel\/advf\/imagenes\/2015\/01\/54ad76086be34_900.jpg\" alt=\"Telam SE\" width=\"100%\" height=\"100%\" \/><\/p>\n<div class=\"media-icons\"><\/div><figcaption><\/figcaption><\/figure>\n<p>La empresa de telecomunicaciones del Estado, Arsat, firmar\u00e1 este jueves un convenio marco con el Ministerio de Educaci\u00f3n de la Naci\u00f3n para la puesta en marcha de un plan de conectividad integral que proveer\u00e1 de Internet a la totalidad de las escuelas de gesti\u00f3n p\u00fablica del pa\u00eds y que demandar\u00e1 una inversi\u00f3n de 400 millones de d\u00f3lares.<\/p>\n<p>El acuerdo rubricado entre el presidente de la compa\u00f1\u00eda, Mat\u00edas Tombolini y el ministro Jaime Perczyk, tendr\u00e1 lugar durante la reuni\u00f3n del Consejo Federal de Educaci\u00f3n que se realizar\u00e1 este jueves en Ushuaia y contar\u00e1 con la presencia de los ministros de educaci\u00f3n provinciales, autoridades locales y educativas, seg\u00fan indic\u00f3 un comunicado oficial.<\/p>\n<p>El nuevo plan tendr\u00e1 una duraci\u00f3n de tres a\u00f1os para brindar conectividad a un total de 42.630 escuelas p\u00fablicas distribuidas en todas las provincias de Argentina.<\/p>\n<p>En la actualidad el 62% del total del alumnado est\u00e1 en condiciones de acceder a la conectividad en sus edificios escolares, el plan tiene como meta llegar a dar cobertura al 100% lo que representa acceso digital para unos 9.700.000 de alumnos de todo el pa\u00eds.<\/p>\n<p>La soluci\u00f3n integral que implementar\u00e1 ARSAT se desarrollar\u00e1 mediante una actualizaci\u00f3n de la infraestructura tecnol\u00f3gica existente y la correspondiente ampliaci\u00f3n de la misma, adem\u00e1s de la utilizaci\u00f3n de conectividad satelital (Banda Ka y Banda Ku) y el sistema integrado de conectividad terrestre (Refefo).<\/p>\n<p>Adem\u00e1s, la empresa de telecomunicaciones del Estado Nacional tendr\u00e1 a su cargo la gesti\u00f3n integral del proyecto, su monitoreo y almacenamiento.<\/p>\n","protected":false},"excerpt":{"rendered":"<p>El nuevo plan tendr\u00e1 una duraci\u00f3n de tres a\u00f1os para brindar conectividad a un total de 42.630 establecimientos.<\/p>\n","protected":false},"author":3,"featured_media":0,"comment_status":"closed","ping_status":"closed","sticky":false,"template":"","format":"standard","meta":{"footnotes":""},"categories":[34,24],"tags":[],"class_list":["post-70343","post","type-post","status-publish","format-standard","hentry","category-educacion","category-politica"],"yoast_head":"<!-- This site is optimized with the Yoast SEO plugin v25.9 - https:\/\/yoast.com\/wordpress\/plugins\/seo\/ -->\n<title>Arsat brindar\u00e1 conectividad a las escuelas p\u00fablicas de todo el pa\u00eds - Noticias Radio Reflejos<\/title>\n<meta name=\"robots\" content=\"index, follow, max-snippet:-1, max-image-preview:large, max-video-preview:-1\" \/>\n<link rel=\"canonical\" href=\"https:\/\/www.noticiasradioreflejos.com.ar\/2021\/arsat-brindara-conectividad-a-las-escuelas-publicas-de-todo-el-pais\/\" \/>\n<meta property=\"og:locale\" content=\"es_ES\" \/>\n<meta property=\"og:type\" content=\"article\" \/>\n<meta property=\"og:title\" content=\"Arsat brindar\u00e1 conectividad a las escuelas p\u00fablicas de todo el pa\u00eds - Noticias Radio Reflejos\" \/>\n<meta property=\"og:description\" content=\"El nuevo plan tendr\u00e1 una duraci\u00f3n de tres a\u00f1os para brindar conectividad a un total de 42.630 establecimientos.\" \/>\n<meta property=\"og:url\" content=\"https:\/\/www.noticiasradioreflejos.com.ar\/2021\/arsat-brindara-conectividad-a-las-escuelas-publicas-de-todo-el-pais\/\" \/>\n<meta property=\"og:site_name\" content=\"Noticias Radio Reflejos\" \/>\n<meta property=\"article:published_time\" content=\"2022-04-07T10:56:44+00:00\" \/>\n<meta property=\"og:image\" content=\"https:\/\/www.telam.com.ar\/thumbs\/bluesteel\/advf\/imagenes\/2015\/01\/54ad76086be34_900.jpg\" \/>\n<meta name=\"author\" content=\"Arnaldo Botto\" \/>\n<meta name=\"twitter:card\" content=\"summary_large_image\" \/>\n<script type=\"application\/ld+json\" class=\"yoast-schema-graph\">{\"@context\":\"https:\/\/schema.org\",\"@graph\":[{\"@type\":\"WebPage\",\"@id\":\"https:\/\/www.noticiasradioreflejos.com.ar\/2021\/arsat-brindara-conectividad-a-las-escuelas-publicas-de-todo-el-pais\/\",\"url\":\"https:\/\/www.noticiasradioreflejos.com.ar\/2021\/arsat-brindara-conectividad-a-las-escuelas-publicas-de-todo-el-pais\/\",\"name\":\"Arsat brindar\u00e1 conectividad a las escuelas p\u00fablicas de todo el pa\u00eds - Noticias Radio Reflejos\",\"isPartOf\":{\"@id\":\"https:\/\/www.noticiasradioreflejos.com.ar\/2021\/#website\"},\"primaryImageOfPage\":{\"@id\":\"https:\/\/www.noticiasradioreflejos.com.ar\/2021\/arsat-brindara-conectividad-a-las-escuelas-publicas-de-todo-el-pais\/#primaryimage\"},\"image\":{\"@id\":\"https:\/\/www.noticiasradioreflejos.com.ar\/2021\/arsat-brindara-conectividad-a-las-escuelas-publicas-de-todo-el-pais\/#primaryimage\"},\"thumbnailUrl\":\"https:\/\/www.telam.com.ar\/thumbs\/bluesteel\/advf\/imagenes\/2015\/01\/54ad76086be34_900.jpg\",\"datePublished\":\"2022-04-07T10:56:44+00:00\",\"author\":{\"@id\":\"https:\/\/www.noticiasradioreflejos.com.ar\/2021\/#\/schema\/person\/ad82545263dcc5ec0996818884fd5fb1\"},\"breadcrumb\":{\"@id\":\"https:\/\/www.noticiasradioreflejos.com.ar\/2021\/arsat-brindara-conectividad-a-las-escuelas-publicas-de-todo-el-pais\/#breadcrumb\"},\"inLanguage\":\"es\",\"potentialAction\":[{\"@type\":\"ReadAction\",\"target\":[\"https:\/\/www.noticiasradioreflejos.com.ar\/2021\/arsat-brindara-conectividad-a-las-escuelas-publicas-de-todo-el-pais\/\"]}]},{\"@type\":\"ImageObject\",\"inLanguage\":\"es\",\"@id\":\"https:\/\/www.noticiasradioreflejos.com.ar\/2021\/arsat-brindara-conectividad-a-las-escuelas-publicas-de-todo-el-pais\/#primaryimage\",\"url\":\"https:\/\/www.telam.com.ar\/thumbs\/bluesteel\/advf\/imagenes\/2015\/01\/54ad76086be34_900.jpg\",\"contentUrl\":\"https:\/\/www.telam.com.ar\/thumbs\/bluesteel\/advf\/imagenes\/2015\/01\/54ad76086be34_900.jpg\"},{\"@type\":\"BreadcrumbList\",\"@id\":\"https:\/\/www.noticiasradioreflejos.com.ar\/2021\/arsat-brindara-conectividad-a-las-escuelas-publicas-de-todo-el-pais\/#breadcrumb\",\"itemListElement\":[{\"@type\":\"ListItem\",\"position\":1,\"name\":\"Portada\",\"item\":\"https:\/\/www.noticiasradioreflejos.com.ar\/2021\/\"},{\"@type\":\"ListItem\",\"position\":2,\"name\":\"Arsat brindar\u00e1 conectividad a las escuelas p\u00fablicas de todo el pa\u00eds\"}]},{\"@type\":\"WebSite\",\"@id\":\"https:\/\/www.noticiasradioreflejos.com.ar\/2021\/#website\",\"url\":\"https:\/\/www.noticiasradioreflejos.com.ar\/2021\/\",\"name\":\"Noticias Radio Reflejos\",\"description\":\"Las noticias de mi comarca\",\"potentialAction\":[{\"@type\":\"SearchAction\",\"target\":{\"@type\":\"EntryPoint\",\"urlTemplate\":\"https:\/\/www.noticiasradioreflejos.com.ar\/2021\/?s={search_term_string}\"},\"query-input\":{\"@type\":\"PropertyValueSpecification\",\"valueRequired\":true,\"valueName\":\"search_term_string\"}}],\"inLanguage\":\"es\"},{\"@type\":\"Person\",\"@id\":\"https:\/\/www.noticiasradioreflejos.com.ar\/2021\/#\/schema\/person\/ad82545263dcc5ec0996818884fd5fb1\",\"name\":\"Arnaldo Botto\",\"image\":{\"@type\":\"ImageObject\",\"inLanguage\":\"es\",\"@id\":\"https:\/\/www.noticiasradioreflejos.com.ar\/2021\/#\/schema\/person\/image\/\",\"url\":\"https:\/\/secure.gravatar.com\/avatar\/55cb5e37c1efa326397366e6974cb338056df65cb50e7d64d1cf314e87504837?s=96&d=mm&r=g\",\"contentUrl\":\"https:\/\/secure.gravatar.com\/avatar\/55cb5e37c1efa326397366e6974cb338056df65cb50e7d64d1cf314e87504837?s=96&d=mm&r=g\",\"caption\":\"Arnaldo Botto\"},\"url\":\"https:\/\/www.noticiasradioreflejos.com.ar\/2021\/author\/arnaldo\/\"}]}<\/script>\n<!-- \/ Yoast SEO plugin. -->","yoast_head_json":{"title":"Arsat brindar\u00e1 conectividad a las escuelas p\u00fablicas de todo el pa\u00eds - Noticias Radio Reflejos","robots":{"index":"index","follow":"follow","max-snippet":"max-snippet:-1","max-image-preview":"max-image-preview:large","max-video-preview":"max-video-preview:-1"},"canonical":"https:\/\/www.noticiasradioreflejos.com.ar\/2021\/arsat-brindara-conectividad-a-las-escuelas-publicas-de-todo-el-pais\/","og_locale":"es_ES","og_type":"article","og_title":"Arsat brindar\u00e1 conectividad a las escuelas p\u00fablicas de todo el pa\u00eds - Noticias Radio Reflejos","og_description":"El nuevo plan tendr\u00e1 una duraci\u00f3n de tres a\u00f1os para brindar conectividad a un total de 42.630 establecimientos.","og_url":"https:\/\/www.noticiasradioreflejos.com.ar\/2021\/arsat-brindara-conectividad-a-las-escuelas-publicas-de-todo-el-pais\/","og_site_name":"Noticias Radio Reflejos","article_published_time":"2022-04-07T10:56:44+00:00","og_image":[{"url":"https:\/\/www.telam.com.ar\/thumbs\/bluesteel\/advf\/imagenes\/2015\/01\/54ad76086be34_900.jpg","type":"","width":"","height":""}],"author":"Arnaldo Botto","twitter_card":"summary_large_image","schema":{"@context":"https:\/\/schema.org","@graph":[{"@type":"WebPage","@id":"https:\/\/www.noticiasradioreflejos.com.ar\/2021\/arsat-brindara-conectividad-a-las-escuelas-publicas-de-todo-el-pais\/","url":"https:\/\/www.noticiasradioreflejos.com.ar\/2021\/arsat-brindara-conectividad-a-las-escuelas-publicas-de-todo-el-pais\/","name":"Arsat brindar\u00e1 conectividad a las escuelas p\u00fablicas de todo el pa\u00eds - Noticias Radio Reflejos","isPartOf":{"@id":"https:\/\/www.noticiasradioreflejos.com.ar\/2021\/#website"},"primaryImageOfPage":{"@id":"https:\/\/www.noticiasradioreflejos.com.ar\/2021\/arsat-brindara-conectividad-a-las-escuelas-publicas-de-todo-el-pais\/#primaryimage"},"image":{"@id":"https:\/\/www.noticiasradioreflejos.com.ar\/2021\/arsat-brindara-conectividad-a-las-escuelas-publicas-de-todo-el-pais\/#primaryimage"},"thumbnailUrl":"https:\/\/www.telam.com.ar\/thumbs\/bluesteel\/advf\/imagenes\/2015\/01\/54ad76086be34_900.jpg","datePublished":"2022-04-07T10:56:44+00:00","author":{"@id":"https:\/\/www.noticiasradioreflejos.com.ar\/2021\/#\/schema\/person\/ad82545263dcc5ec0996818884fd5fb1"},"breadcrumb":{"@id":"https:\/\/www.noticiasradioreflejos.com.ar\/2021\/arsat-brindara-conectividad-a-las-escuelas-publicas-de-todo-el-pais\/#breadcrumb"},"inLanguage":"es","potentialAction":[{"@type":"ReadAction","target":["https:\/\/www.noticiasradioreflejos.com.ar\/2021\/arsat-brindara-conectividad-a-las-escuelas-publicas-de-todo-el-pais\/"]}]},{"@type":"ImageObject","inLanguage":"es","@id":"https:\/\/www.noticiasradioreflejos.com.ar\/2021\/arsat-brindara-conectividad-a-las-escuelas-publicas-de-todo-el-pais\/#primaryimage","url":"https:\/\/www.telam.com.ar\/thumbs\/bluesteel\/advf\/imagenes\/2015\/01\/54ad76086be34_900.jpg","contentUrl":"https:\/\/www.telam.com.ar\/thumbs\/bluesteel\/advf\/imagenes\/2015\/01\/54ad76086be34_900.jpg"},{"@type":"BreadcrumbList","@id":"https:\/\/www.noticiasradioreflejos.com.ar\/2021\/arsat-brindara-conectividad-a-las-escuelas-publicas-de-todo-el-pais\/#breadcrumb","itemListElement":[{"@type":"ListItem","position":1,"name":"Portada","item":"https:\/\/www.noticiasradioreflejos.com.ar\/2021\/"},{"@type":"ListItem","position":2,"name":"Arsat brindar\u00e1 conectividad a las escuelas p\u00fablicas de todo el pa\u00eds"}]},{"@type":"WebSite","@id":"https:\/\/www.noticiasradioreflejos.com.ar\/2021\/#website","url":"https:\/\/www.noticiasradioreflejos.com.ar\/2021\/","name":"Noticias Radio Reflejos","description":"Las noticias de mi comarca","potentialAction":[{"@type":"SearchAction","target":{"@type":"EntryPoint","urlTemplate":"https:\/\/www.noticiasradioreflejos.com.ar\/2021\/?s={search_term_string}"},"query-input":{"@type":"PropertyValueSpecification","valueRequired":true,"valueName":"search_term_string"}}],"inLanguage":"es"},{"@type":"Person","@id":"https:\/\/www.noticiasradioreflejos.com.ar\/2021\/#\/schema\/person\/ad82545263dcc5ec0996818884fd5fb1","name":"Arnaldo Botto","image":{"@type":"ImageObject","inLanguage":"es","@id":"https:\/\/www.noticiasradioreflejos.com.ar\/2021\/#\/schema\/person\/image\/","url":"https:\/\/secure.gravatar.com\/avatar\/55cb5e37c1efa326397366e6974cb338056df65cb50e7d64d1cf314e87504837?s=96&d=mm&r=g","contentUrl":"https:\/\/secure.gravatar.com\/avatar\/55cb5e37c1efa326397366e6974cb338056df65cb50e7d64d1cf314e87504837?s=96&d=mm&r=g","caption":"Arnaldo Botto"},"url":"https:\/\/www.noticiasradioreflejos.com.ar\/2021\/author\/arnaldo\/"}]}},"_links":{"self":[{"href":"https:\/\/www.noticiasradioreflejos.com.ar\/2021\/wp-json\/wp\/v2\/posts\/70343","targetHints":{"allow":["GET"]}}],"collection":[{"href":"https:\/\/www.noticiasradioreflejos.com.ar\/2021\/wp-json\/wp\/v2\/posts"}],"about":[{"href":"https:\/\/www.noticiasradioreflejos.com.ar\/2021\/wp-json\/wp\/v2\/types\/post"}],"author":[{"embeddable":true,"href":"https:\/\/www.noticiasradioreflejos.com.ar\/2021\/wp-json\/wp\/v2\/users\/3"}],"replies":[{"embeddable":true,"href":"https:\/\/www.noticiasradioreflejos.com.ar\/2021\/wp-json\/wp\/v2\/comments?post=70343"}],"version-history":[{"count":1,"href":"https:\/\/www.noticiasradioreflejos.com.ar\/2021\/wp-json\/wp\/v2\/posts\/70343\/revisions"}],"predecessor-version":[{"id":70344,"href":"https:\/\/www.noticiasradioreflejos.com.ar\/2021\/wp-json\/wp\/v2\/posts\/70343\/revisions\/70344"}],"wp:attachment":[{"href":"https:\/\/www.noticiasradioreflejos.com.ar\/2021\/wp-json\/wp\/v2\/media?parent=70343"}],"wp:term":[{"taxonomy":"category","embeddable":true,"href":"https:\/\/www.noticiasradioreflejos.com.ar\/2021\/wp-json\/wp\/v2\/categories?post=70343"},{"taxonomy":"post_tag","embeddable":true,"href":"https:\/\/www.noticiasradioreflejos.com.ar\/2021\/wp-json\/wp\/v2\/tags?post=70343"}],"curies":[{"name":"wp","href":"https:\/\/api.w.org\/{rel}","templated":true}]}}