{"id":70337,"date":"2022-04-07T10:39:14","date_gmt":"2022-04-07T10:39:14","guid":{"rendered":"http:\/\/www.noticiasradioreflejos.com.ar\/2021\/?p=70337"},"modified":"2022-04-07T10:39:14","modified_gmt":"2022-04-07T10:39:14","slug":"el-gobierno-nacional-dispuso-un-aumento-del-50-en-la-tarjeta-alimentar","status":"publish","type":"post","link":"https:\/\/www.noticiasradioreflejos.com.ar\/2021\/el-gobierno-nacional-dispuso-un-aumento-del-50-en-la-tarjeta-alimentar\/","title":{"rendered":"El Gobierno nacional dispuso un aumento del 50% en la Tarjeta Alimentar"},"content":{"rendered":"<p>El incremento, que se cobrar\u00e1 en los primeros d\u00edas de mayo, corresponde al pago de abril. Los beneficiarios ser\u00e1n unos 2,4 millones titulares y alcanza a 4,1 millones de personas.<br \/>\n<!--more--><\/p>\n<h2 class=\"text-center\">El Gobierno anunci\u00f3 un aumento del 50% en la Tarjeta Alimentar para 4,1 millones de personas<\/h2>\n<p><iframe loading=\"lazy\" title=\"YouTube video player\" src=\"https:\/\/www.youtube.com\/embed\/5x3iAW8AiRM\" width=\"843\" height=\"474\" frameborder=\"0\" allowfullscreen=\"allowfullscreen\"><\/iframe><br \/>\n<!--more--><\/p>\n<p>El presidente Alberto Fern\u00e1ndez y el ministro de Desarrollo Social de la Naci\u00f3n, Juan Zabaleta, anunciaron un aumento del 50% de la Prestaci\u00f3n Alimentar, que perciben 2,4 millones de beneficiarios titulares y alcanza a 4,1 millones de personas.<\/p>\n<p>El incremento, que se cobrar\u00e1 en los primeros d\u00edas de mayo, corresponde al pago de abril y se depositar\u00e1 en la cuenta de la Asignaci\u00f3n Universal por Hijo (AUH), informaron fuentes oficiales.<\/p>\n<p>Los nuevos montos quedar\u00e1n en $9.000 para las familias con un hijo o hija de hasta 14 a\u00f1os de edad o con discapacidad; $13.500 en el caso de familias que tienen dos hijos o hijas en la misma franja etaria o con discapacidad; $9.000 para quienes perciben la asignaci\u00f3n por embarazo; y $18.000 en el caso de familias con tres hijos o m\u00e1s menores de catorce a\u00f1os de edad.<\/p>\n<p>La Tarjeta Alimentar es una iniciativa del Gobierno nacional como parte del Plan Argentina contra el Hambre que, desde enero de 2020, busca garantizar a las familias argentinas el acceso a la canasta b\u00e1sica alimentaria.<\/p>\n<p>El anuncio se dio en el marco de la recorrida del Presidente junto al funcionario por el Centro de Desarrollo Productivo \u00abIncuba Brown\u00bb, ubicado en el municipio bonaerense de Almirante Brown.<\/p>\n<figure class=\"mb-3\"><img decoding=\"async\" src=\"https:\/\/www.telam.com.ar\/thumbs\/bluesteel\/advf\/imagenes\/2022\/04\/624e0ef92b408_900.jpg\" alt=\"Foto Presidencia\" width=\"100%\" height=\"100%\" \/><\/p>\n<div class=\"media-icons\"><\/div><figcaption>Foto: Presidencia.<\/figcaption><\/figure>\n<p>All\u00ed, Fern\u00e1ndez y Zabaleta supervisaron la entrega de instrumental a emprendedores y emprendedoras, dentro del programa nacional \u00abBanco de Maquinarias, Herramientas y Materiales para la Emergencia Social\u00bb.<\/p>\n<p>\u201cCelebro mucho que hoy estemos dedicando este plan que llega a 60.000 emprendedores, que supone una inversi\u00f3n de 5 mil millones de pesos y que da instrumentos para poder crecer en emprendimientos propios o cooperativos\u201d, remarc\u00f3 el mandatario.<\/p>\n<p>El Presidente destac\u00f3 el \u00abcompromiso\u00bb del Gobierno nacional con los mercados federales de productores: \u00abEstamos decididos no solamente a que la Argentina crezca, sino a lograr un desarrollo m\u00e1s igualitario\u201d, resalt\u00f3.<\/p>\n<figure class=\"mb-3\"><img decoding=\"async\" src=\"https:\/\/www.telam.com.ar\/thumbs\/bluesteel\/advf\/imagenes\/2022\/04\/624e0ef947275_900.jpg\" alt=\"Foto Presidencia\" width=\"100%\" height=\"100%\" \/><\/p>\n<div class=\"media-icons\"><\/div><figcaption>Foto: Presidencia.<\/figcaption><\/figure>\n<p>El Presidente recorri\u00f3 el Centro de Desarrollo Productivo Incuba Brown, ubicado en Burzaco, que tiene un espacio para la venta de productos de distintos rubros de emprendedores locales apoyados por el Banco de Herramientas, adem\u00e1s de contar con una sede del Mercado Federal Ambulante.<\/p>\n<p>All\u00ed dialog\u00f3 con los feriantes y recibi\u00f3 presentes con las distintas mercader\u00edas que se elaboran con el apoyo del Gobierno nacional.<\/p>\n<p>Dentro de las l\u00edneas productivas se encuentran alfarer\u00eda, comunicaci\u00f3n, textil y la productora de contenidos audiovisuales. Todas ofrecen una alternativa laboral para j\u00f3venes, de entre 18 y 30 a\u00f1os, para que se capaciten en un oficio, puedan producir y comercializarlo.<\/p>\n<p>A trav\u00e9s del Banco de Herramientas, el Estado provey\u00f3 a las distintas propuestas municipales de hornos de cer\u00e1mica, m\u00e1quinas de coser, mesas de corte, as\u00ed como computadoras, impresoras, grabadoras y luces LED para la productora audiovisual.<\/p>\n<p>\u00abSeguimos ampliando. Sabemos que los problemas que no se reconocen no se pueden resolver\u00bb, sostuvo Zabaleta durante la recorrida.<\/p>\n<p>Para el funcionario, \u00abeste es el caminito que todos los d\u00edas, y con mucha firmeza, sin amenazas, hace que estemos al lado de cada argentino y de cada argentina\u00bb.<\/p>\n<p>\u201cEste fen\u00f3meno tan importante que es la econom\u00eda popular hay que fortalecerlo e institucionalizarlo\u201d, dijo Zabaleta y a\u00f1adi\u00f3: \u201cLa econom\u00eda popular es trabajo y se est\u00e1 moviendo\u201d, alent\u00f3.<\/p>\n<p>Durante el acto, del que tambi\u00e9n particip\u00f3 el intendente interino municipal, Juan Jos\u00e9 Fabiani, y el diputado nacional Daniel Men\u00e9ndez, el mandatario supervis\u00f3 la entrega de los equipos e instrumentales, de forma presencial y virtual, a trabajadores del partido de Almirante Brown y de la provincia de Santa Cruz, y adem\u00e1s, tomar\u00e1 contacto con emprendedores de Mendoza y Salta.<\/p>\n<p>La jornada cont\u00f3 tambi\u00e9n con la presencia, mediante videoconferencia, de la gobernadora santacruce\u00f1a, Alicia Kirchner, quien agradeci\u00f3 y salud\u00f3 al Presidente, y remarc\u00f3 tambi\u00e9n la importancia del apoyo nacional a las cooperativas de la provincia patag\u00f3nica.<\/p>\n<figure class=\"mb-3\"><img decoding=\"async\" src=\"https:\/\/www.telam.com.ar\/thumbs\/bluesteel\/advf\/imagenes\/2020\/03\/5e7791fb5972e_900.jpg\" alt=\"Telam SE\" width=\"100%\" height=\"100%\" \/><\/p>\n<div class=\"media-icons\"><\/div><figcaption><\/figcaption><\/figure>\n<p>Alicia Kirchner destac\u00f3 que \u00abson 300 emprendimientos con una inversi\u00f3n muy importante por parte de la Naci\u00f3n y significa un aporte realmente muy necesario\u00bb.<\/p>\n<p>La iniciativa tiene como objetivo visibilizar el alcance federal del programa destinado a emprendedores de los rubros textil, de producci\u00f3n, gastronom\u00eda y construcci\u00f3n. y cont\u00f3 con la presencia de 120 beneficiarios v\u00eda zoom.<\/p>\n<p>Adem\u00e1s, se firm\u00f3 un segundo Banco del programa nacional por una inversi\u00f3n de 90 millones, que estar\u00e1 destinado puntualmente a los rubros textil y gastron\u00f3mico.<\/p>\n<p>La Tarjeta Alimentar se otorga desde enero de 2020 a madres o padres con hijos e hijas de hasta 14 a\u00f1os de edad que reciben la Asignaci\u00f3n Universal por Hijo (AUH), embarazadas a partir del tercer mes que reciben AUH, personas con discapacidad que reciben AUH y madres con m\u00e1s de 7 hijos.<\/p>\n<p>El objetivo es que ese sector pueda acceder a la canasta b\u00e1sica alimentaria.<\/p>\n<p><!--more--><\/p>\n","protected":false},"excerpt":{"rendered":"<p>El incremento, que se cobrar\u00e1 en los primeros d\u00edas de mayo, corresponde al pago de abril. Los beneficiarios ser\u00e1n unos 2,4 millones titulares y alcanza a 4,1 millones de personas.<\/p>\n","protected":false},"author":3,"featured_media":0,"comment_status":"closed","ping_status":"closed","sticky":false,"template":"","format":"standard","meta":{"footnotes":""},"categories":[24,26],"tags":[],"class_list":["post-70337","post","type-post","status-publish","format-standard","hentry","category-politica","category-sociedad"],"yoast_head":"<!-- This site is optimized with the Yoast SEO plugin v25.9 - https:\/\/yoast.com\/wordpress\/plugins\/seo\/ -->\n<title>El Gobierno nacional dispuso un aumento del 50% en la Tarjeta Alimentar - Noticias Radio Reflejos<\/title>\n<meta name=\"robots\" content=\"index, follow, max-snippet:-1, max-image-preview:large, max-video-preview:-1\" \/>\n<link rel=\"canonical\" href=\"https:\/\/www.noticiasradioreflejos.com.ar\/2021\/el-gobierno-nacional-dispuso-un-aumento-del-50-en-la-tarjeta-alimentar\/\" \/>\n<meta property=\"og:locale\" content=\"es_ES\" \/>\n<meta property=\"og:type\" content=\"article\" \/>\n<meta property=\"og:title\" content=\"El Gobierno nacional dispuso un aumento del 50% en la Tarjeta Alimentar - Noticias Radio Reflejos\" \/>\n<meta property=\"og:description\" content=\"El incremento, que se cobrar\u00e1 en los primeros d\u00edas de mayo, corresponde al pago de abril. Los beneficiarios ser\u00e1n unos 2,4 millones titulares y alcanza a 4,1 millones de personas.\" \/>\n<meta property=\"og:url\" content=\"https:\/\/www.noticiasradioreflejos.com.ar\/2021\/el-gobierno-nacional-dispuso-un-aumento-del-50-en-la-tarjeta-alimentar\/\" \/>\n<meta property=\"og:site_name\" content=\"Noticias Radio Reflejos\" \/>\n<meta property=\"article:published_time\" content=\"2022-04-07T10:39:14+00:00\" \/>\n<meta property=\"og:image\" content=\"https:\/\/www.telam.com.ar\/thumbs\/bluesteel\/advf\/imagenes\/2022\/04\/624e0ef92b408_900.jpg\" \/>\n<meta name=\"author\" content=\"Arnaldo Botto\" \/>\n<meta name=\"twitter:card\" content=\"summary_large_image\" \/>\n<script type=\"application\/ld+json\" class=\"yoast-schema-graph\">{\"@context\":\"https:\/\/schema.org\",\"@graph\":[{\"@type\":\"WebPage\",\"@id\":\"https:\/\/www.noticiasradioreflejos.com.ar\/2021\/el-gobierno-nacional-dispuso-un-aumento-del-50-en-la-tarjeta-alimentar\/\",\"url\":\"https:\/\/www.noticiasradioreflejos.com.ar\/2021\/el-gobierno-nacional-dispuso-un-aumento-del-50-en-la-tarjeta-alimentar\/\",\"name\":\"El Gobierno nacional dispuso un aumento del 50% en la Tarjeta Alimentar - Noticias Radio Reflejos\",\"isPartOf\":{\"@id\":\"https:\/\/www.noticiasradioreflejos.com.ar\/2021\/#website\"},\"primaryImageOfPage\":{\"@id\":\"https:\/\/www.noticiasradioreflejos.com.ar\/2021\/el-gobierno-nacional-dispuso-un-aumento-del-50-en-la-tarjeta-alimentar\/#primaryimage\"},\"image\":{\"@id\":\"https:\/\/www.noticiasradioreflejos.com.ar\/2021\/el-gobierno-nacional-dispuso-un-aumento-del-50-en-la-tarjeta-alimentar\/#primaryimage\"},\"thumbnailUrl\":\"https:\/\/www.telam.com.ar\/thumbs\/bluesteel\/advf\/imagenes\/2022\/04\/624e0ef92b408_900.jpg\",\"datePublished\":\"2022-04-07T10:39:14+00:00\",\"author\":{\"@id\":\"https:\/\/www.noticiasradioreflejos.com.ar\/2021\/#\/schema\/person\/ad82545263dcc5ec0996818884fd5fb1\"},\"breadcrumb\":{\"@id\":\"https:\/\/www.noticiasradioreflejos.com.ar\/2021\/el-gobierno-nacional-dispuso-un-aumento-del-50-en-la-tarjeta-alimentar\/#breadcrumb\"},\"inLanguage\":\"es\",\"potentialAction\":[{\"@type\":\"ReadAction\",\"target\":[\"https:\/\/www.noticiasradioreflejos.com.ar\/2021\/el-gobierno-nacional-dispuso-un-aumento-del-50-en-la-tarjeta-alimentar\/\"]}]},{\"@type\":\"ImageObject\",\"inLanguage\":\"es\",\"@id\":\"https:\/\/www.noticiasradioreflejos.com.ar\/2021\/el-gobierno-nacional-dispuso-un-aumento-del-50-en-la-tarjeta-alimentar\/#primaryimage\",\"url\":\"https:\/\/www.telam.com.ar\/thumbs\/bluesteel\/advf\/imagenes\/2022\/04\/624e0ef92b408_900.jpg\",\"contentUrl\":\"https:\/\/www.telam.com.ar\/thumbs\/bluesteel\/advf\/imagenes\/2022\/04\/624e0ef92b408_900.jpg\"},{\"@type\":\"BreadcrumbList\",\"@id\":\"https:\/\/www.noticiasradioreflejos.com.ar\/2021\/el-gobierno-nacional-dispuso-un-aumento-del-50-en-la-tarjeta-alimentar\/#breadcrumb\",\"itemListElement\":[{\"@type\":\"ListItem\",\"position\":1,\"name\":\"Portada\",\"item\":\"https:\/\/www.noticiasradioreflejos.com.ar\/2021\/\"},{\"@type\":\"ListItem\",\"position\":2,\"name\":\"El Gobierno nacional dispuso un aumento del 50% en la Tarjeta Alimentar\"}]},{\"@type\":\"WebSite\",\"@id\":\"https:\/\/www.noticiasradioreflejos.com.ar\/2021\/#website\",\"url\":\"https:\/\/www.noticiasradioreflejos.com.ar\/2021\/\",\"name\":\"Noticias Radio Reflejos\",\"description\":\"Las noticias de mi comarca\",\"potentialAction\":[{\"@type\":\"SearchAction\",\"target\":{\"@type\":\"EntryPoint\",\"urlTemplate\":\"https:\/\/www.noticiasradioreflejos.com.ar\/2021\/?s={search_term_string}\"},\"query-input\":{\"@type\":\"PropertyValueSpecification\",\"valueRequired\":true,\"valueName\":\"search_term_string\"}}],\"inLanguage\":\"es\"},{\"@type\":\"Person\",\"@id\":\"https:\/\/www.noticiasradioreflejos.com.ar\/2021\/#\/schema\/person\/ad82545263dcc5ec0996818884fd5fb1\",\"name\":\"Arnaldo Botto\",\"image\":{\"@type\":\"ImageObject\",\"inLanguage\":\"es\",\"@id\":\"https:\/\/www.noticiasradioreflejos.com.ar\/2021\/#\/schema\/person\/image\/\",\"url\":\"https:\/\/secure.gravatar.com\/avatar\/55cb5e37c1efa326397366e6974cb338056df65cb50e7d64d1cf314e87504837?s=96&d=mm&r=g\",\"contentUrl\":\"https:\/\/secure.gravatar.com\/avatar\/55cb5e37c1efa326397366e6974cb338056df65cb50e7d64d1cf314e87504837?s=96&d=mm&r=g\",\"caption\":\"Arnaldo Botto\"},\"url\":\"https:\/\/www.noticiasradioreflejos.com.ar\/2021\/author\/arnaldo\/\"}]}<\/script>\n<!-- \/ Yoast SEO plugin. -->","yoast_head_json":{"title":"El Gobierno nacional dispuso un aumento del 50% en la Tarjeta Alimentar - Noticias Radio Reflejos","robots":{"index":"index","follow":"follow","max-snippet":"max-snippet:-1","max-image-preview":"max-image-preview:large","max-video-preview":"max-video-preview:-1"},"canonical":"https:\/\/www.noticiasradioreflejos.com.ar\/2021\/el-gobierno-nacional-dispuso-un-aumento-del-50-en-la-tarjeta-alimentar\/","og_locale":"es_ES","og_type":"article","og_title":"El Gobierno nacional dispuso un aumento del 50% en la Tarjeta Alimentar - Noticias Radio Reflejos","og_description":"El incremento, que se cobrar\u00e1 en los primeros d\u00edas de mayo, corresponde al pago de abril. Los beneficiarios ser\u00e1n unos 2,4 millones titulares y alcanza a 4,1 millones de personas.","og_url":"https:\/\/www.noticiasradioreflejos.com.ar\/2021\/el-gobierno-nacional-dispuso-un-aumento-del-50-en-la-tarjeta-alimentar\/","og_site_name":"Noticias Radio Reflejos","article_published_time":"2022-04-07T10:39:14+00:00","og_image":[{"url":"https:\/\/www.telam.com.ar\/thumbs\/bluesteel\/advf\/imagenes\/2022\/04\/624e0ef92b408_900.jpg","type":"","width":"","height":""}],"author":"Arnaldo Botto","twitter_card":"summary_large_image","schema":{"@context":"https:\/\/schema.org","@graph":[{"@type":"WebPage","@id":"https:\/\/www.noticiasradioreflejos.com.ar\/2021\/el-gobierno-nacional-dispuso-un-aumento-del-50-en-la-tarjeta-alimentar\/","url":"https:\/\/www.noticiasradioreflejos.com.ar\/2021\/el-gobierno-nacional-dispuso-un-aumento-del-50-en-la-tarjeta-alimentar\/","name":"El Gobierno nacional dispuso un aumento del 50% en la Tarjeta Alimentar - Noticias Radio Reflejos","isPartOf":{"@id":"https:\/\/www.noticiasradioreflejos.com.ar\/2021\/#website"},"primaryImageOfPage":{"@id":"https:\/\/www.noticiasradioreflejos.com.ar\/2021\/el-gobierno-nacional-dispuso-un-aumento-del-50-en-la-tarjeta-alimentar\/#primaryimage"},"image":{"@id":"https:\/\/www.noticiasradioreflejos.com.ar\/2021\/el-gobierno-nacional-dispuso-un-aumento-del-50-en-la-tarjeta-alimentar\/#primaryimage"},"thumbnailUrl":"https:\/\/www.telam.com.ar\/thumbs\/bluesteel\/advf\/imagenes\/2022\/04\/624e0ef92b408_900.jpg","datePublished":"2022-04-07T10:39:14+00:00","author":{"@id":"https:\/\/www.noticiasradioreflejos.com.ar\/2021\/#\/schema\/person\/ad82545263dcc5ec0996818884fd5fb1"},"breadcrumb":{"@id":"https:\/\/www.noticiasradioreflejos.com.ar\/2021\/el-gobierno-nacional-dispuso-un-aumento-del-50-en-la-tarjeta-alimentar\/#breadcrumb"},"inLanguage":"es","potentialAction":[{"@type":"ReadAction","target":["https:\/\/www.noticiasradioreflejos.com.ar\/2021\/el-gobierno-nacional-dispuso-un-aumento-del-50-en-la-tarjeta-alimentar\/"]}]},{"@type":"ImageObject","inLanguage":"es","@id":"https:\/\/www.noticiasradioreflejos.com.ar\/2021\/el-gobierno-nacional-dispuso-un-aumento-del-50-en-la-tarjeta-alimentar\/#primaryimage","url":"https:\/\/www.telam.com.ar\/thumbs\/bluesteel\/advf\/imagenes\/2022\/04\/624e0ef92b408_900.jpg","contentUrl":"https:\/\/www.telam.com.ar\/thumbs\/bluesteel\/advf\/imagenes\/2022\/04\/624e0ef92b408_900.jpg"},{"@type":"BreadcrumbList","@id":"https:\/\/www.noticiasradioreflejos.com.ar\/2021\/el-gobierno-nacional-dispuso-un-aumento-del-50-en-la-tarjeta-alimentar\/#breadcrumb","itemListElement":[{"@type":"ListItem","position":1,"name":"Portada","item":"https:\/\/www.noticiasradioreflejos.com.ar\/2021\/"},{"@type":"ListItem","position":2,"name":"El Gobierno nacional dispuso un aumento del 50% en la Tarjeta Alimentar"}]},{"@type":"WebSite","@id":"https:\/\/www.noticiasradioreflejos.com.ar\/2021\/#website","url":"https:\/\/www.noticiasradioreflejos.com.ar\/2021\/","name":"Noticias Radio Reflejos","description":"Las noticias de mi comarca","potentialAction":[{"@type":"SearchAction","target":{"@type":"EntryPoint","urlTemplate":"https:\/\/www.noticiasradioreflejos.com.ar\/2021\/?s={search_term_string}"},"query-input":{"@type":"PropertyValueSpecification","valueRequired":true,"valueName":"search_term_string"}}],"inLanguage":"es"},{"@type":"Person","@id":"https:\/\/www.noticiasradioreflejos.com.ar\/2021\/#\/schema\/person\/ad82545263dcc5ec0996818884fd5fb1","name":"Arnaldo Botto","image":{"@type":"ImageObject","inLanguage":"es","@id":"https:\/\/www.noticiasradioreflejos.com.ar\/2021\/#\/schema\/person\/image\/","url":"https:\/\/secure.gravatar.com\/avatar\/55cb5e37c1efa326397366e6974cb338056df65cb50e7d64d1cf314e87504837?s=96&d=mm&r=g","contentUrl":"https:\/\/secure.gravatar.com\/avatar\/55cb5e37c1efa326397366e6974cb338056df65cb50e7d64d1cf314e87504837?s=96&d=mm&r=g","caption":"Arnaldo Botto"},"url":"https:\/\/www.noticiasradioreflejos.com.ar\/2021\/author\/arnaldo\/"}]}},"_links":{"self":[{"href":"https:\/\/www.noticiasradioreflejos.com.ar\/2021\/wp-json\/wp\/v2\/posts\/70337","targetHints":{"allow":["GET"]}}],"collection":[{"href":"https:\/\/www.noticiasradioreflejos.com.ar\/2021\/wp-json\/wp\/v2\/posts"}],"about":[{"href":"https:\/\/www.noticiasradioreflejos.com.ar\/2021\/wp-json\/wp\/v2\/types\/post"}],"author":[{"embeddable":true,"href":"https:\/\/www.noticiasradioreflejos.com.ar\/2021\/wp-json\/wp\/v2\/users\/3"}],"replies":[{"embeddable":true,"href":"https:\/\/www.noticiasradioreflejos.com.ar\/2021\/wp-json\/wp\/v2\/comments?post=70337"}],"version-history":[{"count":1,"href":"https:\/\/www.noticiasradioreflejos.com.ar\/2021\/wp-json\/wp\/v2\/posts\/70337\/revisions"}],"predecessor-version":[{"id":70339,"href":"https:\/\/www.noticiasradioreflejos.com.ar\/2021\/wp-json\/wp\/v2\/posts\/70337\/revisions\/70339"}],"wp:attachment":[{"href":"https:\/\/www.noticiasradioreflejos.com.ar\/2021\/wp-json\/wp\/v2\/media?parent=70337"}],"wp:term":[{"taxonomy":"category","embeddable":true,"href":"https:\/\/www.noticiasradioreflejos.com.ar\/2021\/wp-json\/wp\/v2\/categories?post=70337"},{"taxonomy":"post_tag","embeddable":true,"href":"https:\/\/www.noticiasradioreflejos.com.ar\/2021\/wp-json\/wp\/v2\/tags?post=70337"}],"curies":[{"name":"wp","href":"https:\/\/api.w.org\/{rel}","templated":true}]}}