{"id":703,"date":"2016-09-09T14:31:11","date_gmt":"2016-09-09T14:31:11","guid":{"rendered":"http:\/\/noticiasradioreflejos.com.ar\/noticias\/?p=703"},"modified":"2016-09-09T14:31:11","modified_gmt":"2016-09-09T14:31:11","slug":"salutacion-dia-del-maestro","status":"publish","type":"post","link":"https:\/\/www.noticiasradioreflejos.com.ar\/2021\/salutacion-dia-del-maestro\/","title":{"rendered":"Salutaci\u00f3n d\u00eda del Maestro"},"content":{"rendered":"<p>Como cada 11 de Septiembre, se celebra el D\u00eda del Maestro en nuestro pa\u00eds y todo Latinoam\u00e9rica. La fecha, es un homenaje \u201cal padre del aula\u201d, Domingo Faustino Sarmiento, en el aniversario de su fallecimiento. As\u00ed qued\u00f3 establecido en la Conferencia Interamericana de Educaci\u00f3n que se celebr\u00f3 en Panam\u00e1 en 1943.<!--more--><br \/>\nSu mayor legado fue su lucha por la educaci\u00f3n y la cultura de su pueblo. Mientras fue gobernador decret\u00f3 la Ley de ense\u00f1anza obligatoria primaria; como Jefe de Estado logr\u00f3 triplicar la poblaci\u00f3n escolar (de treinta mil a cien mil alumnos), adem\u00e1s de crear numerosos establecimientos educativos, no solo escuelas primarias sino lugares como la Academia de Ciencias, la Universidad Nacional de San Juan, la Facultad de Ciencias F\u00edsicas y Matem\u00e1ticas, la Biblioteca Nacional de Maestros, el Observatorio Astron\u00f3mico de C\u00f3rdoba, entre otros.<br \/>\nEste homenaje es para aquellas personas que realizan tan digna labor.<br \/>\nDesde el Honorable Concejo Deliberante felicitamos a todos los maestros en su d\u00eda, y\u00a0 les agradecemos la dedicaci\u00f3n que ofrecen\u00a0 a nuestros educados, ejerciendo la tarea de preparar a los hombre del ma\u00f1ana.<br \/>\nPresidencia H.C.D.<br \/>\nBloque Progresista C\u00edvico y Social<br \/>\nBloque Cambiemos Bs.As.<br \/>\nBloque Frente para la Victoria<br \/>\nBloque Frente Renovador<br \/>\nBloque Partido Justicialista<\/p>\n<hr \/>\n<p>EL D\u00eda del Maestro es una fecha muy especial ya que es la oportunidad de reconocer una de las tareas m\u00e1s trascendentes para nuestra sociedad: la educaci\u00f3n de nuestros ni\u00f1os y adolescentes.<br \/>\nQuiero agradecerle a los docentes del distrito por su trabajo diario, ustedes conforman un eslab\u00f3n determinante en el crecimiento de los chicos y esa es una de las funciones m\u00e1s nobles.<br \/>\nPara finalizar cito una frase del impulsor de la educaci\u00f3n primaria gratuita en nuestro pa\u00eds, Domingo Faustino Sarmiento, que sintetiza la relevancia de quienes tienen la misi\u00f3n de educar: \u201cHombre, pueblo, naci\u00f3n, estado, todo: todo est\u00e1 en los humildes bancos de la escuela\u201d<br \/>\n&nbsp;<br \/>\nSergio Bordoni<br \/>\nIntendente Municipal<\/p>\n<hr \/>\n<div id=\":76\" class=\"ii gt adP adO\">\n<div id=\":7v\" class=\"a3s aXjCH m1571a020d50846ab\">\n<div dir=\"ltr\">EL Frente Renovador Tornquist SALUDA A TODOS LOS MAESTROS EN SU D\u00cdA.<\/div>\n<\/div>\n<\/div>\n","protected":false},"excerpt":{"rendered":"<p>Como cada 11 de Septiembre, se celebra el D\u00eda del Maestro en nuestro pa\u00eds y todo Latinoam\u00e9rica. La fecha, es un homenaje \u201cal padre del aula\u201d, Domingo Faustino Sarmiento, en el aniversario de su fallecimiento. As\u00ed qued\u00f3 establecido en la Conferencia Interamericana de Educaci\u00f3n que se celebr\u00f3 en Panam\u00e1 en 1943.<\/p>\n","protected":false},"author":3,"featured_media":0,"comment_status":"closed","ping_status":"open","sticky":false,"template":"","format":"standard","meta":{"footnotes":""},"categories":[26],"tags":[],"class_list":["post-703","post","type-post","status-publish","format-standard","hentry","category-sociedad"],"yoast_head":"<!-- This site is optimized with the Yoast SEO plugin v25.9 - https:\/\/yoast.com\/wordpress\/plugins\/seo\/ -->\n<title>Salutaci\u00f3n d\u00eda del Maestro - Noticias Radio Reflejos<\/title>\n<meta name=\"robots\" content=\"index, follow, max-snippet:-1, max-image-preview:large, max-video-preview:-1\" \/>\n<link rel=\"canonical\" href=\"https:\/\/www.noticiasradioreflejos.com.ar\/2021\/salutacion-dia-del-maestro\/\" \/>\n<meta property=\"og:locale\" content=\"es_ES\" \/>\n<meta property=\"og:type\" content=\"article\" \/>\n<meta property=\"og:title\" content=\"Salutaci\u00f3n d\u00eda del Maestro - Noticias Radio Reflejos\" \/>\n<meta property=\"og:description\" content=\"Como cada 11 de Septiembre, se celebra el D\u00eda del Maestro en nuestro pa\u00eds y todo Latinoam\u00e9rica. La fecha, es un homenaje \u201cal padre del aula\u201d, Domingo Faustino Sarmiento, en el aniversario de su fallecimiento. As\u00ed qued\u00f3 establecido en la Conferencia Interamericana de Educaci\u00f3n que se celebr\u00f3 en Panam\u00e1 en 1943.\" \/>\n<meta property=\"og:url\" content=\"https:\/\/www.noticiasradioreflejos.com.ar\/2021\/salutacion-dia-del-maestro\/\" \/>\n<meta property=\"og:site_name\" content=\"Noticias Radio Reflejos\" \/>\n<meta property=\"article:published_time\" content=\"2016-09-09T14:31:11+00:00\" \/>\n<meta property=\"og:image\" content=\"https:\/\/www.noticiasradioreflejos.com.ar\/2021\/wp-content\/uploads\/2021\/07\/logosol300x200.png\" \/>\n\t<meta property=\"og:image:width\" content=\"300\" \/>\n\t<meta property=\"og:image:height\" content=\"200\" \/>\n\t<meta property=\"og:image:type\" content=\"image\/png\" \/>\n<meta name=\"author\" content=\"Arnaldo Botto\" \/>\n<meta name=\"twitter:card\" content=\"summary_large_image\" \/>\n<script type=\"application\/ld+json\" class=\"yoast-schema-graph\">{\"@context\":\"https:\/\/schema.org\",\"@graph\":[{\"@type\":\"WebPage\",\"@id\":\"https:\/\/www.noticiasradioreflejos.com.ar\/2021\/salutacion-dia-del-maestro\/\",\"url\":\"https:\/\/www.noticiasradioreflejos.com.ar\/2021\/salutacion-dia-del-maestro\/\",\"name\":\"Salutaci\u00f3n d\u00eda del Maestro - Noticias Radio Reflejos\",\"isPartOf\":{\"@id\":\"https:\/\/www.noticiasradioreflejos.com.ar\/2021\/#website\"},\"datePublished\":\"2016-09-09T14:31:11+00:00\",\"author\":{\"@id\":\"https:\/\/www.noticiasradioreflejos.com.ar\/2021\/#\/schema\/person\/ad82545263dcc5ec0996818884fd5fb1\"},\"breadcrumb\":{\"@id\":\"https:\/\/www.noticiasradioreflejos.com.ar\/2021\/salutacion-dia-del-maestro\/#breadcrumb\"},\"inLanguage\":\"es\",\"potentialAction\":[{\"@type\":\"ReadAction\",\"target\":[\"https:\/\/www.noticiasradioreflejos.com.ar\/2021\/salutacion-dia-del-maestro\/\"]}]},{\"@type\":\"BreadcrumbList\",\"@id\":\"https:\/\/www.noticiasradioreflejos.com.ar\/2021\/salutacion-dia-del-maestro\/#breadcrumb\",\"itemListElement\":[{\"@type\":\"ListItem\",\"position\":1,\"name\":\"Portada\",\"item\":\"https:\/\/www.noticiasradioreflejos.com.ar\/2021\/\"},{\"@type\":\"ListItem\",\"position\":2,\"name\":\"Salutaci\u00f3n d\u00eda del Maestro\"}]},{\"@type\":\"WebSite\",\"@id\":\"https:\/\/www.noticiasradioreflejos.com.ar\/2021\/#website\",\"url\":\"https:\/\/www.noticiasradioreflejos.com.ar\/2021\/\",\"name\":\"Noticias Radio Reflejos\",\"description\":\"Las noticias de mi comarca\",\"potentialAction\":[{\"@type\":\"SearchAction\",\"target\":{\"@type\":\"EntryPoint\",\"urlTemplate\":\"https:\/\/www.noticiasradioreflejos.com.ar\/2021\/?s={search_term_string}\"},\"query-input\":{\"@type\":\"PropertyValueSpecification\",\"valueRequired\":true,\"valueName\":\"search_term_string\"}}],\"inLanguage\":\"es\"},{\"@type\":\"Person\",\"@id\":\"https:\/\/www.noticiasradioreflejos.com.ar\/2021\/#\/schema\/person\/ad82545263dcc5ec0996818884fd5fb1\",\"name\":\"Arnaldo Botto\",\"image\":{\"@type\":\"ImageObject\",\"inLanguage\":\"es\",\"@id\":\"https:\/\/www.noticiasradioreflejos.com.ar\/2021\/#\/schema\/person\/image\/\",\"url\":\"https:\/\/secure.gravatar.com\/avatar\/55cb5e37c1efa326397366e6974cb338056df65cb50e7d64d1cf314e87504837?s=96&d=mm&r=g\",\"contentUrl\":\"https:\/\/secure.gravatar.com\/avatar\/55cb5e37c1efa326397366e6974cb338056df65cb50e7d64d1cf314e87504837?s=96&d=mm&r=g\",\"caption\":\"Arnaldo Botto\"},\"url\":\"https:\/\/www.noticiasradioreflejos.com.ar\/2021\/author\/arnaldo\/\"}]}<\/script>\n<!-- \/ Yoast SEO plugin. -->","yoast_head_json":{"title":"Salutaci\u00f3n d\u00eda del Maestro - Noticias Radio Reflejos","robots":{"index":"index","follow":"follow","max-snippet":"max-snippet:-1","max-image-preview":"max-image-preview:large","max-video-preview":"max-video-preview:-1"},"canonical":"https:\/\/www.noticiasradioreflejos.com.ar\/2021\/salutacion-dia-del-maestro\/","og_locale":"es_ES","og_type":"article","og_title":"Salutaci\u00f3n d\u00eda del Maestro - Noticias Radio Reflejos","og_description":"Como cada 11 de Septiembre, se celebra el D\u00eda del Maestro en nuestro pa\u00eds y todo Latinoam\u00e9rica. La fecha, es un homenaje \u201cal padre del aula\u201d, Domingo Faustino Sarmiento, en el aniversario de su fallecimiento. As\u00ed qued\u00f3 establecido en la Conferencia Interamericana de Educaci\u00f3n que se celebr\u00f3 en Panam\u00e1 en 1943.","og_url":"https:\/\/www.noticiasradioreflejos.com.ar\/2021\/salutacion-dia-del-maestro\/","og_site_name":"Noticias Radio Reflejos","article_published_time":"2016-09-09T14:31:11+00:00","og_image":[{"width":300,"height":200,"url":"https:\/\/www.noticiasradioreflejos.com.ar\/2021\/wp-content\/uploads\/2021\/07\/logosol300x200.png","type":"image\/png"}],"author":"Arnaldo Botto","twitter_card":"summary_large_image","schema":{"@context":"https:\/\/schema.org","@graph":[{"@type":"WebPage","@id":"https:\/\/www.noticiasradioreflejos.com.ar\/2021\/salutacion-dia-del-maestro\/","url":"https:\/\/www.noticiasradioreflejos.com.ar\/2021\/salutacion-dia-del-maestro\/","name":"Salutaci\u00f3n d\u00eda del Maestro - Noticias Radio Reflejos","isPartOf":{"@id":"https:\/\/www.noticiasradioreflejos.com.ar\/2021\/#website"},"datePublished":"2016-09-09T14:31:11+00:00","author":{"@id":"https:\/\/www.noticiasradioreflejos.com.ar\/2021\/#\/schema\/person\/ad82545263dcc5ec0996818884fd5fb1"},"breadcrumb":{"@id":"https:\/\/www.noticiasradioreflejos.com.ar\/2021\/salutacion-dia-del-maestro\/#breadcrumb"},"inLanguage":"es","potentialAction":[{"@type":"ReadAction","target":["https:\/\/www.noticiasradioreflejos.com.ar\/2021\/salutacion-dia-del-maestro\/"]}]},{"@type":"BreadcrumbList","@id":"https:\/\/www.noticiasradioreflejos.com.ar\/2021\/salutacion-dia-del-maestro\/#breadcrumb","itemListElement":[{"@type":"ListItem","position":1,"name":"Portada","item":"https:\/\/www.noticiasradioreflejos.com.ar\/2021\/"},{"@type":"ListItem","position":2,"name":"Salutaci\u00f3n d\u00eda del Maestro"}]},{"@type":"WebSite","@id":"https:\/\/www.noticiasradioreflejos.com.ar\/2021\/#website","url":"https:\/\/www.noticiasradioreflejos.com.ar\/2021\/","name":"Noticias Radio Reflejos","description":"Las noticias de mi comarca","potentialAction":[{"@type":"SearchAction","target":{"@type":"EntryPoint","urlTemplate":"https:\/\/www.noticiasradioreflejos.com.ar\/2021\/?s={search_term_string}"},"query-input":{"@type":"PropertyValueSpecification","valueRequired":true,"valueName":"search_term_string"}}],"inLanguage":"es"},{"@type":"Person","@id":"https:\/\/www.noticiasradioreflejos.com.ar\/2021\/#\/schema\/person\/ad82545263dcc5ec0996818884fd5fb1","name":"Arnaldo Botto","image":{"@type":"ImageObject","inLanguage":"es","@id":"https:\/\/www.noticiasradioreflejos.com.ar\/2021\/#\/schema\/person\/image\/","url":"https:\/\/secure.gravatar.com\/avatar\/55cb5e37c1efa326397366e6974cb338056df65cb50e7d64d1cf314e87504837?s=96&d=mm&r=g","contentUrl":"https:\/\/secure.gravatar.com\/avatar\/55cb5e37c1efa326397366e6974cb338056df65cb50e7d64d1cf314e87504837?s=96&d=mm&r=g","caption":"Arnaldo Botto"},"url":"https:\/\/www.noticiasradioreflejos.com.ar\/2021\/author\/arnaldo\/"}]}},"_links":{"self":[{"href":"https:\/\/www.noticiasradioreflejos.com.ar\/2021\/wp-json\/wp\/v2\/posts\/703","targetHints":{"allow":["GET"]}}],"collection":[{"href":"https:\/\/www.noticiasradioreflejos.com.ar\/2021\/wp-json\/wp\/v2\/posts"}],"about":[{"href":"https:\/\/www.noticiasradioreflejos.com.ar\/2021\/wp-json\/wp\/v2\/types\/post"}],"author":[{"embeddable":true,"href":"https:\/\/www.noticiasradioreflejos.com.ar\/2021\/wp-json\/wp\/v2\/users\/3"}],"replies":[{"embeddable":true,"href":"https:\/\/www.noticiasradioreflejos.com.ar\/2021\/wp-json\/wp\/v2\/comments?post=703"}],"version-history":[{"count":0,"href":"https:\/\/www.noticiasradioreflejos.com.ar\/2021\/wp-json\/wp\/v2\/posts\/703\/revisions"}],"wp:attachment":[{"href":"https:\/\/www.noticiasradioreflejos.com.ar\/2021\/wp-json\/wp\/v2\/media?parent=703"}],"wp:term":[{"taxonomy":"category","embeddable":true,"href":"https:\/\/www.noticiasradioreflejos.com.ar\/2021\/wp-json\/wp\/v2\/categories?post=703"},{"taxonomy":"post_tag","embeddable":true,"href":"https:\/\/www.noticiasradioreflejos.com.ar\/2021\/wp-json\/wp\/v2\/tags?post=703"}],"curies":[{"name":"wp","href":"https:\/\/api.w.org\/{rel}","templated":true}]}}