{"id":702,"date":"2016-09-09T14:55:21","date_gmt":"2016-09-09T14:55:21","guid":{"rendered":"http:\/\/noticiasradioreflejos.com.ar\/noticias\/?p=702"},"modified":"2016-09-09T14:55:21","modified_gmt":"2016-09-09T14:55:21","slug":"colecta-mas-por-menos-este-domingo","status":"publish","type":"post","link":"https:\/\/www.noticiasradioreflejos.com.ar\/2021\/colecta-mas-por-menos-este-domingo\/","title":{"rendered":"Colecta m\u00e1s por menos este domingo"},"content":{"rendered":"<p>El pr\u00f3ximo domingo 11 de setiembre se realizar\u00e1 la COLECTA NACIONAL MAS POR MENOS en todas las Parroquias, Colegios, Capillas e Instituciones cat\u00f3licas de nuestro pa\u00eds bajo el lema \u201cM\u00e1s Misericordia por menos exclusi\u00f3n\u201d. Ser\u00e1 la 47\u00aa edici\u00f3n de esta obra, organizada por la Comisi\u00f3n Episcopal de Ayuda a las Regiones M\u00e1s Necesitadas, dependiente de la Conferencia Episcopal Argentina.<!--more--><br \/>\nEl Papa Francisco, en su mensaje de adhesi\u00f3n a la Colecta, nos \u201cinvita a ser sensibles ante el grito de dolor de tantas personas marginadas y descartadas, que postrados en su pobreza, buscan una mano amiga que los ayude\u201d.<br \/>\nM\u00e1s por Menos a trav\u00e9s de sus 47 a\u00f1os de vida ha demostrado ser un canal confiable para el accionar de la Iglesia en la Promoci\u00f3n Humana, Social y Pastoral en las zonas m\u00e1s necesitados de nuestra Patria. Su recaudaci\u00f3n final permitir\u00e1 continuar dando respuesta a muchos proyectos de comedores infantiles y populares, sistemas de construcci\u00f3n de vivienda por el sistema ayuda mutua, emprendimientos laborales, apoyo a hogares para ni\u00f1os y ancianos, construcci\u00f3n y equipamiento de salones multiuso, apoyo a establecimientos educativos, centros de salud, talleres de artes y oficios, y tambi\u00e9n para el accionar de la pastoral.<br \/>\nLas donaciones a M\u00e1s por Menos, adem\u00e1s del d\u00eda de la Colecta, pueden efectuarse durante todo el a\u00f1o en sus distintas formas (Tarjetas de Cr\u00e9dito, Transferencias, Dep\u00f3sito Bancarios y a trav\u00e9s de cualquier Pago F\u00e1cil del Pa\u00eds).<br \/>\nAl correo electr\u00f3nico: <a href=\"mailto:colectamaspormenos@cea.org.ar\" target=\"_blank\" rel=\"noopener\">colectamaspormenos@cea.org.ar<\/a><br \/>\no visitando nuestra P\u00e1gina\u00a0<a href=\"http:\/\/www.www.colectamaspormenos.com.ar\/\" target=\"_blank\" data-saferedirecturl=\"https:\/\/www.google.com\/url?hl=es&amp;q=http:\/\/www.www.colectamaspormenos.com.ar\/&amp;source=gmail&amp;ust=1473516607008000&amp;usg=AFQjCNEuIQ0IevDtwJGMqd3d1udnBLhvpg\" rel=\"noopener\">www.www.<wbr \/>colectamaspormenos.com.ar<\/a><br \/>\n<iframe loading=\"lazy\" src=\"https:\/\/w.soundcloud.com\/player\/?url=https%3A\/\/api.soundcloud.com\/tracks\/282121448&amp;color=ff5500&amp;auto_play=false&amp;hide_related=false&amp;show_comments=true&amp;show_user=true&amp;show_reposts=false\" width=\"100%\" height=\"166\" frameborder=\"no\" scrolling=\"no\"><\/iframe><\/p>\n","protected":false},"excerpt":{"rendered":"<p>El pr\u00f3ximo domingo 11 de setiembre se realizar\u00e1 la COLECTA NACIONAL MAS POR MENOS en todas las Parroquias, Colegios, Capillas e Instituciones cat\u00f3licas de nuestro pa\u00eds bajo el lema \u201cM\u00e1s Misericordia por menos exclusi\u00f3n\u201d. Ser\u00e1 la 47\u00aa edici\u00f3n de esta obra, organizada por la Comisi\u00f3n Episcopal de Ayuda a las Regiones M\u00e1s Necesitadas, dependiente de [&hellip;]<\/p>\n","protected":false},"author":3,"featured_media":0,"comment_status":"closed","ping_status":"open","sticky":false,"template":"","format":"standard","meta":{"footnotes":""},"categories":[35],"tags":[],"class_list":["post-702","post","type-post","status-publish","format-standard","hentry","category-cultura"],"yoast_head":"<!-- This site is optimized with the Yoast SEO plugin v25.9 - https:\/\/yoast.com\/wordpress\/plugins\/seo\/ -->\n<title>Colecta m\u00e1s por menos este domingo - Noticias Radio Reflejos<\/title>\n<meta name=\"robots\" content=\"index, follow, max-snippet:-1, max-image-preview:large, max-video-preview:-1\" \/>\n<link rel=\"canonical\" href=\"https:\/\/www.noticiasradioreflejos.com.ar\/2021\/colecta-mas-por-menos-este-domingo\/\" \/>\n<meta property=\"og:locale\" content=\"es_ES\" \/>\n<meta property=\"og:type\" content=\"article\" \/>\n<meta property=\"og:title\" content=\"Colecta m\u00e1s por menos este domingo - Noticias Radio Reflejos\" \/>\n<meta property=\"og:description\" content=\"El pr\u00f3ximo domingo 11 de setiembre se realizar\u00e1 la COLECTA NACIONAL MAS POR MENOS en todas las Parroquias, Colegios, Capillas e Instituciones cat\u00f3licas de nuestro pa\u00eds bajo el lema \u201cM\u00e1s Misericordia por menos exclusi\u00f3n\u201d. Ser\u00e1 la 47\u00aa edici\u00f3n de esta obra, organizada por la Comisi\u00f3n Episcopal de Ayuda a las Regiones M\u00e1s Necesitadas, dependiente de [&hellip;]\" \/>\n<meta property=\"og:url\" content=\"https:\/\/www.noticiasradioreflejos.com.ar\/2021\/colecta-mas-por-menos-este-domingo\/\" \/>\n<meta property=\"og:site_name\" content=\"Noticias Radio Reflejos\" \/>\n<meta property=\"article:published_time\" content=\"2016-09-09T14:55:21+00:00\" \/>\n<meta property=\"og:image\" content=\"https:\/\/www.noticiasradioreflejos.com.ar\/2021\/wp-content\/uploads\/2021\/07\/logosol300x200.png\" \/>\n\t<meta property=\"og:image:width\" content=\"300\" \/>\n\t<meta property=\"og:image:height\" content=\"200\" \/>\n\t<meta property=\"og:image:type\" content=\"image\/png\" \/>\n<meta name=\"author\" content=\"Arnaldo Botto\" \/>\n<meta name=\"twitter:card\" content=\"summary_large_image\" \/>\n<script type=\"application\/ld+json\" class=\"yoast-schema-graph\">{\"@context\":\"https:\/\/schema.org\",\"@graph\":[{\"@type\":\"WebPage\",\"@id\":\"https:\/\/www.noticiasradioreflejos.com.ar\/2021\/colecta-mas-por-menos-este-domingo\/\",\"url\":\"https:\/\/www.noticiasradioreflejos.com.ar\/2021\/colecta-mas-por-menos-este-domingo\/\",\"name\":\"Colecta m\u00e1s por menos este domingo - Noticias Radio Reflejos\",\"isPartOf\":{\"@id\":\"https:\/\/www.noticiasradioreflejos.com.ar\/2021\/#website\"},\"datePublished\":\"2016-09-09T14:55:21+00:00\",\"author\":{\"@id\":\"https:\/\/www.noticiasradioreflejos.com.ar\/2021\/#\/schema\/person\/ad82545263dcc5ec0996818884fd5fb1\"},\"breadcrumb\":{\"@id\":\"https:\/\/www.noticiasradioreflejos.com.ar\/2021\/colecta-mas-por-menos-este-domingo\/#breadcrumb\"},\"inLanguage\":\"es\",\"potentialAction\":[{\"@type\":\"ReadAction\",\"target\":[\"https:\/\/www.noticiasradioreflejos.com.ar\/2021\/colecta-mas-por-menos-este-domingo\/\"]}]},{\"@type\":\"BreadcrumbList\",\"@id\":\"https:\/\/www.noticiasradioreflejos.com.ar\/2021\/colecta-mas-por-menos-este-domingo\/#breadcrumb\",\"itemListElement\":[{\"@type\":\"ListItem\",\"position\":1,\"name\":\"Portada\",\"item\":\"https:\/\/www.noticiasradioreflejos.com.ar\/2021\/\"},{\"@type\":\"ListItem\",\"position\":2,\"name\":\"Colecta m\u00e1s por menos este domingo\"}]},{\"@type\":\"WebSite\",\"@id\":\"https:\/\/www.noticiasradioreflejos.com.ar\/2021\/#website\",\"url\":\"https:\/\/www.noticiasradioreflejos.com.ar\/2021\/\",\"name\":\"Noticias Radio Reflejos\",\"description\":\"Las noticias de mi comarca\",\"potentialAction\":[{\"@type\":\"SearchAction\",\"target\":{\"@type\":\"EntryPoint\",\"urlTemplate\":\"https:\/\/www.noticiasradioreflejos.com.ar\/2021\/?s={search_term_string}\"},\"query-input\":{\"@type\":\"PropertyValueSpecification\",\"valueRequired\":true,\"valueName\":\"search_term_string\"}}],\"inLanguage\":\"es\"},{\"@type\":\"Person\",\"@id\":\"https:\/\/www.noticiasradioreflejos.com.ar\/2021\/#\/schema\/person\/ad82545263dcc5ec0996818884fd5fb1\",\"name\":\"Arnaldo Botto\",\"image\":{\"@type\":\"ImageObject\",\"inLanguage\":\"es\",\"@id\":\"https:\/\/www.noticiasradioreflejos.com.ar\/2021\/#\/schema\/person\/image\/\",\"url\":\"https:\/\/secure.gravatar.com\/avatar\/55cb5e37c1efa326397366e6974cb338056df65cb50e7d64d1cf314e87504837?s=96&d=mm&r=g\",\"contentUrl\":\"https:\/\/secure.gravatar.com\/avatar\/55cb5e37c1efa326397366e6974cb338056df65cb50e7d64d1cf314e87504837?s=96&d=mm&r=g\",\"caption\":\"Arnaldo Botto\"},\"url\":\"https:\/\/www.noticiasradioreflejos.com.ar\/2021\/author\/arnaldo\/\"}]}<\/script>\n<!-- \/ Yoast SEO plugin. -->","yoast_head_json":{"title":"Colecta m\u00e1s por menos este domingo - Noticias Radio Reflejos","robots":{"index":"index","follow":"follow","max-snippet":"max-snippet:-1","max-image-preview":"max-image-preview:large","max-video-preview":"max-video-preview:-1"},"canonical":"https:\/\/www.noticiasradioreflejos.com.ar\/2021\/colecta-mas-por-menos-este-domingo\/","og_locale":"es_ES","og_type":"article","og_title":"Colecta m\u00e1s por menos este domingo - Noticias Radio Reflejos","og_description":"El pr\u00f3ximo domingo 11 de setiembre se realizar\u00e1 la COLECTA NACIONAL MAS POR MENOS en todas las Parroquias, Colegios, Capillas e Instituciones cat\u00f3licas de nuestro pa\u00eds bajo el lema \u201cM\u00e1s Misericordia por menos exclusi\u00f3n\u201d. Ser\u00e1 la 47\u00aa edici\u00f3n de esta obra, organizada por la Comisi\u00f3n Episcopal de Ayuda a las Regiones M\u00e1s Necesitadas, dependiente de [&hellip;]","og_url":"https:\/\/www.noticiasradioreflejos.com.ar\/2021\/colecta-mas-por-menos-este-domingo\/","og_site_name":"Noticias Radio Reflejos","article_published_time":"2016-09-09T14:55:21+00:00","og_image":[{"width":300,"height":200,"url":"https:\/\/www.noticiasradioreflejos.com.ar\/2021\/wp-content\/uploads\/2021\/07\/logosol300x200.png","type":"image\/png"}],"author":"Arnaldo Botto","twitter_card":"summary_large_image","schema":{"@context":"https:\/\/schema.org","@graph":[{"@type":"WebPage","@id":"https:\/\/www.noticiasradioreflejos.com.ar\/2021\/colecta-mas-por-menos-este-domingo\/","url":"https:\/\/www.noticiasradioreflejos.com.ar\/2021\/colecta-mas-por-menos-este-domingo\/","name":"Colecta m\u00e1s por menos este domingo - Noticias Radio Reflejos","isPartOf":{"@id":"https:\/\/www.noticiasradioreflejos.com.ar\/2021\/#website"},"datePublished":"2016-09-09T14:55:21+00:00","author":{"@id":"https:\/\/www.noticiasradioreflejos.com.ar\/2021\/#\/schema\/person\/ad82545263dcc5ec0996818884fd5fb1"},"breadcrumb":{"@id":"https:\/\/www.noticiasradioreflejos.com.ar\/2021\/colecta-mas-por-menos-este-domingo\/#breadcrumb"},"inLanguage":"es","potentialAction":[{"@type":"ReadAction","target":["https:\/\/www.noticiasradioreflejos.com.ar\/2021\/colecta-mas-por-menos-este-domingo\/"]}]},{"@type":"BreadcrumbList","@id":"https:\/\/www.noticiasradioreflejos.com.ar\/2021\/colecta-mas-por-menos-este-domingo\/#breadcrumb","itemListElement":[{"@type":"ListItem","position":1,"name":"Portada","item":"https:\/\/www.noticiasradioreflejos.com.ar\/2021\/"},{"@type":"ListItem","position":2,"name":"Colecta m\u00e1s por menos este domingo"}]},{"@type":"WebSite","@id":"https:\/\/www.noticiasradioreflejos.com.ar\/2021\/#website","url":"https:\/\/www.noticiasradioreflejos.com.ar\/2021\/","name":"Noticias Radio Reflejos","description":"Las noticias de mi comarca","potentialAction":[{"@type":"SearchAction","target":{"@type":"EntryPoint","urlTemplate":"https:\/\/www.noticiasradioreflejos.com.ar\/2021\/?s={search_term_string}"},"query-input":{"@type":"PropertyValueSpecification","valueRequired":true,"valueName":"search_term_string"}}],"inLanguage":"es"},{"@type":"Person","@id":"https:\/\/www.noticiasradioreflejos.com.ar\/2021\/#\/schema\/person\/ad82545263dcc5ec0996818884fd5fb1","name":"Arnaldo Botto","image":{"@type":"ImageObject","inLanguage":"es","@id":"https:\/\/www.noticiasradioreflejos.com.ar\/2021\/#\/schema\/person\/image\/","url":"https:\/\/secure.gravatar.com\/avatar\/55cb5e37c1efa326397366e6974cb338056df65cb50e7d64d1cf314e87504837?s=96&d=mm&r=g","contentUrl":"https:\/\/secure.gravatar.com\/avatar\/55cb5e37c1efa326397366e6974cb338056df65cb50e7d64d1cf314e87504837?s=96&d=mm&r=g","caption":"Arnaldo Botto"},"url":"https:\/\/www.noticiasradioreflejos.com.ar\/2021\/author\/arnaldo\/"}]}},"_links":{"self":[{"href":"https:\/\/www.noticiasradioreflejos.com.ar\/2021\/wp-json\/wp\/v2\/posts\/702","targetHints":{"allow":["GET"]}}],"collection":[{"href":"https:\/\/www.noticiasradioreflejos.com.ar\/2021\/wp-json\/wp\/v2\/posts"}],"about":[{"href":"https:\/\/www.noticiasradioreflejos.com.ar\/2021\/wp-json\/wp\/v2\/types\/post"}],"author":[{"embeddable":true,"href":"https:\/\/www.noticiasradioreflejos.com.ar\/2021\/wp-json\/wp\/v2\/users\/3"}],"replies":[{"embeddable":true,"href":"https:\/\/www.noticiasradioreflejos.com.ar\/2021\/wp-json\/wp\/v2\/comments?post=702"}],"version-history":[{"count":0,"href":"https:\/\/www.noticiasradioreflejos.com.ar\/2021\/wp-json\/wp\/v2\/posts\/702\/revisions"}],"wp:attachment":[{"href":"https:\/\/www.noticiasradioreflejos.com.ar\/2021\/wp-json\/wp\/v2\/media?parent=702"}],"wp:term":[{"taxonomy":"category","embeddable":true,"href":"https:\/\/www.noticiasradioreflejos.com.ar\/2021\/wp-json\/wp\/v2\/categories?post=702"},{"taxonomy":"post_tag","embeddable":true,"href":"https:\/\/www.noticiasradioreflejos.com.ar\/2021\/wp-json\/wp\/v2\/tags?post=702"}],"curies":[{"name":"wp","href":"https:\/\/api.w.org\/{rel}","templated":true}]}}