{"id":70124,"date":"2022-04-04T14:57:11","date_gmt":"2022-04-04T14:57:11","guid":{"rendered":"http:\/\/www.noticiasradioreflejos.com.ar\/2021\/?p=70124"},"modified":"2022-04-04T14:57:11","modified_gmt":"2022-04-04T14:57:11","slug":"una-jauria-mato-a-un-trabajador-en-san-juan","status":"publish","type":"post","link":"https:\/\/www.noticiasradioreflejos.com.ar\/2021\/una-jauria-mato-a-un-trabajador-en-san-juan\/","title":{"rendered":"Una jaur\u00eda mat\u00f3 a un trabajador en San Juan"},"content":{"rendered":"<p>La v\u00edctima, que fue atacado por entre 10 y 15 perros, ten\u00eda 53 a\u00f1os y muri\u00f3 antes de llegar al centro m\u00e9dico. Seg\u00fan indicaron testigos, el hombre ten\u00eda \u00abla ropa desgarrada y muchas heridas\u00bb por lo que ya \u00abni se defend\u00eda\u00bb.<!--more--><\/p>\n<p>Un hombre de 53 a\u00f1os muri\u00f3 en las \u00faltimas horas atacado por un grupo de perros en la entrada del Parque de Tecnolog\u00edas Ambientales de San Juan, donde trabajaba en el control del ingreso al predio de camiones cargados de residuos domiciliarios, seg\u00fan inform\u00f3 hoy la polic\u00eda provincial.<\/p>\n<p>La victima fue identificada como N\u00e9stor Daniel Morales, quien -seg\u00fan los testigos- \u00abfue mordido por entre 10 y 15 perros que desde hace unos d\u00edas deambulaban por la zona\u00bb, ubicada en la localidad de La Bebida, en el departamento de Rivadavia. a unos 10 kil\u00f3metros de la capital de San Juan.<\/p>\n<p>Los compa\u00f1eros de Morales declararon que, mientras estaban trabajando en un galp\u00f3n, a tres kil\u00f3metros del ingreso del Parque,\u00a0<strong>comenzaron a escuchar \u00abladridos y gritos desesperados de una persona\u00bb.<\/strong><\/p>\n<p>Cuando llegaron al lugar, en una camioneta vieron c\u00f3mo \u00ablos animales atacaban a N\u00e9stor que estaba en el piso con la ropa desgarrada y con muchas heridas, y ya ni se defend\u00eda\u00bb.<\/p>\n<p>Indicaron que \u00abcon la camioneta y a pedradas\u00bb lograron separar a los perros del cuerpo de Morales y que lo llevaron hasta el Hospital Marcial Quiroga, pero agregaron que \u00abhab\u00eda perdido mucha sangre y ten\u00eda grandes heridas,\u00a0<strong>por lo que falleci\u00f3 antes de llegar\u00bb al centro m\u00e9dico.<\/strong><\/p>\n<p>Un caso similar se registr\u00f3 el 2 de noviembre pasado cuando una jaur\u00eda atac\u00f3 y mat\u00f3 a Florencia Ledesma, de 23 a\u00f1os, cuando corr\u00eda cerca de su casa en el departamento Albardon.<\/p>\n","protected":false},"excerpt":{"rendered":"<p>La v\u00edctima, que fue atacado por entre 10 y 15 perros, ten\u00eda 53 a\u00f1os y muri\u00f3 antes de llegar al centro m\u00e9dico. Seg\u00fan indicaron testigos, el hombre ten\u00eda \u00abla ropa desgarrada y muchas heridas\u00bb por lo que ya \u00abni se defend\u00eda\u00bb.<\/p>\n","protected":false},"author":3,"featured_media":0,"comment_status":"closed","ping_status":"closed","sticky":false,"template":"","format":"standard","meta":{"footnotes":""},"categories":[29],"tags":[],"class_list":["post-70124","post","type-post","status-publish","format-standard","hentry","category-policiales"],"yoast_head":"<!-- This site is optimized with the Yoast SEO plugin v25.9 - https:\/\/yoast.com\/wordpress\/plugins\/seo\/ -->\n<title>Una jaur\u00eda mat\u00f3 a un trabajador en San Juan - Noticias Radio Reflejos<\/title>\n<meta name=\"robots\" content=\"index, follow, max-snippet:-1, max-image-preview:large, max-video-preview:-1\" \/>\n<link rel=\"canonical\" href=\"https:\/\/www.noticiasradioreflejos.com.ar\/2021\/una-jauria-mato-a-un-trabajador-en-san-juan\/\" \/>\n<meta property=\"og:locale\" content=\"es_ES\" \/>\n<meta property=\"og:type\" content=\"article\" \/>\n<meta property=\"og:title\" content=\"Una jaur\u00eda mat\u00f3 a un trabajador en San Juan - Noticias Radio Reflejos\" \/>\n<meta property=\"og:description\" content=\"La v\u00edctima, que fue atacado por entre 10 y 15 perros, ten\u00eda 53 a\u00f1os y muri\u00f3 antes de llegar al centro m\u00e9dico. Seg\u00fan indicaron testigos, el hombre ten\u00eda \u00abla ropa desgarrada y muchas heridas\u00bb por lo que ya \u00abni se defend\u00eda\u00bb.\" \/>\n<meta property=\"og:url\" content=\"https:\/\/www.noticiasradioreflejos.com.ar\/2021\/una-jauria-mato-a-un-trabajador-en-san-juan\/\" \/>\n<meta property=\"og:site_name\" content=\"Noticias Radio Reflejos\" \/>\n<meta property=\"article:published_time\" content=\"2022-04-04T14:57:11+00:00\" \/>\n<meta property=\"og:image\" content=\"https:\/\/www.noticiasradioreflejos.com.ar\/2021\/wp-content\/uploads\/2021\/07\/logosol300x200.png\" \/>\n\t<meta property=\"og:image:width\" content=\"300\" \/>\n\t<meta property=\"og:image:height\" content=\"200\" \/>\n\t<meta property=\"og:image:type\" content=\"image\/png\" \/>\n<meta name=\"author\" content=\"Arnaldo Botto\" \/>\n<meta name=\"twitter:card\" content=\"summary_large_image\" \/>\n<script type=\"application\/ld+json\" class=\"yoast-schema-graph\">{\"@context\":\"https:\/\/schema.org\",\"@graph\":[{\"@type\":\"WebPage\",\"@id\":\"https:\/\/www.noticiasradioreflejos.com.ar\/2021\/una-jauria-mato-a-un-trabajador-en-san-juan\/\",\"url\":\"https:\/\/www.noticiasradioreflejos.com.ar\/2021\/una-jauria-mato-a-un-trabajador-en-san-juan\/\",\"name\":\"Una jaur\u00eda mat\u00f3 a un trabajador en San Juan - Noticias Radio Reflejos\",\"isPartOf\":{\"@id\":\"https:\/\/www.noticiasradioreflejos.com.ar\/2021\/#website\"},\"datePublished\":\"2022-04-04T14:57:11+00:00\",\"author\":{\"@id\":\"https:\/\/www.noticiasradioreflejos.com.ar\/2021\/#\/schema\/person\/ad82545263dcc5ec0996818884fd5fb1\"},\"breadcrumb\":{\"@id\":\"https:\/\/www.noticiasradioreflejos.com.ar\/2021\/una-jauria-mato-a-un-trabajador-en-san-juan\/#breadcrumb\"},\"inLanguage\":\"es\",\"potentialAction\":[{\"@type\":\"ReadAction\",\"target\":[\"https:\/\/www.noticiasradioreflejos.com.ar\/2021\/una-jauria-mato-a-un-trabajador-en-san-juan\/\"]}]},{\"@type\":\"BreadcrumbList\",\"@id\":\"https:\/\/www.noticiasradioreflejos.com.ar\/2021\/una-jauria-mato-a-un-trabajador-en-san-juan\/#breadcrumb\",\"itemListElement\":[{\"@type\":\"ListItem\",\"position\":1,\"name\":\"Portada\",\"item\":\"https:\/\/www.noticiasradioreflejos.com.ar\/2021\/\"},{\"@type\":\"ListItem\",\"position\":2,\"name\":\"Una jaur\u00eda mat\u00f3 a un trabajador en San Juan\"}]},{\"@type\":\"WebSite\",\"@id\":\"https:\/\/www.noticiasradioreflejos.com.ar\/2021\/#website\",\"url\":\"https:\/\/www.noticiasradioreflejos.com.ar\/2021\/\",\"name\":\"Noticias Radio Reflejos\",\"description\":\"Las noticias de mi comarca\",\"potentialAction\":[{\"@type\":\"SearchAction\",\"target\":{\"@type\":\"EntryPoint\",\"urlTemplate\":\"https:\/\/www.noticiasradioreflejos.com.ar\/2021\/?s={search_term_string}\"},\"query-input\":{\"@type\":\"PropertyValueSpecification\",\"valueRequired\":true,\"valueName\":\"search_term_string\"}}],\"inLanguage\":\"es\"},{\"@type\":\"Person\",\"@id\":\"https:\/\/www.noticiasradioreflejos.com.ar\/2021\/#\/schema\/person\/ad82545263dcc5ec0996818884fd5fb1\",\"name\":\"Arnaldo Botto\",\"image\":{\"@type\":\"ImageObject\",\"inLanguage\":\"es\",\"@id\":\"https:\/\/www.noticiasradioreflejos.com.ar\/2021\/#\/schema\/person\/image\/\",\"url\":\"https:\/\/secure.gravatar.com\/avatar\/55cb5e37c1efa326397366e6974cb338056df65cb50e7d64d1cf314e87504837?s=96&d=mm&r=g\",\"contentUrl\":\"https:\/\/secure.gravatar.com\/avatar\/55cb5e37c1efa326397366e6974cb338056df65cb50e7d64d1cf314e87504837?s=96&d=mm&r=g\",\"caption\":\"Arnaldo Botto\"},\"url\":\"https:\/\/www.noticiasradioreflejos.com.ar\/2021\/author\/arnaldo\/\"}]}<\/script>\n<!-- \/ Yoast SEO plugin. -->","yoast_head_json":{"title":"Una jaur\u00eda mat\u00f3 a un trabajador en San Juan - Noticias Radio Reflejos","robots":{"index":"index","follow":"follow","max-snippet":"max-snippet:-1","max-image-preview":"max-image-preview:large","max-video-preview":"max-video-preview:-1"},"canonical":"https:\/\/www.noticiasradioreflejos.com.ar\/2021\/una-jauria-mato-a-un-trabajador-en-san-juan\/","og_locale":"es_ES","og_type":"article","og_title":"Una jaur\u00eda mat\u00f3 a un trabajador en San Juan - Noticias Radio Reflejos","og_description":"La v\u00edctima, que fue atacado por entre 10 y 15 perros, ten\u00eda 53 a\u00f1os y muri\u00f3 antes de llegar al centro m\u00e9dico. Seg\u00fan indicaron testigos, el hombre ten\u00eda \u00abla ropa desgarrada y muchas heridas\u00bb por lo que ya \u00abni se defend\u00eda\u00bb.","og_url":"https:\/\/www.noticiasradioreflejos.com.ar\/2021\/una-jauria-mato-a-un-trabajador-en-san-juan\/","og_site_name":"Noticias Radio Reflejos","article_published_time":"2022-04-04T14:57:11+00:00","og_image":[{"width":300,"height":200,"url":"https:\/\/www.noticiasradioreflejos.com.ar\/2021\/wp-content\/uploads\/2021\/07\/logosol300x200.png","type":"image\/png"}],"author":"Arnaldo Botto","twitter_card":"summary_large_image","schema":{"@context":"https:\/\/schema.org","@graph":[{"@type":"WebPage","@id":"https:\/\/www.noticiasradioreflejos.com.ar\/2021\/una-jauria-mato-a-un-trabajador-en-san-juan\/","url":"https:\/\/www.noticiasradioreflejos.com.ar\/2021\/una-jauria-mato-a-un-trabajador-en-san-juan\/","name":"Una jaur\u00eda mat\u00f3 a un trabajador en San Juan - Noticias Radio Reflejos","isPartOf":{"@id":"https:\/\/www.noticiasradioreflejos.com.ar\/2021\/#website"},"datePublished":"2022-04-04T14:57:11+00:00","author":{"@id":"https:\/\/www.noticiasradioreflejos.com.ar\/2021\/#\/schema\/person\/ad82545263dcc5ec0996818884fd5fb1"},"breadcrumb":{"@id":"https:\/\/www.noticiasradioreflejos.com.ar\/2021\/una-jauria-mato-a-un-trabajador-en-san-juan\/#breadcrumb"},"inLanguage":"es","potentialAction":[{"@type":"ReadAction","target":["https:\/\/www.noticiasradioreflejos.com.ar\/2021\/una-jauria-mato-a-un-trabajador-en-san-juan\/"]}]},{"@type":"BreadcrumbList","@id":"https:\/\/www.noticiasradioreflejos.com.ar\/2021\/una-jauria-mato-a-un-trabajador-en-san-juan\/#breadcrumb","itemListElement":[{"@type":"ListItem","position":1,"name":"Portada","item":"https:\/\/www.noticiasradioreflejos.com.ar\/2021\/"},{"@type":"ListItem","position":2,"name":"Una jaur\u00eda mat\u00f3 a un trabajador en San Juan"}]},{"@type":"WebSite","@id":"https:\/\/www.noticiasradioreflejos.com.ar\/2021\/#website","url":"https:\/\/www.noticiasradioreflejos.com.ar\/2021\/","name":"Noticias Radio Reflejos","description":"Las noticias de mi comarca","potentialAction":[{"@type":"SearchAction","target":{"@type":"EntryPoint","urlTemplate":"https:\/\/www.noticiasradioreflejos.com.ar\/2021\/?s={search_term_string}"},"query-input":{"@type":"PropertyValueSpecification","valueRequired":true,"valueName":"search_term_string"}}],"inLanguage":"es"},{"@type":"Person","@id":"https:\/\/www.noticiasradioreflejos.com.ar\/2021\/#\/schema\/person\/ad82545263dcc5ec0996818884fd5fb1","name":"Arnaldo Botto","image":{"@type":"ImageObject","inLanguage":"es","@id":"https:\/\/www.noticiasradioreflejos.com.ar\/2021\/#\/schema\/person\/image\/","url":"https:\/\/secure.gravatar.com\/avatar\/55cb5e37c1efa326397366e6974cb338056df65cb50e7d64d1cf314e87504837?s=96&d=mm&r=g","contentUrl":"https:\/\/secure.gravatar.com\/avatar\/55cb5e37c1efa326397366e6974cb338056df65cb50e7d64d1cf314e87504837?s=96&d=mm&r=g","caption":"Arnaldo Botto"},"url":"https:\/\/www.noticiasradioreflejos.com.ar\/2021\/author\/arnaldo\/"}]}},"_links":{"self":[{"href":"https:\/\/www.noticiasradioreflejos.com.ar\/2021\/wp-json\/wp\/v2\/posts\/70124","targetHints":{"allow":["GET"]}}],"collection":[{"href":"https:\/\/www.noticiasradioreflejos.com.ar\/2021\/wp-json\/wp\/v2\/posts"}],"about":[{"href":"https:\/\/www.noticiasradioreflejos.com.ar\/2021\/wp-json\/wp\/v2\/types\/post"}],"author":[{"embeddable":true,"href":"https:\/\/www.noticiasradioreflejos.com.ar\/2021\/wp-json\/wp\/v2\/users\/3"}],"replies":[{"embeddable":true,"href":"https:\/\/www.noticiasradioreflejos.com.ar\/2021\/wp-json\/wp\/v2\/comments?post=70124"}],"version-history":[{"count":1,"href":"https:\/\/www.noticiasradioreflejos.com.ar\/2021\/wp-json\/wp\/v2\/posts\/70124\/revisions"}],"predecessor-version":[{"id":70126,"href":"https:\/\/www.noticiasradioreflejos.com.ar\/2021\/wp-json\/wp\/v2\/posts\/70124\/revisions\/70126"}],"wp:attachment":[{"href":"https:\/\/www.noticiasradioreflejos.com.ar\/2021\/wp-json\/wp\/v2\/media?parent=70124"}],"wp:term":[{"taxonomy":"category","embeddable":true,"href":"https:\/\/www.noticiasradioreflejos.com.ar\/2021\/wp-json\/wp\/v2\/categories?post=70124"},{"taxonomy":"post_tag","embeddable":true,"href":"https:\/\/www.noticiasradioreflejos.com.ar\/2021\/wp-json\/wp\/v2\/tags?post=70124"}],"curies":[{"name":"wp","href":"https:\/\/api.w.org\/{rel}","templated":true}]}}