{"id":70120,"date":"2022-04-04T13:34:28","date_gmt":"2022-04-04T13:34:28","guid":{"rendered":"http:\/\/www.noticiasradioreflejos.com.ar\/2021\/?p=70120"},"modified":"2022-04-04T13:34:39","modified_gmt":"2022-04-04T13:34:39","slug":"todas-las-sedes-del-banco-provincia-vuelven-hoy-a-su-horario-habitual-de-10-a-15","status":"publish","type":"post","link":"https:\/\/www.noticiasradioreflejos.com.ar\/2021\/todas-las-sedes-del-banco-provincia-vuelven-hoy-a-su-horario-habitual-de-10-a-15\/","title":{"rendered":"Todas las sedes del Banco Provincia vuelven hoy a su horario habitual de 10 a 15"},"content":{"rendered":"<div class=\"hnoti\">La totalidad de las sucursales del Banco Provincia de Buenos Aires retomar\u00e1n la atenci\u00f3n al p\u00fablico en la franja 10 a 15 a partir de hoy, horario que se hab\u00eda modificado en noviembre pasado para las sedes ubicadas en gran parte del interior provincial, para que abran sus puertas de 8 a 13.<\/div>\n<p><!--more--><\/p>\n<div class=\"text\">\n<p>Tras el fin del horario de verano que arranc\u00f3 en el ante\u00faltimo mes de 2021, todas las sucursales abrir\u00e1n en el horario de 10 a 15, con lo que se unificar\u00e1 as\u00ed la atenci\u00f3n en todo el \u00e1mbito provincial.<\/p>\n<p>El cambio de horario no generar\u00e1 modificaci\u00f3n en los turnos asignados, ya que los pedidos de abril en adelante fueron otorgados de acuerdo con la franja de 10 a 15, asegur\u00f3 la entidad oficial en un comunicado.<\/p>\n<p>El horario de verano se estableci\u00f3 el 17 de noviembre \u00faltimo a trav\u00e9s de un decreto del Poder Ejecutivo bonaerense, que dispuso la apertura de los bancos entre las 8 y las 13 en m\u00e1s de 106 distritos del interior de la provincia hasta el 3 de abril.<\/p>\n<p>La medida fue de aplicaci\u00f3n exclusiva en los distritos que se adhirieron a esta resoluci\u00f3n oficial del gobierno provincial, ideada para cuidar a las personas de la exposici\u00f3n a las altas temperaturas veraniegas.<\/p>\n<p>Si bien desde noviembre de 2021 las sucursales incorporaron la modalidad de atenci\u00f3n mixta, que permite a las personas acudir en forma presencial con o sin turnos, Banco Provincia recomienda optar por una cita previa para ahorrar tiempo en las operaciones.<\/p>\n<p>La entidad bancaria provincial record\u00f3 que se mantienen vigentes los seis canales digitales para operar sin ir al banco, como Cuenta DNI, Banca Internet Provincia BIP, entre otras.(Telam)<\/p>\n<\/div>\n","protected":false},"excerpt":{"rendered":"<p>La totalidad de las sucursales del Banco Provincia de Buenos Aires retomar\u00e1n la atenci\u00f3n al p\u00fablico en la franja 10 a 15 a partir de hoy, horario que se hab\u00eda modificado en noviembre pasado para las sedes ubicadas en gran parte del interior provincial, para que abran sus puertas de 8 a 13.<\/p>\n","protected":false},"author":3,"featured_media":65042,"comment_status":"closed","ping_status":"closed","sticky":false,"template":"","format":"standard","meta":{"footnotes":""},"categories":[26],"tags":[],"class_list":["post-70120","post","type-post","status-publish","format-standard","has-post-thumbnail","hentry","category-sociedad"],"yoast_head":"<!-- This site is optimized with the Yoast SEO plugin v25.9 - https:\/\/yoast.com\/wordpress\/plugins\/seo\/ -->\n<title>Todas las sedes del Banco Provincia vuelven hoy a su horario habitual de 10 a 15 - Noticias Radio Reflejos<\/title>\n<meta name=\"robots\" content=\"index, follow, max-snippet:-1, max-image-preview:large, max-video-preview:-1\" \/>\n<link rel=\"canonical\" href=\"https:\/\/www.noticiasradioreflejos.com.ar\/2021\/todas-las-sedes-del-banco-provincia-vuelven-hoy-a-su-horario-habitual-de-10-a-15\/\" \/>\n<meta property=\"og:locale\" content=\"es_ES\" \/>\n<meta property=\"og:type\" content=\"article\" \/>\n<meta property=\"og:title\" content=\"Todas las sedes del Banco Provincia vuelven hoy a su horario habitual de 10 a 15 - Noticias Radio Reflejos\" \/>\n<meta property=\"og:description\" content=\"La totalidad de las sucursales del Banco Provincia de Buenos Aires retomar\u00e1n la atenci\u00f3n al p\u00fablico en la franja 10 a 15 a partir de hoy, horario que se hab\u00eda modificado en noviembre pasado para las sedes ubicadas en gran parte del interior provincial, para que abran sus puertas de 8 a 13.\" \/>\n<meta property=\"og:url\" content=\"https:\/\/www.noticiasradioreflejos.com.ar\/2021\/todas-las-sedes-del-banco-provincia-vuelven-hoy-a-su-horario-habitual-de-10-a-15\/\" \/>\n<meta property=\"og:site_name\" content=\"Noticias Radio Reflejos\" \/>\n<meta property=\"article:published_time\" content=\"2022-04-04T13:34:28+00:00\" \/>\n<meta property=\"article:modified_time\" content=\"2022-04-04T13:34:39+00:00\" \/>\n<meta property=\"og:image\" content=\"https:\/\/www.noticiasradioreflejos.com.ar\/2021\/wp-content\/uploads\/2021\/11\/Banco-Provincia-Sierra.jpeg\" \/>\n\t<meta property=\"og:image:width\" content=\"621\" \/>\n\t<meta property=\"og:image:height\" content=\"437\" \/>\n\t<meta property=\"og:image:type\" content=\"image\/jpeg\" \/>\n<meta name=\"author\" content=\"Arnaldo Botto\" \/>\n<meta name=\"twitter:card\" content=\"summary_large_image\" \/>\n<script type=\"application\/ld+json\" class=\"yoast-schema-graph\">{\"@context\":\"https:\/\/schema.org\",\"@graph\":[{\"@type\":\"WebPage\",\"@id\":\"https:\/\/www.noticiasradioreflejos.com.ar\/2021\/todas-las-sedes-del-banco-provincia-vuelven-hoy-a-su-horario-habitual-de-10-a-15\/\",\"url\":\"https:\/\/www.noticiasradioreflejos.com.ar\/2021\/todas-las-sedes-del-banco-provincia-vuelven-hoy-a-su-horario-habitual-de-10-a-15\/\",\"name\":\"Todas las sedes del Banco Provincia vuelven hoy a su horario habitual de 10 a 15 - Noticias Radio Reflejos\",\"isPartOf\":{\"@id\":\"https:\/\/www.noticiasradioreflejos.com.ar\/2021\/#website\"},\"primaryImageOfPage\":{\"@id\":\"https:\/\/www.noticiasradioreflejos.com.ar\/2021\/todas-las-sedes-del-banco-provincia-vuelven-hoy-a-su-horario-habitual-de-10-a-15\/#primaryimage\"},\"image\":{\"@id\":\"https:\/\/www.noticiasradioreflejos.com.ar\/2021\/todas-las-sedes-del-banco-provincia-vuelven-hoy-a-su-horario-habitual-de-10-a-15\/#primaryimage\"},\"thumbnailUrl\":\"https:\/\/www.noticiasradioreflejos.com.ar\/2021\/wp-content\/uploads\/2021\/11\/Banco-Provincia-Sierra.jpeg\",\"datePublished\":\"2022-04-04T13:34:28+00:00\",\"dateModified\":\"2022-04-04T13:34:39+00:00\",\"author\":{\"@id\":\"https:\/\/www.noticiasradioreflejos.com.ar\/2021\/#\/schema\/person\/ad82545263dcc5ec0996818884fd5fb1\"},\"breadcrumb\":{\"@id\":\"https:\/\/www.noticiasradioreflejos.com.ar\/2021\/todas-las-sedes-del-banco-provincia-vuelven-hoy-a-su-horario-habitual-de-10-a-15\/#breadcrumb\"},\"inLanguage\":\"es\",\"potentialAction\":[{\"@type\":\"ReadAction\",\"target\":[\"https:\/\/www.noticiasradioreflejos.com.ar\/2021\/todas-las-sedes-del-banco-provincia-vuelven-hoy-a-su-horario-habitual-de-10-a-15\/\"]}]},{\"@type\":\"ImageObject\",\"inLanguage\":\"es\",\"@id\":\"https:\/\/www.noticiasradioreflejos.com.ar\/2021\/todas-las-sedes-del-banco-provincia-vuelven-hoy-a-su-horario-habitual-de-10-a-15\/#primaryimage\",\"url\":\"https:\/\/www.noticiasradioreflejos.com.ar\/2021\/wp-content\/uploads\/2021\/11\/Banco-Provincia-Sierra.jpeg\",\"contentUrl\":\"https:\/\/www.noticiasradioreflejos.com.ar\/2021\/wp-content\/uploads\/2021\/11\/Banco-Provincia-Sierra.jpeg\",\"width\":621,\"height\":437},{\"@type\":\"BreadcrumbList\",\"@id\":\"https:\/\/www.noticiasradioreflejos.com.ar\/2021\/todas-las-sedes-del-banco-provincia-vuelven-hoy-a-su-horario-habitual-de-10-a-15\/#breadcrumb\",\"itemListElement\":[{\"@type\":\"ListItem\",\"position\":1,\"name\":\"Portada\",\"item\":\"https:\/\/www.noticiasradioreflejos.com.ar\/2021\/\"},{\"@type\":\"ListItem\",\"position\":2,\"name\":\"Todas las sedes del Banco Provincia vuelven hoy a su horario habitual de 10 a 15\"}]},{\"@type\":\"WebSite\",\"@id\":\"https:\/\/www.noticiasradioreflejos.com.ar\/2021\/#website\",\"url\":\"https:\/\/www.noticiasradioreflejos.com.ar\/2021\/\",\"name\":\"Noticias Radio Reflejos\",\"description\":\"Las noticias de mi comarca\",\"potentialAction\":[{\"@type\":\"SearchAction\",\"target\":{\"@type\":\"EntryPoint\",\"urlTemplate\":\"https:\/\/www.noticiasradioreflejos.com.ar\/2021\/?s={search_term_string}\"},\"query-input\":{\"@type\":\"PropertyValueSpecification\",\"valueRequired\":true,\"valueName\":\"search_term_string\"}}],\"inLanguage\":\"es\"},{\"@type\":\"Person\",\"@id\":\"https:\/\/www.noticiasradioreflejos.com.ar\/2021\/#\/schema\/person\/ad82545263dcc5ec0996818884fd5fb1\",\"name\":\"Arnaldo Botto\",\"image\":{\"@type\":\"ImageObject\",\"inLanguage\":\"es\",\"@id\":\"https:\/\/www.noticiasradioreflejos.com.ar\/2021\/#\/schema\/person\/image\/\",\"url\":\"https:\/\/secure.gravatar.com\/avatar\/55cb5e37c1efa326397366e6974cb338056df65cb50e7d64d1cf314e87504837?s=96&d=mm&r=g\",\"contentUrl\":\"https:\/\/secure.gravatar.com\/avatar\/55cb5e37c1efa326397366e6974cb338056df65cb50e7d64d1cf314e87504837?s=96&d=mm&r=g\",\"caption\":\"Arnaldo Botto\"},\"url\":\"https:\/\/www.noticiasradioreflejos.com.ar\/2021\/author\/arnaldo\/\"}]}<\/script>\n<!-- \/ Yoast SEO plugin. -->","yoast_head_json":{"title":"Todas las sedes del Banco Provincia vuelven hoy a su horario habitual de 10 a 15 - Noticias Radio Reflejos","robots":{"index":"index","follow":"follow","max-snippet":"max-snippet:-1","max-image-preview":"max-image-preview:large","max-video-preview":"max-video-preview:-1"},"canonical":"https:\/\/www.noticiasradioreflejos.com.ar\/2021\/todas-las-sedes-del-banco-provincia-vuelven-hoy-a-su-horario-habitual-de-10-a-15\/","og_locale":"es_ES","og_type":"article","og_title":"Todas las sedes del Banco Provincia vuelven hoy a su horario habitual de 10 a 15 - Noticias Radio Reflejos","og_description":"La totalidad de las sucursales del Banco Provincia de Buenos Aires retomar\u00e1n la atenci\u00f3n al p\u00fablico en la franja 10 a 15 a partir de hoy, horario que se hab\u00eda modificado en noviembre pasado para las sedes ubicadas en gran parte del interior provincial, para que abran sus puertas de 8 a 13.","og_url":"https:\/\/www.noticiasradioreflejos.com.ar\/2021\/todas-las-sedes-del-banco-provincia-vuelven-hoy-a-su-horario-habitual-de-10-a-15\/","og_site_name":"Noticias Radio Reflejos","article_published_time":"2022-04-04T13:34:28+00:00","article_modified_time":"2022-04-04T13:34:39+00:00","og_image":[{"width":621,"height":437,"url":"https:\/\/www.noticiasradioreflejos.com.ar\/2021\/wp-content\/uploads\/2021\/11\/Banco-Provincia-Sierra.jpeg","type":"image\/jpeg"}],"author":"Arnaldo Botto","twitter_card":"summary_large_image","schema":{"@context":"https:\/\/schema.org","@graph":[{"@type":"WebPage","@id":"https:\/\/www.noticiasradioreflejos.com.ar\/2021\/todas-las-sedes-del-banco-provincia-vuelven-hoy-a-su-horario-habitual-de-10-a-15\/","url":"https:\/\/www.noticiasradioreflejos.com.ar\/2021\/todas-las-sedes-del-banco-provincia-vuelven-hoy-a-su-horario-habitual-de-10-a-15\/","name":"Todas las sedes del Banco Provincia vuelven hoy a su horario habitual de 10 a 15 - Noticias Radio Reflejos","isPartOf":{"@id":"https:\/\/www.noticiasradioreflejos.com.ar\/2021\/#website"},"primaryImageOfPage":{"@id":"https:\/\/www.noticiasradioreflejos.com.ar\/2021\/todas-las-sedes-del-banco-provincia-vuelven-hoy-a-su-horario-habitual-de-10-a-15\/#primaryimage"},"image":{"@id":"https:\/\/www.noticiasradioreflejos.com.ar\/2021\/todas-las-sedes-del-banco-provincia-vuelven-hoy-a-su-horario-habitual-de-10-a-15\/#primaryimage"},"thumbnailUrl":"https:\/\/www.noticiasradioreflejos.com.ar\/2021\/wp-content\/uploads\/2021\/11\/Banco-Provincia-Sierra.jpeg","datePublished":"2022-04-04T13:34:28+00:00","dateModified":"2022-04-04T13:34:39+00:00","author":{"@id":"https:\/\/www.noticiasradioreflejos.com.ar\/2021\/#\/schema\/person\/ad82545263dcc5ec0996818884fd5fb1"},"breadcrumb":{"@id":"https:\/\/www.noticiasradioreflejos.com.ar\/2021\/todas-las-sedes-del-banco-provincia-vuelven-hoy-a-su-horario-habitual-de-10-a-15\/#breadcrumb"},"inLanguage":"es","potentialAction":[{"@type":"ReadAction","target":["https:\/\/www.noticiasradioreflejos.com.ar\/2021\/todas-las-sedes-del-banco-provincia-vuelven-hoy-a-su-horario-habitual-de-10-a-15\/"]}]},{"@type":"ImageObject","inLanguage":"es","@id":"https:\/\/www.noticiasradioreflejos.com.ar\/2021\/todas-las-sedes-del-banco-provincia-vuelven-hoy-a-su-horario-habitual-de-10-a-15\/#primaryimage","url":"https:\/\/www.noticiasradioreflejos.com.ar\/2021\/wp-content\/uploads\/2021\/11\/Banco-Provincia-Sierra.jpeg","contentUrl":"https:\/\/www.noticiasradioreflejos.com.ar\/2021\/wp-content\/uploads\/2021\/11\/Banco-Provincia-Sierra.jpeg","width":621,"height":437},{"@type":"BreadcrumbList","@id":"https:\/\/www.noticiasradioreflejos.com.ar\/2021\/todas-las-sedes-del-banco-provincia-vuelven-hoy-a-su-horario-habitual-de-10-a-15\/#breadcrumb","itemListElement":[{"@type":"ListItem","position":1,"name":"Portada","item":"https:\/\/www.noticiasradioreflejos.com.ar\/2021\/"},{"@type":"ListItem","position":2,"name":"Todas las sedes del Banco Provincia vuelven hoy a su horario habitual de 10 a 15"}]},{"@type":"WebSite","@id":"https:\/\/www.noticiasradioreflejos.com.ar\/2021\/#website","url":"https:\/\/www.noticiasradioreflejos.com.ar\/2021\/","name":"Noticias Radio Reflejos","description":"Las noticias de mi comarca","potentialAction":[{"@type":"SearchAction","target":{"@type":"EntryPoint","urlTemplate":"https:\/\/www.noticiasradioreflejos.com.ar\/2021\/?s={search_term_string}"},"query-input":{"@type":"PropertyValueSpecification","valueRequired":true,"valueName":"search_term_string"}}],"inLanguage":"es"},{"@type":"Person","@id":"https:\/\/www.noticiasradioreflejos.com.ar\/2021\/#\/schema\/person\/ad82545263dcc5ec0996818884fd5fb1","name":"Arnaldo Botto","image":{"@type":"ImageObject","inLanguage":"es","@id":"https:\/\/www.noticiasradioreflejos.com.ar\/2021\/#\/schema\/person\/image\/","url":"https:\/\/secure.gravatar.com\/avatar\/55cb5e37c1efa326397366e6974cb338056df65cb50e7d64d1cf314e87504837?s=96&d=mm&r=g","contentUrl":"https:\/\/secure.gravatar.com\/avatar\/55cb5e37c1efa326397366e6974cb338056df65cb50e7d64d1cf314e87504837?s=96&d=mm&r=g","caption":"Arnaldo Botto"},"url":"https:\/\/www.noticiasradioreflejos.com.ar\/2021\/author\/arnaldo\/"}]}},"_links":{"self":[{"href":"https:\/\/www.noticiasradioreflejos.com.ar\/2021\/wp-json\/wp\/v2\/posts\/70120","targetHints":{"allow":["GET"]}}],"collection":[{"href":"https:\/\/www.noticiasradioreflejos.com.ar\/2021\/wp-json\/wp\/v2\/posts"}],"about":[{"href":"https:\/\/www.noticiasradioreflejos.com.ar\/2021\/wp-json\/wp\/v2\/types\/post"}],"author":[{"embeddable":true,"href":"https:\/\/www.noticiasradioreflejos.com.ar\/2021\/wp-json\/wp\/v2\/users\/3"}],"replies":[{"embeddable":true,"href":"https:\/\/www.noticiasradioreflejos.com.ar\/2021\/wp-json\/wp\/v2\/comments?post=70120"}],"version-history":[{"count":1,"href":"https:\/\/www.noticiasradioreflejos.com.ar\/2021\/wp-json\/wp\/v2\/posts\/70120\/revisions"}],"predecessor-version":[{"id":70121,"href":"https:\/\/www.noticiasradioreflejos.com.ar\/2021\/wp-json\/wp\/v2\/posts\/70120\/revisions\/70121"}],"wp:featuredmedia":[{"embeddable":true,"href":"https:\/\/www.noticiasradioreflejos.com.ar\/2021\/wp-json\/wp\/v2\/media\/65042"}],"wp:attachment":[{"href":"https:\/\/www.noticiasradioreflejos.com.ar\/2021\/wp-json\/wp\/v2\/media?parent=70120"}],"wp:term":[{"taxonomy":"category","embeddable":true,"href":"https:\/\/www.noticiasradioreflejos.com.ar\/2021\/wp-json\/wp\/v2\/categories?post=70120"},{"taxonomy":"post_tag","embeddable":true,"href":"https:\/\/www.noticiasradioreflejos.com.ar\/2021\/wp-json\/wp\/v2\/tags?post=70120"}],"curies":[{"name":"wp","href":"https:\/\/api.w.org\/{rel}","templated":true}]}}