{"id":70117,"date":"2022-04-04T12:53:09","date_gmt":"2022-04-04T12:53:09","guid":{"rendered":"http:\/\/www.noticiasradioreflejos.com.ar\/2021\/?p=70117"},"modified":"2022-04-04T12:53:09","modified_gmt":"2022-04-04T12:53:09","slug":"docentes-paran-y-marchan-a-15-anos-del-asesinato-del-maestro-fuentealba","status":"publish","type":"post","link":"https:\/\/www.noticiasradioreflejos.com.ar\/2021\/docentes-paran-y-marchan-a-15-anos-del-asesinato-del-maestro-fuentealba\/","title":{"rendered":"Docentes paran y marchan a 15 a\u00f1os del asesinato del maestro Fuentealba"},"content":{"rendered":"<p>La Asociaci\u00f3n de Trabajadores de la Educaci\u00f3n de Neuqu\u00e9n realizar\u00e1 este lunes un cese de tareas y movilizaci\u00f3n al cumplirse una d\u00e9cada y media del crimen de Carlos Fuentealba a manos de un polic\u00eda durante una protesta en el paraje Arroyito.<!--more--><\/p>\n<div>\n<div class=\"wrapper-editable-content\">\n<div>\n<div class=\"container-md\">\n<div class=\"row\">\n<div class=\"col-md-12 speak\">\n<div class=\"paragraph\">\n<figure class=\"mb-3\"><img decoding=\"async\" src=\"https:\/\/www.telam.com.ar\/thumbs\/bluesteel\/advf\/imagenes\/2021\/04\/606a1c6eedd87_900.jpg\" alt=\"Un nuevo aniversario de un crmen que marc la historia Argentina\" width=\"100%\" height=\"100%\" \/><\/figure>\n<\/div>\n<\/div>\n<\/div>\n<\/div>\n<\/div>\n<\/div>\n<\/div>\n<p>Un nuevo aniversario de un crimen que marc\u00f3 la historia Argentina.<\/p>\n<p>&nbsp;<\/p>\n<p>La\u00a0<strong>Asociaci\u00f3n de Trabajadores de la Educaci\u00f3n de Neuqu\u00e9n<\/strong>\u00a0(ATEN) realizar\u00e1 este lunes un paro y movilizaci\u00f3n al cumplirse 15 a\u00f1os del asesinato del maestro\u00a0<strong>Carlos Fuentealba<\/strong>\u00a0a manos de un polic\u00eda durante una protesta en el paraje Arroyito.<\/p>\n<p>El gremio docente inform\u00f3 que este lunes a las 18 se concentrar\u00e1 en el monumento a San Mart\u00edn de la ciudad de Neuqu\u00e9n\u00a0<strong>para luego marchar \u00abcontra la impunidad\u00bb<\/strong>\u00a0por las calles c\u00e9ntricas y despu\u00e9s realizar\u00e1 un cierre art\u00edstico que estar\u00e1 a cargo del m\u00fasico Bruno Arias.<\/p>\n<p>Previamente se llevar\u00e1 a cabo\u00a0<strong>un acto en el memorial que marca en la ruta nacional 22 en Arroyito, en las afueras de Neuqu\u00e9n, el lugar preciso en el que Fuentealba cay\u00f3 herido de muerte por un cartucho de gas lacrim\u00f3geno disparado por el expolic\u00eda Dar\u00edo Poblete,<\/strong>\u00a0quien cumple prisi\u00f3n perpetua por el crimen.<\/p>\n<p><strong>Desde all\u00ed, se largar\u00e1 la \u00abBicicleteada para no olvidar\u00bb<\/strong>, en la que ciclistas recorrer\u00e1n el trayecto entre el memorial de Arroyito y la capital neuquina, distante unos 45 kil\u00f3metros.<\/p>\n<p>El martes se realizar\u00e1 la se\u00f1alizaci\u00f3n de Arroyito, en una acci\u00f3n conjunta con la Secretar\u00eda de Derechos Humanos de Naci\u00f3n.<\/p>\n<p>Y\u00a0<strong>del mi\u00e9rcoles al viernes se realizar\u00e1 la instalaci\u00f3n de una Carpa de la Memoria en el Espacio Intercultural Graciela Alonso (Ex Arcos Romanos), donde se realizar\u00e1n visitas guiadas para escuelas<\/strong>, destinadas a estudiantes de tercer ciclo de nivel primario, secundario, superior y modalidad t\u00e9cnica y adultos. En este lugar tambi\u00e9n se dispondr\u00e1n paneles tem\u00e1ticos a partir de las 19 y luego cada jornada cerrar\u00e1 con presentaciones de artistas locales.<\/p>\n","protected":false},"excerpt":{"rendered":"<p>La Asociaci\u00f3n de Trabajadores de la Educaci\u00f3n de Neuqu\u00e9n realizar\u00e1 este lunes un cese de tareas y movilizaci\u00f3n al cumplirse una d\u00e9cada y media del crimen de Carlos Fuentealba a manos de un polic\u00eda durante una protesta en el paraje Arroyito.<\/p>\n","protected":false},"author":3,"featured_media":0,"comment_status":"closed","ping_status":"closed","sticky":false,"template":"","format":"standard","meta":{"footnotes":""},"categories":[24,26],"tags":[],"class_list":["post-70117","post","type-post","status-publish","format-standard","hentry","category-politica","category-sociedad"],"yoast_head":"<!-- This site is optimized with the Yoast SEO plugin v25.9 - https:\/\/yoast.com\/wordpress\/plugins\/seo\/ -->\n<title>Docentes paran y marchan a 15 a\u00f1os del asesinato del maestro Fuentealba - Noticias Radio Reflejos<\/title>\n<meta name=\"robots\" content=\"index, follow, max-snippet:-1, max-image-preview:large, max-video-preview:-1\" \/>\n<link rel=\"canonical\" href=\"https:\/\/www.noticiasradioreflejos.com.ar\/2021\/docentes-paran-y-marchan-a-15-anos-del-asesinato-del-maestro-fuentealba\/\" \/>\n<meta property=\"og:locale\" content=\"es_ES\" \/>\n<meta property=\"og:type\" content=\"article\" \/>\n<meta property=\"og:title\" content=\"Docentes paran y marchan a 15 a\u00f1os del asesinato del maestro Fuentealba - Noticias Radio Reflejos\" \/>\n<meta property=\"og:description\" content=\"La Asociaci\u00f3n de Trabajadores de la Educaci\u00f3n de Neuqu\u00e9n realizar\u00e1 este lunes un cese de tareas y movilizaci\u00f3n al cumplirse una d\u00e9cada y media del crimen de Carlos Fuentealba a manos de un polic\u00eda durante una protesta en el paraje Arroyito.\" \/>\n<meta property=\"og:url\" content=\"https:\/\/www.noticiasradioreflejos.com.ar\/2021\/docentes-paran-y-marchan-a-15-anos-del-asesinato-del-maestro-fuentealba\/\" \/>\n<meta property=\"og:site_name\" content=\"Noticias Radio Reflejos\" \/>\n<meta property=\"article:published_time\" content=\"2022-04-04T12:53:09+00:00\" \/>\n<meta property=\"og:image\" content=\"https:\/\/www.telam.com.ar\/thumbs\/bluesteel\/advf\/imagenes\/2021\/04\/606a1c6eedd87_900.jpg\" \/>\n<meta name=\"author\" content=\"Arnaldo Botto\" \/>\n<meta name=\"twitter:card\" content=\"summary_large_image\" \/>\n<script type=\"application\/ld+json\" class=\"yoast-schema-graph\">{\"@context\":\"https:\/\/schema.org\",\"@graph\":[{\"@type\":\"WebPage\",\"@id\":\"https:\/\/www.noticiasradioreflejos.com.ar\/2021\/docentes-paran-y-marchan-a-15-anos-del-asesinato-del-maestro-fuentealba\/\",\"url\":\"https:\/\/www.noticiasradioreflejos.com.ar\/2021\/docentes-paran-y-marchan-a-15-anos-del-asesinato-del-maestro-fuentealba\/\",\"name\":\"Docentes paran y marchan a 15 a\u00f1os del asesinato del maestro Fuentealba - Noticias Radio Reflejos\",\"isPartOf\":{\"@id\":\"https:\/\/www.noticiasradioreflejos.com.ar\/2021\/#website\"},\"primaryImageOfPage\":{\"@id\":\"https:\/\/www.noticiasradioreflejos.com.ar\/2021\/docentes-paran-y-marchan-a-15-anos-del-asesinato-del-maestro-fuentealba\/#primaryimage\"},\"image\":{\"@id\":\"https:\/\/www.noticiasradioreflejos.com.ar\/2021\/docentes-paran-y-marchan-a-15-anos-del-asesinato-del-maestro-fuentealba\/#primaryimage\"},\"thumbnailUrl\":\"https:\/\/www.telam.com.ar\/thumbs\/bluesteel\/advf\/imagenes\/2021\/04\/606a1c6eedd87_900.jpg\",\"datePublished\":\"2022-04-04T12:53:09+00:00\",\"author\":{\"@id\":\"https:\/\/www.noticiasradioreflejos.com.ar\/2021\/#\/schema\/person\/ad82545263dcc5ec0996818884fd5fb1\"},\"breadcrumb\":{\"@id\":\"https:\/\/www.noticiasradioreflejos.com.ar\/2021\/docentes-paran-y-marchan-a-15-anos-del-asesinato-del-maestro-fuentealba\/#breadcrumb\"},\"inLanguage\":\"es\",\"potentialAction\":[{\"@type\":\"ReadAction\",\"target\":[\"https:\/\/www.noticiasradioreflejos.com.ar\/2021\/docentes-paran-y-marchan-a-15-anos-del-asesinato-del-maestro-fuentealba\/\"]}]},{\"@type\":\"ImageObject\",\"inLanguage\":\"es\",\"@id\":\"https:\/\/www.noticiasradioreflejos.com.ar\/2021\/docentes-paran-y-marchan-a-15-anos-del-asesinato-del-maestro-fuentealba\/#primaryimage\",\"url\":\"https:\/\/www.telam.com.ar\/thumbs\/bluesteel\/advf\/imagenes\/2021\/04\/606a1c6eedd87_900.jpg\",\"contentUrl\":\"https:\/\/www.telam.com.ar\/thumbs\/bluesteel\/advf\/imagenes\/2021\/04\/606a1c6eedd87_900.jpg\"},{\"@type\":\"BreadcrumbList\",\"@id\":\"https:\/\/www.noticiasradioreflejos.com.ar\/2021\/docentes-paran-y-marchan-a-15-anos-del-asesinato-del-maestro-fuentealba\/#breadcrumb\",\"itemListElement\":[{\"@type\":\"ListItem\",\"position\":1,\"name\":\"Portada\",\"item\":\"https:\/\/www.noticiasradioreflejos.com.ar\/2021\/\"},{\"@type\":\"ListItem\",\"position\":2,\"name\":\"Docentes paran y marchan a 15 a\u00f1os del asesinato del maestro Fuentealba\"}]},{\"@type\":\"WebSite\",\"@id\":\"https:\/\/www.noticiasradioreflejos.com.ar\/2021\/#website\",\"url\":\"https:\/\/www.noticiasradioreflejos.com.ar\/2021\/\",\"name\":\"Noticias Radio Reflejos\",\"description\":\"Las noticias de mi comarca\",\"potentialAction\":[{\"@type\":\"SearchAction\",\"target\":{\"@type\":\"EntryPoint\",\"urlTemplate\":\"https:\/\/www.noticiasradioreflejos.com.ar\/2021\/?s={search_term_string}\"},\"query-input\":{\"@type\":\"PropertyValueSpecification\",\"valueRequired\":true,\"valueName\":\"search_term_string\"}}],\"inLanguage\":\"es\"},{\"@type\":\"Person\",\"@id\":\"https:\/\/www.noticiasradioreflejos.com.ar\/2021\/#\/schema\/person\/ad82545263dcc5ec0996818884fd5fb1\",\"name\":\"Arnaldo Botto\",\"image\":{\"@type\":\"ImageObject\",\"inLanguage\":\"es\",\"@id\":\"https:\/\/www.noticiasradioreflejos.com.ar\/2021\/#\/schema\/person\/image\/\",\"url\":\"https:\/\/secure.gravatar.com\/avatar\/55cb5e37c1efa326397366e6974cb338056df65cb50e7d64d1cf314e87504837?s=96&d=mm&r=g\",\"contentUrl\":\"https:\/\/secure.gravatar.com\/avatar\/55cb5e37c1efa326397366e6974cb338056df65cb50e7d64d1cf314e87504837?s=96&d=mm&r=g\",\"caption\":\"Arnaldo Botto\"},\"url\":\"https:\/\/www.noticiasradioreflejos.com.ar\/2021\/author\/arnaldo\/\"}]}<\/script>\n<!-- \/ Yoast SEO plugin. -->","yoast_head_json":{"title":"Docentes paran y marchan a 15 a\u00f1os del asesinato del maestro Fuentealba - Noticias Radio Reflejos","robots":{"index":"index","follow":"follow","max-snippet":"max-snippet:-1","max-image-preview":"max-image-preview:large","max-video-preview":"max-video-preview:-1"},"canonical":"https:\/\/www.noticiasradioreflejos.com.ar\/2021\/docentes-paran-y-marchan-a-15-anos-del-asesinato-del-maestro-fuentealba\/","og_locale":"es_ES","og_type":"article","og_title":"Docentes paran y marchan a 15 a\u00f1os del asesinato del maestro Fuentealba - Noticias Radio Reflejos","og_description":"La Asociaci\u00f3n de Trabajadores de la Educaci\u00f3n de Neuqu\u00e9n realizar\u00e1 este lunes un cese de tareas y movilizaci\u00f3n al cumplirse una d\u00e9cada y media del crimen de Carlos Fuentealba a manos de un polic\u00eda durante una protesta en el paraje Arroyito.","og_url":"https:\/\/www.noticiasradioreflejos.com.ar\/2021\/docentes-paran-y-marchan-a-15-anos-del-asesinato-del-maestro-fuentealba\/","og_site_name":"Noticias Radio Reflejos","article_published_time":"2022-04-04T12:53:09+00:00","og_image":[{"url":"https:\/\/www.telam.com.ar\/thumbs\/bluesteel\/advf\/imagenes\/2021\/04\/606a1c6eedd87_900.jpg","type":"","width":"","height":""}],"author":"Arnaldo Botto","twitter_card":"summary_large_image","schema":{"@context":"https:\/\/schema.org","@graph":[{"@type":"WebPage","@id":"https:\/\/www.noticiasradioreflejos.com.ar\/2021\/docentes-paran-y-marchan-a-15-anos-del-asesinato-del-maestro-fuentealba\/","url":"https:\/\/www.noticiasradioreflejos.com.ar\/2021\/docentes-paran-y-marchan-a-15-anos-del-asesinato-del-maestro-fuentealba\/","name":"Docentes paran y marchan a 15 a\u00f1os del asesinato del maestro Fuentealba - Noticias Radio Reflejos","isPartOf":{"@id":"https:\/\/www.noticiasradioreflejos.com.ar\/2021\/#website"},"primaryImageOfPage":{"@id":"https:\/\/www.noticiasradioreflejos.com.ar\/2021\/docentes-paran-y-marchan-a-15-anos-del-asesinato-del-maestro-fuentealba\/#primaryimage"},"image":{"@id":"https:\/\/www.noticiasradioreflejos.com.ar\/2021\/docentes-paran-y-marchan-a-15-anos-del-asesinato-del-maestro-fuentealba\/#primaryimage"},"thumbnailUrl":"https:\/\/www.telam.com.ar\/thumbs\/bluesteel\/advf\/imagenes\/2021\/04\/606a1c6eedd87_900.jpg","datePublished":"2022-04-04T12:53:09+00:00","author":{"@id":"https:\/\/www.noticiasradioreflejos.com.ar\/2021\/#\/schema\/person\/ad82545263dcc5ec0996818884fd5fb1"},"breadcrumb":{"@id":"https:\/\/www.noticiasradioreflejos.com.ar\/2021\/docentes-paran-y-marchan-a-15-anos-del-asesinato-del-maestro-fuentealba\/#breadcrumb"},"inLanguage":"es","potentialAction":[{"@type":"ReadAction","target":["https:\/\/www.noticiasradioreflejos.com.ar\/2021\/docentes-paran-y-marchan-a-15-anos-del-asesinato-del-maestro-fuentealba\/"]}]},{"@type":"ImageObject","inLanguage":"es","@id":"https:\/\/www.noticiasradioreflejos.com.ar\/2021\/docentes-paran-y-marchan-a-15-anos-del-asesinato-del-maestro-fuentealba\/#primaryimage","url":"https:\/\/www.telam.com.ar\/thumbs\/bluesteel\/advf\/imagenes\/2021\/04\/606a1c6eedd87_900.jpg","contentUrl":"https:\/\/www.telam.com.ar\/thumbs\/bluesteel\/advf\/imagenes\/2021\/04\/606a1c6eedd87_900.jpg"},{"@type":"BreadcrumbList","@id":"https:\/\/www.noticiasradioreflejos.com.ar\/2021\/docentes-paran-y-marchan-a-15-anos-del-asesinato-del-maestro-fuentealba\/#breadcrumb","itemListElement":[{"@type":"ListItem","position":1,"name":"Portada","item":"https:\/\/www.noticiasradioreflejos.com.ar\/2021\/"},{"@type":"ListItem","position":2,"name":"Docentes paran y marchan a 15 a\u00f1os del asesinato del maestro Fuentealba"}]},{"@type":"WebSite","@id":"https:\/\/www.noticiasradioreflejos.com.ar\/2021\/#website","url":"https:\/\/www.noticiasradioreflejos.com.ar\/2021\/","name":"Noticias Radio Reflejos","description":"Las noticias de mi comarca","potentialAction":[{"@type":"SearchAction","target":{"@type":"EntryPoint","urlTemplate":"https:\/\/www.noticiasradioreflejos.com.ar\/2021\/?s={search_term_string}"},"query-input":{"@type":"PropertyValueSpecification","valueRequired":true,"valueName":"search_term_string"}}],"inLanguage":"es"},{"@type":"Person","@id":"https:\/\/www.noticiasradioreflejos.com.ar\/2021\/#\/schema\/person\/ad82545263dcc5ec0996818884fd5fb1","name":"Arnaldo Botto","image":{"@type":"ImageObject","inLanguage":"es","@id":"https:\/\/www.noticiasradioreflejos.com.ar\/2021\/#\/schema\/person\/image\/","url":"https:\/\/secure.gravatar.com\/avatar\/55cb5e37c1efa326397366e6974cb338056df65cb50e7d64d1cf314e87504837?s=96&d=mm&r=g","contentUrl":"https:\/\/secure.gravatar.com\/avatar\/55cb5e37c1efa326397366e6974cb338056df65cb50e7d64d1cf314e87504837?s=96&d=mm&r=g","caption":"Arnaldo Botto"},"url":"https:\/\/www.noticiasradioreflejos.com.ar\/2021\/author\/arnaldo\/"}]}},"_links":{"self":[{"href":"https:\/\/www.noticiasradioreflejos.com.ar\/2021\/wp-json\/wp\/v2\/posts\/70117","targetHints":{"allow":["GET"]}}],"collection":[{"href":"https:\/\/www.noticiasradioreflejos.com.ar\/2021\/wp-json\/wp\/v2\/posts"}],"about":[{"href":"https:\/\/www.noticiasradioreflejos.com.ar\/2021\/wp-json\/wp\/v2\/types\/post"}],"author":[{"embeddable":true,"href":"https:\/\/www.noticiasradioreflejos.com.ar\/2021\/wp-json\/wp\/v2\/users\/3"}],"replies":[{"embeddable":true,"href":"https:\/\/www.noticiasradioreflejos.com.ar\/2021\/wp-json\/wp\/v2\/comments?post=70117"}],"version-history":[{"count":1,"href":"https:\/\/www.noticiasradioreflejos.com.ar\/2021\/wp-json\/wp\/v2\/posts\/70117\/revisions"}],"predecessor-version":[{"id":70119,"href":"https:\/\/www.noticiasradioreflejos.com.ar\/2021\/wp-json\/wp\/v2\/posts\/70117\/revisions\/70119"}],"wp:attachment":[{"href":"https:\/\/www.noticiasradioreflejos.com.ar\/2021\/wp-json\/wp\/v2\/media?parent=70117"}],"wp:term":[{"taxonomy":"category","embeddable":true,"href":"https:\/\/www.noticiasradioreflejos.com.ar\/2021\/wp-json\/wp\/v2\/categories?post=70117"},{"taxonomy":"post_tag","embeddable":true,"href":"https:\/\/www.noticiasradioreflejos.com.ar\/2021\/wp-json\/wp\/v2\/tags?post=70117"}],"curies":[{"name":"wp","href":"https:\/\/api.w.org\/{rel}","templated":true}]}}