{"id":70114,"date":"2022-04-04T12:30:22","date_gmt":"2022-04-04T12:30:22","guid":{"rendered":"http:\/\/www.noticiasradioreflejos.com.ar\/2021\/?p=70114"},"modified":"2022-04-04T12:30:22","modified_gmt":"2022-04-04T12:30:22","slug":"a-40-anos-de-malvinas-vialidad-nacional-instalo-carteleria-en-rutas-nacionales-para-concientizar-sobre-el-reclamo-de-soberania","status":"publish","type":"post","link":"https:\/\/www.noticiasradioreflejos.com.ar\/2021\/a-40-anos-de-malvinas-vialidad-nacional-instalo-carteleria-en-rutas-nacionales-para-concientizar-sobre-el-reclamo-de-soberania\/","title":{"rendered":"A 40 a\u00f1os de Malvinas, Vialidad Nacional instal\u00f3 carteler\u00eda en rutas nacionales para concientizar sobre el reclamo de soberan\u00eda."},"content":{"rendered":"<p>En el marco del 40\u00b0 aniversario de la Guerra de Malvinas, Vialidad Nacional cre\u00f3 el plan &#8216;Generando conciencia, uniendo soberan\u00eda\u2019 en homenaje a los veteranos, las veteranas y los ca\u00eddos en el conflicto b\u00e9lico que tuvo lugar entre el 2 de abril y el 14 de junio de 1982, y a modo de reafirmar la postura irrenunciable del pa\u00eds en relaci\u00f3n a que las \u201cMalvinas son argentinas\u201d.<!--more--><\/p>\n<p><iframe loading=\"lazy\" title=\"YouTube video player\" src=\"https:\/\/www.youtube.com\/embed\/JiOWD50IFf8\" width=\"835\" height=\"480\" frameborder=\"0\" allowfullscreen=\"allowfullscreen\"><\/iframe><\/p>\n<p>La acci\u00f3n consisti\u00f3 en colocar carteles en sectores de distintas rutas nacionales que se encuentran pr\u00f3ximos a aeropuertos, marcando la distancia hacia estos \u00faltimos y hacia las Islas Malvinas. La se\u00f1alizaci\u00f3n vertical fue instalada en m\u00e1s de 33 sitios cercanos a aeropuertos a lo largo y ancho de todo el territorio nacional.<\/p>\n<p>En nuestro distrito se han colocado en distintos puntos de la RN3, 33, 229, adem\u00e1s, se colocaron los carteles y la silueta de las islas en el Centro Cultural Malvinas Argentinas, ubicado en Cuyo y Zelarrayan de la ciudad de Bah\u00eda Blanca.<\/p>\n<p>El 6 de abril de 1982, luego de que la dictadura c\u00edvico-militar iniciara el desembarco de tropas en las islas Malvinas, un grupo de trabajadores de Vialidad Nacional se ofreci\u00f3 voluntariamente para ir a realizar tareas. Cuatro agentes fueron convocados con la misi\u00f3n de realizar una adecuada evaluaci\u00f3n de las necesidades existentes en la zona, proponer las medidas indispensables para atender convenientemente la misi\u00f3n espec\u00edfica de Vialidad Nacional en las islas; y supervisar el uso del equipo vial que se hab\u00eda dispuesto para servir como apoyo t\u00e9cnico de la Compa\u00f1\u00eda de Ingenieros de Combate 601.<br \/>\nCon diversos obst\u00e1culos, Vialidad Nacional logr\u00f3 trasladar a las islas cinco camiones volcadores, dos topadoras, tres tractores y dos casillas rodantes. El primer objetivo era ubicar una vivienda para hacer una peque\u00f1a sede de Vialidad Nacional, que se convirti\u00f3 en la Delegaci\u00f3n Islas Malvinas del organismo.<br \/>\nEl segundo objetivo consisti\u00f3 en efectuar un relevamiento de la red de caminos, que por entonces s\u00f3lo ten\u00eda 19 kil\u00f3metros pavimentados o en buen estado. La guerra r\u00e1pidamente deshizo cualquier objetivo y los destin\u00f3 a otras tareas: construcci\u00f3n de un helipuerto y de caminos para el paso de ambulancias, asentamiento de piezas de artiller\u00eda y armado de trincheras y refugios subterr\u00e1neos que permitieron salvar muchas vidas. El ingeniero Alberto Gaffuri, el t\u00e9cnico Roberto Emilio Cogorno, el instructor-maquinista Facundo Tolava y el mec\u00e1nico Luj\u00e1n Efra\u00edn Marrone pudieron regresar al continente con vida.<\/p>\n<p><a title=\"DNV 40 a\u00f1os de Malvinas (2)\" href=\"https:\/\/www.flickr.com\/photos\/182279889@N02\/51982175915\/in\/dateposted-public\/\" data-flickr-embed=\"true\"><img loading=\"lazy\" decoding=\"async\" class=\"aligncenter\" src=\"https:\/\/live.staticflickr.com\/65535\/51982175915_5907b22f5f.jpg\" alt=\"DNV 40 a\u00f1os de Malvinas (2)\" width=\"500\" height=\"357\" \/><\/a><script async src=\"\/\/embedr.flickr.com\/assets\/client-code.js\" charset=\"utf-8\"><\/script><\/p>\n","protected":false},"excerpt":{"rendered":"<p>En el marco del 40\u00b0 aniversario de la Guerra de Malvinas, Vialidad Nacional cre\u00f3 el plan &#8216;Generando conciencia, uniendo soberan\u00eda\u2019 en homenaje a los veteranos, las veteranas y los ca\u00eddos en el conflicto b\u00e9lico que tuvo lugar entre el 2 de abril y el 14 de junio de 1982, y a modo de reafirmar la [&hellip;]<\/p>\n","protected":false},"author":3,"featured_media":0,"comment_status":"closed","ping_status":"closed","sticky":false,"template":"","format":"standard","meta":{"footnotes":""},"categories":[24,26],"tags":[],"class_list":["post-70114","post","type-post","status-publish","format-standard","hentry","category-politica","category-sociedad"],"yoast_head":"<!-- This site is optimized with the Yoast SEO plugin v25.9 - https:\/\/yoast.com\/wordpress\/plugins\/seo\/ -->\n<title>A 40 a\u00f1os de Malvinas, Vialidad Nacional instal\u00f3 carteler\u00eda en rutas nacionales para concientizar sobre el reclamo de soberan\u00eda. - Noticias Radio Reflejos<\/title>\n<meta name=\"robots\" content=\"index, follow, max-snippet:-1, max-image-preview:large, max-video-preview:-1\" \/>\n<link rel=\"canonical\" href=\"https:\/\/www.noticiasradioreflejos.com.ar\/2021\/a-40-anos-de-malvinas-vialidad-nacional-instalo-carteleria-en-rutas-nacionales-para-concientizar-sobre-el-reclamo-de-soberania\/\" \/>\n<meta property=\"og:locale\" content=\"es_ES\" \/>\n<meta property=\"og:type\" content=\"article\" \/>\n<meta property=\"og:title\" content=\"A 40 a\u00f1os de Malvinas, Vialidad Nacional instal\u00f3 carteler\u00eda en rutas nacionales para concientizar sobre el reclamo de soberan\u00eda. - Noticias Radio Reflejos\" \/>\n<meta property=\"og:description\" content=\"En el marco del 40\u00b0 aniversario de la Guerra de Malvinas, Vialidad Nacional cre\u00f3 el plan &#8216;Generando conciencia, uniendo soberan\u00eda\u2019 en homenaje a los veteranos, las veteranas y los ca\u00eddos en el conflicto b\u00e9lico que tuvo lugar entre el 2 de abril y el 14 de junio de 1982, y a modo de reafirmar la [&hellip;]\" \/>\n<meta property=\"og:url\" content=\"https:\/\/www.noticiasradioreflejos.com.ar\/2021\/a-40-anos-de-malvinas-vialidad-nacional-instalo-carteleria-en-rutas-nacionales-para-concientizar-sobre-el-reclamo-de-soberania\/\" \/>\n<meta property=\"og:site_name\" content=\"Noticias Radio Reflejos\" \/>\n<meta property=\"article:published_time\" content=\"2022-04-04T12:30:22+00:00\" \/>\n<meta property=\"og:image\" content=\"https:\/\/live.staticflickr.com\/65535\/51982175915_5907b22f5f.jpg\" \/>\n<meta name=\"author\" content=\"Arnaldo Botto\" \/>\n<meta name=\"twitter:card\" content=\"summary_large_image\" \/>\n<script type=\"application\/ld+json\" class=\"yoast-schema-graph\">{\"@context\":\"https:\/\/schema.org\",\"@graph\":[{\"@type\":\"WebPage\",\"@id\":\"https:\/\/www.noticiasradioreflejos.com.ar\/2021\/a-40-anos-de-malvinas-vialidad-nacional-instalo-carteleria-en-rutas-nacionales-para-concientizar-sobre-el-reclamo-de-soberania\/\",\"url\":\"https:\/\/www.noticiasradioreflejos.com.ar\/2021\/a-40-anos-de-malvinas-vialidad-nacional-instalo-carteleria-en-rutas-nacionales-para-concientizar-sobre-el-reclamo-de-soberania\/\",\"name\":\"A 40 a\u00f1os de Malvinas, Vialidad Nacional instal\u00f3 carteler\u00eda en rutas nacionales para concientizar sobre el reclamo de soberan\u00eda. - Noticias Radio Reflejos\",\"isPartOf\":{\"@id\":\"https:\/\/www.noticiasradioreflejos.com.ar\/2021\/#website\"},\"primaryImageOfPage\":{\"@id\":\"https:\/\/www.noticiasradioreflejos.com.ar\/2021\/a-40-anos-de-malvinas-vialidad-nacional-instalo-carteleria-en-rutas-nacionales-para-concientizar-sobre-el-reclamo-de-soberania\/#primaryimage\"},\"image\":{\"@id\":\"https:\/\/www.noticiasradioreflejos.com.ar\/2021\/a-40-anos-de-malvinas-vialidad-nacional-instalo-carteleria-en-rutas-nacionales-para-concientizar-sobre-el-reclamo-de-soberania\/#primaryimage\"},\"thumbnailUrl\":\"https:\/\/live.staticflickr.com\/65535\/51982175915_5907b22f5f.jpg\",\"datePublished\":\"2022-04-04T12:30:22+00:00\",\"author\":{\"@id\":\"https:\/\/www.noticiasradioreflejos.com.ar\/2021\/#\/schema\/person\/ad82545263dcc5ec0996818884fd5fb1\"},\"breadcrumb\":{\"@id\":\"https:\/\/www.noticiasradioreflejos.com.ar\/2021\/a-40-anos-de-malvinas-vialidad-nacional-instalo-carteleria-en-rutas-nacionales-para-concientizar-sobre-el-reclamo-de-soberania\/#breadcrumb\"},\"inLanguage\":\"es\",\"potentialAction\":[{\"@type\":\"ReadAction\",\"target\":[\"https:\/\/www.noticiasradioreflejos.com.ar\/2021\/a-40-anos-de-malvinas-vialidad-nacional-instalo-carteleria-en-rutas-nacionales-para-concientizar-sobre-el-reclamo-de-soberania\/\"]}]},{\"@type\":\"ImageObject\",\"inLanguage\":\"es\",\"@id\":\"https:\/\/www.noticiasradioreflejos.com.ar\/2021\/a-40-anos-de-malvinas-vialidad-nacional-instalo-carteleria-en-rutas-nacionales-para-concientizar-sobre-el-reclamo-de-soberania\/#primaryimage\",\"url\":\"https:\/\/live.staticflickr.com\/65535\/51982175915_5907b22f5f.jpg\",\"contentUrl\":\"https:\/\/live.staticflickr.com\/65535\/51982175915_5907b22f5f.jpg\"},{\"@type\":\"BreadcrumbList\",\"@id\":\"https:\/\/www.noticiasradioreflejos.com.ar\/2021\/a-40-anos-de-malvinas-vialidad-nacional-instalo-carteleria-en-rutas-nacionales-para-concientizar-sobre-el-reclamo-de-soberania\/#breadcrumb\",\"itemListElement\":[{\"@type\":\"ListItem\",\"position\":1,\"name\":\"Portada\",\"item\":\"https:\/\/www.noticiasradioreflejos.com.ar\/2021\/\"},{\"@type\":\"ListItem\",\"position\":2,\"name\":\"A 40 a\u00f1os de Malvinas, Vialidad Nacional instal\u00f3 carteler\u00eda en rutas nacionales para concientizar sobre el reclamo de soberan\u00eda.\"}]},{\"@type\":\"WebSite\",\"@id\":\"https:\/\/www.noticiasradioreflejos.com.ar\/2021\/#website\",\"url\":\"https:\/\/www.noticiasradioreflejos.com.ar\/2021\/\",\"name\":\"Noticias Radio Reflejos\",\"description\":\"Las noticias de mi comarca\",\"potentialAction\":[{\"@type\":\"SearchAction\",\"target\":{\"@type\":\"EntryPoint\",\"urlTemplate\":\"https:\/\/www.noticiasradioreflejos.com.ar\/2021\/?s={search_term_string}\"},\"query-input\":{\"@type\":\"PropertyValueSpecification\",\"valueRequired\":true,\"valueName\":\"search_term_string\"}}],\"inLanguage\":\"es\"},{\"@type\":\"Person\",\"@id\":\"https:\/\/www.noticiasradioreflejos.com.ar\/2021\/#\/schema\/person\/ad82545263dcc5ec0996818884fd5fb1\",\"name\":\"Arnaldo Botto\",\"image\":{\"@type\":\"ImageObject\",\"inLanguage\":\"es\",\"@id\":\"https:\/\/www.noticiasradioreflejos.com.ar\/2021\/#\/schema\/person\/image\/\",\"url\":\"https:\/\/secure.gravatar.com\/avatar\/55cb5e37c1efa326397366e6974cb338056df65cb50e7d64d1cf314e87504837?s=96&d=mm&r=g\",\"contentUrl\":\"https:\/\/secure.gravatar.com\/avatar\/55cb5e37c1efa326397366e6974cb338056df65cb50e7d64d1cf314e87504837?s=96&d=mm&r=g\",\"caption\":\"Arnaldo Botto\"},\"url\":\"https:\/\/www.noticiasradioreflejos.com.ar\/2021\/author\/arnaldo\/\"}]}<\/script>\n<!-- \/ Yoast SEO plugin. -->","yoast_head_json":{"title":"A 40 a\u00f1os de Malvinas, Vialidad Nacional instal\u00f3 carteler\u00eda en rutas nacionales para concientizar sobre el reclamo de soberan\u00eda. - Noticias Radio Reflejos","robots":{"index":"index","follow":"follow","max-snippet":"max-snippet:-1","max-image-preview":"max-image-preview:large","max-video-preview":"max-video-preview:-1"},"canonical":"https:\/\/www.noticiasradioreflejos.com.ar\/2021\/a-40-anos-de-malvinas-vialidad-nacional-instalo-carteleria-en-rutas-nacionales-para-concientizar-sobre-el-reclamo-de-soberania\/","og_locale":"es_ES","og_type":"article","og_title":"A 40 a\u00f1os de Malvinas, Vialidad Nacional instal\u00f3 carteler\u00eda en rutas nacionales para concientizar sobre el reclamo de soberan\u00eda. - Noticias Radio Reflejos","og_description":"En el marco del 40\u00b0 aniversario de la Guerra de Malvinas, Vialidad Nacional cre\u00f3 el plan &#8216;Generando conciencia, uniendo soberan\u00eda\u2019 en homenaje a los veteranos, las veteranas y los ca\u00eddos en el conflicto b\u00e9lico que tuvo lugar entre el 2 de abril y el 14 de junio de 1982, y a modo de reafirmar la [&hellip;]","og_url":"https:\/\/www.noticiasradioreflejos.com.ar\/2021\/a-40-anos-de-malvinas-vialidad-nacional-instalo-carteleria-en-rutas-nacionales-para-concientizar-sobre-el-reclamo-de-soberania\/","og_site_name":"Noticias Radio Reflejos","article_published_time":"2022-04-04T12:30:22+00:00","og_image":[{"url":"https:\/\/live.staticflickr.com\/65535\/51982175915_5907b22f5f.jpg","type":"","width":"","height":""}],"author":"Arnaldo Botto","twitter_card":"summary_large_image","schema":{"@context":"https:\/\/schema.org","@graph":[{"@type":"WebPage","@id":"https:\/\/www.noticiasradioreflejos.com.ar\/2021\/a-40-anos-de-malvinas-vialidad-nacional-instalo-carteleria-en-rutas-nacionales-para-concientizar-sobre-el-reclamo-de-soberania\/","url":"https:\/\/www.noticiasradioreflejos.com.ar\/2021\/a-40-anos-de-malvinas-vialidad-nacional-instalo-carteleria-en-rutas-nacionales-para-concientizar-sobre-el-reclamo-de-soberania\/","name":"A 40 a\u00f1os de Malvinas, Vialidad Nacional instal\u00f3 carteler\u00eda en rutas nacionales para concientizar sobre el reclamo de soberan\u00eda. - Noticias Radio Reflejos","isPartOf":{"@id":"https:\/\/www.noticiasradioreflejos.com.ar\/2021\/#website"},"primaryImageOfPage":{"@id":"https:\/\/www.noticiasradioreflejos.com.ar\/2021\/a-40-anos-de-malvinas-vialidad-nacional-instalo-carteleria-en-rutas-nacionales-para-concientizar-sobre-el-reclamo-de-soberania\/#primaryimage"},"image":{"@id":"https:\/\/www.noticiasradioreflejos.com.ar\/2021\/a-40-anos-de-malvinas-vialidad-nacional-instalo-carteleria-en-rutas-nacionales-para-concientizar-sobre-el-reclamo-de-soberania\/#primaryimage"},"thumbnailUrl":"https:\/\/live.staticflickr.com\/65535\/51982175915_5907b22f5f.jpg","datePublished":"2022-04-04T12:30:22+00:00","author":{"@id":"https:\/\/www.noticiasradioreflejos.com.ar\/2021\/#\/schema\/person\/ad82545263dcc5ec0996818884fd5fb1"},"breadcrumb":{"@id":"https:\/\/www.noticiasradioreflejos.com.ar\/2021\/a-40-anos-de-malvinas-vialidad-nacional-instalo-carteleria-en-rutas-nacionales-para-concientizar-sobre-el-reclamo-de-soberania\/#breadcrumb"},"inLanguage":"es","potentialAction":[{"@type":"ReadAction","target":["https:\/\/www.noticiasradioreflejos.com.ar\/2021\/a-40-anos-de-malvinas-vialidad-nacional-instalo-carteleria-en-rutas-nacionales-para-concientizar-sobre-el-reclamo-de-soberania\/"]}]},{"@type":"ImageObject","inLanguage":"es","@id":"https:\/\/www.noticiasradioreflejos.com.ar\/2021\/a-40-anos-de-malvinas-vialidad-nacional-instalo-carteleria-en-rutas-nacionales-para-concientizar-sobre-el-reclamo-de-soberania\/#primaryimage","url":"https:\/\/live.staticflickr.com\/65535\/51982175915_5907b22f5f.jpg","contentUrl":"https:\/\/live.staticflickr.com\/65535\/51982175915_5907b22f5f.jpg"},{"@type":"BreadcrumbList","@id":"https:\/\/www.noticiasradioreflejos.com.ar\/2021\/a-40-anos-de-malvinas-vialidad-nacional-instalo-carteleria-en-rutas-nacionales-para-concientizar-sobre-el-reclamo-de-soberania\/#breadcrumb","itemListElement":[{"@type":"ListItem","position":1,"name":"Portada","item":"https:\/\/www.noticiasradioreflejos.com.ar\/2021\/"},{"@type":"ListItem","position":2,"name":"A 40 a\u00f1os de Malvinas, Vialidad Nacional instal\u00f3 carteler\u00eda en rutas nacionales para concientizar sobre el reclamo de soberan\u00eda."}]},{"@type":"WebSite","@id":"https:\/\/www.noticiasradioreflejos.com.ar\/2021\/#website","url":"https:\/\/www.noticiasradioreflejos.com.ar\/2021\/","name":"Noticias Radio Reflejos","description":"Las noticias de mi comarca","potentialAction":[{"@type":"SearchAction","target":{"@type":"EntryPoint","urlTemplate":"https:\/\/www.noticiasradioreflejos.com.ar\/2021\/?s={search_term_string}"},"query-input":{"@type":"PropertyValueSpecification","valueRequired":true,"valueName":"search_term_string"}}],"inLanguage":"es"},{"@type":"Person","@id":"https:\/\/www.noticiasradioreflejos.com.ar\/2021\/#\/schema\/person\/ad82545263dcc5ec0996818884fd5fb1","name":"Arnaldo Botto","image":{"@type":"ImageObject","inLanguage":"es","@id":"https:\/\/www.noticiasradioreflejos.com.ar\/2021\/#\/schema\/person\/image\/","url":"https:\/\/secure.gravatar.com\/avatar\/55cb5e37c1efa326397366e6974cb338056df65cb50e7d64d1cf314e87504837?s=96&d=mm&r=g","contentUrl":"https:\/\/secure.gravatar.com\/avatar\/55cb5e37c1efa326397366e6974cb338056df65cb50e7d64d1cf314e87504837?s=96&d=mm&r=g","caption":"Arnaldo Botto"},"url":"https:\/\/www.noticiasradioreflejos.com.ar\/2021\/author\/arnaldo\/"}]}},"_links":{"self":[{"href":"https:\/\/www.noticiasradioreflejos.com.ar\/2021\/wp-json\/wp\/v2\/posts\/70114","targetHints":{"allow":["GET"]}}],"collection":[{"href":"https:\/\/www.noticiasradioreflejos.com.ar\/2021\/wp-json\/wp\/v2\/posts"}],"about":[{"href":"https:\/\/www.noticiasradioreflejos.com.ar\/2021\/wp-json\/wp\/v2\/types\/post"}],"author":[{"embeddable":true,"href":"https:\/\/www.noticiasradioreflejos.com.ar\/2021\/wp-json\/wp\/v2\/users\/3"}],"replies":[{"embeddable":true,"href":"https:\/\/www.noticiasradioreflejos.com.ar\/2021\/wp-json\/wp\/v2\/comments?post=70114"}],"version-history":[{"count":1,"href":"https:\/\/www.noticiasradioreflejos.com.ar\/2021\/wp-json\/wp\/v2\/posts\/70114\/revisions"}],"predecessor-version":[{"id":70116,"href":"https:\/\/www.noticiasradioreflejos.com.ar\/2021\/wp-json\/wp\/v2\/posts\/70114\/revisions\/70116"}],"wp:attachment":[{"href":"https:\/\/www.noticiasradioreflejos.com.ar\/2021\/wp-json\/wp\/v2\/media?parent=70114"}],"wp:term":[{"taxonomy":"category","embeddable":true,"href":"https:\/\/www.noticiasradioreflejos.com.ar\/2021\/wp-json\/wp\/v2\/categories?post=70114"},{"taxonomy":"post_tag","embeddable":true,"href":"https:\/\/www.noticiasradioreflejos.com.ar\/2021\/wp-json\/wp\/v2\/tags?post=70114"}],"curies":[{"name":"wp","href":"https:\/\/api.w.org\/{rel}","templated":true}]}}