{"id":70088,"date":"2022-04-02T12:12:02","date_gmt":"2022-04-02T12:12:02","guid":{"rendered":"http:\/\/www.noticiasradioreflejos.com.ar\/2021\/?p=70088"},"modified":"2022-04-02T12:15:19","modified_gmt":"2022-04-02T12:15:19","slug":"el-gobierno-anuncio-la-normalizacion-de-todos-los-pasos-fronterizos","status":"publish","type":"post","link":"https:\/\/www.noticiasradioreflejos.com.ar\/2021\/el-gobierno-anuncio-la-normalizacion-de-todos-los-pasos-fronterizos\/","title":{"rendered":"El Gobierno anunci\u00f3 la normalizaci\u00f3n de todos los pasos fronterizos"},"content":{"rendered":"<p>La decisi\u00f3n gubernamental implica la simplificaci\u00f3n de todos los tr\u00e1mites de ingreso, prev\u00e9 la eliminaci\u00f3n de las categor\u00edas de \u00abcorredores seguros\u00bb y por consiguiente los requisitos de an\u00e1lisis de PCR y de vacunaci\u00f3n para ingreso.<!--more--><\/p>\n<div>\n<div class=\"wrapper-editable-content\">\n<div>\n<div class=\"container-md\">\n<div class=\"row\">\n<div class=\"col-md-12 speak\">\n<div class=\"paragraph\">\n<figure class=\"mb-3\"><img decoding=\"async\" src=\"https:\/\/www.telam.com.ar\/thumbs\/bluesteel\/advf\/imagenes\/2021\/11\/618e8b99e0f2b_900.jpg\" alt=\"Foto Paula Ribas archivo\" width=\"100%\" height=\"100%\" \/><\/figure>\n<\/div>\n<\/div>\n<\/div>\n<\/div>\n<\/div>\n<\/div>\n<\/div>\n<div class=\"media-icons\"><\/div>\n<p>Foto: Paula Ribas (archivo).<\/p>\n<p>El Gobierno nacional anunci\u00f3 la normalizaci\u00f3n, en los pr\u00f3ximos d\u00edas, de todos los pasos fronterizos del pa\u00eds con la apertura de los 237 puntos de ingreso y egreso, tanto terrestres, como fluviales, mar\u00edtimos y a\u00e9reos, que comenzar\u00e1n a operar de acuerdo a las condiciones previas a la pandemia de coronavirus, se inform\u00f3 oficialmente.<\/p>\n<p>La medida fue informada por el ministro del Interior, Eduardo &#8216;Wado&#8217; de Pedro, al encabezar una reuni\u00f3n virtual con gobernadoras y gobernadores de las provincias con pasos internacionales.<\/p>\n<p>Seg\u00fan indic\u00f3 la cartera de Interior en un comunicado, la decisi\u00f3n gubernamental implica la simplificaci\u00f3n de todos los tr\u00e1mites de ingreso,\u00a0<strong>prev\u00e9 la eliminaci\u00f3n de las categor\u00edas de \u00abcorredores seguros\u00bb y por consiguiente los requisitos de an\u00e1lisis de PCR y de vacunaci\u00f3n para ingreso.<\/strong><\/p>\n<p>Durante el encuentro, el ministro De Pedro estuvo acompa\u00f1ado por el secretario de Interior, Jos\u00e9 Lepere; la titular de la Direcci\u00f3n Nacional de Migraciones (DNM), Florencia Carignano; el titular de la Unidad Gabinete de Asesores de la Jefatura de Gabinete de Ministros, Mart\u00edn Y\u00e1nez, y el director nacional de Asuntos T\u00e9cnicos de Fronteras, Adri\u00e1n L\u00f3pez.<\/p>\n<p>De la videoconferencia participaron gobernadores y representantes de las 15 provincias con pasos internacionales, quienes a partir de la entrada en vigencia de la medida definir\u00e1n las aperturas o eventuales cambios de reg\u00edmenes junto a la DNM.<\/p>\n<p>Seg\u00fan detalla la informaci\u00f3n oficial, la nueva reglamentaci\u00f3n, cuya puesta en marcha se har\u00e1 efectiva a partir de su publicaci\u00f3n en el Bolet\u00edn Oficial, prev\u00e9 que los puntos de entrada al pa\u00eds habilitados hasta el momento operen bajo las nuevas condiciones establecidas.<\/p>\n<p>A la vez, junto a las autoridades provinciales, se realizar\u00e1 una apertura programada y escalonada de los puntos de ingresos no habilitados hasta el momento y, al mismo tiempo, quedar\u00e1 eliminada la categor\u00eda de \u00abcorredor seguro\u00bb implementado en el per\u00edodo de pandemia.<\/p>\n<p>Seg\u00fan la disposici\u00f3n, si bien los argentinos, argentinas, residentes y no residentes deber\u00e1n completar Declaraci\u00f3n Jurada Electr\u00f3nica en las 48 horas previas al viaje, a partir de la nueva norma quedar\u00e1n eximidos de hacerlo en caso de que ingresen al pa\u00eds por un plazo menor a las 24 horas y lo hagan por v\u00eda terrestre.<\/p>\n<p>Por su parte, todos los viajeros deben completar la Declaraci\u00f3n Jurada Electr\u00f3nica y los turistas adicionalmente deben poseer un seguro Covid-19.<\/p>\n<p>Del encuentro participaron los mandatarios de Ra\u00fal Jalil (Catamarca), Mariano Arcioni (Chubut), Gustavo Vald\u00e9s (Corrientes), Gustavo Bordet (Entre R\u00edos), Gildo Insfr\u00e1n (Formosa), Gerardo Morales (Jujuy), Ricardo Quintela (La Rioja) y Rodolfo Su\u00e1rez (Mendoza).<\/p>\n<h2 class=\"\">Las nuevas medidas y los lugares<\/h2>\n<p>Seg\u00fan la nueva reglamentaci\u00f3n queda eliminada la categor\u00eda de \u00abcorredor seguro\u00bb y se retoma as\u00ed el r\u00e9gimen operatorio de prepandemia.<\/p>\n<p>Los puntos de entrada al pa\u00eds habilitados hasta el momento seguir\u00e1n operando bajo las nuevas condiciones establecidas, mientras se realizar\u00e1, junto a las autoridades provinciales, una apertura programada y escalonada de los puntos de ingresos no habilitados hasta el momento, precisa el documento de la cartera de Interior.<\/p>\n<p>Respecto a los requisitos para el ingreso al pa\u00eds a partir del 1 de abril pr\u00f3ximo, se detall\u00f3 que las personas extranjeras no residentes deber\u00e1n completar la Declaraci\u00f3n Jurada al menos 48 horas antes del viaje, y contar con seguro de salud Covid-19 (cobertura de servicios de internaci\u00f3n, aislamiento y\/o traslado sanitario).<\/p>\n<p>Quedar\u00e1n eximidos quienes ingresen al pa\u00eds por un plazo menor a 24 horas y lo hagan por v\u00eda terrestre.<\/p>\n<p>En tanto, aquellas personas extranjeras no residentes de nacionalidad ucraniana o provenientes de dicho pa\u00eds, mientras permanezcan en situaci\u00f3n migratoria transitoria, deber\u00e1n prever un seguro de salud Covid-19 si no contaran con alguna otra modalidad de cobertura de salud.<\/p>\n<p>Para el caso de argentinos y residentes en el pa\u00eds, la nueva reglamentaci\u00f3n establece que deber\u00e1n completar la Declaraci\u00f3n Jurada al menos 48 horas antes del viaje.<\/p>\n<p>Solo quedar\u00e1n eximidos quienes ingresen al pa\u00eds por un plazo menor a 24 horas y lo hagan por v\u00eda terrestre.<\/p>\n<p>La nueva reglamentaci\u00f3n establece adem\u00e1s una serie de recomendaciones para quienes ingresen al pa\u00eds.<\/p>\n<p>Se recomienda a las personas que tengan esquema de vacunaci\u00f3n incompleto que se realicen una prueba diagn\u00f3stica dentro de las 24 horas posteriores a su entrada al pa\u00eds.<\/p>\n<p>De detectarse o reportarse en el punto de entrada un caso positivo o sospechoso de Covid 19, se activar\u00e1 el Plan de Contingencia de ese Punto de Entrada.<\/p>\n","protected":false},"excerpt":{"rendered":"<p>La decisi\u00f3n gubernamental implica la simplificaci\u00f3n de todos los tr\u00e1mites de ingreso, prev\u00e9 la eliminaci\u00f3n de las categor\u00edas de \u00abcorredores seguros\u00bb y por consiguiente los requisitos de an\u00e1lisis de PCR y de vacunaci\u00f3n para ingreso.<\/p>\n","protected":false},"author":3,"featured_media":0,"comment_status":"closed","ping_status":"closed","sticky":false,"template":"","format":"standard","meta":{"footnotes":""},"categories":[24,26],"tags":[],"class_list":["post-70088","post","type-post","status-publish","format-standard","hentry","category-politica","category-sociedad"],"yoast_head":"<!-- This site is optimized with the Yoast SEO plugin v25.9 - https:\/\/yoast.com\/wordpress\/plugins\/seo\/ -->\n<title>El Gobierno anunci\u00f3 la normalizaci\u00f3n de todos los pasos fronterizos - Noticias Radio Reflejos<\/title>\n<meta name=\"robots\" content=\"index, follow, max-snippet:-1, max-image-preview:large, max-video-preview:-1\" \/>\n<link rel=\"canonical\" href=\"https:\/\/www.noticiasradioreflejos.com.ar\/2021\/el-gobierno-anuncio-la-normalizacion-de-todos-los-pasos-fronterizos\/\" \/>\n<meta property=\"og:locale\" content=\"es_ES\" \/>\n<meta property=\"og:type\" content=\"article\" \/>\n<meta property=\"og:title\" content=\"El Gobierno anunci\u00f3 la normalizaci\u00f3n de todos los pasos fronterizos - Noticias Radio Reflejos\" \/>\n<meta property=\"og:description\" content=\"La decisi\u00f3n gubernamental implica la simplificaci\u00f3n de todos los tr\u00e1mites de ingreso, prev\u00e9 la eliminaci\u00f3n de las categor\u00edas de \u00abcorredores seguros\u00bb y por consiguiente los requisitos de an\u00e1lisis de PCR y de vacunaci\u00f3n para ingreso.\" \/>\n<meta property=\"og:url\" content=\"https:\/\/www.noticiasradioreflejos.com.ar\/2021\/el-gobierno-anuncio-la-normalizacion-de-todos-los-pasos-fronterizos\/\" \/>\n<meta property=\"og:site_name\" content=\"Noticias Radio Reflejos\" \/>\n<meta property=\"article:published_time\" content=\"2022-04-02T12:12:02+00:00\" \/>\n<meta property=\"article:modified_time\" content=\"2022-04-02T12:15:19+00:00\" \/>\n<meta property=\"og:image\" content=\"https:\/\/www.telam.com.ar\/thumbs\/bluesteel\/advf\/imagenes\/2021\/11\/618e8b99e0f2b_900.jpg\" \/>\n<meta name=\"author\" content=\"Arnaldo Botto\" \/>\n<meta name=\"twitter:card\" content=\"summary_large_image\" \/>\n<script type=\"application\/ld+json\" class=\"yoast-schema-graph\">{\"@context\":\"https:\/\/schema.org\",\"@graph\":[{\"@type\":\"WebPage\",\"@id\":\"https:\/\/www.noticiasradioreflejos.com.ar\/2021\/el-gobierno-anuncio-la-normalizacion-de-todos-los-pasos-fronterizos\/\",\"url\":\"https:\/\/www.noticiasradioreflejos.com.ar\/2021\/el-gobierno-anuncio-la-normalizacion-de-todos-los-pasos-fronterizos\/\",\"name\":\"El Gobierno anunci\u00f3 la normalizaci\u00f3n de todos los pasos fronterizos - Noticias Radio Reflejos\",\"isPartOf\":{\"@id\":\"https:\/\/www.noticiasradioreflejos.com.ar\/2021\/#website\"},\"primaryImageOfPage\":{\"@id\":\"https:\/\/www.noticiasradioreflejos.com.ar\/2021\/el-gobierno-anuncio-la-normalizacion-de-todos-los-pasos-fronterizos\/#primaryimage\"},\"image\":{\"@id\":\"https:\/\/www.noticiasradioreflejos.com.ar\/2021\/el-gobierno-anuncio-la-normalizacion-de-todos-los-pasos-fronterizos\/#primaryimage\"},\"thumbnailUrl\":\"https:\/\/www.telam.com.ar\/thumbs\/bluesteel\/advf\/imagenes\/2021\/11\/618e8b99e0f2b_900.jpg\",\"datePublished\":\"2022-04-02T12:12:02+00:00\",\"dateModified\":\"2022-04-02T12:15:19+00:00\",\"author\":{\"@id\":\"https:\/\/www.noticiasradioreflejos.com.ar\/2021\/#\/schema\/person\/ad82545263dcc5ec0996818884fd5fb1\"},\"breadcrumb\":{\"@id\":\"https:\/\/www.noticiasradioreflejos.com.ar\/2021\/el-gobierno-anuncio-la-normalizacion-de-todos-los-pasos-fronterizos\/#breadcrumb\"},\"inLanguage\":\"es\",\"potentialAction\":[{\"@type\":\"ReadAction\",\"target\":[\"https:\/\/www.noticiasradioreflejos.com.ar\/2021\/el-gobierno-anuncio-la-normalizacion-de-todos-los-pasos-fronterizos\/\"]}]},{\"@type\":\"ImageObject\",\"inLanguage\":\"es\",\"@id\":\"https:\/\/www.noticiasradioreflejos.com.ar\/2021\/el-gobierno-anuncio-la-normalizacion-de-todos-los-pasos-fronterizos\/#primaryimage\",\"url\":\"https:\/\/www.telam.com.ar\/thumbs\/bluesteel\/advf\/imagenes\/2021\/11\/618e8b99e0f2b_900.jpg\",\"contentUrl\":\"https:\/\/www.telam.com.ar\/thumbs\/bluesteel\/advf\/imagenes\/2021\/11\/618e8b99e0f2b_900.jpg\"},{\"@type\":\"BreadcrumbList\",\"@id\":\"https:\/\/www.noticiasradioreflejos.com.ar\/2021\/el-gobierno-anuncio-la-normalizacion-de-todos-los-pasos-fronterizos\/#breadcrumb\",\"itemListElement\":[{\"@type\":\"ListItem\",\"position\":1,\"name\":\"Portada\",\"item\":\"https:\/\/www.noticiasradioreflejos.com.ar\/2021\/\"},{\"@type\":\"ListItem\",\"position\":2,\"name\":\"El Gobierno anunci\u00f3 la normalizaci\u00f3n de todos los pasos fronterizos\"}]},{\"@type\":\"WebSite\",\"@id\":\"https:\/\/www.noticiasradioreflejos.com.ar\/2021\/#website\",\"url\":\"https:\/\/www.noticiasradioreflejos.com.ar\/2021\/\",\"name\":\"Noticias Radio Reflejos\",\"description\":\"Las noticias de mi comarca\",\"potentialAction\":[{\"@type\":\"SearchAction\",\"target\":{\"@type\":\"EntryPoint\",\"urlTemplate\":\"https:\/\/www.noticiasradioreflejos.com.ar\/2021\/?s={search_term_string}\"},\"query-input\":{\"@type\":\"PropertyValueSpecification\",\"valueRequired\":true,\"valueName\":\"search_term_string\"}}],\"inLanguage\":\"es\"},{\"@type\":\"Person\",\"@id\":\"https:\/\/www.noticiasradioreflejos.com.ar\/2021\/#\/schema\/person\/ad82545263dcc5ec0996818884fd5fb1\",\"name\":\"Arnaldo Botto\",\"image\":{\"@type\":\"ImageObject\",\"inLanguage\":\"es\",\"@id\":\"https:\/\/www.noticiasradioreflejos.com.ar\/2021\/#\/schema\/person\/image\/\",\"url\":\"https:\/\/secure.gravatar.com\/avatar\/55cb5e37c1efa326397366e6974cb338056df65cb50e7d64d1cf314e87504837?s=96&d=mm&r=g\",\"contentUrl\":\"https:\/\/secure.gravatar.com\/avatar\/55cb5e37c1efa326397366e6974cb338056df65cb50e7d64d1cf314e87504837?s=96&d=mm&r=g\",\"caption\":\"Arnaldo Botto\"},\"url\":\"https:\/\/www.noticiasradioreflejos.com.ar\/2021\/author\/arnaldo\/\"}]}<\/script>\n<!-- \/ Yoast SEO plugin. -->","yoast_head_json":{"title":"El Gobierno anunci\u00f3 la normalizaci\u00f3n de todos los pasos fronterizos - Noticias Radio Reflejos","robots":{"index":"index","follow":"follow","max-snippet":"max-snippet:-1","max-image-preview":"max-image-preview:large","max-video-preview":"max-video-preview:-1"},"canonical":"https:\/\/www.noticiasradioreflejos.com.ar\/2021\/el-gobierno-anuncio-la-normalizacion-de-todos-los-pasos-fronterizos\/","og_locale":"es_ES","og_type":"article","og_title":"El Gobierno anunci\u00f3 la normalizaci\u00f3n de todos los pasos fronterizos - Noticias Radio Reflejos","og_description":"La decisi\u00f3n gubernamental implica la simplificaci\u00f3n de todos los tr\u00e1mites de ingreso, prev\u00e9 la eliminaci\u00f3n de las categor\u00edas de \u00abcorredores seguros\u00bb y por consiguiente los requisitos de an\u00e1lisis de PCR y de vacunaci\u00f3n para ingreso.","og_url":"https:\/\/www.noticiasradioreflejos.com.ar\/2021\/el-gobierno-anuncio-la-normalizacion-de-todos-los-pasos-fronterizos\/","og_site_name":"Noticias Radio Reflejos","article_published_time":"2022-04-02T12:12:02+00:00","article_modified_time":"2022-04-02T12:15:19+00:00","og_image":[{"url":"https:\/\/www.telam.com.ar\/thumbs\/bluesteel\/advf\/imagenes\/2021\/11\/618e8b99e0f2b_900.jpg","type":"","width":"","height":""}],"author":"Arnaldo Botto","twitter_card":"summary_large_image","schema":{"@context":"https:\/\/schema.org","@graph":[{"@type":"WebPage","@id":"https:\/\/www.noticiasradioreflejos.com.ar\/2021\/el-gobierno-anuncio-la-normalizacion-de-todos-los-pasos-fronterizos\/","url":"https:\/\/www.noticiasradioreflejos.com.ar\/2021\/el-gobierno-anuncio-la-normalizacion-de-todos-los-pasos-fronterizos\/","name":"El Gobierno anunci\u00f3 la normalizaci\u00f3n de todos los pasos fronterizos - Noticias Radio Reflejos","isPartOf":{"@id":"https:\/\/www.noticiasradioreflejos.com.ar\/2021\/#website"},"primaryImageOfPage":{"@id":"https:\/\/www.noticiasradioreflejos.com.ar\/2021\/el-gobierno-anuncio-la-normalizacion-de-todos-los-pasos-fronterizos\/#primaryimage"},"image":{"@id":"https:\/\/www.noticiasradioreflejos.com.ar\/2021\/el-gobierno-anuncio-la-normalizacion-de-todos-los-pasos-fronterizos\/#primaryimage"},"thumbnailUrl":"https:\/\/www.telam.com.ar\/thumbs\/bluesteel\/advf\/imagenes\/2021\/11\/618e8b99e0f2b_900.jpg","datePublished":"2022-04-02T12:12:02+00:00","dateModified":"2022-04-02T12:15:19+00:00","author":{"@id":"https:\/\/www.noticiasradioreflejos.com.ar\/2021\/#\/schema\/person\/ad82545263dcc5ec0996818884fd5fb1"},"breadcrumb":{"@id":"https:\/\/www.noticiasradioreflejos.com.ar\/2021\/el-gobierno-anuncio-la-normalizacion-de-todos-los-pasos-fronterizos\/#breadcrumb"},"inLanguage":"es","potentialAction":[{"@type":"ReadAction","target":["https:\/\/www.noticiasradioreflejos.com.ar\/2021\/el-gobierno-anuncio-la-normalizacion-de-todos-los-pasos-fronterizos\/"]}]},{"@type":"ImageObject","inLanguage":"es","@id":"https:\/\/www.noticiasradioreflejos.com.ar\/2021\/el-gobierno-anuncio-la-normalizacion-de-todos-los-pasos-fronterizos\/#primaryimage","url":"https:\/\/www.telam.com.ar\/thumbs\/bluesteel\/advf\/imagenes\/2021\/11\/618e8b99e0f2b_900.jpg","contentUrl":"https:\/\/www.telam.com.ar\/thumbs\/bluesteel\/advf\/imagenes\/2021\/11\/618e8b99e0f2b_900.jpg"},{"@type":"BreadcrumbList","@id":"https:\/\/www.noticiasradioreflejos.com.ar\/2021\/el-gobierno-anuncio-la-normalizacion-de-todos-los-pasos-fronterizos\/#breadcrumb","itemListElement":[{"@type":"ListItem","position":1,"name":"Portada","item":"https:\/\/www.noticiasradioreflejos.com.ar\/2021\/"},{"@type":"ListItem","position":2,"name":"El Gobierno anunci\u00f3 la normalizaci\u00f3n de todos los pasos fronterizos"}]},{"@type":"WebSite","@id":"https:\/\/www.noticiasradioreflejos.com.ar\/2021\/#website","url":"https:\/\/www.noticiasradioreflejos.com.ar\/2021\/","name":"Noticias Radio Reflejos","description":"Las noticias de mi comarca","potentialAction":[{"@type":"SearchAction","target":{"@type":"EntryPoint","urlTemplate":"https:\/\/www.noticiasradioreflejos.com.ar\/2021\/?s={search_term_string}"},"query-input":{"@type":"PropertyValueSpecification","valueRequired":true,"valueName":"search_term_string"}}],"inLanguage":"es"},{"@type":"Person","@id":"https:\/\/www.noticiasradioreflejos.com.ar\/2021\/#\/schema\/person\/ad82545263dcc5ec0996818884fd5fb1","name":"Arnaldo Botto","image":{"@type":"ImageObject","inLanguage":"es","@id":"https:\/\/www.noticiasradioreflejos.com.ar\/2021\/#\/schema\/person\/image\/","url":"https:\/\/secure.gravatar.com\/avatar\/55cb5e37c1efa326397366e6974cb338056df65cb50e7d64d1cf314e87504837?s=96&d=mm&r=g","contentUrl":"https:\/\/secure.gravatar.com\/avatar\/55cb5e37c1efa326397366e6974cb338056df65cb50e7d64d1cf314e87504837?s=96&d=mm&r=g","caption":"Arnaldo Botto"},"url":"https:\/\/www.noticiasradioreflejos.com.ar\/2021\/author\/arnaldo\/"}]}},"_links":{"self":[{"href":"https:\/\/www.noticiasradioreflejos.com.ar\/2021\/wp-json\/wp\/v2\/posts\/70088","targetHints":{"allow":["GET"]}}],"collection":[{"href":"https:\/\/www.noticiasradioreflejos.com.ar\/2021\/wp-json\/wp\/v2\/posts"}],"about":[{"href":"https:\/\/www.noticiasradioreflejos.com.ar\/2021\/wp-json\/wp\/v2\/types\/post"}],"author":[{"embeddable":true,"href":"https:\/\/www.noticiasradioreflejos.com.ar\/2021\/wp-json\/wp\/v2\/users\/3"}],"replies":[{"embeddable":true,"href":"https:\/\/www.noticiasradioreflejos.com.ar\/2021\/wp-json\/wp\/v2\/comments?post=70088"}],"version-history":[{"count":1,"href":"https:\/\/www.noticiasradioreflejos.com.ar\/2021\/wp-json\/wp\/v2\/posts\/70088\/revisions"}],"predecessor-version":[{"id":70090,"href":"https:\/\/www.noticiasradioreflejos.com.ar\/2021\/wp-json\/wp\/v2\/posts\/70088\/revisions\/70090"}],"wp:attachment":[{"href":"https:\/\/www.noticiasradioreflejos.com.ar\/2021\/wp-json\/wp\/v2\/media?parent=70088"}],"wp:term":[{"taxonomy":"category","embeddable":true,"href":"https:\/\/www.noticiasradioreflejos.com.ar\/2021\/wp-json\/wp\/v2\/categories?post=70088"},{"taxonomy":"post_tag","embeddable":true,"href":"https:\/\/www.noticiasradioreflejos.com.ar\/2021\/wp-json\/wp\/v2\/tags?post=70088"}],"curies":[{"name":"wp","href":"https:\/\/api.w.org\/{rel}","templated":true}]}}