{"id":70085,"date":"2022-04-02T11:58:51","date_gmt":"2022-04-02T11:58:51","guid":{"rendered":"http:\/\/www.noticiasradioreflejos.com.ar\/2021\/?p=70085"},"modified":"2022-04-02T11:58:51","modified_gmt":"2022-04-02T11:58:51","slug":"2-de-abril-dia-del-veterano-y-de-los-caidos-en-malvinas","status":"publish","type":"post","link":"https:\/\/www.noticiasradioreflejos.com.ar\/2021\/2-de-abril-dia-del-veterano-y-de-los-caidos-en-malvinas\/","title":{"rendered":"2 de abril  &#8211; D\u00eda del Veterano y de los ca\u00eddos en Malvinas"},"content":{"rendered":"<p>Mensajes conmemorativos por los 40 a\u00f1os.<!--more--><\/p>\n<p>HONORABLE CONCEJO DELIBERANTE<\/p>\n<p><em>Pasaron 40 a\u00f1os de aquella gesta heroica e hist\u00f3rica que marc\u00f3 el fin de una oscura etapa de la Argentina. Hoy reconocemos y rendimos homenaje a quienes ofrecieron sus vidas en un conflicto que pudo evitarse. <\/em><\/p>\n<p><em>Este d\u00eda de conmemoraci\u00f3n nos debe servir para reflexionar y ratificar el reclamo como Naci\u00f3n Democr\u00e1tica y Republicana, sobre la plena soberan\u00eda argentina en las Islas Malvinas, Georgias del Sur, Sandwich del Sur y los\u00a0 espacios mar\u00edtimos correspondientes. <\/em><\/p>\n<p><em>\u00a0<\/em><em>La violencia no es el camino, nunca lo fue.<\/em><br \/>\n<a title=\"MEMORIA VERDAD JUSTICIA.\" href=\"https:\/\/www.flickr.com\/photos\/182279889@N02\/51976956593\/in\/dateposted-public\/\" data-flickr-embed=\"true\"><img loading=\"lazy\" decoding=\"async\" class=\"aligncenter\" src=\"https:\/\/live.staticflickr.com\/65535\/51976956593_db91914dd2_z.jpg\" alt=\"MEMORIA VERDAD JUSTICIA.\" width=\"640\" height=\"640\" \/><\/a><script async src=\"\/\/embedr.flickr.com\/assets\/client-code.js\" charset=\"utf-8\"><\/script><\/p>\n<p><!--more--><\/p>\n<p>&nbsp;<\/p>\n<p style=\"font-weight: 400;\"><strong>MALVINAS &#8211; 40 A\u00d1OS &#8211; <\/strong><strong>MEMORIA, VERDAD, JUSTICIA Y SOBERAN\u00cdA TERRITORIAL <\/strong><\/p>\n<p style=\"font-weight: 400;\"><strong>2 de Abril de 1982 &#8211; 2022<\/strong><\/p>\n<p><a title=\"malvinas\" href=\"https:\/\/www.flickr.com\/photos\/182279889@N02\/51976883061\/in\/dateposted-public\/\" data-flickr-embed=\"true\"><img loading=\"lazy\" decoding=\"async\" class=\"aligncenter\" src=\"https:\/\/live.staticflickr.com\/65535\/51976883061_3eacda87af_w.jpg\" alt=\"malvinas\" width=\"400\" height=\"235\" \/><\/a><script async src=\"\/\/embedr.flickr.com\/assets\/client-code.js\" charset=\"utf-8\"><\/script><\/p>\n<p style=\"font-weight: 400;\"><strong>Conclusiones del taller homenaje realizado el 1 de abril, en el distrito de Tornquist, por los\/as integrantes del partido Frente Grande.<\/strong><\/p>\n<p style=\"font-weight: 400;\">No han pasado cuarenta y ocho horas y todav\u00eda, a\u00fan resuena el estr\u00e9pito del descontento social movilizado en el grito \u201cpaz, pan y trabajo\u201d, en una verdadera huelga pol\u00edtica de masas, la mayor expresi\u00f3n de lucha obrera en tiempo dictatorial. Los ecos de la represi\u00f3n lastiman el aire, centenares de heridos, un muerto, apresados por miles y el humo de los gases que a\u00fan hoy no se ha disipado.<\/p>\n<p style=\"font-weight: 400;\">La dictadura c\u00edvico-militar inici\u00f3 el desembarco de tropas en las islas Malvinas, una herida abierta que no cierra, la guerra, un hecho tr\u00e1gico del pasado reciente, que adem\u00e1s tuvo malos tratos y crueldad hacia los soldados, \u00a0sacados\u00a0de lo hondo de la selva o de alg\u00fan potrero ingenuo y olvidado, sacados\u00a0de\u00a0sus\u00a0casas\u00a0y sin abrigo\u00a0largados\u00a0en el viento sur helado.<\/p>\n<p style=\"font-weight: 400;\">Delitos de lesa humanidad que con el genocidio instaurado el 24 de marzo de 1976 sigue intacto en las Malvinas de 1982.<\/p>\n<p style=\"font-weight: 400;\">Miramos a la prensa y recordamos informaci\u00f3n falaz, censura, triunfalismo, en la guerra nada escapa a las condiciones generales de la dictadura.<\/p>\n<p style=\"font-weight: 400;\">Rendici\u00f3n&#8230; heridos&#8230; desaparecidos&#8230; muertos&#8230; prisioneros&#8230; embarcados de regreso al continente y\u00a0 devueltos al hogar, semiclandestinos, obligados a callar lo que han vivido.<\/p>\n<p style=\"font-weight: 400;\">La recuperaci\u00f3n de aquellos territorios y el ejercicio pleno de la soberan\u00eda no siempre ha sido un objetivo permanente e irrenunciable del pueblo argentino y es por eso que estas fechas nos deben hacer sumar mayor conciencia sobre nuestros derechos irrenunciables.<\/p>\n<p style=\"font-weight: 400;\"><strong>2 de Abril de 1982 &#8211; 2022<\/strong><\/p>\n<p style=\"font-weight: 400;\"><strong>Malvinas, soberan\u00eda y memoria colectiva&#8230; \u201cevocaci\u00f3n del pasado que se hace en un presente con proyecci\u00f3n de futuro\u201d<\/strong><\/p>\n<p style=\"font-weight: 400;\">Se conmemoran los 40 a\u00f1os de la Guerra de Malvinas, el \u00fanico conflicto b\u00e9lico que el pa\u00eds libr\u00f3 durante el siglo XX, uno de los episodios m\u00e1s controvertidos y dif\u00edciles de abordar de nuestra historia.<br \/>\nPor un lado, la guerra decidida por un gobierno de facto; por el otro, apoyada por buena parte de la sociedad y, al mismo tiempo, el reclamo diplom\u00e1tico m\u00e1s largo e importante que ha sostenido \u2013y sostiene\u2013 la patria.<\/p>\n<p style=\"font-weight: 400;\">Malvinas fue, es y ser\u00e1 para nosotrxs una causa nacional; mientras tanto, \u201call\u00e1 quedar\u00e1n eternos centinelas sin relevo esperando que alg\u00fan d\u00eda,\u00a0sin que corra sangre,\u00a0vuelva la celeste y blanca a flamear sobre esas tierras argentinas.\u201d<\/p>\n<p><a title=\"Frente Grande tornquist\" href=\"https:\/\/www.flickr.com\/photos\/182279889@N02\/51977162329\/in\/dateposted-public\/\" data-flickr-embed=\"true\"><img loading=\"lazy\" decoding=\"async\" class=\"alignleft\" src=\"https:\/\/live.staticflickr.com\/65535\/51977162329_18a3a306de_w.jpg\" alt=\"Frente Grande tornquist\" width=\"400\" height=\"237\" \/><\/a><script async src=\"\/\/embedr.flickr.com\/assets\/client-code.js\" charset=\"utf-8\"><\/script><\/p>\n<p style=\"font-weight: 400;\">PARTIDO FRENTE GRANDE TORNQUIST.<\/p>\n<p style=\"font-weight: 400;\">MASSON CLAUDIO, PRESIDENTE<\/p>\n<p style=\"font-weight: 400;\">NORMA BLANCA FERNANDEZ, VICEPRESIDENTA<\/p>\n<p>&nbsp;<\/p>\n<p>&nbsp;<\/p>\n<p>&nbsp;<\/p>\n<p><!--more--><\/p>\n<h4>Partido Justicialista de Tornquist<\/h4>\n<p>2 de abril d\u00eda en que rendimos homenaje a las veteranas y los veteranos, a los ca\u00eddos y a sus familiares. En el<br \/>\nmarco de los\u00a040 a\u00f1os\u00a0del conflicto del Atl\u00e1ntico Sur.<br \/>\nEl partido Justicialista honra, valora y enaltece a todos aquellos que su valent\u00eda acudieron a defender suelo patrio<br \/>\ndurante aquel tiempo de la guerra muchos quedaron all\u00ed, como eternos centinelas de nuestras islas Malvinas.<br \/>\nY aquellos que sobrevivieron son \u201cnuestros\u201d veteranos de guerra, ejemplo de sacrificio y entrega en defensa de<br \/>\nnuestra soberan\u00eda nacional. Son h\u00e9roes con nombre y apellido.<\/p>\n","protected":false},"excerpt":{"rendered":"<p>Mensajes conmemorativos por los 40 a\u00f1os.<\/p>\n","protected":false},"author":3,"featured_media":0,"comment_status":"closed","ping_status":"closed","sticky":false,"template":"","format":"standard","meta":{"footnotes":""},"categories":[24,26],"tags":[],"class_list":["post-70085","post","type-post","status-publish","format-standard","hentry","category-politica","category-sociedad"],"yoast_head":"<!-- This site is optimized with the Yoast SEO plugin v25.9 - https:\/\/yoast.com\/wordpress\/plugins\/seo\/ -->\n<title>2 de abril - D\u00eda del Veterano y de los ca\u00eddos en Malvinas - Noticias Radio Reflejos<\/title>\n<meta name=\"robots\" content=\"index, follow, max-snippet:-1, max-image-preview:large, max-video-preview:-1\" \/>\n<link rel=\"canonical\" href=\"https:\/\/www.noticiasradioreflejos.com.ar\/2021\/2-de-abril-dia-del-veterano-y-de-los-caidos-en-malvinas\/\" \/>\n<meta property=\"og:locale\" content=\"es_ES\" \/>\n<meta property=\"og:type\" content=\"article\" \/>\n<meta property=\"og:title\" content=\"2 de abril - D\u00eda del Veterano y de los ca\u00eddos en Malvinas - Noticias Radio Reflejos\" \/>\n<meta property=\"og:description\" content=\"Mensajes conmemorativos por los 40 a\u00f1os.\" \/>\n<meta property=\"og:url\" content=\"https:\/\/www.noticiasradioreflejos.com.ar\/2021\/2-de-abril-dia-del-veterano-y-de-los-caidos-en-malvinas\/\" \/>\n<meta property=\"og:site_name\" content=\"Noticias Radio Reflejos\" \/>\n<meta property=\"article:published_time\" content=\"2022-04-02T11:58:51+00:00\" \/>\n<meta property=\"og:image\" content=\"https:\/\/live.staticflickr.com\/65535\/51976956593_db91914dd2_z.jpg\" \/>\n<meta name=\"author\" content=\"Arnaldo Botto\" \/>\n<meta name=\"twitter:card\" content=\"summary_large_image\" \/>\n<script type=\"application\/ld+json\" class=\"yoast-schema-graph\">{\"@context\":\"https:\/\/schema.org\",\"@graph\":[{\"@type\":\"WebPage\",\"@id\":\"https:\/\/www.noticiasradioreflejos.com.ar\/2021\/2-de-abril-dia-del-veterano-y-de-los-caidos-en-malvinas\/\",\"url\":\"https:\/\/www.noticiasradioreflejos.com.ar\/2021\/2-de-abril-dia-del-veterano-y-de-los-caidos-en-malvinas\/\",\"name\":\"2 de abril - D\u00eda del Veterano y de los ca\u00eddos en Malvinas - Noticias Radio Reflejos\",\"isPartOf\":{\"@id\":\"https:\/\/www.noticiasradioreflejos.com.ar\/2021\/#website\"},\"primaryImageOfPage\":{\"@id\":\"https:\/\/www.noticiasradioreflejos.com.ar\/2021\/2-de-abril-dia-del-veterano-y-de-los-caidos-en-malvinas\/#primaryimage\"},\"image\":{\"@id\":\"https:\/\/www.noticiasradioreflejos.com.ar\/2021\/2-de-abril-dia-del-veterano-y-de-los-caidos-en-malvinas\/#primaryimage\"},\"thumbnailUrl\":\"https:\/\/live.staticflickr.com\/65535\/51976956593_db91914dd2_z.jpg\",\"datePublished\":\"2022-04-02T11:58:51+00:00\",\"author\":{\"@id\":\"https:\/\/www.noticiasradioreflejos.com.ar\/2021\/#\/schema\/person\/ad82545263dcc5ec0996818884fd5fb1\"},\"breadcrumb\":{\"@id\":\"https:\/\/www.noticiasradioreflejos.com.ar\/2021\/2-de-abril-dia-del-veterano-y-de-los-caidos-en-malvinas\/#breadcrumb\"},\"inLanguage\":\"es\",\"potentialAction\":[{\"@type\":\"ReadAction\",\"target\":[\"https:\/\/www.noticiasradioreflejos.com.ar\/2021\/2-de-abril-dia-del-veterano-y-de-los-caidos-en-malvinas\/\"]}]},{\"@type\":\"ImageObject\",\"inLanguage\":\"es\",\"@id\":\"https:\/\/www.noticiasradioreflejos.com.ar\/2021\/2-de-abril-dia-del-veterano-y-de-los-caidos-en-malvinas\/#primaryimage\",\"url\":\"https:\/\/live.staticflickr.com\/65535\/51976956593_db91914dd2_z.jpg\",\"contentUrl\":\"https:\/\/live.staticflickr.com\/65535\/51976956593_db91914dd2_z.jpg\"},{\"@type\":\"BreadcrumbList\",\"@id\":\"https:\/\/www.noticiasradioreflejos.com.ar\/2021\/2-de-abril-dia-del-veterano-y-de-los-caidos-en-malvinas\/#breadcrumb\",\"itemListElement\":[{\"@type\":\"ListItem\",\"position\":1,\"name\":\"Portada\",\"item\":\"https:\/\/www.noticiasradioreflejos.com.ar\/2021\/\"},{\"@type\":\"ListItem\",\"position\":2,\"name\":\"2 de abril &#8211; D\u00eda del Veterano y de los ca\u00eddos en Malvinas\"}]},{\"@type\":\"WebSite\",\"@id\":\"https:\/\/www.noticiasradioreflejos.com.ar\/2021\/#website\",\"url\":\"https:\/\/www.noticiasradioreflejos.com.ar\/2021\/\",\"name\":\"Noticias Radio Reflejos\",\"description\":\"Las noticias de mi comarca\",\"potentialAction\":[{\"@type\":\"SearchAction\",\"target\":{\"@type\":\"EntryPoint\",\"urlTemplate\":\"https:\/\/www.noticiasradioreflejos.com.ar\/2021\/?s={search_term_string}\"},\"query-input\":{\"@type\":\"PropertyValueSpecification\",\"valueRequired\":true,\"valueName\":\"search_term_string\"}}],\"inLanguage\":\"es\"},{\"@type\":\"Person\",\"@id\":\"https:\/\/www.noticiasradioreflejos.com.ar\/2021\/#\/schema\/person\/ad82545263dcc5ec0996818884fd5fb1\",\"name\":\"Arnaldo Botto\",\"image\":{\"@type\":\"ImageObject\",\"inLanguage\":\"es\",\"@id\":\"https:\/\/www.noticiasradioreflejos.com.ar\/2021\/#\/schema\/person\/image\/\",\"url\":\"https:\/\/secure.gravatar.com\/avatar\/55cb5e37c1efa326397366e6974cb338056df65cb50e7d64d1cf314e87504837?s=96&d=mm&r=g\",\"contentUrl\":\"https:\/\/secure.gravatar.com\/avatar\/55cb5e37c1efa326397366e6974cb338056df65cb50e7d64d1cf314e87504837?s=96&d=mm&r=g\",\"caption\":\"Arnaldo Botto\"},\"url\":\"https:\/\/www.noticiasradioreflejos.com.ar\/2021\/author\/arnaldo\/\"}]}<\/script>\n<!-- \/ Yoast SEO plugin. -->","yoast_head_json":{"title":"2 de abril - D\u00eda del Veterano y de los ca\u00eddos en Malvinas - Noticias Radio Reflejos","robots":{"index":"index","follow":"follow","max-snippet":"max-snippet:-1","max-image-preview":"max-image-preview:large","max-video-preview":"max-video-preview:-1"},"canonical":"https:\/\/www.noticiasradioreflejos.com.ar\/2021\/2-de-abril-dia-del-veterano-y-de-los-caidos-en-malvinas\/","og_locale":"es_ES","og_type":"article","og_title":"2 de abril - D\u00eda del Veterano y de los ca\u00eddos en Malvinas - Noticias Radio Reflejos","og_description":"Mensajes conmemorativos por los 40 a\u00f1os.","og_url":"https:\/\/www.noticiasradioreflejos.com.ar\/2021\/2-de-abril-dia-del-veterano-y-de-los-caidos-en-malvinas\/","og_site_name":"Noticias Radio Reflejos","article_published_time":"2022-04-02T11:58:51+00:00","og_image":[{"url":"https:\/\/live.staticflickr.com\/65535\/51976956593_db91914dd2_z.jpg","type":"","width":"","height":""}],"author":"Arnaldo Botto","twitter_card":"summary_large_image","schema":{"@context":"https:\/\/schema.org","@graph":[{"@type":"WebPage","@id":"https:\/\/www.noticiasradioreflejos.com.ar\/2021\/2-de-abril-dia-del-veterano-y-de-los-caidos-en-malvinas\/","url":"https:\/\/www.noticiasradioreflejos.com.ar\/2021\/2-de-abril-dia-del-veterano-y-de-los-caidos-en-malvinas\/","name":"2 de abril - D\u00eda del Veterano y de los ca\u00eddos en Malvinas - Noticias Radio Reflejos","isPartOf":{"@id":"https:\/\/www.noticiasradioreflejos.com.ar\/2021\/#website"},"primaryImageOfPage":{"@id":"https:\/\/www.noticiasradioreflejos.com.ar\/2021\/2-de-abril-dia-del-veterano-y-de-los-caidos-en-malvinas\/#primaryimage"},"image":{"@id":"https:\/\/www.noticiasradioreflejos.com.ar\/2021\/2-de-abril-dia-del-veterano-y-de-los-caidos-en-malvinas\/#primaryimage"},"thumbnailUrl":"https:\/\/live.staticflickr.com\/65535\/51976956593_db91914dd2_z.jpg","datePublished":"2022-04-02T11:58:51+00:00","author":{"@id":"https:\/\/www.noticiasradioreflejos.com.ar\/2021\/#\/schema\/person\/ad82545263dcc5ec0996818884fd5fb1"},"breadcrumb":{"@id":"https:\/\/www.noticiasradioreflejos.com.ar\/2021\/2-de-abril-dia-del-veterano-y-de-los-caidos-en-malvinas\/#breadcrumb"},"inLanguage":"es","potentialAction":[{"@type":"ReadAction","target":["https:\/\/www.noticiasradioreflejos.com.ar\/2021\/2-de-abril-dia-del-veterano-y-de-los-caidos-en-malvinas\/"]}]},{"@type":"ImageObject","inLanguage":"es","@id":"https:\/\/www.noticiasradioreflejos.com.ar\/2021\/2-de-abril-dia-del-veterano-y-de-los-caidos-en-malvinas\/#primaryimage","url":"https:\/\/live.staticflickr.com\/65535\/51976956593_db91914dd2_z.jpg","contentUrl":"https:\/\/live.staticflickr.com\/65535\/51976956593_db91914dd2_z.jpg"},{"@type":"BreadcrumbList","@id":"https:\/\/www.noticiasradioreflejos.com.ar\/2021\/2-de-abril-dia-del-veterano-y-de-los-caidos-en-malvinas\/#breadcrumb","itemListElement":[{"@type":"ListItem","position":1,"name":"Portada","item":"https:\/\/www.noticiasradioreflejos.com.ar\/2021\/"},{"@type":"ListItem","position":2,"name":"2 de abril &#8211; D\u00eda del Veterano y de los ca\u00eddos en Malvinas"}]},{"@type":"WebSite","@id":"https:\/\/www.noticiasradioreflejos.com.ar\/2021\/#website","url":"https:\/\/www.noticiasradioreflejos.com.ar\/2021\/","name":"Noticias Radio Reflejos","description":"Las noticias de mi comarca","potentialAction":[{"@type":"SearchAction","target":{"@type":"EntryPoint","urlTemplate":"https:\/\/www.noticiasradioreflejos.com.ar\/2021\/?s={search_term_string}"},"query-input":{"@type":"PropertyValueSpecification","valueRequired":true,"valueName":"search_term_string"}}],"inLanguage":"es"},{"@type":"Person","@id":"https:\/\/www.noticiasradioreflejos.com.ar\/2021\/#\/schema\/person\/ad82545263dcc5ec0996818884fd5fb1","name":"Arnaldo Botto","image":{"@type":"ImageObject","inLanguage":"es","@id":"https:\/\/www.noticiasradioreflejos.com.ar\/2021\/#\/schema\/person\/image\/","url":"https:\/\/secure.gravatar.com\/avatar\/55cb5e37c1efa326397366e6974cb338056df65cb50e7d64d1cf314e87504837?s=96&d=mm&r=g","contentUrl":"https:\/\/secure.gravatar.com\/avatar\/55cb5e37c1efa326397366e6974cb338056df65cb50e7d64d1cf314e87504837?s=96&d=mm&r=g","caption":"Arnaldo Botto"},"url":"https:\/\/www.noticiasradioreflejos.com.ar\/2021\/author\/arnaldo\/"}]}},"_links":{"self":[{"href":"https:\/\/www.noticiasradioreflejos.com.ar\/2021\/wp-json\/wp\/v2\/posts\/70085","targetHints":{"allow":["GET"]}}],"collection":[{"href":"https:\/\/www.noticiasradioreflejos.com.ar\/2021\/wp-json\/wp\/v2\/posts"}],"about":[{"href":"https:\/\/www.noticiasradioreflejos.com.ar\/2021\/wp-json\/wp\/v2\/types\/post"}],"author":[{"embeddable":true,"href":"https:\/\/www.noticiasradioreflejos.com.ar\/2021\/wp-json\/wp\/v2\/users\/3"}],"replies":[{"embeddable":true,"href":"https:\/\/www.noticiasradioreflejos.com.ar\/2021\/wp-json\/wp\/v2\/comments?post=70085"}],"version-history":[{"count":1,"href":"https:\/\/www.noticiasradioreflejos.com.ar\/2021\/wp-json\/wp\/v2\/posts\/70085\/revisions"}],"predecessor-version":[{"id":70087,"href":"https:\/\/www.noticiasradioreflejos.com.ar\/2021\/wp-json\/wp\/v2\/posts\/70085\/revisions\/70087"}],"wp:attachment":[{"href":"https:\/\/www.noticiasradioreflejos.com.ar\/2021\/wp-json\/wp\/v2\/media?parent=70085"}],"wp:term":[{"taxonomy":"category","embeddable":true,"href":"https:\/\/www.noticiasradioreflejos.com.ar\/2021\/wp-json\/wp\/v2\/categories?post=70085"},{"taxonomy":"post_tag","embeddable":true,"href":"https:\/\/www.noticiasradioreflejos.com.ar\/2021\/wp-json\/wp\/v2\/tags?post=70085"}],"curies":[{"name":"wp","href":"https:\/\/api.w.org\/{rel}","templated":true}]}}