{"id":70075,"date":"2022-04-01T17:54:37","date_gmt":"2022-04-01T17:54:37","guid":{"rendered":"http:\/\/www.noticiasradioreflejos.com.ar\/2021\/?p=70075"},"modified":"2022-04-01T17:54:37","modified_gmt":"2022-04-01T17:54:37","slug":"la-cooperativa-electrica-de-sierra-de-la-ventana-invita-a-la-proxima-asamblea-general-ordinaria","status":"publish","type":"post","link":"https:\/\/www.noticiasradioreflejos.com.ar\/2021\/la-cooperativa-electrica-de-sierra-de-la-ventana-invita-a-la-proxima-asamblea-general-ordinaria\/","title":{"rendered":"La Cooperativa El\u00e9ctrica de Sierra de la Ventana invita a la pr\u00f3xima Asamblea General Ordinaria"},"content":{"rendered":"<p> La misma se realizar\u00e1 el d\u00eda 29 de abril a las 14 horas, en el Sal\u00f3n de Usos M\u00faltiples de la sede social de Coopersive Ltda.<!--more--><\/p>\n<p>Dando cumplimiento a lo dispuesto por el Estatuto Social, CONVOCAMOS a los se\u00f1ores asociados de \u201cC.O.O.P.E.R.S.I.V.E. COOPERATIVA DE ELECTRICIDAD, SERVICIOS P\u00daBLICOS, CONSUMO, CR\u00c9DITO Y VIVIENDA DE SIERRA DE LA VENTANA LTDA.\u00bb, a la ASAMBLEA GENERAL ORDINARIA, para el d\u00eda viernes 29 de abril de 2022 a las 14 horas, en el Sal\u00f3n de Usos M\u00faltiples de la sede social de Coopersive Ltda., sito en la calle Avda. San Mart\u00edn 60 de nuestra localidad, a los efectos de considerar el siguiente: ORDEN DEL D\u00cdA 1 &#8211; Designaci\u00f3n de dos asamble\u00edstas para que aprueben y firmen el acta de la Asamblea, junto al Presidente y Secretario. 2 &#8211; Consideraci\u00f3n de la Memoria, Estados Contables, informes del S\u00edndico y del Auditor Externo del Ejercicio Econ\u00f3mico N\u00b0 72, cerrado al 31 de diciembre de 2021. 3 &#8211; Elecci\u00f3n de un S\u00edndico Titular y un S\u00edndico Suplente hasta el 30-abr-2023 por mandato vencido. LEY 20.337 ART. 49: \u00abLas asambleas se realizar\u00e1n v\u00e1lidamente, sea cual fuere el n\u00famero de asistentes, una hora despu\u00e9s de la fijada en la convocatoria, si antes no se hubiere reunido la mitad m\u00e1s uno de los asociados.\u00bb Sierra de la Ventana, 11 de marzo de 2022                                                        MARIO SENSINI                                        OSCAR BRITO                                                          Presidente                                                 Secretario<\/p>\n","protected":false},"excerpt":{"rendered":"<p>La misma se realizar\u00e1 el d\u00eda 29 de abril a las 14 horas, en el Sal\u00f3n de Usos M\u00faltiples de la sede social de Coopersive Ltda.<\/p>\n","protected":false},"author":3,"featured_media":0,"comment_status":"closed","ping_status":"closed","sticky":false,"template":"","format":"standard","meta":{"footnotes":""},"categories":[26],"tags":[],"class_list":["post-70075","post","type-post","status-publish","format-standard","hentry","category-sociedad"],"yoast_head":"<!-- This site is optimized with the Yoast SEO plugin v25.9 - https:\/\/yoast.com\/wordpress\/plugins\/seo\/ -->\n<title>La Cooperativa El\u00e9ctrica de Sierra de la Ventana invita a la pr\u00f3xima Asamblea General Ordinaria - Noticias Radio Reflejos<\/title>\n<meta name=\"robots\" content=\"index, follow, max-snippet:-1, max-image-preview:large, max-video-preview:-1\" \/>\n<link rel=\"canonical\" href=\"https:\/\/www.noticiasradioreflejos.com.ar\/2021\/la-cooperativa-electrica-de-sierra-de-la-ventana-invita-a-la-proxima-asamblea-general-ordinaria\/\" \/>\n<meta property=\"og:locale\" content=\"es_ES\" \/>\n<meta property=\"og:type\" content=\"article\" \/>\n<meta property=\"og:title\" content=\"La Cooperativa El\u00e9ctrica de Sierra de la Ventana invita a la pr\u00f3xima Asamblea General Ordinaria - Noticias Radio Reflejos\" \/>\n<meta property=\"og:description\" content=\"La misma se realizar\u00e1 el d\u00eda 29 de abril a las 14 horas, en el Sal\u00f3n de Usos M\u00faltiples de la sede social de Coopersive Ltda.\" \/>\n<meta property=\"og:url\" content=\"https:\/\/www.noticiasradioreflejos.com.ar\/2021\/la-cooperativa-electrica-de-sierra-de-la-ventana-invita-a-la-proxima-asamblea-general-ordinaria\/\" \/>\n<meta property=\"og:site_name\" content=\"Noticias Radio Reflejos\" \/>\n<meta property=\"article:published_time\" content=\"2022-04-01T17:54:37+00:00\" \/>\n<meta property=\"og:image\" content=\"https:\/\/www.noticiasradioreflejos.com.ar\/2021\/wp-content\/uploads\/2021\/07\/logosol300x200.png\" \/>\n\t<meta property=\"og:image:width\" content=\"300\" \/>\n\t<meta property=\"og:image:height\" content=\"200\" \/>\n\t<meta property=\"og:image:type\" content=\"image\/png\" \/>\n<meta name=\"author\" content=\"Arnaldo Botto\" \/>\n<meta name=\"twitter:card\" content=\"summary_large_image\" \/>\n<script type=\"application\/ld+json\" class=\"yoast-schema-graph\">{\"@context\":\"https:\/\/schema.org\",\"@graph\":[{\"@type\":\"WebPage\",\"@id\":\"https:\/\/www.noticiasradioreflejos.com.ar\/2021\/la-cooperativa-electrica-de-sierra-de-la-ventana-invita-a-la-proxima-asamblea-general-ordinaria\/\",\"url\":\"https:\/\/www.noticiasradioreflejos.com.ar\/2021\/la-cooperativa-electrica-de-sierra-de-la-ventana-invita-a-la-proxima-asamblea-general-ordinaria\/\",\"name\":\"La Cooperativa El\u00e9ctrica de Sierra de la Ventana invita a la pr\u00f3xima Asamblea General Ordinaria - Noticias Radio Reflejos\",\"isPartOf\":{\"@id\":\"https:\/\/www.noticiasradioreflejos.com.ar\/2021\/#website\"},\"datePublished\":\"2022-04-01T17:54:37+00:00\",\"author\":{\"@id\":\"https:\/\/www.noticiasradioreflejos.com.ar\/2021\/#\/schema\/person\/ad82545263dcc5ec0996818884fd5fb1\"},\"breadcrumb\":{\"@id\":\"https:\/\/www.noticiasradioreflejos.com.ar\/2021\/la-cooperativa-electrica-de-sierra-de-la-ventana-invita-a-la-proxima-asamblea-general-ordinaria\/#breadcrumb\"},\"inLanguage\":\"es\",\"potentialAction\":[{\"@type\":\"ReadAction\",\"target\":[\"https:\/\/www.noticiasradioreflejos.com.ar\/2021\/la-cooperativa-electrica-de-sierra-de-la-ventana-invita-a-la-proxima-asamblea-general-ordinaria\/\"]}]},{\"@type\":\"BreadcrumbList\",\"@id\":\"https:\/\/www.noticiasradioreflejos.com.ar\/2021\/la-cooperativa-electrica-de-sierra-de-la-ventana-invita-a-la-proxima-asamblea-general-ordinaria\/#breadcrumb\",\"itemListElement\":[{\"@type\":\"ListItem\",\"position\":1,\"name\":\"Portada\",\"item\":\"https:\/\/www.noticiasradioreflejos.com.ar\/2021\/\"},{\"@type\":\"ListItem\",\"position\":2,\"name\":\"La Cooperativa El\u00e9ctrica de Sierra de la Ventana invita a la pr\u00f3xima Asamblea General Ordinaria\"}]},{\"@type\":\"WebSite\",\"@id\":\"https:\/\/www.noticiasradioreflejos.com.ar\/2021\/#website\",\"url\":\"https:\/\/www.noticiasradioreflejos.com.ar\/2021\/\",\"name\":\"Noticias Radio Reflejos\",\"description\":\"Las noticias de mi comarca\",\"potentialAction\":[{\"@type\":\"SearchAction\",\"target\":{\"@type\":\"EntryPoint\",\"urlTemplate\":\"https:\/\/www.noticiasradioreflejos.com.ar\/2021\/?s={search_term_string}\"},\"query-input\":{\"@type\":\"PropertyValueSpecification\",\"valueRequired\":true,\"valueName\":\"search_term_string\"}}],\"inLanguage\":\"es\"},{\"@type\":\"Person\",\"@id\":\"https:\/\/www.noticiasradioreflejos.com.ar\/2021\/#\/schema\/person\/ad82545263dcc5ec0996818884fd5fb1\",\"name\":\"Arnaldo Botto\",\"image\":{\"@type\":\"ImageObject\",\"inLanguage\":\"es\",\"@id\":\"https:\/\/www.noticiasradioreflejos.com.ar\/2021\/#\/schema\/person\/image\/\",\"url\":\"https:\/\/secure.gravatar.com\/avatar\/55cb5e37c1efa326397366e6974cb338056df65cb50e7d64d1cf314e87504837?s=96&d=mm&r=g\",\"contentUrl\":\"https:\/\/secure.gravatar.com\/avatar\/55cb5e37c1efa326397366e6974cb338056df65cb50e7d64d1cf314e87504837?s=96&d=mm&r=g\",\"caption\":\"Arnaldo Botto\"},\"url\":\"https:\/\/www.noticiasradioreflejos.com.ar\/2021\/author\/arnaldo\/\"}]}<\/script>\n<!-- \/ Yoast SEO plugin. -->","yoast_head_json":{"title":"La Cooperativa El\u00e9ctrica de Sierra de la Ventana invita a la pr\u00f3xima Asamblea General Ordinaria - Noticias Radio Reflejos","robots":{"index":"index","follow":"follow","max-snippet":"max-snippet:-1","max-image-preview":"max-image-preview:large","max-video-preview":"max-video-preview:-1"},"canonical":"https:\/\/www.noticiasradioreflejos.com.ar\/2021\/la-cooperativa-electrica-de-sierra-de-la-ventana-invita-a-la-proxima-asamblea-general-ordinaria\/","og_locale":"es_ES","og_type":"article","og_title":"La Cooperativa El\u00e9ctrica de Sierra de la Ventana invita a la pr\u00f3xima Asamblea General Ordinaria - Noticias Radio Reflejos","og_description":"La misma se realizar\u00e1 el d\u00eda 29 de abril a las 14 horas, en el Sal\u00f3n de Usos M\u00faltiples de la sede social de Coopersive Ltda.","og_url":"https:\/\/www.noticiasradioreflejos.com.ar\/2021\/la-cooperativa-electrica-de-sierra-de-la-ventana-invita-a-la-proxima-asamblea-general-ordinaria\/","og_site_name":"Noticias Radio Reflejos","article_published_time":"2022-04-01T17:54:37+00:00","og_image":[{"width":300,"height":200,"url":"https:\/\/www.noticiasradioreflejos.com.ar\/2021\/wp-content\/uploads\/2021\/07\/logosol300x200.png","type":"image\/png"}],"author":"Arnaldo Botto","twitter_card":"summary_large_image","schema":{"@context":"https:\/\/schema.org","@graph":[{"@type":"WebPage","@id":"https:\/\/www.noticiasradioreflejos.com.ar\/2021\/la-cooperativa-electrica-de-sierra-de-la-ventana-invita-a-la-proxima-asamblea-general-ordinaria\/","url":"https:\/\/www.noticiasradioreflejos.com.ar\/2021\/la-cooperativa-electrica-de-sierra-de-la-ventana-invita-a-la-proxima-asamblea-general-ordinaria\/","name":"La Cooperativa El\u00e9ctrica de Sierra de la Ventana invita a la pr\u00f3xima Asamblea General Ordinaria - Noticias Radio Reflejos","isPartOf":{"@id":"https:\/\/www.noticiasradioreflejos.com.ar\/2021\/#website"},"datePublished":"2022-04-01T17:54:37+00:00","author":{"@id":"https:\/\/www.noticiasradioreflejos.com.ar\/2021\/#\/schema\/person\/ad82545263dcc5ec0996818884fd5fb1"},"breadcrumb":{"@id":"https:\/\/www.noticiasradioreflejos.com.ar\/2021\/la-cooperativa-electrica-de-sierra-de-la-ventana-invita-a-la-proxima-asamblea-general-ordinaria\/#breadcrumb"},"inLanguage":"es","potentialAction":[{"@type":"ReadAction","target":["https:\/\/www.noticiasradioreflejos.com.ar\/2021\/la-cooperativa-electrica-de-sierra-de-la-ventana-invita-a-la-proxima-asamblea-general-ordinaria\/"]}]},{"@type":"BreadcrumbList","@id":"https:\/\/www.noticiasradioreflejos.com.ar\/2021\/la-cooperativa-electrica-de-sierra-de-la-ventana-invita-a-la-proxima-asamblea-general-ordinaria\/#breadcrumb","itemListElement":[{"@type":"ListItem","position":1,"name":"Portada","item":"https:\/\/www.noticiasradioreflejos.com.ar\/2021\/"},{"@type":"ListItem","position":2,"name":"La Cooperativa El\u00e9ctrica de Sierra de la Ventana invita a la pr\u00f3xima Asamblea General Ordinaria"}]},{"@type":"WebSite","@id":"https:\/\/www.noticiasradioreflejos.com.ar\/2021\/#website","url":"https:\/\/www.noticiasradioreflejos.com.ar\/2021\/","name":"Noticias Radio Reflejos","description":"Las noticias de mi comarca","potentialAction":[{"@type":"SearchAction","target":{"@type":"EntryPoint","urlTemplate":"https:\/\/www.noticiasradioreflejos.com.ar\/2021\/?s={search_term_string}"},"query-input":{"@type":"PropertyValueSpecification","valueRequired":true,"valueName":"search_term_string"}}],"inLanguage":"es"},{"@type":"Person","@id":"https:\/\/www.noticiasradioreflejos.com.ar\/2021\/#\/schema\/person\/ad82545263dcc5ec0996818884fd5fb1","name":"Arnaldo Botto","image":{"@type":"ImageObject","inLanguage":"es","@id":"https:\/\/www.noticiasradioreflejos.com.ar\/2021\/#\/schema\/person\/image\/","url":"https:\/\/secure.gravatar.com\/avatar\/55cb5e37c1efa326397366e6974cb338056df65cb50e7d64d1cf314e87504837?s=96&d=mm&r=g","contentUrl":"https:\/\/secure.gravatar.com\/avatar\/55cb5e37c1efa326397366e6974cb338056df65cb50e7d64d1cf314e87504837?s=96&d=mm&r=g","caption":"Arnaldo Botto"},"url":"https:\/\/www.noticiasradioreflejos.com.ar\/2021\/author\/arnaldo\/"}]}},"_links":{"self":[{"href":"https:\/\/www.noticiasradioreflejos.com.ar\/2021\/wp-json\/wp\/v2\/posts\/70075","targetHints":{"allow":["GET"]}}],"collection":[{"href":"https:\/\/www.noticiasradioreflejos.com.ar\/2021\/wp-json\/wp\/v2\/posts"}],"about":[{"href":"https:\/\/www.noticiasradioreflejos.com.ar\/2021\/wp-json\/wp\/v2\/types\/post"}],"author":[{"embeddable":true,"href":"https:\/\/www.noticiasradioreflejos.com.ar\/2021\/wp-json\/wp\/v2\/users\/3"}],"replies":[{"embeddable":true,"href":"https:\/\/www.noticiasradioreflejos.com.ar\/2021\/wp-json\/wp\/v2\/comments?post=70075"}],"version-history":[{"count":1,"href":"https:\/\/www.noticiasradioreflejos.com.ar\/2021\/wp-json\/wp\/v2\/posts\/70075\/revisions"}],"predecessor-version":[{"id":70076,"href":"https:\/\/www.noticiasradioreflejos.com.ar\/2021\/wp-json\/wp\/v2\/posts\/70075\/revisions\/70076"}],"wp:attachment":[{"href":"https:\/\/www.noticiasradioreflejos.com.ar\/2021\/wp-json\/wp\/v2\/media?parent=70075"}],"wp:term":[{"taxonomy":"category","embeddable":true,"href":"https:\/\/www.noticiasradioreflejos.com.ar\/2021\/wp-json\/wp\/v2\/categories?post=70075"},{"taxonomy":"post_tag","embeddable":true,"href":"https:\/\/www.noticiasradioreflejos.com.ar\/2021\/wp-json\/wp\/v2\/tags?post=70075"}],"curies":[{"name":"wp","href":"https:\/\/api.w.org\/{rel}","templated":true}]}}