{"id":70061,"date":"2022-04-01T11:53:44","date_gmt":"2022-04-01T11:53:44","guid":{"rendered":"http:\/\/www.noticiasradioreflejos.com.ar\/2021\/?p=70061"},"modified":"2022-04-01T11:57:53","modified_gmt":"2022-04-01T11:57:53","slug":"la-mayor-produccion-de-gas-permitira-reducir-las-importaciones-audio","status":"publish","type":"post","link":"https:\/\/www.noticiasradioreflejos.com.ar\/2021\/la-mayor-produccion-de-gas-permitira-reducir-las-importaciones-audio\/","title":{"rendered":"La mayor producci\u00f3n de gas permitir\u00e1 reducir las importaciones"},"content":{"rendered":"<p>\u00abEl Gobierno puede garantizar que no va a faltar gas en invierno\u00bb, se\u00f1al\u00f3 la portavoz presidencial Gabriela Cerruti, quien no obstante indic\u00f3 que existen inconvenientes a escala internacional por la guerra en Ucrania.<!--more--><\/p>\n<div>\n<div class=\"wrapper-editable-content\">\n<div>\n<div class=\"container-md\">\n<div class=\"row\">\n<div class=\"col-md-12 speak\">\n<div class=\"paragraph\">\n<figure class=\"mb-3\"><img decoding=\"async\" src=\"https:\/\/www.telam.com.ar\/thumbs\/bluesteel\/advf\/imagenes\/2022\/02\/62192a654b20b_900.jpg\" alt=\"Gabriela Cerruti dijo que no va a faltar gas en invierno\" width=\"100%\" height=\"100%\" \/><\/figure>\n<\/div>\n<\/div>\n<\/div>\n<\/div>\n<\/div>\n<\/div>\n<\/div>\n<div class=\"media-icons\"><\/div>\n<p>&nbsp;<\/p>\n<p>La mayor producci\u00f3n interna de gas, especialmente en el \u00e1rea de Vaca Muerta, Neuqu\u00e9n, permitir\u00e1 que este a\u00f1o la Argentina tenga que importar menos de este combustible respecto de per\u00edodos anteriores, en un\u00a0<strong>contexto en el que la guerra entre Rusia y Ucrania<\/strong>\u00a0gener\u00f3 un fuerte aumento en los precios internacionales de la energ\u00eda.<\/p>\n<p>La portavoz de la Presidencia, Gabriela Cerruti, asegur\u00f3\u00a0<a href=\"https:\/\/www.telam.com.ar\/notas\/202203\/588086-cerruti-conferencia-de-prensa-pobreza.html\" target=\"_blank\" rel=\"noopener\">en su habitual conferencia de prensa de los jueves<\/a>\u00a0que \u00abno va a faltar gas en invierno\u00bb y que este a\u00f1o la Argentina tendr\u00e1 que importar \u00abbastante menos\u00bb debido al aumento de la producci\u00f3n interna de este combustible, a ra\u00edz del \u00abcrecimiento de la explotaci\u00f3n en Vaca Muerta\u00bb.<\/p>\n<p>\u00abEl Gobierno puede garantizar que no va a faltar gas en invierno\u00bb, asever\u00f3 Cerruti, quien no obstante indic\u00f3 que existen inconvenientes a escala internacional porque \u00abla realidad es la realidad y hay una guerra\u00bb entre Rusia y Ucrania, que incide tanto en el abastecimiento como en los precios de los hidrocarburos.<\/p>\n<blockquote class=\"\"><p>\u00abEl Gobierno puede garantizar que no va a faltar gas en invierno\u00bb<\/p><\/blockquote>\n<p>Los \u00faltimos datos oficiales de la Secretar\u00eda de Energ\u00eda dan cuenta de una producci\u00f3n total de gas en enero de aproximadamente 130 millones de metros c\u00fabicos por d\u00eda, lo que significa un crecimiento del 12% respecto del mismo mes del a\u00f1o pasado.<\/p>\n<p>De ese total, 69 millones correspondieron a producci\u00f3n no convencional, que alcanz\u00f3 en el primer mes del a\u00f1o su m\u00e1ximo hist\u00f3rico, con un crecimiento del 2% respecto de diciembre y de 42% en relaci\u00f3n con enero de 2021.<\/p>\n<p>Cerruti adelant\u00f3 que \u00abla pr\u00f3xima semana\u00bb va a haber \u00abnovedades\u00bb sobre las negociaciones que est\u00e1n llevando a cabo el ministro de Econom\u00eda,\u00a0<strong>Mart\u00edn Guzm\u00e1n<\/strong>, y el secretario de Energ\u00eda,\u00a0<strong>Dar\u00edo Mart\u00ednez<\/strong>, para garantizar el abastecimiento tanto para el consumo residencial como para la industria y el agro.<\/p>\n<p>Precisamente, Mart\u00ednez hab\u00eda se\u00f1alado el mes pasado que \u00abdesde que se implement\u00f3 el Plan Gas.Ar se est\u00e1n dando n\u00fameros m\u00e1ximos de producci\u00f3n de no convencional y eso significa m\u00e1s gas argentino, producido por trabajadores argentinos, con pymes nacionales que aportan tecnolog\u00eda y valor agregado\u00bb.<\/p>\n<p>Mart\u00ednez puntualiz\u00f3 que \u00abla puesta en marcha del nuevo gasoducto N\u00e9stor Kirchner va a permitir poder escalar esa producci\u00f3n, aumentar las exportaciones, sustituir importaciones con gas argentino y generar miles de puestos de trabajo\u00bb.<\/p>\n<p>Cerruti sostuvo que\u00a0<strong>\u00abel Gobierno entiende que todav\u00eda no hay faltante de gasoil\u00bb<\/strong>, ante la requisitoria period\u00edstica sobre presuntos problemas de abastecimiento en algunas provincias.<\/p>\n<p>En cuanto al costo de los env\u00edos de barcos regasificadores, remarc\u00f3 que \u00ablos fondos (para pagarlos) van a estar\u00bb, y que el Gobierno \u00abest\u00e1 haciendo todo lo necesario\u00bb para asegurar el abastecimiento.<\/p>\n<figure class=\"mb-3\"><img decoding=\"async\" src=\"https:\/\/www.telam.com.ar\/thumbs\/bluesteel\/advf\/imagenes\/2022\/03\/6245f66e40ce5_900.jpg\" alt=\"Telam SE\" width=\"100%\" height=\"100%\" \/><\/p>\n<div class=\"media-icons\"><\/div><figcaption><\/figcaption><\/figure>\n<p>En otro orden, al referirse a las operaciones de venta de combustible de particulares a otros pa\u00edses en zonas de frontera, dijo que \u00abes un tema que tiene que ver con cuestiones de seguridad\u00bb, que le ata\u00f1e a \u00abGendarmer\u00eda y los gobiernos provinciales\u00bb.<\/p>\n<p>Por otra parte, consider\u00f3 \u00abmuy alentador\u00bb el ofrecimiento expresado por el presidente de la Uni\u00f3n Industrial Argentina (UIA), Daniel Funes de Rioja, de realizar tareas coordinadas con el Gobierno para hacer frente a eventuales problemas en la provisi\u00f3n de gas.<\/p>\n<p>En ese mismo sentido se hab\u00eda expresado el ministro de Desarrollo Productivo,\u00a0<strong>Mat\u00edas Kulfas<\/strong>, quien se\u00f1al\u00f3 en una conferencia de prensa que \u00abla Argentina necesita comprar un 10% a 15% de su consumo de gas de invierno, pero cuando tengamos claro esa disponibilidad, el faltante es lo que vamos a coordinar con el sector industrial para optimizarlo y esperamos que sea con el menor impacto posible\u00bb.<\/p>\n<p>Este a\u00f1o, la Secretaria de Energ\u00eda prev\u00e9 un complejo escenario a ra\u00edz no s\u00f3lo de los precios del Gas Natural Licuado que importa para completar la oferta dom\u00e9stica, sino tambi\u00e9n la menor disponibilidad del recurso a nivel global por la guerra entre Rusia y Ucrania y por la reducci\u00f3n de la producci\u00f3n de Bolivia.<\/p>\n<p>A esto se suma una menor disponibilidad y una alta volatilidad en los precios del gasoil y el fuel oil, combustibles que se utilizan para suplantar el gas en las centrales t\u00e9rmicas de generaci\u00f3n el\u00e9ctrica.<\/p>\n<p>Otro elemento es la baja hidraulicidad de las principales cuencas que alimentan las represas hidroel\u00e9ctricas, por la sequ\u00eda.<\/p>\n<p>En este contexto, Kulfas explic\u00f3 que \u00abpara anticipar los faltantes de los pr\u00f3ximos meses hay que esperar los an\u00e1lisis que tienen que ver con las compras\u00bb, que concreten la Secretar\u00eda de Energ\u00eda y la empresa Integraci\u00f3n Energ\u00e9tica Argentina (Ieasa, ex Enarsa).<\/p>\n<p>\u00abEn funci\u00f3n de cu\u00e1nto consiga el pa\u00eds y los precios, se podr\u00e1 tener mayor claridad en cuanto a la disponibilidad\u00bb, se\u00f1al\u00f3 el ministro al plantear que el Gobierno espera \u00ababastecimiento pleno\u00bb, o en su defecto que \u00abla escasez sea la m\u00ednima posible y poder administrarla con el sector\u00bb.<\/p>\n","protected":false},"excerpt":{"rendered":"<p>\u00abEl Gobierno puede garantizar que no va a faltar gas en invierno\u00bb, se\u00f1al\u00f3 la portavoz presidencial Gabriela Cerruti, quien no obstante indic\u00f3 que existen inconvenientes a escala internacional por la guerra en Ucrania.<\/p>\n","protected":false},"author":3,"featured_media":0,"comment_status":"closed","ping_status":"closed","sticky":false,"template":"","format":"standard","meta":{"footnotes":""},"categories":[36],"tags":[],"class_list":["post-70061","post","type-post","status-publish","format-standard","hentry","category-economia"],"yoast_head":"<!-- This site is optimized with the Yoast SEO plugin v25.9 - https:\/\/yoast.com\/wordpress\/plugins\/seo\/ -->\n<title>La mayor producci\u00f3n de gas permitir\u00e1 reducir las importaciones - Noticias Radio Reflejos<\/title>\n<meta name=\"robots\" content=\"index, follow, max-snippet:-1, max-image-preview:large, max-video-preview:-1\" \/>\n<link rel=\"canonical\" href=\"https:\/\/www.noticiasradioreflejos.com.ar\/2021\/la-mayor-produccion-de-gas-permitira-reducir-las-importaciones-audio\/\" \/>\n<meta property=\"og:locale\" content=\"es_ES\" \/>\n<meta property=\"og:type\" content=\"article\" \/>\n<meta property=\"og:title\" content=\"La mayor producci\u00f3n de gas permitir\u00e1 reducir las importaciones - Noticias Radio Reflejos\" \/>\n<meta property=\"og:description\" content=\"\u00abEl Gobierno puede garantizar que no va a faltar gas en invierno\u00bb, se\u00f1al\u00f3 la portavoz presidencial Gabriela Cerruti, quien no obstante indic\u00f3 que existen inconvenientes a escala internacional por la guerra en Ucrania.\" \/>\n<meta property=\"og:url\" content=\"https:\/\/www.noticiasradioreflejos.com.ar\/2021\/la-mayor-produccion-de-gas-permitira-reducir-las-importaciones-audio\/\" \/>\n<meta property=\"og:site_name\" content=\"Noticias Radio Reflejos\" \/>\n<meta property=\"article:published_time\" content=\"2022-04-01T11:53:44+00:00\" \/>\n<meta property=\"article:modified_time\" content=\"2022-04-01T11:57:53+00:00\" \/>\n<meta property=\"og:image\" content=\"https:\/\/www.telam.com.ar\/thumbs\/bluesteel\/advf\/imagenes\/2022\/02\/62192a654b20b_900.jpg\" \/>\n<meta name=\"author\" content=\"Arnaldo Botto\" \/>\n<meta name=\"twitter:card\" content=\"summary_large_image\" \/>\n<script type=\"application\/ld+json\" class=\"yoast-schema-graph\">{\"@context\":\"https:\/\/schema.org\",\"@graph\":[{\"@type\":\"WebPage\",\"@id\":\"https:\/\/www.noticiasradioreflejos.com.ar\/2021\/la-mayor-produccion-de-gas-permitira-reducir-las-importaciones-audio\/\",\"url\":\"https:\/\/www.noticiasradioreflejos.com.ar\/2021\/la-mayor-produccion-de-gas-permitira-reducir-las-importaciones-audio\/\",\"name\":\"La mayor producci\u00f3n de gas permitir\u00e1 reducir las importaciones - Noticias Radio Reflejos\",\"isPartOf\":{\"@id\":\"https:\/\/www.noticiasradioreflejos.com.ar\/2021\/#website\"},\"primaryImageOfPage\":{\"@id\":\"https:\/\/www.noticiasradioreflejos.com.ar\/2021\/la-mayor-produccion-de-gas-permitira-reducir-las-importaciones-audio\/#primaryimage\"},\"image\":{\"@id\":\"https:\/\/www.noticiasradioreflejos.com.ar\/2021\/la-mayor-produccion-de-gas-permitira-reducir-las-importaciones-audio\/#primaryimage\"},\"thumbnailUrl\":\"https:\/\/www.telam.com.ar\/thumbs\/bluesteel\/advf\/imagenes\/2022\/02\/62192a654b20b_900.jpg\",\"datePublished\":\"2022-04-01T11:53:44+00:00\",\"dateModified\":\"2022-04-01T11:57:53+00:00\",\"author\":{\"@id\":\"https:\/\/www.noticiasradioreflejos.com.ar\/2021\/#\/schema\/person\/ad82545263dcc5ec0996818884fd5fb1\"},\"breadcrumb\":{\"@id\":\"https:\/\/www.noticiasradioreflejos.com.ar\/2021\/la-mayor-produccion-de-gas-permitira-reducir-las-importaciones-audio\/#breadcrumb\"},\"inLanguage\":\"es\",\"potentialAction\":[{\"@type\":\"ReadAction\",\"target\":[\"https:\/\/www.noticiasradioreflejos.com.ar\/2021\/la-mayor-produccion-de-gas-permitira-reducir-las-importaciones-audio\/\"]}]},{\"@type\":\"ImageObject\",\"inLanguage\":\"es\",\"@id\":\"https:\/\/www.noticiasradioreflejos.com.ar\/2021\/la-mayor-produccion-de-gas-permitira-reducir-las-importaciones-audio\/#primaryimage\",\"url\":\"https:\/\/www.telam.com.ar\/thumbs\/bluesteel\/advf\/imagenes\/2022\/02\/62192a654b20b_900.jpg\",\"contentUrl\":\"https:\/\/www.telam.com.ar\/thumbs\/bluesteel\/advf\/imagenes\/2022\/02\/62192a654b20b_900.jpg\"},{\"@type\":\"BreadcrumbList\",\"@id\":\"https:\/\/www.noticiasradioreflejos.com.ar\/2021\/la-mayor-produccion-de-gas-permitira-reducir-las-importaciones-audio\/#breadcrumb\",\"itemListElement\":[{\"@type\":\"ListItem\",\"position\":1,\"name\":\"Portada\",\"item\":\"https:\/\/www.noticiasradioreflejos.com.ar\/2021\/\"},{\"@type\":\"ListItem\",\"position\":2,\"name\":\"La mayor producci\u00f3n de gas permitir\u00e1 reducir las importaciones\"}]},{\"@type\":\"WebSite\",\"@id\":\"https:\/\/www.noticiasradioreflejos.com.ar\/2021\/#website\",\"url\":\"https:\/\/www.noticiasradioreflejos.com.ar\/2021\/\",\"name\":\"Noticias Radio Reflejos\",\"description\":\"Las noticias de mi comarca\",\"potentialAction\":[{\"@type\":\"SearchAction\",\"target\":{\"@type\":\"EntryPoint\",\"urlTemplate\":\"https:\/\/www.noticiasradioreflejos.com.ar\/2021\/?s={search_term_string}\"},\"query-input\":{\"@type\":\"PropertyValueSpecification\",\"valueRequired\":true,\"valueName\":\"search_term_string\"}}],\"inLanguage\":\"es\"},{\"@type\":\"Person\",\"@id\":\"https:\/\/www.noticiasradioreflejos.com.ar\/2021\/#\/schema\/person\/ad82545263dcc5ec0996818884fd5fb1\",\"name\":\"Arnaldo Botto\",\"image\":{\"@type\":\"ImageObject\",\"inLanguage\":\"es\",\"@id\":\"https:\/\/www.noticiasradioreflejos.com.ar\/2021\/#\/schema\/person\/image\/\",\"url\":\"https:\/\/secure.gravatar.com\/avatar\/55cb5e37c1efa326397366e6974cb338056df65cb50e7d64d1cf314e87504837?s=96&d=mm&r=g\",\"contentUrl\":\"https:\/\/secure.gravatar.com\/avatar\/55cb5e37c1efa326397366e6974cb338056df65cb50e7d64d1cf314e87504837?s=96&d=mm&r=g\",\"caption\":\"Arnaldo Botto\"},\"url\":\"https:\/\/www.noticiasradioreflejos.com.ar\/2021\/author\/arnaldo\/\"}]}<\/script>\n<!-- \/ Yoast SEO plugin. -->","yoast_head_json":{"title":"La mayor producci\u00f3n de gas permitir\u00e1 reducir las importaciones - Noticias Radio Reflejos","robots":{"index":"index","follow":"follow","max-snippet":"max-snippet:-1","max-image-preview":"max-image-preview:large","max-video-preview":"max-video-preview:-1"},"canonical":"https:\/\/www.noticiasradioreflejos.com.ar\/2021\/la-mayor-produccion-de-gas-permitira-reducir-las-importaciones-audio\/","og_locale":"es_ES","og_type":"article","og_title":"La mayor producci\u00f3n de gas permitir\u00e1 reducir las importaciones - Noticias Radio Reflejos","og_description":"\u00abEl Gobierno puede garantizar que no va a faltar gas en invierno\u00bb, se\u00f1al\u00f3 la portavoz presidencial Gabriela Cerruti, quien no obstante indic\u00f3 que existen inconvenientes a escala internacional por la guerra en Ucrania.","og_url":"https:\/\/www.noticiasradioreflejos.com.ar\/2021\/la-mayor-produccion-de-gas-permitira-reducir-las-importaciones-audio\/","og_site_name":"Noticias Radio Reflejos","article_published_time":"2022-04-01T11:53:44+00:00","article_modified_time":"2022-04-01T11:57:53+00:00","og_image":[{"url":"https:\/\/www.telam.com.ar\/thumbs\/bluesteel\/advf\/imagenes\/2022\/02\/62192a654b20b_900.jpg","type":"","width":"","height":""}],"author":"Arnaldo Botto","twitter_card":"summary_large_image","schema":{"@context":"https:\/\/schema.org","@graph":[{"@type":"WebPage","@id":"https:\/\/www.noticiasradioreflejos.com.ar\/2021\/la-mayor-produccion-de-gas-permitira-reducir-las-importaciones-audio\/","url":"https:\/\/www.noticiasradioreflejos.com.ar\/2021\/la-mayor-produccion-de-gas-permitira-reducir-las-importaciones-audio\/","name":"La mayor producci\u00f3n de gas permitir\u00e1 reducir las importaciones - Noticias Radio Reflejos","isPartOf":{"@id":"https:\/\/www.noticiasradioreflejos.com.ar\/2021\/#website"},"primaryImageOfPage":{"@id":"https:\/\/www.noticiasradioreflejos.com.ar\/2021\/la-mayor-produccion-de-gas-permitira-reducir-las-importaciones-audio\/#primaryimage"},"image":{"@id":"https:\/\/www.noticiasradioreflejos.com.ar\/2021\/la-mayor-produccion-de-gas-permitira-reducir-las-importaciones-audio\/#primaryimage"},"thumbnailUrl":"https:\/\/www.telam.com.ar\/thumbs\/bluesteel\/advf\/imagenes\/2022\/02\/62192a654b20b_900.jpg","datePublished":"2022-04-01T11:53:44+00:00","dateModified":"2022-04-01T11:57:53+00:00","author":{"@id":"https:\/\/www.noticiasradioreflejos.com.ar\/2021\/#\/schema\/person\/ad82545263dcc5ec0996818884fd5fb1"},"breadcrumb":{"@id":"https:\/\/www.noticiasradioreflejos.com.ar\/2021\/la-mayor-produccion-de-gas-permitira-reducir-las-importaciones-audio\/#breadcrumb"},"inLanguage":"es","potentialAction":[{"@type":"ReadAction","target":["https:\/\/www.noticiasradioreflejos.com.ar\/2021\/la-mayor-produccion-de-gas-permitira-reducir-las-importaciones-audio\/"]}]},{"@type":"ImageObject","inLanguage":"es","@id":"https:\/\/www.noticiasradioreflejos.com.ar\/2021\/la-mayor-produccion-de-gas-permitira-reducir-las-importaciones-audio\/#primaryimage","url":"https:\/\/www.telam.com.ar\/thumbs\/bluesteel\/advf\/imagenes\/2022\/02\/62192a654b20b_900.jpg","contentUrl":"https:\/\/www.telam.com.ar\/thumbs\/bluesteel\/advf\/imagenes\/2022\/02\/62192a654b20b_900.jpg"},{"@type":"BreadcrumbList","@id":"https:\/\/www.noticiasradioreflejos.com.ar\/2021\/la-mayor-produccion-de-gas-permitira-reducir-las-importaciones-audio\/#breadcrumb","itemListElement":[{"@type":"ListItem","position":1,"name":"Portada","item":"https:\/\/www.noticiasradioreflejos.com.ar\/2021\/"},{"@type":"ListItem","position":2,"name":"La mayor producci\u00f3n de gas permitir\u00e1 reducir las importaciones"}]},{"@type":"WebSite","@id":"https:\/\/www.noticiasradioreflejos.com.ar\/2021\/#website","url":"https:\/\/www.noticiasradioreflejos.com.ar\/2021\/","name":"Noticias Radio Reflejos","description":"Las noticias de mi comarca","potentialAction":[{"@type":"SearchAction","target":{"@type":"EntryPoint","urlTemplate":"https:\/\/www.noticiasradioreflejos.com.ar\/2021\/?s={search_term_string}"},"query-input":{"@type":"PropertyValueSpecification","valueRequired":true,"valueName":"search_term_string"}}],"inLanguage":"es"},{"@type":"Person","@id":"https:\/\/www.noticiasradioreflejos.com.ar\/2021\/#\/schema\/person\/ad82545263dcc5ec0996818884fd5fb1","name":"Arnaldo Botto","image":{"@type":"ImageObject","inLanguage":"es","@id":"https:\/\/www.noticiasradioreflejos.com.ar\/2021\/#\/schema\/person\/image\/","url":"https:\/\/secure.gravatar.com\/avatar\/55cb5e37c1efa326397366e6974cb338056df65cb50e7d64d1cf314e87504837?s=96&d=mm&r=g","contentUrl":"https:\/\/secure.gravatar.com\/avatar\/55cb5e37c1efa326397366e6974cb338056df65cb50e7d64d1cf314e87504837?s=96&d=mm&r=g","caption":"Arnaldo Botto"},"url":"https:\/\/www.noticiasradioreflejos.com.ar\/2021\/author\/arnaldo\/"}]}},"_links":{"self":[{"href":"https:\/\/www.noticiasradioreflejos.com.ar\/2021\/wp-json\/wp\/v2\/posts\/70061","targetHints":{"allow":["GET"]}}],"collection":[{"href":"https:\/\/www.noticiasradioreflejos.com.ar\/2021\/wp-json\/wp\/v2\/posts"}],"about":[{"href":"https:\/\/www.noticiasradioreflejos.com.ar\/2021\/wp-json\/wp\/v2\/types\/post"}],"author":[{"embeddable":true,"href":"https:\/\/www.noticiasradioreflejos.com.ar\/2021\/wp-json\/wp\/v2\/users\/3"}],"replies":[{"embeddable":true,"href":"https:\/\/www.noticiasradioreflejos.com.ar\/2021\/wp-json\/wp\/v2\/comments?post=70061"}],"version-history":[{"count":2,"href":"https:\/\/www.noticiasradioreflejos.com.ar\/2021\/wp-json\/wp\/v2\/posts\/70061\/revisions"}],"predecessor-version":[{"id":70064,"href":"https:\/\/www.noticiasradioreflejos.com.ar\/2021\/wp-json\/wp\/v2\/posts\/70061\/revisions\/70064"}],"wp:attachment":[{"href":"https:\/\/www.noticiasradioreflejos.com.ar\/2021\/wp-json\/wp\/v2\/media?parent=70061"}],"wp:term":[{"taxonomy":"category","embeddable":true,"href":"https:\/\/www.noticiasradioreflejos.com.ar\/2021\/wp-json\/wp\/v2\/categories?post=70061"},{"taxonomy":"post_tag","embeddable":true,"href":"https:\/\/www.noticiasradioreflejos.com.ar\/2021\/wp-json\/wp\/v2\/tags?post=70061"}],"curies":[{"name":"wp","href":"https:\/\/api.w.org\/{rel}","templated":true}]}}