{"id":70056,"date":"2022-04-01T11:31:17","date_gmt":"2022-04-01T11:31:17","guid":{"rendered":"http:\/\/www.noticiasradioreflejos.com.ar\/2021\/?p=70056"},"modified":"2022-04-01T11:31:17","modified_gmt":"2022-04-01T11:31:17","slug":"coopersive-ltda-convocatoria-a-asamblea-general-ordinaria","status":"publish","type":"post","link":"https:\/\/www.noticiasradioreflejos.com.ar\/2021\/coopersive-ltda-convocatoria-a-asamblea-general-ordinaria\/","title":{"rendered":"Coopersive LTDA. &#8211; Convocatoria a Asamblea General Ordinaria"},"content":{"rendered":"<p>Dando cumplimiento a lo dispuesto por el Estatuto Social, CONVOCAMOS a los se\u00f1ores asociados de \u201cC.O.O.P.E.R.S.I.V.E. COOPERATIVA DE ELECTRICIDAD, SERVICIOS P\u00daBLICOS, CONSUMO, CR\u00c9DITO Y VIVIENDA DE SIERRA DE LA VENTANA LTDA.\u00bb, a la ASAMBLEA GENERAL ORDINARIA, para el d\u00eda viernes 29 de abril de 2022 a las 14 horas,<!--more--> en el Sal\u00f3n de Usos M\u00faltiples de la sede social de Coopersive Ltda., sito en la calle Avda. San Mart\u00edn 60 de nuestra localidad, a los efectos de considerar el siguiente:<\/p>\n<p>&nbsp;<\/p>\n<p><strong><u>ORDEN DEL D\u00cdA<\/u><\/strong><\/p>\n<p>1 &#8211; Designaci\u00f3n de dos asamble\u00edstas para que aprueben y firmen el acta de la Asamblea, junto al Presidente y Secretario.<\/p>\n<p>2 &#8211; Consideraci\u00f3n de la Memoria, Estados Contables, informes del S\u00edndico y del Auditor Externo del Ejercicio Econ\u00f3mico N\u00b0 72, cerrado al 31 de diciembre de 2021.<\/p>\n<p>3 &#8211; Elecci\u00f3n de un S\u00edndico Titular y un S\u00edndico Suplente hasta el 30-abr-2023 por mandato vencido.<\/p>\n<p>&nbsp;<\/p>\n<p><strong>LEY 20.337 ART. 49: \u00abLas asambleas se realizar\u00e1n v\u00e1lidamente, sea cual fuere el n\u00famero de asistentes, una hora despu\u00e9s de la fijada en la convocatoria, si antes no se hubiere reunido la mitad m\u00e1s uno de los asociados.\u00bb<\/strong><\/p>\n<p>&nbsp;<\/p>\n<p>Sierra de la Ventana, 11 de marzo de 2022<\/p>\n<p>&nbsp;<\/p>\n<p><strong>\u00a0\u00a0\u00a0\u00a0\u00a0\u00a0\u00a0\u00a0\u00a0\u00a0\u00a0\u00a0\u00a0\u00a0\u00a0\u00a0\u00a0\u00a0\u00a0\u00a0\u00a0\u00a0\u00a0\u00a0\u00a0\u00a0\u00a0\u00a0\u00a0\u00a0\u00a0\u00a0\u00a0\u00a0\u00a0\u00a0\u00a0\u00a0\u00a0\u00a0\u00a0\u00a0\u00a0\u00a0\u00a0\u00a0\u00a0\u00a0\u00a0\u00a0\u00a0\u00a0\u00a0\u00a0\u00a0\u00a0\u00a0\u00a0\u00a0\u00a0\u00a0\u00a0\u00a0\u00a0\u00a0\u00a0\u00a0\u00a0\u00a0\u00a0 MARIO SENSINI\u00a0\u00a0\u00a0\u00a0\u00a0\u00a0\u00a0\u00a0\u00a0 <\/strong><strong>\u00a0\u00a0\u00a0\u00a0\u00a0\u00a0\u00a0\u00a0\u00a0\u00a0\u00a0 <\/strong><strong>OSCAR BRITO<\/strong><\/p>\n<p><strong>\u00a0\u00a0\u00a0\u00a0\u00a0\u00a0\u00a0\u00a0\u00a0\u00a0\u00a0\u00a0\u00a0\u00a0\u00a0\u00a0\u00a0\u00a0\u00a0\u00a0\u00a0\u00a0\u00a0\u00a0\u00a0\u00a0\u00a0\u00a0\u00a0\u00a0\u00a0\u00a0\u00a0\u00a0\u00a0\u00a0\u00a0\u00a0\u00a0\u00a0\u00a0\u00a0\u00a0\u00a0\u00a0\u00a0\u00a0\u00a0\u00a0\u00a0\u00a0\u00a0\u00a0\u00a0\u00a0\u00a0\u00a0\u00a0\u00a0\u00a0\u00a0\u00a0\u00a0\u00a0\u00a0\u00a0\u00a0\u00a0\u00a0\u00a0 \u00a0\u00a0\u00a0\u00a0 Presidente\u00a0\u00a0\u00a0\u00a0\u00a0\u00a0\u00a0\u00a0\u00a0\u00a0\u00a0\u00a0\u00a0\u00a0 \u00a0\u00a0\u00a0\u00a0 <\/strong><strong>\u00a0\u00a0\u00a0\u00a0\u00a0\u00a0\u00a0\u00a0\u00a0\u00a0\u00a0\u00a0<\/strong><strong>Secretario<\/strong><\/p>\n<p>&nbsp;<\/p>\n","protected":false},"excerpt":{"rendered":"<p>Dando cumplimiento a lo dispuesto por el Estatuto Social, CONVOCAMOS a los se\u00f1ores asociados de \u201cC.O.O.P.E.R.S.I.V.E. COOPERATIVA DE ELECTRICIDAD, SERVICIOS P\u00daBLICOS, CONSUMO, CR\u00c9DITO Y VIVIENDA DE SIERRA DE LA VENTANA LTDA.\u00bb, a la ASAMBLEA GENERAL ORDINARIA, para el d\u00eda viernes 29 de abril de 2022 a las 14 horas,<\/p>\n","protected":false},"author":3,"featured_media":0,"comment_status":"closed","ping_status":"closed","sticky":false,"template":"","format":"standard","meta":{"footnotes":""},"categories":[26],"tags":[],"class_list":["post-70056","post","type-post","status-publish","format-standard","hentry","category-sociedad"],"yoast_head":"<!-- This site is optimized with the Yoast SEO plugin v25.9 - https:\/\/yoast.com\/wordpress\/plugins\/seo\/ -->\n<title>Coopersive LTDA. - Convocatoria a Asamblea General Ordinaria - Noticias Radio Reflejos<\/title>\n<meta name=\"robots\" content=\"index, follow, max-snippet:-1, max-image-preview:large, max-video-preview:-1\" \/>\n<link rel=\"canonical\" href=\"https:\/\/www.noticiasradioreflejos.com.ar\/2021\/coopersive-ltda-convocatoria-a-asamblea-general-ordinaria\/\" \/>\n<meta property=\"og:locale\" content=\"es_ES\" \/>\n<meta property=\"og:type\" content=\"article\" \/>\n<meta property=\"og:title\" content=\"Coopersive LTDA. - Convocatoria a Asamblea General Ordinaria - Noticias Radio Reflejos\" \/>\n<meta property=\"og:description\" content=\"Dando cumplimiento a lo dispuesto por el Estatuto Social, CONVOCAMOS a los se\u00f1ores asociados de \u201cC.O.O.P.E.R.S.I.V.E. COOPERATIVA DE ELECTRICIDAD, SERVICIOS P\u00daBLICOS, CONSUMO, CR\u00c9DITO Y VIVIENDA DE SIERRA DE LA VENTANA LTDA.\u00bb, a la ASAMBLEA GENERAL ORDINARIA, para el d\u00eda viernes 29 de abril de 2022 a las 14 horas,\" \/>\n<meta property=\"og:url\" content=\"https:\/\/www.noticiasradioreflejos.com.ar\/2021\/coopersive-ltda-convocatoria-a-asamblea-general-ordinaria\/\" \/>\n<meta property=\"og:site_name\" content=\"Noticias Radio Reflejos\" \/>\n<meta property=\"article:published_time\" content=\"2022-04-01T11:31:17+00:00\" \/>\n<meta property=\"og:image\" content=\"https:\/\/www.noticiasradioreflejos.com.ar\/2021\/wp-content\/uploads\/2017\/11\/Coopersive-LTDA.jpg\" \/>\n\t<meta property=\"og:image:width\" content=\"960\" \/>\n\t<meta property=\"og:image:height\" content=\"540\" \/>\n\t<meta property=\"og:image:type\" content=\"image\/jpeg\" \/>\n<meta name=\"author\" content=\"Arnaldo Botto\" \/>\n<meta name=\"twitter:card\" content=\"summary_large_image\" \/>\n<script type=\"application\/ld+json\" class=\"yoast-schema-graph\">{\"@context\":\"https:\/\/schema.org\",\"@graph\":[{\"@type\":\"WebPage\",\"@id\":\"https:\/\/www.noticiasradioreflejos.com.ar\/2021\/coopersive-ltda-convocatoria-a-asamblea-general-ordinaria\/\",\"url\":\"https:\/\/www.noticiasradioreflejos.com.ar\/2021\/coopersive-ltda-convocatoria-a-asamblea-general-ordinaria\/\",\"name\":\"Coopersive LTDA. - Convocatoria a Asamblea General Ordinaria - Noticias Radio Reflejos\",\"isPartOf\":{\"@id\":\"https:\/\/www.noticiasradioreflejos.com.ar\/2021\/#website\"},\"datePublished\":\"2022-04-01T11:31:17+00:00\",\"author\":{\"@id\":\"https:\/\/www.noticiasradioreflejos.com.ar\/2021\/#\/schema\/person\/ad82545263dcc5ec0996818884fd5fb1\"},\"breadcrumb\":{\"@id\":\"https:\/\/www.noticiasradioreflejos.com.ar\/2021\/coopersive-ltda-convocatoria-a-asamblea-general-ordinaria\/#breadcrumb\"},\"inLanguage\":\"es\",\"potentialAction\":[{\"@type\":\"ReadAction\",\"target\":[\"https:\/\/www.noticiasradioreflejos.com.ar\/2021\/coopersive-ltda-convocatoria-a-asamblea-general-ordinaria\/\"]}]},{\"@type\":\"BreadcrumbList\",\"@id\":\"https:\/\/www.noticiasradioreflejos.com.ar\/2021\/coopersive-ltda-convocatoria-a-asamblea-general-ordinaria\/#breadcrumb\",\"itemListElement\":[{\"@type\":\"ListItem\",\"position\":1,\"name\":\"Portada\",\"item\":\"https:\/\/www.noticiasradioreflejos.com.ar\/2021\/\"},{\"@type\":\"ListItem\",\"position\":2,\"name\":\"Coopersive LTDA. &#8211; Convocatoria a Asamblea General Ordinaria\"}]},{\"@type\":\"WebSite\",\"@id\":\"https:\/\/www.noticiasradioreflejos.com.ar\/2021\/#website\",\"url\":\"https:\/\/www.noticiasradioreflejos.com.ar\/2021\/\",\"name\":\"Noticias Radio Reflejos\",\"description\":\"Las noticias de mi comarca\",\"potentialAction\":[{\"@type\":\"SearchAction\",\"target\":{\"@type\":\"EntryPoint\",\"urlTemplate\":\"https:\/\/www.noticiasradioreflejos.com.ar\/2021\/?s={search_term_string}\"},\"query-input\":{\"@type\":\"PropertyValueSpecification\",\"valueRequired\":true,\"valueName\":\"search_term_string\"}}],\"inLanguage\":\"es\"},{\"@type\":\"Person\",\"@id\":\"https:\/\/www.noticiasradioreflejos.com.ar\/2021\/#\/schema\/person\/ad82545263dcc5ec0996818884fd5fb1\",\"name\":\"Arnaldo Botto\",\"image\":{\"@type\":\"ImageObject\",\"inLanguage\":\"es\",\"@id\":\"https:\/\/www.noticiasradioreflejos.com.ar\/2021\/#\/schema\/person\/image\/\",\"url\":\"https:\/\/secure.gravatar.com\/avatar\/55cb5e37c1efa326397366e6974cb338056df65cb50e7d64d1cf314e87504837?s=96&d=mm&r=g\",\"contentUrl\":\"https:\/\/secure.gravatar.com\/avatar\/55cb5e37c1efa326397366e6974cb338056df65cb50e7d64d1cf314e87504837?s=96&d=mm&r=g\",\"caption\":\"Arnaldo Botto\"},\"url\":\"https:\/\/www.noticiasradioreflejos.com.ar\/2021\/author\/arnaldo\/\"}]}<\/script>\n<!-- \/ Yoast SEO plugin. -->","yoast_head_json":{"title":"Coopersive LTDA. - Convocatoria a Asamblea General Ordinaria - Noticias Radio Reflejos","robots":{"index":"index","follow":"follow","max-snippet":"max-snippet:-1","max-image-preview":"max-image-preview:large","max-video-preview":"max-video-preview:-1"},"canonical":"https:\/\/www.noticiasradioreflejos.com.ar\/2021\/coopersive-ltda-convocatoria-a-asamblea-general-ordinaria\/","og_locale":"es_ES","og_type":"article","og_title":"Coopersive LTDA. - Convocatoria a Asamblea General Ordinaria - Noticias Radio Reflejos","og_description":"Dando cumplimiento a lo dispuesto por el Estatuto Social, CONVOCAMOS a los se\u00f1ores asociados de \u201cC.O.O.P.E.R.S.I.V.E. COOPERATIVA DE ELECTRICIDAD, SERVICIOS P\u00daBLICOS, CONSUMO, CR\u00c9DITO Y VIVIENDA DE SIERRA DE LA VENTANA LTDA.\u00bb, a la ASAMBLEA GENERAL ORDINARIA, para el d\u00eda viernes 29 de abril de 2022 a las 14 horas,","og_url":"https:\/\/www.noticiasradioreflejos.com.ar\/2021\/coopersive-ltda-convocatoria-a-asamblea-general-ordinaria\/","og_site_name":"Noticias Radio Reflejos","article_published_time":"2022-04-01T11:31:17+00:00","og_image":[{"width":960,"height":540,"url":"https:\/\/www.noticiasradioreflejos.com.ar\/2021\/wp-content\/uploads\/2017\/11\/Coopersive-LTDA.jpg","type":"image\/jpeg"}],"author":"Arnaldo Botto","twitter_card":"summary_large_image","schema":{"@context":"https:\/\/schema.org","@graph":[{"@type":"WebPage","@id":"https:\/\/www.noticiasradioreflejos.com.ar\/2021\/coopersive-ltda-convocatoria-a-asamblea-general-ordinaria\/","url":"https:\/\/www.noticiasradioreflejos.com.ar\/2021\/coopersive-ltda-convocatoria-a-asamblea-general-ordinaria\/","name":"Coopersive LTDA. - Convocatoria a Asamblea General Ordinaria - Noticias Radio Reflejos","isPartOf":{"@id":"https:\/\/www.noticiasradioreflejos.com.ar\/2021\/#website"},"datePublished":"2022-04-01T11:31:17+00:00","author":{"@id":"https:\/\/www.noticiasradioreflejos.com.ar\/2021\/#\/schema\/person\/ad82545263dcc5ec0996818884fd5fb1"},"breadcrumb":{"@id":"https:\/\/www.noticiasradioreflejos.com.ar\/2021\/coopersive-ltda-convocatoria-a-asamblea-general-ordinaria\/#breadcrumb"},"inLanguage":"es","potentialAction":[{"@type":"ReadAction","target":["https:\/\/www.noticiasradioreflejos.com.ar\/2021\/coopersive-ltda-convocatoria-a-asamblea-general-ordinaria\/"]}]},{"@type":"BreadcrumbList","@id":"https:\/\/www.noticiasradioreflejos.com.ar\/2021\/coopersive-ltda-convocatoria-a-asamblea-general-ordinaria\/#breadcrumb","itemListElement":[{"@type":"ListItem","position":1,"name":"Portada","item":"https:\/\/www.noticiasradioreflejos.com.ar\/2021\/"},{"@type":"ListItem","position":2,"name":"Coopersive LTDA. &#8211; Convocatoria a Asamblea General Ordinaria"}]},{"@type":"WebSite","@id":"https:\/\/www.noticiasradioreflejos.com.ar\/2021\/#website","url":"https:\/\/www.noticiasradioreflejos.com.ar\/2021\/","name":"Noticias Radio Reflejos","description":"Las noticias de mi comarca","potentialAction":[{"@type":"SearchAction","target":{"@type":"EntryPoint","urlTemplate":"https:\/\/www.noticiasradioreflejos.com.ar\/2021\/?s={search_term_string}"},"query-input":{"@type":"PropertyValueSpecification","valueRequired":true,"valueName":"search_term_string"}}],"inLanguage":"es"},{"@type":"Person","@id":"https:\/\/www.noticiasradioreflejos.com.ar\/2021\/#\/schema\/person\/ad82545263dcc5ec0996818884fd5fb1","name":"Arnaldo Botto","image":{"@type":"ImageObject","inLanguage":"es","@id":"https:\/\/www.noticiasradioreflejos.com.ar\/2021\/#\/schema\/person\/image\/","url":"https:\/\/secure.gravatar.com\/avatar\/55cb5e37c1efa326397366e6974cb338056df65cb50e7d64d1cf314e87504837?s=96&d=mm&r=g","contentUrl":"https:\/\/secure.gravatar.com\/avatar\/55cb5e37c1efa326397366e6974cb338056df65cb50e7d64d1cf314e87504837?s=96&d=mm&r=g","caption":"Arnaldo Botto"},"url":"https:\/\/www.noticiasradioreflejos.com.ar\/2021\/author\/arnaldo\/"}]}},"_links":{"self":[{"href":"https:\/\/www.noticiasradioreflejos.com.ar\/2021\/wp-json\/wp\/v2\/posts\/70056","targetHints":{"allow":["GET"]}}],"collection":[{"href":"https:\/\/www.noticiasradioreflejos.com.ar\/2021\/wp-json\/wp\/v2\/posts"}],"about":[{"href":"https:\/\/www.noticiasradioreflejos.com.ar\/2021\/wp-json\/wp\/v2\/types\/post"}],"author":[{"embeddable":true,"href":"https:\/\/www.noticiasradioreflejos.com.ar\/2021\/wp-json\/wp\/v2\/users\/3"}],"replies":[{"embeddable":true,"href":"https:\/\/www.noticiasradioreflejos.com.ar\/2021\/wp-json\/wp\/v2\/comments?post=70056"}],"version-history":[{"count":1,"href":"https:\/\/www.noticiasradioreflejos.com.ar\/2021\/wp-json\/wp\/v2\/posts\/70056\/revisions"}],"predecessor-version":[{"id":70057,"href":"https:\/\/www.noticiasradioreflejos.com.ar\/2021\/wp-json\/wp\/v2\/posts\/70056\/revisions\/70057"}],"wp:attachment":[{"href":"https:\/\/www.noticiasradioreflejos.com.ar\/2021\/wp-json\/wp\/v2\/media?parent=70056"}],"wp:term":[{"taxonomy":"category","embeddable":true,"href":"https:\/\/www.noticiasradioreflejos.com.ar\/2021\/wp-json\/wp\/v2\/categories?post=70056"},{"taxonomy":"post_tag","embeddable":true,"href":"https:\/\/www.noticiasradioreflejos.com.ar\/2021\/wp-json\/wp\/v2\/tags?post=70056"}],"curies":[{"name":"wp","href":"https:\/\/api.w.org\/{rel}","templated":true}]}}