{"id":70049,"date":"2022-04-01T01:11:50","date_gmt":"2022-04-01T01:11:50","guid":{"rendered":"http:\/\/www.noticiasradioreflejos.com.ar\/2021\/?p=70049"},"modified":"2022-04-01T01:11:50","modified_gmt":"2022-04-01T01:11:50","slug":"mas-estafas-clientes-del-banco-provincia-denunciaron-una-catarata-de-debitos-en-sus-cuentas","status":"publish","type":"post","link":"https:\/\/www.noticiasradioreflejos.com.ar\/2021\/mas-estafas-clientes-del-banco-provincia-denunciaron-una-catarata-de-debitos-en-sus-cuentas\/","title":{"rendered":"Mas estafas.. ?: Clientes del Banco Provincia denunciaron una catarata de d\u00e9bitos en sus cuentas"},"content":{"rendered":"<header id=\"mvp-post-head\" class=\"left relative\">\n<div class=\"mvp-author-info-wrap left relative\">\n<div class=\"mvp-author-info-text left relative\">\n<div class=\"mvp-author-info-date left relative\"><\/div>\n<div class=\"mvp-author-info-name left relative\">\u201c\u00bfQu\u00e9 son esa catarata de descuentos en la cuenta del Bapro?\u201d \u201c\u00bfA alguien m\u00e1s le vaciaron la cuenta?\u201d Esas preguntas y otras muy similares explotaron este jueves en decenas de clientes del Banco Provincia cuando verificaban en su mayor\u00eda si ya ten\u00edan depositado los haberes correspondientes a marzo.<\/div>\n<\/div>\n<\/div>\n<\/header>\n<p><!--more--><\/p>\n<div class=\"mvp-post-main-out left relative\">\n<div class=\"mvp-post-main-in\">\n<div id=\"mvp-post-content\" class=\"left relative\">\n<div id=\"mvp-content-wrap\" class=\"left relative\">\n<div class=\"mvp-post-soc-out right relative\">\n<div class=\"mvp-post-soc-in\">\n<div id=\"mvp-content-body\" class=\"left relative\">\n<div id=\"mvp-content-body-top\" class=\"left relative\">\n<div id=\"mvp-content-main\" class=\"left relative\">\n<div id=\"textbody\">\n<p>Si bien desde Banco Provincia se afirm\u00f3 que no hubo un hackeo en sus sistemas, se indic\u00f3 que hubo operaciones de descuentos (Debin) autom\u00e1ticos en distintas cuentas.<\/p>\n<div class=\"code-block code-block-11\"><\/div>\n<p>La mayor\u00eda de los reportes de ese inconveniente partieron de clientes que son empleados de distintas dependencias p\u00fablicas de la Provincia de Buenos Aires como Ministerios de Seguridad, Econom\u00eda y Educaci\u00f3n.\u00a0<strong>En Bah\u00eda hubo muchas personas afectadas, entre ellos, varios efectivos de la polic\u00eda bonaerense y personal del poder judicial.<\/strong><\/p>\n<p>Al respecto, uno de los damnificados en nuestra ciudad fue el jefe Departamental de la Polic\u00eda, Gonzalo Bezos, quien habl\u00f3 de lo sucedido en\u00a0<strong>LA BR\u00daJULA 24.<\/strong><\/p>\n<div class=\"code-block code-block-1\"><\/div>\n<p>\u201cAyer a la tarde me enter\u00e9 de esta situaci\u00f3n porque empez\u00f3 a correr en grupos de WhatsApp. Hoy cuando entr\u00e9 a mi cuenta me llev\u00e9 la sorpresa de que ten\u00eda 25 d\u00e9bitos cargados que yo no hab\u00eda autorizado\u201d, indic\u00f3 el comisario en di\u00e1logo con el programa Nunca es Tarde.<\/p>\n<p>\u201cCuando lo coment\u00e9 en el trabajo me di cuenta que varios compa\u00f1eros tambi\u00e9n hab\u00edan sido afectados, una cantidad importante. A una compa\u00f1era le adhirieron 155 d\u00e9bitos, trat\u00f3 de anularlas, pero la p\u00e1gina se ca\u00eda\u201d, cont\u00f3.<\/p>\n<p><iframe loading=\"lazy\" src=\"https:\/\/w.soundcloud.com\/player\/?url=https%3A\/\/api.soundcloud.com\/tracks\/1242277372&amp;color=%23ff5500&amp;auto_play=false&amp;hide_related=true&amp;show_comments=false&amp;show_user=true&amp;show_reposts=false&amp;show_teaser=false\" width=\"100%\" height=\"166\" frameborder=\"no\" scrolling=\"no\" data-mce-fragment=\"1\"><\/iframe><\/p>\n<div><a title=\"La Br\u00fajula 24 FM 93.1\" href=\"https:\/\/soundcloud.com\/labrujula24\" target=\"_blank\" rel=\"noopener\">La Br\u00fajula 24 FM 93.1<\/a>\u00a0\u00b7\u00a0<a title=\"Gonzalo Bezos\" href=\"https:\/\/soundcloud.com\/labrujula24\/gustavo-bezos\" target=\"_blank\" rel=\"noopener\">Gonzalo Bezos<\/a><\/div>\n<p>\u201cMe fue muy dif\u00edcil comunicarme con el banco, cuando pude contactarme con la operadora me dijo que lamentablemente era una situaci\u00f3n que se est\u00e1 repitiendo con muchos clientes. Me dio un n\u00famero de reclamo y me dijo que estaban trabajando para arreglarlo, no mucho m\u00e1s. Hay mucha preocupaci\u00f3n por esta situaci\u00f3n\u201d, explic\u00f3 Bezos.<\/p>\n<p>De manera oficial se puntualiz\u00f3: \u201cBanco Provincia informa que todos sus equipos t\u00e9cnicos se encuentran trabajando para solucionar posibles d\u00e9bitos no autorizados en las cuentas de algunos clientes. Si alg\u00fan importe fuera debitado en forma indebida, el mismo ser\u00e1 reintegrado a la brevedad\u201d.<\/p>\n<div class=\"code-block code-block-6\"><\/div>\n<h4>El comunicado del banco:<\/h4>\n<p><em>Banco Provincia desmiente un eventual hackeo y estafas masivas entre sus personas clientas. Ante noticias falsas que circularon hoy en algunos medios y redes sociales, la entidad confirma que no se observ\u00f3 ning\u00fan d\u00e9bito indebido ni movimiento de fondos en las cuentas de aquellas personas con supuestas adhesiones no autorizadas.<br \/>\nDe todos modos, Banco Provincia mantiene activos todos sus canales de atenci\u00f3n oficiales para gestionar cualquier duda al respecto.<\/em><\/p>\n<h4>Qu\u00e9 deben hacer los damnificados<\/h4>\n<figure class=\"wp-block-image size-full\"><picture><source srcset=\"https:\/\/www.labrujula24.com\/wp-content\/webp-express\/webp-images\/uploads\/2022\/03\/hn2.jpg.webp 960w, https:\/\/www.labrujula24.com\/wp-content\/webp-express\/webp-images\/uploads\/2022\/03\/hn2-768x480.jpg.webp 768w\" type=\"image\/webp\" sizes=\"(max-width: 960px) 100vw, 960px\" \/><img loading=\"lazy\" decoding=\"async\" class=\"wp-image-203641 webpexpress-processed\" src=\"https:\/\/www.labrujula24.com\/wp-content\/uploads\/2022\/03\/hn2.jpg\" sizes=\"auto, (max-width: 960px) 100vw, 960px\" srcset=\"https:\/\/www.labrujula24.com\/wp-content\/uploads\/2022\/03\/hn2.jpg 960w, https:\/\/www.labrujula24.com\/wp-content\/uploads\/2022\/03\/hn2-768x480.jpg 768w\" alt=\"\" width=\"960\" height=\"600\" \/><\/picture><\/figure>\n<figure class=\"wp-block-image size-full\"><picture><source srcset=\"https:\/\/www.labrujula24.com\/wp-content\/webp-express\/webp-images\/uploads\/2022\/03\/hn3.jpg.webp 960w, https:\/\/www.labrujula24.com\/wp-content\/webp-express\/webp-images\/uploads\/2022\/03\/hn3-768x480.jpg.webp 768w\" type=\"image\/webp\" sizes=\"(max-width: 960px) 100vw, 960px\" \/><img loading=\"lazy\" decoding=\"async\" class=\"wp-image-203642 webpexpress-processed\" src=\"https:\/\/www.labrujula24.com\/wp-content\/uploads\/2022\/03\/hn3.jpg\" sizes=\"auto, (max-width: 960px) 100vw, 960px\" srcset=\"https:\/\/www.labrujula24.com\/wp-content\/uploads\/2022\/03\/hn3.jpg 960w, https:\/\/www.labrujula24.com\/wp-content\/uploads\/2022\/03\/hn3-768x480.jpg 768w\" alt=\"\" width=\"960\" height=\"600\" \/><\/picture><\/figure>\n<figure class=\"wp-block-image size-full\"><picture><source srcset=\"https:\/\/www.labrujula24.com\/wp-content\/webp-express\/webp-images\/uploads\/2022\/03\/hn4.jpg.webp 960w, https:\/\/www.labrujula24.com\/wp-content\/webp-express\/webp-images\/uploads\/2022\/03\/hn4-768x480.jpg.webp 768w\" type=\"image\/webp\" sizes=\"(max-width: 960px) 100vw, 960px\" \/><img loading=\"lazy\" decoding=\"async\" class=\"wp-image-203643 webpexpress-processed\" src=\"https:\/\/www.labrujula24.com\/wp-content\/uploads\/2022\/03\/hn4.jpg\" sizes=\"auto, (max-width: 960px) 100vw, 960px\" srcset=\"https:\/\/www.labrujula24.com\/wp-content\/uploads\/2022\/03\/hn4.jpg 960w, https:\/\/www.labrujula24.com\/wp-content\/uploads\/2022\/03\/hn4-768x480.jpg 768w\" alt=\"\" width=\"960\" height=\"600\" \/><\/picture><\/figure>\n<figure class=\"wp-block-image size-full\"><picture><source srcset=\"https:\/\/www.labrujula24.com\/wp-content\/webp-express\/webp-images\/uploads\/2022\/03\/hn5.jpg.webp 960w, https:\/\/www.labrujula24.com\/wp-content\/webp-express\/webp-images\/uploads\/2022\/03\/hn5-768x480.jpg.webp 768w\" type=\"image\/webp\" sizes=\"(max-width: 960px) 100vw, 960px\" \/><img loading=\"lazy\" decoding=\"async\" class=\"wp-image-203644 webpexpress-processed\" src=\"https:\/\/www.labrujula24.com\/wp-content\/uploads\/2022\/03\/hn5.jpg\" sizes=\"auto, (max-width: 960px) 100vw, 960px\" srcset=\"https:\/\/www.labrujula24.com\/wp-content\/uploads\/2022\/03\/hn5.jpg 960w, https:\/\/www.labrujula24.com\/wp-content\/uploads\/2022\/03\/hn5-768x480.jpg 768w\" alt=\"\" width=\"960\" height=\"600\" \/><\/picture><\/figure>\n<figure class=\"wp-block-image size-full\"><picture><source srcset=\"https:\/\/www.labrujula24.com\/wp-content\/webp-express\/webp-images\/uploads\/2022\/03\/1648757335782.jpg.webp 960w, https:\/\/www.labrujula24.com\/wp-content\/webp-express\/webp-images\/uploads\/2022\/03\/1648757335782-768x480.jpg.webp 768w\" type=\"image\/webp\" sizes=\"(max-width: 960px) 100vw, 960px\" \/><img loading=\"lazy\" decoding=\"async\" class=\"wp-image-203645 webpexpress-processed\" src=\"https:\/\/www.labrujula24.com\/wp-content\/uploads\/2022\/03\/1648757335782.jpg\" sizes=\"auto, (max-width: 960px) 100vw, 960px\" srcset=\"https:\/\/www.labrujula24.com\/wp-content\/uploads\/2022\/03\/1648757335782.jpg 960w, https:\/\/www.labrujula24.com\/wp-content\/uploads\/2022\/03\/1648757335782-768x480.jpg 768w\" alt=\"\" width=\"960\" height=\"600\" \/><\/picture><\/figure>\n<p>Fuente: El D\u00eda \/ LB24<\/p>\n<\/div>\n<\/div>\n<\/div>\n<\/div>\n<\/div>\n<\/div>\n<\/div>\n<\/div>\n<\/div>\n<\/div>\n","protected":false},"excerpt":{"rendered":"<p>\u201c\u00bfQu\u00e9 son esa catarata de descuentos en la cuenta del Bapro?\u201d \u201c\u00bfA alguien m\u00e1s le vaciaron la cuenta?\u201d Esas preguntas y otras muy similares explotaron este jueves en decenas de clientes del Banco Provincia cuando verificaban en su mayor\u00eda si ya ten\u00edan depositado los haberes correspondientes a marzo.<\/p>\n","protected":false},"author":3,"featured_media":0,"comment_status":"closed","ping_status":"closed","sticky":false,"template":"","format":"standard","meta":{"footnotes":""},"categories":[29],"tags":[],"class_list":["post-70049","post","type-post","status-publish","format-standard","hentry","category-policiales"],"yoast_head":"<!-- This site is optimized with the Yoast SEO plugin v25.9 - https:\/\/yoast.com\/wordpress\/plugins\/seo\/ -->\n<title>Mas estafas.. ?: Clientes del Banco Provincia denunciaron una catarata de d\u00e9bitos en sus cuentas - Noticias Radio Reflejos<\/title>\n<meta name=\"robots\" content=\"index, follow, max-snippet:-1, max-image-preview:large, max-video-preview:-1\" \/>\n<link rel=\"canonical\" href=\"https:\/\/www.noticiasradioreflejos.com.ar\/2021\/mas-estafas-clientes-del-banco-provincia-denunciaron-una-catarata-de-debitos-en-sus-cuentas\/\" \/>\n<meta property=\"og:locale\" content=\"es_ES\" \/>\n<meta property=\"og:type\" content=\"article\" \/>\n<meta property=\"og:title\" content=\"Mas estafas.. ?: Clientes del Banco Provincia denunciaron una catarata de d\u00e9bitos en sus cuentas - Noticias Radio Reflejos\" \/>\n<meta property=\"og:description\" content=\"\u201c\u00bfQu\u00e9 son esa catarata de descuentos en la cuenta del Bapro?\u201d \u201c\u00bfA alguien m\u00e1s le vaciaron la cuenta?\u201d Esas preguntas y otras muy similares explotaron este jueves en decenas de clientes del Banco Provincia cuando verificaban en su mayor\u00eda si ya ten\u00edan depositado los haberes correspondientes a marzo.\" \/>\n<meta property=\"og:url\" content=\"https:\/\/www.noticiasradioreflejos.com.ar\/2021\/mas-estafas-clientes-del-banco-provincia-denunciaron-una-catarata-de-debitos-en-sus-cuentas\/\" \/>\n<meta property=\"og:site_name\" content=\"Noticias Radio Reflejos\" \/>\n<meta property=\"article:published_time\" content=\"2022-04-01T01:11:50+00:00\" \/>\n<meta property=\"og:image\" content=\"https:\/\/www.labrujula24.com\/wp-content\/uploads\/2022\/03\/hn2.jpg\" \/>\n<meta name=\"author\" content=\"Arnaldo Botto\" \/>\n<meta name=\"twitter:card\" content=\"summary_large_image\" \/>\n<script type=\"application\/ld+json\" class=\"yoast-schema-graph\">{\"@context\":\"https:\/\/schema.org\",\"@graph\":[{\"@type\":\"WebPage\",\"@id\":\"https:\/\/www.noticiasradioreflejos.com.ar\/2021\/mas-estafas-clientes-del-banco-provincia-denunciaron-una-catarata-de-debitos-en-sus-cuentas\/\",\"url\":\"https:\/\/www.noticiasradioreflejos.com.ar\/2021\/mas-estafas-clientes-del-banco-provincia-denunciaron-una-catarata-de-debitos-en-sus-cuentas\/\",\"name\":\"Mas estafas.. ?: Clientes del Banco Provincia denunciaron una catarata de d\u00e9bitos en sus cuentas - Noticias Radio Reflejos\",\"isPartOf\":{\"@id\":\"https:\/\/www.noticiasradioreflejos.com.ar\/2021\/#website\"},\"primaryImageOfPage\":{\"@id\":\"https:\/\/www.noticiasradioreflejos.com.ar\/2021\/mas-estafas-clientes-del-banco-provincia-denunciaron-una-catarata-de-debitos-en-sus-cuentas\/#primaryimage\"},\"image\":{\"@id\":\"https:\/\/www.noticiasradioreflejos.com.ar\/2021\/mas-estafas-clientes-del-banco-provincia-denunciaron-una-catarata-de-debitos-en-sus-cuentas\/#primaryimage\"},\"thumbnailUrl\":\"https:\/\/www.labrujula24.com\/wp-content\/uploads\/2022\/03\/hn2.jpg\",\"datePublished\":\"2022-04-01T01:11:50+00:00\",\"author\":{\"@id\":\"https:\/\/www.noticiasradioreflejos.com.ar\/2021\/#\/schema\/person\/ad82545263dcc5ec0996818884fd5fb1\"},\"breadcrumb\":{\"@id\":\"https:\/\/www.noticiasradioreflejos.com.ar\/2021\/mas-estafas-clientes-del-banco-provincia-denunciaron-una-catarata-de-debitos-en-sus-cuentas\/#breadcrumb\"},\"inLanguage\":\"es\",\"potentialAction\":[{\"@type\":\"ReadAction\",\"target\":[\"https:\/\/www.noticiasradioreflejos.com.ar\/2021\/mas-estafas-clientes-del-banco-provincia-denunciaron-una-catarata-de-debitos-en-sus-cuentas\/\"]}]},{\"@type\":\"ImageObject\",\"inLanguage\":\"es\",\"@id\":\"https:\/\/www.noticiasradioreflejos.com.ar\/2021\/mas-estafas-clientes-del-banco-provincia-denunciaron-una-catarata-de-debitos-en-sus-cuentas\/#primaryimage\",\"url\":\"https:\/\/www.labrujula24.com\/wp-content\/uploads\/2022\/03\/hn2.jpg\",\"contentUrl\":\"https:\/\/www.labrujula24.com\/wp-content\/uploads\/2022\/03\/hn2.jpg\"},{\"@type\":\"BreadcrumbList\",\"@id\":\"https:\/\/www.noticiasradioreflejos.com.ar\/2021\/mas-estafas-clientes-del-banco-provincia-denunciaron-una-catarata-de-debitos-en-sus-cuentas\/#breadcrumb\",\"itemListElement\":[{\"@type\":\"ListItem\",\"position\":1,\"name\":\"Portada\",\"item\":\"https:\/\/www.noticiasradioreflejos.com.ar\/2021\/\"},{\"@type\":\"ListItem\",\"position\":2,\"name\":\"Mas estafas.. ?: Clientes del Banco Provincia denunciaron una catarata de d\u00e9bitos en sus cuentas\"}]},{\"@type\":\"WebSite\",\"@id\":\"https:\/\/www.noticiasradioreflejos.com.ar\/2021\/#website\",\"url\":\"https:\/\/www.noticiasradioreflejos.com.ar\/2021\/\",\"name\":\"Noticias Radio Reflejos\",\"description\":\"Las noticias de mi comarca\",\"potentialAction\":[{\"@type\":\"SearchAction\",\"target\":{\"@type\":\"EntryPoint\",\"urlTemplate\":\"https:\/\/www.noticiasradioreflejos.com.ar\/2021\/?s={search_term_string}\"},\"query-input\":{\"@type\":\"PropertyValueSpecification\",\"valueRequired\":true,\"valueName\":\"search_term_string\"}}],\"inLanguage\":\"es\"},{\"@type\":\"Person\",\"@id\":\"https:\/\/www.noticiasradioreflejos.com.ar\/2021\/#\/schema\/person\/ad82545263dcc5ec0996818884fd5fb1\",\"name\":\"Arnaldo Botto\",\"image\":{\"@type\":\"ImageObject\",\"inLanguage\":\"es\",\"@id\":\"https:\/\/www.noticiasradioreflejos.com.ar\/2021\/#\/schema\/person\/image\/\",\"url\":\"https:\/\/secure.gravatar.com\/avatar\/55cb5e37c1efa326397366e6974cb338056df65cb50e7d64d1cf314e87504837?s=96&d=mm&r=g\",\"contentUrl\":\"https:\/\/secure.gravatar.com\/avatar\/55cb5e37c1efa326397366e6974cb338056df65cb50e7d64d1cf314e87504837?s=96&d=mm&r=g\",\"caption\":\"Arnaldo Botto\"},\"url\":\"https:\/\/www.noticiasradioreflejos.com.ar\/2021\/author\/arnaldo\/\"}]}<\/script>\n<!-- \/ Yoast SEO plugin. -->","yoast_head_json":{"title":"Mas estafas.. ?: Clientes del Banco Provincia denunciaron una catarata de d\u00e9bitos en sus cuentas - Noticias Radio Reflejos","robots":{"index":"index","follow":"follow","max-snippet":"max-snippet:-1","max-image-preview":"max-image-preview:large","max-video-preview":"max-video-preview:-1"},"canonical":"https:\/\/www.noticiasradioreflejos.com.ar\/2021\/mas-estafas-clientes-del-banco-provincia-denunciaron-una-catarata-de-debitos-en-sus-cuentas\/","og_locale":"es_ES","og_type":"article","og_title":"Mas estafas.. ?: Clientes del Banco Provincia denunciaron una catarata de d\u00e9bitos en sus cuentas - Noticias Radio Reflejos","og_description":"\u201c\u00bfQu\u00e9 son esa catarata de descuentos en la cuenta del Bapro?\u201d \u201c\u00bfA alguien m\u00e1s le vaciaron la cuenta?\u201d Esas preguntas y otras muy similares explotaron este jueves en decenas de clientes del Banco Provincia cuando verificaban en su mayor\u00eda si ya ten\u00edan depositado los haberes correspondientes a marzo.","og_url":"https:\/\/www.noticiasradioreflejos.com.ar\/2021\/mas-estafas-clientes-del-banco-provincia-denunciaron-una-catarata-de-debitos-en-sus-cuentas\/","og_site_name":"Noticias Radio Reflejos","article_published_time":"2022-04-01T01:11:50+00:00","og_image":[{"url":"https:\/\/www.labrujula24.com\/wp-content\/uploads\/2022\/03\/hn2.jpg","type":"","width":"","height":""}],"author":"Arnaldo Botto","twitter_card":"summary_large_image","schema":{"@context":"https:\/\/schema.org","@graph":[{"@type":"WebPage","@id":"https:\/\/www.noticiasradioreflejos.com.ar\/2021\/mas-estafas-clientes-del-banco-provincia-denunciaron-una-catarata-de-debitos-en-sus-cuentas\/","url":"https:\/\/www.noticiasradioreflejos.com.ar\/2021\/mas-estafas-clientes-del-banco-provincia-denunciaron-una-catarata-de-debitos-en-sus-cuentas\/","name":"Mas estafas.. ?: Clientes del Banco Provincia denunciaron una catarata de d\u00e9bitos en sus cuentas - Noticias Radio Reflejos","isPartOf":{"@id":"https:\/\/www.noticiasradioreflejos.com.ar\/2021\/#website"},"primaryImageOfPage":{"@id":"https:\/\/www.noticiasradioreflejos.com.ar\/2021\/mas-estafas-clientes-del-banco-provincia-denunciaron-una-catarata-de-debitos-en-sus-cuentas\/#primaryimage"},"image":{"@id":"https:\/\/www.noticiasradioreflejos.com.ar\/2021\/mas-estafas-clientes-del-banco-provincia-denunciaron-una-catarata-de-debitos-en-sus-cuentas\/#primaryimage"},"thumbnailUrl":"https:\/\/www.labrujula24.com\/wp-content\/uploads\/2022\/03\/hn2.jpg","datePublished":"2022-04-01T01:11:50+00:00","author":{"@id":"https:\/\/www.noticiasradioreflejos.com.ar\/2021\/#\/schema\/person\/ad82545263dcc5ec0996818884fd5fb1"},"breadcrumb":{"@id":"https:\/\/www.noticiasradioreflejos.com.ar\/2021\/mas-estafas-clientes-del-banco-provincia-denunciaron-una-catarata-de-debitos-en-sus-cuentas\/#breadcrumb"},"inLanguage":"es","potentialAction":[{"@type":"ReadAction","target":["https:\/\/www.noticiasradioreflejos.com.ar\/2021\/mas-estafas-clientes-del-banco-provincia-denunciaron-una-catarata-de-debitos-en-sus-cuentas\/"]}]},{"@type":"ImageObject","inLanguage":"es","@id":"https:\/\/www.noticiasradioreflejos.com.ar\/2021\/mas-estafas-clientes-del-banco-provincia-denunciaron-una-catarata-de-debitos-en-sus-cuentas\/#primaryimage","url":"https:\/\/www.labrujula24.com\/wp-content\/uploads\/2022\/03\/hn2.jpg","contentUrl":"https:\/\/www.labrujula24.com\/wp-content\/uploads\/2022\/03\/hn2.jpg"},{"@type":"BreadcrumbList","@id":"https:\/\/www.noticiasradioreflejos.com.ar\/2021\/mas-estafas-clientes-del-banco-provincia-denunciaron-una-catarata-de-debitos-en-sus-cuentas\/#breadcrumb","itemListElement":[{"@type":"ListItem","position":1,"name":"Portada","item":"https:\/\/www.noticiasradioreflejos.com.ar\/2021\/"},{"@type":"ListItem","position":2,"name":"Mas estafas.. ?: Clientes del Banco Provincia denunciaron una catarata de d\u00e9bitos en sus cuentas"}]},{"@type":"WebSite","@id":"https:\/\/www.noticiasradioreflejos.com.ar\/2021\/#website","url":"https:\/\/www.noticiasradioreflejos.com.ar\/2021\/","name":"Noticias Radio Reflejos","description":"Las noticias de mi comarca","potentialAction":[{"@type":"SearchAction","target":{"@type":"EntryPoint","urlTemplate":"https:\/\/www.noticiasradioreflejos.com.ar\/2021\/?s={search_term_string}"},"query-input":{"@type":"PropertyValueSpecification","valueRequired":true,"valueName":"search_term_string"}}],"inLanguage":"es"},{"@type":"Person","@id":"https:\/\/www.noticiasradioreflejos.com.ar\/2021\/#\/schema\/person\/ad82545263dcc5ec0996818884fd5fb1","name":"Arnaldo Botto","image":{"@type":"ImageObject","inLanguage":"es","@id":"https:\/\/www.noticiasradioreflejos.com.ar\/2021\/#\/schema\/person\/image\/","url":"https:\/\/secure.gravatar.com\/avatar\/55cb5e37c1efa326397366e6974cb338056df65cb50e7d64d1cf314e87504837?s=96&d=mm&r=g","contentUrl":"https:\/\/secure.gravatar.com\/avatar\/55cb5e37c1efa326397366e6974cb338056df65cb50e7d64d1cf314e87504837?s=96&d=mm&r=g","caption":"Arnaldo Botto"},"url":"https:\/\/www.noticiasradioreflejos.com.ar\/2021\/author\/arnaldo\/"}]}},"_links":{"self":[{"href":"https:\/\/www.noticiasradioreflejos.com.ar\/2021\/wp-json\/wp\/v2\/posts\/70049","targetHints":{"allow":["GET"]}}],"collection":[{"href":"https:\/\/www.noticiasradioreflejos.com.ar\/2021\/wp-json\/wp\/v2\/posts"}],"about":[{"href":"https:\/\/www.noticiasradioreflejos.com.ar\/2021\/wp-json\/wp\/v2\/types\/post"}],"author":[{"embeddable":true,"href":"https:\/\/www.noticiasradioreflejos.com.ar\/2021\/wp-json\/wp\/v2\/users\/3"}],"replies":[{"embeddable":true,"href":"https:\/\/www.noticiasradioreflejos.com.ar\/2021\/wp-json\/wp\/v2\/comments?post=70049"}],"version-history":[{"count":2,"href":"https:\/\/www.noticiasradioreflejos.com.ar\/2021\/wp-json\/wp\/v2\/posts\/70049\/revisions"}],"predecessor-version":[{"id":70052,"href":"https:\/\/www.noticiasradioreflejos.com.ar\/2021\/wp-json\/wp\/v2\/posts\/70049\/revisions\/70052"}],"wp:attachment":[{"href":"https:\/\/www.noticiasradioreflejos.com.ar\/2021\/wp-json\/wp\/v2\/media?parent=70049"}],"wp:term":[{"taxonomy":"category","embeddable":true,"href":"https:\/\/www.noticiasradioreflejos.com.ar\/2021\/wp-json\/wp\/v2\/categories?post=70049"},{"taxonomy":"post_tag","embeddable":true,"href":"https:\/\/www.noticiasradioreflejos.com.ar\/2021\/wp-json\/wp\/v2\/tags?post=70049"}],"curies":[{"name":"wp","href":"https:\/\/api.w.org\/{rel}","templated":true}]}}