{"id":70044,"date":"2022-04-01T01:00:52","date_gmt":"2022-04-01T01:00:52","guid":{"rendered":"http:\/\/www.noticiasradioreflejos.com.ar\/2021\/?p=70044"},"modified":"2022-04-04T17:49:00","modified_gmt":"2022-04-04T17:49:00","slug":"es-una-modalidad-delictiva-que-por-lo-general-queda-en-lamento-de-los-damnificados-y-muy-pocas-veces-se-logra-esclarecer","status":"publish","type":"post","link":"https:\/\/www.noticiasradioreflejos.com.ar\/2021\/es-una-modalidad-delictiva-que-por-lo-general-queda-en-lamento-de-los-damnificados-y-muy-pocas-veces-se-logra-esclarecer\/","title":{"rendered":"\u00abEs una modalidad delictiva que, por lo general, queda en lamento de los damnificados y muy pocas veces se logra esclarecer.\u00bb"},"content":{"rendered":"<p>Tras la detenci\u00f3n en Saldungaray de los autores de una estafa con la modalidad del \u00abCuento del T\u00edo\u00bb, conocemos los detalles del hecho ocurrido esta misma tarde, por parte del Secretario de Seguridad de Tornquist Municipio, donde informa que uno de los sujetos cuenta con un frondoso prontuario.<!--more--><\/p>\n<p>Ante el esclarecimiento del hecho, que \u00faltimamente est\u00e1 tan vigente, el funcionario municipal nos dice: \u00abEs una modalidad delictiva que, por lo general, queda en el lamento de los damnificados y las familias, por las estafas sufridas, y muy pocas veces se logra esclarecer\u00bb, agregando que el r\u00e1pido accionar de las fuerzas policiales permiti\u00f3 esclarecer el hecho.<\/p>\n<p>Gabella describe que este caso se trat\u00f3 de una mujer mayor de 80 a\u00f1os, que recibi\u00f3 una llamada a su tel\u00e9fono fijo, y del otro lado una voz femenina, trat\u00e1ndola de <strong>\u00abAbuela\u00bb<\/strong>, la convenci\u00f3 para que le entregara dinero para cambiar unos d\u00f3lares, que te\u00f3ricamente\u00a0 dejaban de tener vigencia. \u00abLa primer coincidencia se daba\u00bb manifest\u00f3 Ezequiel, ya que la v\u00edctima efectivamente ten\u00eda una nieta. La delincuente, del otro lado de la l\u00ednea, sum\u00f3 que en un viaje de regreso de Bariloche, el cambio de aire le hab\u00eda perjudicado la voz; con esta segunda coincidencia, ya que justamente la nieta de la damnificada hab\u00eda viajado a la ciudad cordillerana hac\u00eda una semana,\u00a0 no dud\u00f3 en aceptar la propuesta.<\/p>\n<p>\u00abLa se\u00f1ora le cree, en ese momento le dice: Me est\u00e1n haciendo la cola en el banco porque hay que cambiar los d\u00f3lares, sino vas a perder todos los d\u00f3lares\u00bb, describi\u00f3 Gabella, \u00abBas\u00e1ndose en los cara chica y todo eso\u00bb,\u00a0 a lo cual finalmente accedi\u00f3. Esta tercer coincidencia llega porque la v\u00edctima efectivamente ten\u00eda d\u00f3lares depositados en la entidad bancaria.<\/p>\n<p>Acto seguido, la estafadora le avisa que un amigo pasaba a buscar el dinero y la vecina serrana le entreg\u00f3 todo lo que ten\u00eda en mano, que eran los 150 mil pesos.<\/p>\n<p>\u00abEn principio y es parte de la investigaci\u00f3n que se est\u00e1 haciendo, los malhechores ten\u00edan iniciadas otras estafas en la comarca, lo que hizo que no se fueran de inmediato del pueblo con el bot\u00edn\u00bb, describe Gabella.<\/p>\n<p>Esto permiti\u00f3 a la polic\u00eda\u00a0 revisar los movimientos registrados por las c\u00e1maras de la localidad, para posteriormente\u00a0 montar el operativo cerrojo que termin\u00f3 con los tres detenidos en Saldungaray.<\/p>\n<p>El funcionario municipal tambi\u00e9n agrega en la entrevista, que hay indicios de que estas mismas personas habr\u00edan cometido un hecho en Saldungaray este mismo d\u00eda, concordante con el dinero sustra\u00eddo a los delincuentes en el momento de la detenci\u00f3n, donde\u00a0 encontraron una suma superior y d\u00f3lares billetes que ser\u00edan el producto de otro enga\u00f1o.<\/p>\n<p>Gabella destaca el r\u00e1pido accionar de los dos jefes policiales,<strong> \u00abFranco Ragni en el caso de Sierra de la Ventana y Gustavo Caball\u00edn,\u00a0 de Saldungaray.\u00bb<\/strong><\/p>\n<p>\u00abLas personas aprehendidas son dos masculinos, ambos mayores de edad y una femenina tambi\u00e9n mayor de edad\u00bb describe , y agrega que los hombres son oriundos de la provincia de Misiones, en tanto la mujer es residente de Villa Mitre, en Bah\u00eda Blanca. El veh\u00edculo en el que se movilizaban es un Audi color negro, auto de alta gama que no est\u00e1 a nombre de ninguno de los sujetos, y que al momento de la captura no se cuenta con el dato sobre la procedencia del mismo.<\/p>\n<p>En cuanto a los autores del il\u00edcito, se encuentran alojados en las dependencias de la Subcomisar\u00eda de Sierra de la Ventana, la cual cuenta en este momento con un importante refuerzo de efectivos para la custodia de los detenidos. A su vez, uno de los hombres cuenta con antecedentes por hechos calificados como muy peligrosos.<\/p>\n<p>Se investiga tambi\u00e9n una presunta vinculaci\u00f3n de los detenidos con varios hechos de la misma modalidad cometidos en la ciudad cabecera, a lo cual el Secretario sugiere a los damnificados que se acerquen a la fuerza policial para aportar datos que se\u00a0 puedan entrelazar y que determinen si son los mismos autores.<\/p>\n<p>Los aprehendidos son Julio Braian Miguel, Gustavo Sergio Miguel y Esmeralda Marisol Demetrio, en cuyo poder se secuestr\u00f3 dinero en efectivo, d\u00f3lares, prendas de vestir, el veh\u00edculo Audi y tel\u00e9fonos celulares.<\/p>\n<p>Los acusados declararon frente a la fiscal\u00a0<strong>Leila Scavarda, titular de la UFIJ N.\u00ba 12<\/strong>, se negaron a hacer uso de ese derecho, quedaron imputados por el delito de estafa y se solicit\u00f3 que la aprehensi\u00f3n se convierta en detenci\u00f3n.<\/p>\n<p>En el cierre, Gabella recomienda cuidar y mantener alertadas a las personas mayores que, por lo general, son las m\u00e1s f\u00e1ciles de caer en estas estafas.<\/p>\n<p><iframe loading=\"lazy\" src=\"https:\/\/w.soundcloud.com\/player\/?url=https%3A\/\/api.soundcloud.com\/tracks\/1242328168&amp;color=%23ff5500&amp;auto_play=false&amp;hide_related=false&amp;show_comments=true&amp;show_user=true&amp;show_reposts=false&amp;show_teaser=true\" width=\"100%\" height=\"166\" frameborder=\"no\" scrolling=\"no\"><\/iframe><\/p>\n<div style=\"font-size: 10px; color: #cccccc; line-break: anywhere; word-break: normal; overflow: hidden; white-space: nowrap; text-overflow: ellipsis; font-family: Interstate,Lucida Grande,Lucida Sans Unicode,Lucida Sans,Garuda,Verdana,Tahoma,sans-serif; font-weight: 100;\"><a style=\"color: #cccccc; text-decoration: none;\" title=\"fmreflejos 103.7\" href=\"https:\/\/soundcloud.com\/fmreflejos-103-7\" target=\"_blank\" rel=\"noopener\">fmreflejos 103.7<\/a> \u00b7 <a style=\"color: #cccccc; text-decoration: none;\" title=\"Ezequiel Gabella - Detenidos X Cuento Del T\u00edo\" href=\"https:\/\/soundcloud.com\/fmreflejos-103-7\/ezequiel-gabella-detenidos-x-cuento-del-tio\" target=\"_blank\" rel=\"noopener\">Ezequiel Gabella &#8211; Detenidos X Cuento Del T\u00edo<\/a><\/div>\n","protected":false},"excerpt":{"rendered":"<p>Tras la detenci\u00f3n en Saldungaray de los autores de una estafa con la modalidad del \u00abCuento del T\u00edo\u00bb, conocemos los detalles del hecho ocurrido esta misma tarde, por parte del Secretario de Seguridad de Tornquist Municipio, donde informa que uno de los sujetos cuenta con un frondoso prontuario.<\/p>\n","protected":false},"author":3,"featured_media":0,"comment_status":"closed","ping_status":"closed","sticky":false,"template":"","format":"standard","meta":{"footnotes":""},"categories":[29],"tags":[48],"class_list":["post-70044","post","type-post","status-publish","format-standard","hentry","category-policiales","tag-destacada"],"yoast_head":"<!-- This site is optimized with the Yoast SEO plugin v25.9 - https:\/\/yoast.com\/wordpress\/plugins\/seo\/ -->\n<title>&quot;Es una modalidad delictiva que, por lo general, queda en lamento de los damnificados y muy pocas veces se logra esclarecer.&quot; - Noticias Radio Reflejos<\/title>\n<meta name=\"robots\" content=\"index, follow, max-snippet:-1, max-image-preview:large, max-video-preview:-1\" \/>\n<link rel=\"canonical\" href=\"https:\/\/www.noticiasradioreflejos.com.ar\/2021\/es-una-modalidad-delictiva-que-por-lo-general-queda-en-lamento-de-los-damnificados-y-muy-pocas-veces-se-logra-esclarecer\/\" \/>\n<meta property=\"og:locale\" content=\"es_ES\" \/>\n<meta property=\"og:type\" content=\"article\" \/>\n<meta property=\"og:title\" content=\"&quot;Es una modalidad delictiva que, por lo general, queda en lamento de los damnificados y muy pocas veces se logra esclarecer.&quot; - Noticias Radio Reflejos\" \/>\n<meta property=\"og:description\" content=\"Tras la detenci\u00f3n en Saldungaray de los autores de una estafa con la modalidad del \u00abCuento del T\u00edo\u00bb, conocemos los detalles del hecho ocurrido esta misma tarde, por parte del Secretario de Seguridad de Tornquist Municipio, donde informa que uno de los sujetos cuenta con un frondoso prontuario.\" \/>\n<meta property=\"og:url\" content=\"https:\/\/www.noticiasradioreflejos.com.ar\/2021\/es-una-modalidad-delictiva-que-por-lo-general-queda-en-lamento-de-los-damnificados-y-muy-pocas-veces-se-logra-esclarecer\/\" \/>\n<meta property=\"og:site_name\" content=\"Noticias Radio Reflejos\" \/>\n<meta property=\"article:published_time\" content=\"2022-04-01T01:00:52+00:00\" \/>\n<meta property=\"article:modified_time\" content=\"2022-04-04T17:49:00+00:00\" \/>\n<meta property=\"og:image\" content=\"https:\/\/www.noticiasradioreflejos.com.ar\/2021\/wp-content\/uploads\/2021\/07\/logosol300x200.png\" \/>\n\t<meta property=\"og:image:width\" content=\"300\" \/>\n\t<meta property=\"og:image:height\" content=\"200\" \/>\n\t<meta property=\"og:image:type\" content=\"image\/png\" \/>\n<meta name=\"author\" content=\"Arnaldo Botto\" \/>\n<meta name=\"twitter:card\" content=\"summary_large_image\" \/>\n<script type=\"application\/ld+json\" class=\"yoast-schema-graph\">{\"@context\":\"https:\/\/schema.org\",\"@graph\":[{\"@type\":\"WebPage\",\"@id\":\"https:\/\/www.noticiasradioreflejos.com.ar\/2021\/es-una-modalidad-delictiva-que-por-lo-general-queda-en-lamento-de-los-damnificados-y-muy-pocas-veces-se-logra-esclarecer\/\",\"url\":\"https:\/\/www.noticiasradioreflejos.com.ar\/2021\/es-una-modalidad-delictiva-que-por-lo-general-queda-en-lamento-de-los-damnificados-y-muy-pocas-veces-se-logra-esclarecer\/\",\"name\":\"\\\"Es una modalidad delictiva que, por lo general, queda en lamento de los damnificados y muy pocas veces se logra esclarecer.\\\" - Noticias Radio Reflejos\",\"isPartOf\":{\"@id\":\"https:\/\/www.noticiasradioreflejos.com.ar\/2021\/#website\"},\"datePublished\":\"2022-04-01T01:00:52+00:00\",\"dateModified\":\"2022-04-04T17:49:00+00:00\",\"author\":{\"@id\":\"https:\/\/www.noticiasradioreflejos.com.ar\/2021\/#\/schema\/person\/ad82545263dcc5ec0996818884fd5fb1\"},\"breadcrumb\":{\"@id\":\"https:\/\/www.noticiasradioreflejos.com.ar\/2021\/es-una-modalidad-delictiva-que-por-lo-general-queda-en-lamento-de-los-damnificados-y-muy-pocas-veces-se-logra-esclarecer\/#breadcrumb\"},\"inLanguage\":\"es\",\"potentialAction\":[{\"@type\":\"ReadAction\",\"target\":[\"https:\/\/www.noticiasradioreflejos.com.ar\/2021\/es-una-modalidad-delictiva-que-por-lo-general-queda-en-lamento-de-los-damnificados-y-muy-pocas-veces-se-logra-esclarecer\/\"]}]},{\"@type\":\"BreadcrumbList\",\"@id\":\"https:\/\/www.noticiasradioreflejos.com.ar\/2021\/es-una-modalidad-delictiva-que-por-lo-general-queda-en-lamento-de-los-damnificados-y-muy-pocas-veces-se-logra-esclarecer\/#breadcrumb\",\"itemListElement\":[{\"@type\":\"ListItem\",\"position\":1,\"name\":\"Portada\",\"item\":\"https:\/\/www.noticiasradioreflejos.com.ar\/2021\/\"},{\"@type\":\"ListItem\",\"position\":2,\"name\":\"\u00abEs una modalidad delictiva que, por lo general, queda en lamento de los damnificados y muy pocas veces se logra esclarecer.\u00bb\"}]},{\"@type\":\"WebSite\",\"@id\":\"https:\/\/www.noticiasradioreflejos.com.ar\/2021\/#website\",\"url\":\"https:\/\/www.noticiasradioreflejos.com.ar\/2021\/\",\"name\":\"Noticias Radio Reflejos\",\"description\":\"Las noticias de mi comarca\",\"potentialAction\":[{\"@type\":\"SearchAction\",\"target\":{\"@type\":\"EntryPoint\",\"urlTemplate\":\"https:\/\/www.noticiasradioreflejos.com.ar\/2021\/?s={search_term_string}\"},\"query-input\":{\"@type\":\"PropertyValueSpecification\",\"valueRequired\":true,\"valueName\":\"search_term_string\"}}],\"inLanguage\":\"es\"},{\"@type\":\"Person\",\"@id\":\"https:\/\/www.noticiasradioreflejos.com.ar\/2021\/#\/schema\/person\/ad82545263dcc5ec0996818884fd5fb1\",\"name\":\"Arnaldo Botto\",\"image\":{\"@type\":\"ImageObject\",\"inLanguage\":\"es\",\"@id\":\"https:\/\/www.noticiasradioreflejos.com.ar\/2021\/#\/schema\/person\/image\/\",\"url\":\"https:\/\/secure.gravatar.com\/avatar\/55cb5e37c1efa326397366e6974cb338056df65cb50e7d64d1cf314e87504837?s=96&d=mm&r=g\",\"contentUrl\":\"https:\/\/secure.gravatar.com\/avatar\/55cb5e37c1efa326397366e6974cb338056df65cb50e7d64d1cf314e87504837?s=96&d=mm&r=g\",\"caption\":\"Arnaldo Botto\"},\"url\":\"https:\/\/www.noticiasradioreflejos.com.ar\/2021\/author\/arnaldo\/\"}]}<\/script>\n<!-- \/ Yoast SEO plugin. -->","yoast_head_json":{"title":"\"Es una modalidad delictiva que, por lo general, queda en lamento de los damnificados y muy pocas veces se logra esclarecer.\" - Noticias Radio Reflejos","robots":{"index":"index","follow":"follow","max-snippet":"max-snippet:-1","max-image-preview":"max-image-preview:large","max-video-preview":"max-video-preview:-1"},"canonical":"https:\/\/www.noticiasradioreflejos.com.ar\/2021\/es-una-modalidad-delictiva-que-por-lo-general-queda-en-lamento-de-los-damnificados-y-muy-pocas-veces-se-logra-esclarecer\/","og_locale":"es_ES","og_type":"article","og_title":"\"Es una modalidad delictiva que, por lo general, queda en lamento de los damnificados y muy pocas veces se logra esclarecer.\" - Noticias Radio Reflejos","og_description":"Tras la detenci\u00f3n en Saldungaray de los autores de una estafa con la modalidad del \u00abCuento del T\u00edo\u00bb, conocemos los detalles del hecho ocurrido esta misma tarde, por parte del Secretario de Seguridad de Tornquist Municipio, donde informa que uno de los sujetos cuenta con un frondoso prontuario.","og_url":"https:\/\/www.noticiasradioreflejos.com.ar\/2021\/es-una-modalidad-delictiva-que-por-lo-general-queda-en-lamento-de-los-damnificados-y-muy-pocas-veces-se-logra-esclarecer\/","og_site_name":"Noticias Radio Reflejos","article_published_time":"2022-04-01T01:00:52+00:00","article_modified_time":"2022-04-04T17:49:00+00:00","og_image":[{"width":300,"height":200,"url":"https:\/\/www.noticiasradioreflejos.com.ar\/2021\/wp-content\/uploads\/2021\/07\/logosol300x200.png","type":"image\/png"}],"author":"Arnaldo Botto","twitter_card":"summary_large_image","schema":{"@context":"https:\/\/schema.org","@graph":[{"@type":"WebPage","@id":"https:\/\/www.noticiasradioreflejos.com.ar\/2021\/es-una-modalidad-delictiva-que-por-lo-general-queda-en-lamento-de-los-damnificados-y-muy-pocas-veces-se-logra-esclarecer\/","url":"https:\/\/www.noticiasradioreflejos.com.ar\/2021\/es-una-modalidad-delictiva-que-por-lo-general-queda-en-lamento-de-los-damnificados-y-muy-pocas-veces-se-logra-esclarecer\/","name":"\"Es una modalidad delictiva que, por lo general, queda en lamento de los damnificados y muy pocas veces se logra esclarecer.\" - Noticias Radio Reflejos","isPartOf":{"@id":"https:\/\/www.noticiasradioreflejos.com.ar\/2021\/#website"},"datePublished":"2022-04-01T01:00:52+00:00","dateModified":"2022-04-04T17:49:00+00:00","author":{"@id":"https:\/\/www.noticiasradioreflejos.com.ar\/2021\/#\/schema\/person\/ad82545263dcc5ec0996818884fd5fb1"},"breadcrumb":{"@id":"https:\/\/www.noticiasradioreflejos.com.ar\/2021\/es-una-modalidad-delictiva-que-por-lo-general-queda-en-lamento-de-los-damnificados-y-muy-pocas-veces-se-logra-esclarecer\/#breadcrumb"},"inLanguage":"es","potentialAction":[{"@type":"ReadAction","target":["https:\/\/www.noticiasradioreflejos.com.ar\/2021\/es-una-modalidad-delictiva-que-por-lo-general-queda-en-lamento-de-los-damnificados-y-muy-pocas-veces-se-logra-esclarecer\/"]}]},{"@type":"BreadcrumbList","@id":"https:\/\/www.noticiasradioreflejos.com.ar\/2021\/es-una-modalidad-delictiva-que-por-lo-general-queda-en-lamento-de-los-damnificados-y-muy-pocas-veces-se-logra-esclarecer\/#breadcrumb","itemListElement":[{"@type":"ListItem","position":1,"name":"Portada","item":"https:\/\/www.noticiasradioreflejos.com.ar\/2021\/"},{"@type":"ListItem","position":2,"name":"\u00abEs una modalidad delictiva que, por lo general, queda en lamento de los damnificados y muy pocas veces se logra esclarecer.\u00bb"}]},{"@type":"WebSite","@id":"https:\/\/www.noticiasradioreflejos.com.ar\/2021\/#website","url":"https:\/\/www.noticiasradioreflejos.com.ar\/2021\/","name":"Noticias Radio Reflejos","description":"Las noticias de mi comarca","potentialAction":[{"@type":"SearchAction","target":{"@type":"EntryPoint","urlTemplate":"https:\/\/www.noticiasradioreflejos.com.ar\/2021\/?s={search_term_string}"},"query-input":{"@type":"PropertyValueSpecification","valueRequired":true,"valueName":"search_term_string"}}],"inLanguage":"es"},{"@type":"Person","@id":"https:\/\/www.noticiasradioreflejos.com.ar\/2021\/#\/schema\/person\/ad82545263dcc5ec0996818884fd5fb1","name":"Arnaldo Botto","image":{"@type":"ImageObject","inLanguage":"es","@id":"https:\/\/www.noticiasradioreflejos.com.ar\/2021\/#\/schema\/person\/image\/","url":"https:\/\/secure.gravatar.com\/avatar\/55cb5e37c1efa326397366e6974cb338056df65cb50e7d64d1cf314e87504837?s=96&d=mm&r=g","contentUrl":"https:\/\/secure.gravatar.com\/avatar\/55cb5e37c1efa326397366e6974cb338056df65cb50e7d64d1cf314e87504837?s=96&d=mm&r=g","caption":"Arnaldo Botto"},"url":"https:\/\/www.noticiasradioreflejos.com.ar\/2021\/author\/arnaldo\/"}]}},"_links":{"self":[{"href":"https:\/\/www.noticiasradioreflejos.com.ar\/2021\/wp-json\/wp\/v2\/posts\/70044","targetHints":{"allow":["GET"]}}],"collection":[{"href":"https:\/\/www.noticiasradioreflejos.com.ar\/2021\/wp-json\/wp\/v2\/posts"}],"about":[{"href":"https:\/\/www.noticiasradioreflejos.com.ar\/2021\/wp-json\/wp\/v2\/types\/post"}],"author":[{"embeddable":true,"href":"https:\/\/www.noticiasradioreflejos.com.ar\/2021\/wp-json\/wp\/v2\/users\/3"}],"replies":[{"embeddable":true,"href":"https:\/\/www.noticiasradioreflejos.com.ar\/2021\/wp-json\/wp\/v2\/comments?post=70044"}],"version-history":[{"count":5,"href":"https:\/\/www.noticiasradioreflejos.com.ar\/2021\/wp-json\/wp\/v2\/posts\/70044\/revisions"}],"predecessor-version":[{"id":70138,"href":"https:\/\/www.noticiasradioreflejos.com.ar\/2021\/wp-json\/wp\/v2\/posts\/70044\/revisions\/70138"}],"wp:attachment":[{"href":"https:\/\/www.noticiasradioreflejos.com.ar\/2021\/wp-json\/wp\/v2\/media?parent=70044"}],"wp:term":[{"taxonomy":"category","embeddable":true,"href":"https:\/\/www.noticiasradioreflejos.com.ar\/2021\/wp-json\/wp\/v2\/categories?post=70044"},{"taxonomy":"post_tag","embeddable":true,"href":"https:\/\/www.noticiasradioreflejos.com.ar\/2021\/wp-json\/wp\/v2\/tags?post=70044"}],"curies":[{"name":"wp","href":"https:\/\/api.w.org\/{rel}","templated":true}]}}