{"id":70040,"date":"2022-03-31T23:58:27","date_gmt":"2022-03-31T23:58:27","guid":{"rendered":"http:\/\/www.noticiasradioreflejos.com.ar\/2021\/?p=70040"},"modified":"2022-03-31T23:58:27","modified_gmt":"2022-03-31T23:58:27","slug":"la-idea-es-hacer-una-reflexion-y-disfrutar-de-nuestros-lugares-me-parece-que-es-super-disfrutable","status":"publish","type":"post","link":"https:\/\/www.noticiasradioreflejos.com.ar\/2021\/la-idea-es-hacer-una-reflexion-y-disfrutar-de-nuestros-lugares-me-parece-que-es-super-disfrutable\/","title":{"rendered":"\u00abLa idea es hacer una reflexi\u00f3n y disfrutar de nuestros lugares, me parece que es super disfrutable\u00bb"},"content":{"rendered":"<p>En la semana de la Actividad F\u00edsica, Pablo presenta \u00abBicicleteada con el CEF\u00bb,\u00a0 elegida para desarrollar en la semana del 4 al 8 de abril, organizada por el CEF N\u00b0 9 en todo el distrito.<!--more--><\/p>\n<p>\u00abEsto es un programa que nos baja la Direcci\u00f3n Nacional de Escuelas\u00bb explic\u00f3 Pablo de qu\u00e9 se trata esta semana y cu\u00e1l es su origen. Mencion\u00f3 que hace hincapi\u00e9 en la importancia de la actividad f\u00edsica y en los beneficios que trae a nivel mundial y que trae un cronograma anual donde, del 4 al 8 de abril se hacen distintas actividades en las instituciones educativas en relaci\u00f3n al tema.<\/p>\n<p>\u00abNosotros proponemos una actividad especial, que ser\u00eda una bicicleteada en las distintas extensiones que tenemos en el distrito de Tornquist\u00bb present\u00f3 cu\u00e1l es lo que se propondr\u00e1 desde el CEF N\u00b0 9. La misma comenzar\u00e1 el d\u00eda Lunes en Chasic\u00f3 al rededor de las 17:10 hs. El d\u00eda martes, se dar\u00e1 en Saldungaray, el mi\u00e9rcoles en Tornquist, el jueves en Sierra de la Ventana y el viernes, para culminar la semana, se har\u00e1 en Villa Ventana.<\/p>\n<p>Pablo explica que, desde la pandemia, la gente se ha abocado bastante al tema de las bicicletas y que es por eso que se ha elegido esta disciplina para conmemorar la semana de la Actividad F\u00edsica. \u00abApuntamos a nuestros alumnos del CEF, pero estamos abiertos a que vayan a acompa\u00f1arlos la familia o los amigos\u00bb mencion\u00f3 a qui\u00e9n est\u00e1 dirigida la actividad.<\/p>\n<p>El profesor tambi\u00e9n manifest\u00f3 que la idea es hacer dos largadas diferentes de dos distancias diferentes para que quienes asistan se puedan adaptar, a\u00fan no se conocen los recorridos, pero est\u00e1n en vistas de terminar de definirlo. Pablo agreg\u00f3 que, al finalizar la bicicleteada tambi\u00e9n se realizar\u00e1 una actividad de elongaci\u00f3n y, para cerrar, una reflexi\u00f3n de lo que es la actividad f\u00edsica. \u00abLa idea es hacer una reflexi\u00f3n y disfrutar de nuestros lugares, me parece que es super disfrutable\u00bb expres\u00f3.<\/p>\n<p>Pablo tambi\u00e9n estuvo inform\u00e1ndonos acerca de las actividades que se dictan en el CEF de Sierra de la Ventana. \u00abTenemos basquet, tenis de mesa, gimnasia deportiva y estamos viendo de armar un grupo de softball\u00bb mencion\u00f3 una disciplina que se estar\u00eda sumando al centro de educaci\u00f3n f\u00edsica. Aclar\u00f3 que las propuestas del CEF alcanzar a los adultos y a los adultos mayores tambi\u00e9n, adem\u00e1s de los menores. Mayer tambi\u00e9n coment\u00f3 que, adem\u00e1s, en Sierra se est\u00e1n haciendo actividades con los bomberos, actividades funcionales, de fuerza y dem\u00e1s. En la localidad de Villa Ventana, se practican las disciplinas de voley y f\u00fatbol, mientras que en Saldungaray, se practican tambi\u00e9n voley y gimnasia art\u00edstica.<\/p>\n<p>\u00abEstamos contentos porque los grupos son numerosos\u00bb expres\u00f3 Pablo en relaci\u00f3n a que, luego de la pandemia, la matr\u00edcula baj\u00f3 much\u00edsimo, pero ya se empieza a recuperar el n\u00famero de alumnos en el CEF, sobre todo en las disciplinas grupales. Adem\u00e1s, mencion\u00f3 que, en total, son 14 profesores, una m\u00e9dica pedi\u00e1trica, que se encarga de realizar charlas y controlar cl\u00ednicamente a los alumnos, y auxiliares.<\/p>\n<p>Nota completa a continuaci\u00f3n:<br \/>\n<iframe loading=\"lazy\" src=\"https:\/\/w.soundcloud.com\/player\/?url=https%3A\/\/api.soundcloud.com\/tracks\/1241955121&amp;color=%23ff5500&amp;auto_play=false&amp;hide_related=false&amp;show_comments=true&amp;show_user=true&amp;show_reposts=false&amp;show_teaser=true\" width=\"100%\" height=\"166\" frameborder=\"no\" scrolling=\"no\"><\/iframe><\/p>\n<div style=\"font-size: 10px; color: #cccccc; line-break: anywhere; word-break: normal; overflow: hidden; white-space: nowrap; text-overflow: ellipsis; font-family: Interstate,Lucida Grande,Lucida Sans Unicode,Lucida Sans,Garuda,Verdana,Tahoma,sans-serif; font-weight: 100;\"><a style=\"color: #cccccc; text-decoration: none;\" title=\"fmreflejos 103.7\" href=\"https:\/\/soundcloud.com\/fmreflejos-103-7\" target=\"_blank\" rel=\"noopener\">fmreflejos 103.7<\/a> \u00b7 <a style=\"color: #cccccc; text-decoration: none;\" title=\"Pablo Mayer\" href=\"https:\/\/soundcloud.com\/fmreflejos-103-7\/pablo-mayer-2\" target=\"_blank\" rel=\"noopener\">Pablo Mayer<\/a><\/div>\n<p><a title=\"WhatsApp Image 2022-03-30 at 5.47.37 PM\" href=\"https:\/\/www.flickr.com\/photos\/182279889@N02\/51974529329\/in\/dateposted-public\/\" data-flickr-embed=\"true\"><img loading=\"lazy\" decoding=\"async\" class=\"aligncenter\" src=\"https:\/\/live.staticflickr.com\/65535\/51974529329_b310f02489_c.jpg\" alt=\"WhatsApp Image 2022-03-30 at 5.47.37 PM\" width=\"484\" height=\"800\" \/><\/a><script async src=\"\/\/embedr.flickr.com\/assets\/client-code.js\" charset=\"utf-8\"><\/script><\/p>\n","protected":false},"excerpt":{"rendered":"<p>En la semana de la Actividad F\u00edsica, Pablo presenta \u00abBicicleteada con el CEF\u00bb,\u00a0 elegida para desarrollar en la semana del 4 al 8 de abril, organizada por el CEF N\u00b0 9 en todo el distrito.<\/p>\n","protected":false},"author":3,"featured_media":0,"comment_status":"closed","ping_status":"closed","sticky":false,"template":"","format":"standard","meta":{"footnotes":""},"categories":[27,34],"tags":[48],"class_list":["post-70040","post","type-post","status-publish","format-standard","hentry","category-deportes","category-educacion","tag-destacada"],"yoast_head":"<!-- This site is optimized with the Yoast SEO plugin v25.9 - https:\/\/yoast.com\/wordpress\/plugins\/seo\/ -->\n<title>&quot;La idea es hacer una reflexi\u00f3n y disfrutar de nuestros lugares, me parece que es super disfrutable&quot; - Noticias Radio Reflejos<\/title>\n<meta name=\"robots\" content=\"index, follow, max-snippet:-1, max-image-preview:large, max-video-preview:-1\" \/>\n<link rel=\"canonical\" href=\"https:\/\/www.noticiasradioreflejos.com.ar\/2021\/la-idea-es-hacer-una-reflexion-y-disfrutar-de-nuestros-lugares-me-parece-que-es-super-disfrutable\/\" \/>\n<meta property=\"og:locale\" content=\"es_ES\" \/>\n<meta property=\"og:type\" content=\"article\" \/>\n<meta property=\"og:title\" content=\"&quot;La idea es hacer una reflexi\u00f3n y disfrutar de nuestros lugares, me parece que es super disfrutable&quot; - Noticias Radio Reflejos\" \/>\n<meta property=\"og:description\" content=\"En la semana de la Actividad F\u00edsica, Pablo presenta \u00abBicicleteada con el CEF\u00bb,\u00a0 elegida para desarrollar en la semana del 4 al 8 de abril, organizada por el CEF N\u00b0 9 en todo el distrito.\" \/>\n<meta property=\"og:url\" content=\"https:\/\/www.noticiasradioreflejos.com.ar\/2021\/la-idea-es-hacer-una-reflexion-y-disfrutar-de-nuestros-lugares-me-parece-que-es-super-disfrutable\/\" \/>\n<meta property=\"og:site_name\" content=\"Noticias Radio Reflejos\" \/>\n<meta property=\"article:published_time\" content=\"2022-03-31T23:58:27+00:00\" \/>\n<meta property=\"og:image\" content=\"https:\/\/live.staticflickr.com\/65535\/51974529329_b310f02489_c.jpg\" \/>\n<meta name=\"author\" content=\"Arnaldo Botto\" \/>\n<meta name=\"twitter:card\" content=\"summary_large_image\" \/>\n<script type=\"application\/ld+json\" class=\"yoast-schema-graph\">{\"@context\":\"https:\/\/schema.org\",\"@graph\":[{\"@type\":\"WebPage\",\"@id\":\"https:\/\/www.noticiasradioreflejos.com.ar\/2021\/la-idea-es-hacer-una-reflexion-y-disfrutar-de-nuestros-lugares-me-parece-que-es-super-disfrutable\/\",\"url\":\"https:\/\/www.noticiasradioreflejos.com.ar\/2021\/la-idea-es-hacer-una-reflexion-y-disfrutar-de-nuestros-lugares-me-parece-que-es-super-disfrutable\/\",\"name\":\"\\\"La idea es hacer una reflexi\u00f3n y disfrutar de nuestros lugares, me parece que es super disfrutable\\\" - Noticias Radio Reflejos\",\"isPartOf\":{\"@id\":\"https:\/\/www.noticiasradioreflejos.com.ar\/2021\/#website\"},\"primaryImageOfPage\":{\"@id\":\"https:\/\/www.noticiasradioreflejos.com.ar\/2021\/la-idea-es-hacer-una-reflexion-y-disfrutar-de-nuestros-lugares-me-parece-que-es-super-disfrutable\/#primaryimage\"},\"image\":{\"@id\":\"https:\/\/www.noticiasradioreflejos.com.ar\/2021\/la-idea-es-hacer-una-reflexion-y-disfrutar-de-nuestros-lugares-me-parece-que-es-super-disfrutable\/#primaryimage\"},\"thumbnailUrl\":\"https:\/\/live.staticflickr.com\/65535\/51974529329_b310f02489_c.jpg\",\"datePublished\":\"2022-03-31T23:58:27+00:00\",\"author\":{\"@id\":\"https:\/\/www.noticiasradioreflejos.com.ar\/2021\/#\/schema\/person\/ad82545263dcc5ec0996818884fd5fb1\"},\"breadcrumb\":{\"@id\":\"https:\/\/www.noticiasradioreflejos.com.ar\/2021\/la-idea-es-hacer-una-reflexion-y-disfrutar-de-nuestros-lugares-me-parece-que-es-super-disfrutable\/#breadcrumb\"},\"inLanguage\":\"es\",\"potentialAction\":[{\"@type\":\"ReadAction\",\"target\":[\"https:\/\/www.noticiasradioreflejos.com.ar\/2021\/la-idea-es-hacer-una-reflexion-y-disfrutar-de-nuestros-lugares-me-parece-que-es-super-disfrutable\/\"]}]},{\"@type\":\"ImageObject\",\"inLanguage\":\"es\",\"@id\":\"https:\/\/www.noticiasradioreflejos.com.ar\/2021\/la-idea-es-hacer-una-reflexion-y-disfrutar-de-nuestros-lugares-me-parece-que-es-super-disfrutable\/#primaryimage\",\"url\":\"https:\/\/live.staticflickr.com\/65535\/51974529329_b310f02489_c.jpg\",\"contentUrl\":\"https:\/\/live.staticflickr.com\/65535\/51974529329_b310f02489_c.jpg\"},{\"@type\":\"BreadcrumbList\",\"@id\":\"https:\/\/www.noticiasradioreflejos.com.ar\/2021\/la-idea-es-hacer-una-reflexion-y-disfrutar-de-nuestros-lugares-me-parece-que-es-super-disfrutable\/#breadcrumb\",\"itemListElement\":[{\"@type\":\"ListItem\",\"position\":1,\"name\":\"Portada\",\"item\":\"https:\/\/www.noticiasradioreflejos.com.ar\/2021\/\"},{\"@type\":\"ListItem\",\"position\":2,\"name\":\"\u00abLa idea es hacer una reflexi\u00f3n y disfrutar de nuestros lugares, me parece que es super disfrutable\u00bb\"}]},{\"@type\":\"WebSite\",\"@id\":\"https:\/\/www.noticiasradioreflejos.com.ar\/2021\/#website\",\"url\":\"https:\/\/www.noticiasradioreflejos.com.ar\/2021\/\",\"name\":\"Noticias Radio Reflejos\",\"description\":\"Las noticias de mi comarca\",\"potentialAction\":[{\"@type\":\"SearchAction\",\"target\":{\"@type\":\"EntryPoint\",\"urlTemplate\":\"https:\/\/www.noticiasradioreflejos.com.ar\/2021\/?s={search_term_string}\"},\"query-input\":{\"@type\":\"PropertyValueSpecification\",\"valueRequired\":true,\"valueName\":\"search_term_string\"}}],\"inLanguage\":\"es\"},{\"@type\":\"Person\",\"@id\":\"https:\/\/www.noticiasradioreflejos.com.ar\/2021\/#\/schema\/person\/ad82545263dcc5ec0996818884fd5fb1\",\"name\":\"Arnaldo Botto\",\"image\":{\"@type\":\"ImageObject\",\"inLanguage\":\"es\",\"@id\":\"https:\/\/www.noticiasradioreflejos.com.ar\/2021\/#\/schema\/person\/image\/\",\"url\":\"https:\/\/secure.gravatar.com\/avatar\/55cb5e37c1efa326397366e6974cb338056df65cb50e7d64d1cf314e87504837?s=96&d=mm&r=g\",\"contentUrl\":\"https:\/\/secure.gravatar.com\/avatar\/55cb5e37c1efa326397366e6974cb338056df65cb50e7d64d1cf314e87504837?s=96&d=mm&r=g\",\"caption\":\"Arnaldo Botto\"},\"url\":\"https:\/\/www.noticiasradioreflejos.com.ar\/2021\/author\/arnaldo\/\"}]}<\/script>\n<!-- \/ Yoast SEO plugin. -->","yoast_head_json":{"title":"\"La idea es hacer una reflexi\u00f3n y disfrutar de nuestros lugares, me parece que es super disfrutable\" - Noticias Radio Reflejos","robots":{"index":"index","follow":"follow","max-snippet":"max-snippet:-1","max-image-preview":"max-image-preview:large","max-video-preview":"max-video-preview:-1"},"canonical":"https:\/\/www.noticiasradioreflejos.com.ar\/2021\/la-idea-es-hacer-una-reflexion-y-disfrutar-de-nuestros-lugares-me-parece-que-es-super-disfrutable\/","og_locale":"es_ES","og_type":"article","og_title":"\"La idea es hacer una reflexi\u00f3n y disfrutar de nuestros lugares, me parece que es super disfrutable\" - Noticias Radio Reflejos","og_description":"En la semana de la Actividad F\u00edsica, Pablo presenta \u00abBicicleteada con el CEF\u00bb,\u00a0 elegida para desarrollar en la semana del 4 al 8 de abril, organizada por el CEF N\u00b0 9 en todo el distrito.","og_url":"https:\/\/www.noticiasradioreflejos.com.ar\/2021\/la-idea-es-hacer-una-reflexion-y-disfrutar-de-nuestros-lugares-me-parece-que-es-super-disfrutable\/","og_site_name":"Noticias Radio Reflejos","article_published_time":"2022-03-31T23:58:27+00:00","og_image":[{"url":"https:\/\/live.staticflickr.com\/65535\/51974529329_b310f02489_c.jpg","type":"","width":"","height":""}],"author":"Arnaldo Botto","twitter_card":"summary_large_image","schema":{"@context":"https:\/\/schema.org","@graph":[{"@type":"WebPage","@id":"https:\/\/www.noticiasradioreflejos.com.ar\/2021\/la-idea-es-hacer-una-reflexion-y-disfrutar-de-nuestros-lugares-me-parece-que-es-super-disfrutable\/","url":"https:\/\/www.noticiasradioreflejos.com.ar\/2021\/la-idea-es-hacer-una-reflexion-y-disfrutar-de-nuestros-lugares-me-parece-que-es-super-disfrutable\/","name":"\"La idea es hacer una reflexi\u00f3n y disfrutar de nuestros lugares, me parece que es super disfrutable\" - Noticias Radio Reflejos","isPartOf":{"@id":"https:\/\/www.noticiasradioreflejos.com.ar\/2021\/#website"},"primaryImageOfPage":{"@id":"https:\/\/www.noticiasradioreflejos.com.ar\/2021\/la-idea-es-hacer-una-reflexion-y-disfrutar-de-nuestros-lugares-me-parece-que-es-super-disfrutable\/#primaryimage"},"image":{"@id":"https:\/\/www.noticiasradioreflejos.com.ar\/2021\/la-idea-es-hacer-una-reflexion-y-disfrutar-de-nuestros-lugares-me-parece-que-es-super-disfrutable\/#primaryimage"},"thumbnailUrl":"https:\/\/live.staticflickr.com\/65535\/51974529329_b310f02489_c.jpg","datePublished":"2022-03-31T23:58:27+00:00","author":{"@id":"https:\/\/www.noticiasradioreflejos.com.ar\/2021\/#\/schema\/person\/ad82545263dcc5ec0996818884fd5fb1"},"breadcrumb":{"@id":"https:\/\/www.noticiasradioreflejos.com.ar\/2021\/la-idea-es-hacer-una-reflexion-y-disfrutar-de-nuestros-lugares-me-parece-que-es-super-disfrutable\/#breadcrumb"},"inLanguage":"es","potentialAction":[{"@type":"ReadAction","target":["https:\/\/www.noticiasradioreflejos.com.ar\/2021\/la-idea-es-hacer-una-reflexion-y-disfrutar-de-nuestros-lugares-me-parece-que-es-super-disfrutable\/"]}]},{"@type":"ImageObject","inLanguage":"es","@id":"https:\/\/www.noticiasradioreflejos.com.ar\/2021\/la-idea-es-hacer-una-reflexion-y-disfrutar-de-nuestros-lugares-me-parece-que-es-super-disfrutable\/#primaryimage","url":"https:\/\/live.staticflickr.com\/65535\/51974529329_b310f02489_c.jpg","contentUrl":"https:\/\/live.staticflickr.com\/65535\/51974529329_b310f02489_c.jpg"},{"@type":"BreadcrumbList","@id":"https:\/\/www.noticiasradioreflejos.com.ar\/2021\/la-idea-es-hacer-una-reflexion-y-disfrutar-de-nuestros-lugares-me-parece-que-es-super-disfrutable\/#breadcrumb","itemListElement":[{"@type":"ListItem","position":1,"name":"Portada","item":"https:\/\/www.noticiasradioreflejos.com.ar\/2021\/"},{"@type":"ListItem","position":2,"name":"\u00abLa idea es hacer una reflexi\u00f3n y disfrutar de nuestros lugares, me parece que es super disfrutable\u00bb"}]},{"@type":"WebSite","@id":"https:\/\/www.noticiasradioreflejos.com.ar\/2021\/#website","url":"https:\/\/www.noticiasradioreflejos.com.ar\/2021\/","name":"Noticias Radio Reflejos","description":"Las noticias de mi comarca","potentialAction":[{"@type":"SearchAction","target":{"@type":"EntryPoint","urlTemplate":"https:\/\/www.noticiasradioreflejos.com.ar\/2021\/?s={search_term_string}"},"query-input":{"@type":"PropertyValueSpecification","valueRequired":true,"valueName":"search_term_string"}}],"inLanguage":"es"},{"@type":"Person","@id":"https:\/\/www.noticiasradioreflejos.com.ar\/2021\/#\/schema\/person\/ad82545263dcc5ec0996818884fd5fb1","name":"Arnaldo Botto","image":{"@type":"ImageObject","inLanguage":"es","@id":"https:\/\/www.noticiasradioreflejos.com.ar\/2021\/#\/schema\/person\/image\/","url":"https:\/\/secure.gravatar.com\/avatar\/55cb5e37c1efa326397366e6974cb338056df65cb50e7d64d1cf314e87504837?s=96&d=mm&r=g","contentUrl":"https:\/\/secure.gravatar.com\/avatar\/55cb5e37c1efa326397366e6974cb338056df65cb50e7d64d1cf314e87504837?s=96&d=mm&r=g","caption":"Arnaldo Botto"},"url":"https:\/\/www.noticiasradioreflejos.com.ar\/2021\/author\/arnaldo\/"}]}},"_links":{"self":[{"href":"https:\/\/www.noticiasradioreflejos.com.ar\/2021\/wp-json\/wp\/v2\/posts\/70040","targetHints":{"allow":["GET"]}}],"collection":[{"href":"https:\/\/www.noticiasradioreflejos.com.ar\/2021\/wp-json\/wp\/v2\/posts"}],"about":[{"href":"https:\/\/www.noticiasradioreflejos.com.ar\/2021\/wp-json\/wp\/v2\/types\/post"}],"author":[{"embeddable":true,"href":"https:\/\/www.noticiasradioreflejos.com.ar\/2021\/wp-json\/wp\/v2\/users\/3"}],"replies":[{"embeddable":true,"href":"https:\/\/www.noticiasradioreflejos.com.ar\/2021\/wp-json\/wp\/v2\/comments?post=70040"}],"version-history":[{"count":2,"href":"https:\/\/www.noticiasradioreflejos.com.ar\/2021\/wp-json\/wp\/v2\/posts\/70040\/revisions"}],"predecessor-version":[{"id":70043,"href":"https:\/\/www.noticiasradioreflejos.com.ar\/2021\/wp-json\/wp\/v2\/posts\/70040\/revisions\/70043"}],"wp:attachment":[{"href":"https:\/\/www.noticiasradioreflejos.com.ar\/2021\/wp-json\/wp\/v2\/media?parent=70040"}],"wp:term":[{"taxonomy":"category","embeddable":true,"href":"https:\/\/www.noticiasradioreflejos.com.ar\/2021\/wp-json\/wp\/v2\/categories?post=70040"},{"taxonomy":"post_tag","embeddable":true,"href":"https:\/\/www.noticiasradioreflejos.com.ar\/2021\/wp-json\/wp\/v2\/tags?post=70040"}],"curies":[{"name":"wp","href":"https:\/\/api.w.org\/{rel}","templated":true}]}}