{"id":70026,"date":"2022-03-31T21:29:10","date_gmt":"2022-03-31T21:29:10","guid":{"rendered":"http:\/\/www.noticiasradioreflejos.com.ar\/2021\/?p=70026"},"modified":"2022-04-01T02:13:10","modified_gmt":"2022-04-01T02:13:10","slug":"sierra-de-la-ventana-la-policia-atrapo-a-tres-individuos-que-estafaron-con-un-cuento-del-tio-a","status":"publish","type":"post","link":"https:\/\/www.noticiasradioreflejos.com.ar\/2021\/sierra-de-la-ventana-la-policia-atrapo-a-tres-individuos-que-estafaron-con-un-cuento-del-tio-a\/","title":{"rendered":"Sierra de la Ventana: La polic\u00eda atrap\u00f3 a tres individuos que estafaron con un cuento del t\u00edo."},"content":{"rendered":"<p>Un amplio operativo policial se registr\u00f3 para dar captura a dos personas que minutos antes, estafaron a una mujer de 85 a\u00f1os por un monto de 150 mil pesos.<!--more--><\/p>\n<p><a title=\"Detenidos cuento del tio (1)\" href=\"https:\/\/www.flickr.com\/photos\/182279889@N02\/51974425964\/in\/dateposted-public\/\" data-flickr-embed=\"true\"><img loading=\"lazy\" decoding=\"async\" src=\"https:\/\/live.staticflickr.com\/65535\/51974425964_df6c3d8934_c.jpg\" alt=\"Detenidos cuento del tio (1)\" width=\"800\" height=\"600\" \/><\/a><script async src=\"\/\/embedr.flickr.com\/assets\/client-code.js\" charset=\"utf-8\"><\/script><\/p>\n<p>La mujer, vecina de calle Salerno en Sierra de la Ventana, realiz\u00f3 la denuncia a\u00a0 la polic\u00eda ante una sospecha de que era v\u00edctima de un enga\u00f1o. Hab\u00eda entregado la suma de 150 mil pesos en efectivo en mano a una mujer, que junto a dos hombres, todos mayores de edad, se desplazaban en un autom\u00f3vil marca Audi Color negro.<\/p>\n<p>Con esos datos, m\u00e1s im\u00e1genes de las c\u00e1maras de la localidad que dieron y confirmaron el desplazamiento de los malvivientes, las fuerzas p\u00fablicas iniciaron la investigaci\u00f3n y organizaron de inmediato un operativo cerrojo en colaboraci\u00f3n con polic\u00eda de Saldungaray, Villa Ventana y Villa la Arcadia, que finalmente lograr\u00eda la detenci\u00f3n de los autores del hecho.<\/p>\n<p><a title=\"Detenidos cuento del tio (2)\" href=\"https:\/\/www.flickr.com\/photos\/182279889@N02\/51974426089\/in\/dateposted-public\/\" data-flickr-embed=\"true\"><img loading=\"lazy\" decoding=\"async\" class=\"aligncenter\" src=\"https:\/\/live.staticflickr.com\/65535\/51974426089_2c13f6a0dc_c.jpg\" alt=\"Detenidos cuento del tio (2)\" width=\"415\" height=\"922\" \/><\/a><script async src=\"\/\/embedr.flickr.com\/assets\/client-code.js\" charset=\"utf-8\"><\/script><\/p>\n<p>Los detenidos son dos hombres oriundos del conurbano bonaerense y una mujer de Bah\u00eda Blanca, todos mayores de edad.<\/p>\n<p>Seg\u00fan fuentes vinculadas a nuestro medio, en el momento de la captura de los delincuentes, la polic\u00eda les secuestr\u00f3 todo el dinero producto de la estafa\u00a0 y tambi\u00e9n una cantidad importante de drogas.<\/p>\n<p><a title=\"Detenidos cuento del tio (5)\" href=\"https:\/\/www.flickr.com\/photos\/182279889@N02\/51973133482\/in\/dateposted-public\/\" data-flickr-embed=\"true\"><img loading=\"lazy\" decoding=\"async\" class=\"aligncenter\" src=\"https:\/\/live.staticflickr.com\/65535\/51973133482_f364f7afd5_c.jpg\" alt=\"Detenidos cuento del tio (5)\" width=\"600\" height=\"800\" \/><\/a><script async src=\"\/\/embedr.flickr.com\/assets\/client-code.js\" charset=\"utf-8\"><\/script><\/p>\n","protected":false},"excerpt":{"rendered":"<p>Un amplio operativo policial se registr\u00f3 para dar captura a dos personas que minutos antes, estafaron a una mujer de 85 a\u00f1os por un monto de 150 mil pesos.<\/p>\n","protected":false},"author":3,"featured_media":0,"comment_status":"closed","ping_status":"closed","sticky":false,"template":"","format":"standard","meta":{"footnotes":""},"categories":[29],"tags":[48],"class_list":["post-70026","post","type-post","status-publish","format-standard","hentry","category-policiales","tag-destacada"],"yoast_head":"<!-- This site is optimized with the Yoast SEO plugin v25.9 - https:\/\/yoast.com\/wordpress\/plugins\/seo\/ -->\n<title>Sierra de la Ventana: La polic\u00eda atrap\u00f3 a tres individuos que estafaron con un cuento del t\u00edo. - Noticias Radio Reflejos<\/title>\n<meta name=\"robots\" content=\"index, follow, max-snippet:-1, max-image-preview:large, max-video-preview:-1\" \/>\n<link rel=\"canonical\" href=\"https:\/\/www.noticiasradioreflejos.com.ar\/2021\/sierra-de-la-ventana-la-policia-atrapo-a-tres-individuos-que-estafaron-con-un-cuento-del-tio-a\/\" \/>\n<meta property=\"og:locale\" content=\"es_ES\" \/>\n<meta property=\"og:type\" content=\"article\" \/>\n<meta property=\"og:title\" content=\"Sierra de la Ventana: La polic\u00eda atrap\u00f3 a tres individuos que estafaron con un cuento del t\u00edo. - Noticias Radio Reflejos\" \/>\n<meta property=\"og:description\" content=\"Un amplio operativo policial se registr\u00f3 para dar captura a dos personas que minutos antes, estafaron a una mujer de 85 a\u00f1os por un monto de 150 mil pesos.\" \/>\n<meta property=\"og:url\" content=\"https:\/\/www.noticiasradioreflejos.com.ar\/2021\/sierra-de-la-ventana-la-policia-atrapo-a-tres-individuos-que-estafaron-con-un-cuento-del-tio-a\/\" \/>\n<meta property=\"og:site_name\" content=\"Noticias Radio Reflejos\" \/>\n<meta property=\"article:published_time\" content=\"2022-03-31T21:29:10+00:00\" \/>\n<meta property=\"article:modified_time\" content=\"2022-04-01T02:13:10+00:00\" \/>\n<meta property=\"og:image\" content=\"https:\/\/live.staticflickr.com\/65535\/51974425964_df6c3d8934_c.jpg\" \/>\n<meta name=\"author\" content=\"Arnaldo Botto\" \/>\n<meta name=\"twitter:card\" content=\"summary_large_image\" \/>\n<script type=\"application\/ld+json\" class=\"yoast-schema-graph\">{\"@context\":\"https:\/\/schema.org\",\"@graph\":[{\"@type\":\"WebPage\",\"@id\":\"https:\/\/www.noticiasradioreflejos.com.ar\/2021\/sierra-de-la-ventana-la-policia-atrapo-a-tres-individuos-que-estafaron-con-un-cuento-del-tio-a\/\",\"url\":\"https:\/\/www.noticiasradioreflejos.com.ar\/2021\/sierra-de-la-ventana-la-policia-atrapo-a-tres-individuos-que-estafaron-con-un-cuento-del-tio-a\/\",\"name\":\"Sierra de la Ventana: La polic\u00eda atrap\u00f3 a tres individuos que estafaron con un cuento del t\u00edo. - Noticias Radio Reflejos\",\"isPartOf\":{\"@id\":\"https:\/\/www.noticiasradioreflejos.com.ar\/2021\/#website\"},\"primaryImageOfPage\":{\"@id\":\"https:\/\/www.noticiasradioreflejos.com.ar\/2021\/sierra-de-la-ventana-la-policia-atrapo-a-tres-individuos-que-estafaron-con-un-cuento-del-tio-a\/#primaryimage\"},\"image\":{\"@id\":\"https:\/\/www.noticiasradioreflejos.com.ar\/2021\/sierra-de-la-ventana-la-policia-atrapo-a-tres-individuos-que-estafaron-con-un-cuento-del-tio-a\/#primaryimage\"},\"thumbnailUrl\":\"https:\/\/live.staticflickr.com\/65535\/51974425964_df6c3d8934_c.jpg\",\"datePublished\":\"2022-03-31T21:29:10+00:00\",\"dateModified\":\"2022-04-01T02:13:10+00:00\",\"author\":{\"@id\":\"https:\/\/www.noticiasradioreflejos.com.ar\/2021\/#\/schema\/person\/ad82545263dcc5ec0996818884fd5fb1\"},\"breadcrumb\":{\"@id\":\"https:\/\/www.noticiasradioreflejos.com.ar\/2021\/sierra-de-la-ventana-la-policia-atrapo-a-tres-individuos-que-estafaron-con-un-cuento-del-tio-a\/#breadcrumb\"},\"inLanguage\":\"es\",\"potentialAction\":[{\"@type\":\"ReadAction\",\"target\":[\"https:\/\/www.noticiasradioreflejos.com.ar\/2021\/sierra-de-la-ventana-la-policia-atrapo-a-tres-individuos-que-estafaron-con-un-cuento-del-tio-a\/\"]}]},{\"@type\":\"ImageObject\",\"inLanguage\":\"es\",\"@id\":\"https:\/\/www.noticiasradioreflejos.com.ar\/2021\/sierra-de-la-ventana-la-policia-atrapo-a-tres-individuos-que-estafaron-con-un-cuento-del-tio-a\/#primaryimage\",\"url\":\"https:\/\/live.staticflickr.com\/65535\/51974425964_df6c3d8934_c.jpg\",\"contentUrl\":\"https:\/\/live.staticflickr.com\/65535\/51974425964_df6c3d8934_c.jpg\"},{\"@type\":\"BreadcrumbList\",\"@id\":\"https:\/\/www.noticiasradioreflejos.com.ar\/2021\/sierra-de-la-ventana-la-policia-atrapo-a-tres-individuos-que-estafaron-con-un-cuento-del-tio-a\/#breadcrumb\",\"itemListElement\":[{\"@type\":\"ListItem\",\"position\":1,\"name\":\"Portada\",\"item\":\"https:\/\/www.noticiasradioreflejos.com.ar\/2021\/\"},{\"@type\":\"ListItem\",\"position\":2,\"name\":\"Sierra de la Ventana: La polic\u00eda atrap\u00f3 a tres individuos que estafaron con un cuento del t\u00edo.\"}]},{\"@type\":\"WebSite\",\"@id\":\"https:\/\/www.noticiasradioreflejos.com.ar\/2021\/#website\",\"url\":\"https:\/\/www.noticiasradioreflejos.com.ar\/2021\/\",\"name\":\"Noticias Radio Reflejos\",\"description\":\"Las noticias de mi comarca\",\"potentialAction\":[{\"@type\":\"SearchAction\",\"target\":{\"@type\":\"EntryPoint\",\"urlTemplate\":\"https:\/\/www.noticiasradioreflejos.com.ar\/2021\/?s={search_term_string}\"},\"query-input\":{\"@type\":\"PropertyValueSpecification\",\"valueRequired\":true,\"valueName\":\"search_term_string\"}}],\"inLanguage\":\"es\"},{\"@type\":\"Person\",\"@id\":\"https:\/\/www.noticiasradioreflejos.com.ar\/2021\/#\/schema\/person\/ad82545263dcc5ec0996818884fd5fb1\",\"name\":\"Arnaldo Botto\",\"image\":{\"@type\":\"ImageObject\",\"inLanguage\":\"es\",\"@id\":\"https:\/\/www.noticiasradioreflejos.com.ar\/2021\/#\/schema\/person\/image\/\",\"url\":\"https:\/\/secure.gravatar.com\/avatar\/55cb5e37c1efa326397366e6974cb338056df65cb50e7d64d1cf314e87504837?s=96&d=mm&r=g\",\"contentUrl\":\"https:\/\/secure.gravatar.com\/avatar\/55cb5e37c1efa326397366e6974cb338056df65cb50e7d64d1cf314e87504837?s=96&d=mm&r=g\",\"caption\":\"Arnaldo Botto\"},\"url\":\"https:\/\/www.noticiasradioreflejos.com.ar\/2021\/author\/arnaldo\/\"}]}<\/script>\n<!-- \/ Yoast SEO plugin. -->","yoast_head_json":{"title":"Sierra de la Ventana: La polic\u00eda atrap\u00f3 a tres individuos que estafaron con un cuento del t\u00edo. - Noticias Radio Reflejos","robots":{"index":"index","follow":"follow","max-snippet":"max-snippet:-1","max-image-preview":"max-image-preview:large","max-video-preview":"max-video-preview:-1"},"canonical":"https:\/\/www.noticiasradioreflejos.com.ar\/2021\/sierra-de-la-ventana-la-policia-atrapo-a-tres-individuos-que-estafaron-con-un-cuento-del-tio-a\/","og_locale":"es_ES","og_type":"article","og_title":"Sierra de la Ventana: La polic\u00eda atrap\u00f3 a tres individuos que estafaron con un cuento del t\u00edo. - Noticias Radio Reflejos","og_description":"Un amplio operativo policial se registr\u00f3 para dar captura a dos personas que minutos antes, estafaron a una mujer de 85 a\u00f1os por un monto de 150 mil pesos.","og_url":"https:\/\/www.noticiasradioreflejos.com.ar\/2021\/sierra-de-la-ventana-la-policia-atrapo-a-tres-individuos-que-estafaron-con-un-cuento-del-tio-a\/","og_site_name":"Noticias Radio Reflejos","article_published_time":"2022-03-31T21:29:10+00:00","article_modified_time":"2022-04-01T02:13:10+00:00","og_image":[{"url":"https:\/\/live.staticflickr.com\/65535\/51974425964_df6c3d8934_c.jpg","type":"","width":"","height":""}],"author":"Arnaldo Botto","twitter_card":"summary_large_image","schema":{"@context":"https:\/\/schema.org","@graph":[{"@type":"WebPage","@id":"https:\/\/www.noticiasradioreflejos.com.ar\/2021\/sierra-de-la-ventana-la-policia-atrapo-a-tres-individuos-que-estafaron-con-un-cuento-del-tio-a\/","url":"https:\/\/www.noticiasradioreflejos.com.ar\/2021\/sierra-de-la-ventana-la-policia-atrapo-a-tres-individuos-que-estafaron-con-un-cuento-del-tio-a\/","name":"Sierra de la Ventana: La polic\u00eda atrap\u00f3 a tres individuos que estafaron con un cuento del t\u00edo. - Noticias Radio Reflejos","isPartOf":{"@id":"https:\/\/www.noticiasradioreflejos.com.ar\/2021\/#website"},"primaryImageOfPage":{"@id":"https:\/\/www.noticiasradioreflejos.com.ar\/2021\/sierra-de-la-ventana-la-policia-atrapo-a-tres-individuos-que-estafaron-con-un-cuento-del-tio-a\/#primaryimage"},"image":{"@id":"https:\/\/www.noticiasradioreflejos.com.ar\/2021\/sierra-de-la-ventana-la-policia-atrapo-a-tres-individuos-que-estafaron-con-un-cuento-del-tio-a\/#primaryimage"},"thumbnailUrl":"https:\/\/live.staticflickr.com\/65535\/51974425964_df6c3d8934_c.jpg","datePublished":"2022-03-31T21:29:10+00:00","dateModified":"2022-04-01T02:13:10+00:00","author":{"@id":"https:\/\/www.noticiasradioreflejos.com.ar\/2021\/#\/schema\/person\/ad82545263dcc5ec0996818884fd5fb1"},"breadcrumb":{"@id":"https:\/\/www.noticiasradioreflejos.com.ar\/2021\/sierra-de-la-ventana-la-policia-atrapo-a-tres-individuos-que-estafaron-con-un-cuento-del-tio-a\/#breadcrumb"},"inLanguage":"es","potentialAction":[{"@type":"ReadAction","target":["https:\/\/www.noticiasradioreflejos.com.ar\/2021\/sierra-de-la-ventana-la-policia-atrapo-a-tres-individuos-que-estafaron-con-un-cuento-del-tio-a\/"]}]},{"@type":"ImageObject","inLanguage":"es","@id":"https:\/\/www.noticiasradioreflejos.com.ar\/2021\/sierra-de-la-ventana-la-policia-atrapo-a-tres-individuos-que-estafaron-con-un-cuento-del-tio-a\/#primaryimage","url":"https:\/\/live.staticflickr.com\/65535\/51974425964_df6c3d8934_c.jpg","contentUrl":"https:\/\/live.staticflickr.com\/65535\/51974425964_df6c3d8934_c.jpg"},{"@type":"BreadcrumbList","@id":"https:\/\/www.noticiasradioreflejos.com.ar\/2021\/sierra-de-la-ventana-la-policia-atrapo-a-tres-individuos-que-estafaron-con-un-cuento-del-tio-a\/#breadcrumb","itemListElement":[{"@type":"ListItem","position":1,"name":"Portada","item":"https:\/\/www.noticiasradioreflejos.com.ar\/2021\/"},{"@type":"ListItem","position":2,"name":"Sierra de la Ventana: La polic\u00eda atrap\u00f3 a tres individuos que estafaron con un cuento del t\u00edo."}]},{"@type":"WebSite","@id":"https:\/\/www.noticiasradioreflejos.com.ar\/2021\/#website","url":"https:\/\/www.noticiasradioreflejos.com.ar\/2021\/","name":"Noticias Radio Reflejos","description":"Las noticias de mi comarca","potentialAction":[{"@type":"SearchAction","target":{"@type":"EntryPoint","urlTemplate":"https:\/\/www.noticiasradioreflejos.com.ar\/2021\/?s={search_term_string}"},"query-input":{"@type":"PropertyValueSpecification","valueRequired":true,"valueName":"search_term_string"}}],"inLanguage":"es"},{"@type":"Person","@id":"https:\/\/www.noticiasradioreflejos.com.ar\/2021\/#\/schema\/person\/ad82545263dcc5ec0996818884fd5fb1","name":"Arnaldo Botto","image":{"@type":"ImageObject","inLanguage":"es","@id":"https:\/\/www.noticiasradioreflejos.com.ar\/2021\/#\/schema\/person\/image\/","url":"https:\/\/secure.gravatar.com\/avatar\/55cb5e37c1efa326397366e6974cb338056df65cb50e7d64d1cf314e87504837?s=96&d=mm&r=g","contentUrl":"https:\/\/secure.gravatar.com\/avatar\/55cb5e37c1efa326397366e6974cb338056df65cb50e7d64d1cf314e87504837?s=96&d=mm&r=g","caption":"Arnaldo Botto"},"url":"https:\/\/www.noticiasradioreflejos.com.ar\/2021\/author\/arnaldo\/"}]}},"_links":{"self":[{"href":"https:\/\/www.noticiasradioreflejos.com.ar\/2021\/wp-json\/wp\/v2\/posts\/70026","targetHints":{"allow":["GET"]}}],"collection":[{"href":"https:\/\/www.noticiasradioreflejos.com.ar\/2021\/wp-json\/wp\/v2\/posts"}],"about":[{"href":"https:\/\/www.noticiasradioreflejos.com.ar\/2021\/wp-json\/wp\/v2\/types\/post"}],"author":[{"embeddable":true,"href":"https:\/\/www.noticiasradioreflejos.com.ar\/2021\/wp-json\/wp\/v2\/users\/3"}],"replies":[{"embeddable":true,"href":"https:\/\/www.noticiasradioreflejos.com.ar\/2021\/wp-json\/wp\/v2\/comments?post=70026"}],"version-history":[{"count":5,"href":"https:\/\/www.noticiasradioreflejos.com.ar\/2021\/wp-json\/wp\/v2\/posts\/70026\/revisions"}],"predecessor-version":[{"id":70053,"href":"https:\/\/www.noticiasradioreflejos.com.ar\/2021\/wp-json\/wp\/v2\/posts\/70026\/revisions\/70053"}],"wp:attachment":[{"href":"https:\/\/www.noticiasradioreflejos.com.ar\/2021\/wp-json\/wp\/v2\/media?parent=70026"}],"wp:term":[{"taxonomy":"category","embeddable":true,"href":"https:\/\/www.noticiasradioreflejos.com.ar\/2021\/wp-json\/wp\/v2\/categories?post=70026"},{"taxonomy":"post_tag","embeddable":true,"href":"https:\/\/www.noticiasradioreflejos.com.ar\/2021\/wp-json\/wp\/v2\/tags?post=70026"}],"curies":[{"name":"wp","href":"https:\/\/api.w.org\/{rel}","templated":true}]}}