{"id":70008,"date":"2022-03-31T18:38:06","date_gmt":"2022-03-31T18:38:06","guid":{"rendered":"http:\/\/www.noticiasradioreflejos.com.ar\/2021\/?p=70008"},"modified":"2022-03-31T18:38:06","modified_gmt":"2022-03-31T18:38:06","slug":"medio-ambiente-integracion-entre-el-municipio-la-educacion-y-el-sector-privado","status":"publish","type":"post","link":"https:\/\/www.noticiasradioreflejos.com.ar\/2021\/medio-ambiente-integracion-entre-el-municipio-la-educacion-y-el-sector-privado\/","title":{"rendered":"Medio Ambiente: Integraci\u00f3n entre el municipio, la educaci\u00f3n y el sector privado"},"content":{"rendered":"<p><span style=\"font-weight: 400;\">D\u00edas pasados, alumnos de la Escuela de Educaci\u00f3n Especial N\u00b0 502 de Saldungaray, viajaron a Bah\u00eda Blanca para cumplir con diferentes actividades.<\/span><!--more--><\/p>\n<p><span style=\"font-weight: 400;\">La jornada se dio en el \u00e1mbito de un proyecto integrador que el establecimiento desarrolla en conjunto con Tornquist Municipio, a trav\u00e9s de la Direcci\u00f3n de Medio Ambiente y la Cooperativa de Trabajo 3R.<\/span><\/p>\n<p><span style=\"font-weight: 400;\">Todos actores mencionados, forman parte de un proceso que se inicia con la recolecci\u00f3n domiciliaria de residuos diferenciada, de la que los reciclables pasan a la Cooperativa 3R, que los procesa y los env\u00eda a GM Plastic, una f\u00e1brica de polietileno de baja densidad. All\u00ed, se confeccionan bolsas, que luego son vendidas por la EEE N\u00b0 502.<\/span><\/p>\n<p><span style=\"font-weight: 400;\">En ese marco, los estudiantes recorrieron la empresa, que se encuentra en General Daniel Cerri, y tuvieron una visita guiada en el Campus de la Universidad Nacional del Sur y en el laboratorio del Departamento de Qu\u00edmica, donde pudieron observar diferentes ensayos.<\/span><\/p>\n<p><img loading=\"lazy\" decoding=\"async\" class=\"aligncenter size-full wp-image-70015\" src=\"http:\/\/www.noticiasradioreflejos.com.ar\/2021\/wp-content\/uploads\/2022\/03\/Visita-EEE-502-6.jpeg\" alt=\"\" width=\"1412\" height=\"1012\" \/> <img loading=\"lazy\" decoding=\"async\" class=\"aligncenter size-full wp-image-70014\" src=\"http:\/\/www.noticiasradioreflejos.com.ar\/2021\/wp-content\/uploads\/2022\/03\/Visita-EEE-502-3.jpeg\" alt=\"\" width=\"973\" height=\"644\" \/> <img loading=\"lazy\" decoding=\"async\" class=\"aligncenter size-full wp-image-70013\" src=\"http:\/\/www.noticiasradioreflejos.com.ar\/2021\/wp-content\/uploads\/2022\/03\/Visita-EEE-502-5.jpeg\" alt=\"\" width=\"945\" height=\"663\" \/> <img loading=\"lazy\" decoding=\"async\" class=\"aligncenter size-full wp-image-70011\" src=\"http:\/\/www.noticiasradioreflejos.com.ar\/2021\/wp-content\/uploads\/2022\/03\/Visita-EEE-502-1.jpeg\" alt=\"\" width=\"1263\" height=\"828\" \/> <img loading=\"lazy\" decoding=\"async\" class=\"aligncenter size-full wp-image-70009\" src=\"http:\/\/www.noticiasradioreflejos.com.ar\/2021\/wp-content\/uploads\/2022\/03\/Visita-EEE-502-2.jpeg\" alt=\"\" width=\"1102\" height=\"697\" \/> <img loading=\"lazy\" decoding=\"async\" class=\"aligncenter size-full wp-image-70010\" src=\"http:\/\/www.noticiasradioreflejos.com.ar\/2021\/wp-content\/uploads\/2022\/03\/Visita-EEE-502-8.jpeg\" alt=\"\" width=\"1280\" height=\"960\" \/><\/p>\n","protected":false},"excerpt":{"rendered":"<p>D\u00edas pasados, alumnos de la Escuela de Educaci\u00f3n Especial N\u00b0 502 de Saldungaray, viajaron a Bah\u00eda Blanca para cumplir con diferentes actividades.<\/p>\n","protected":false},"author":3,"featured_media":0,"comment_status":"closed","ping_status":"closed","sticky":false,"template":"","format":"standard","meta":{"footnotes":""},"categories":[34,28],"tags":[],"class_list":["post-70008","post","type-post","status-publish","format-standard","hentry","category-educacion","category-municipales"],"yoast_head":"<!-- This site is optimized with the Yoast SEO plugin v25.9 - https:\/\/yoast.com\/wordpress\/plugins\/seo\/ -->\n<title>Medio Ambiente: Integraci\u00f3n entre el municipio, la educaci\u00f3n y el sector privado - Noticias Radio Reflejos<\/title>\n<meta name=\"robots\" content=\"index, follow, max-snippet:-1, max-image-preview:large, max-video-preview:-1\" \/>\n<link rel=\"canonical\" href=\"https:\/\/www.noticiasradioreflejos.com.ar\/2021\/medio-ambiente-integracion-entre-el-municipio-la-educacion-y-el-sector-privado\/\" \/>\n<meta property=\"og:locale\" content=\"es_ES\" \/>\n<meta property=\"og:type\" content=\"article\" \/>\n<meta property=\"og:title\" content=\"Medio Ambiente: Integraci\u00f3n entre el municipio, la educaci\u00f3n y el sector privado - Noticias Radio Reflejos\" \/>\n<meta property=\"og:description\" content=\"D\u00edas pasados, alumnos de la Escuela de Educaci\u00f3n Especial N\u00b0 502 de Saldungaray, viajaron a Bah\u00eda Blanca para cumplir con diferentes actividades.\" \/>\n<meta property=\"og:url\" content=\"https:\/\/www.noticiasradioreflejos.com.ar\/2021\/medio-ambiente-integracion-entre-el-municipio-la-educacion-y-el-sector-privado\/\" \/>\n<meta property=\"og:site_name\" content=\"Noticias Radio Reflejos\" \/>\n<meta property=\"article:published_time\" content=\"2022-03-31T18:38:06+00:00\" \/>\n<meta property=\"og:image\" content=\"http:\/\/www.noticiasradioreflejos.com.ar\/2021\/wp-content\/uploads\/2022\/03\/Visita-EEE-502-6.jpeg\" \/>\n<meta name=\"author\" content=\"Arnaldo Botto\" \/>\n<meta name=\"twitter:card\" content=\"summary_large_image\" \/>\n<script type=\"application\/ld+json\" class=\"yoast-schema-graph\">{\"@context\":\"https:\/\/schema.org\",\"@graph\":[{\"@type\":\"WebPage\",\"@id\":\"https:\/\/www.noticiasradioreflejos.com.ar\/2021\/medio-ambiente-integracion-entre-el-municipio-la-educacion-y-el-sector-privado\/\",\"url\":\"https:\/\/www.noticiasradioreflejos.com.ar\/2021\/medio-ambiente-integracion-entre-el-municipio-la-educacion-y-el-sector-privado\/\",\"name\":\"Medio Ambiente: Integraci\u00f3n entre el municipio, la educaci\u00f3n y el sector privado - Noticias Radio Reflejos\",\"isPartOf\":{\"@id\":\"https:\/\/www.noticiasradioreflejos.com.ar\/2021\/#website\"},\"primaryImageOfPage\":{\"@id\":\"https:\/\/www.noticiasradioreflejos.com.ar\/2021\/medio-ambiente-integracion-entre-el-municipio-la-educacion-y-el-sector-privado\/#primaryimage\"},\"image\":{\"@id\":\"https:\/\/www.noticiasradioreflejos.com.ar\/2021\/medio-ambiente-integracion-entre-el-municipio-la-educacion-y-el-sector-privado\/#primaryimage\"},\"thumbnailUrl\":\"http:\/\/www.noticiasradioreflejos.com.ar\/2021\/wp-content\/uploads\/2022\/03\/Visita-EEE-502-6.jpeg\",\"datePublished\":\"2022-03-31T18:38:06+00:00\",\"author\":{\"@id\":\"https:\/\/www.noticiasradioreflejos.com.ar\/2021\/#\/schema\/person\/ad82545263dcc5ec0996818884fd5fb1\"},\"breadcrumb\":{\"@id\":\"https:\/\/www.noticiasradioreflejos.com.ar\/2021\/medio-ambiente-integracion-entre-el-municipio-la-educacion-y-el-sector-privado\/#breadcrumb\"},\"inLanguage\":\"es\",\"potentialAction\":[{\"@type\":\"ReadAction\",\"target\":[\"https:\/\/www.noticiasradioreflejos.com.ar\/2021\/medio-ambiente-integracion-entre-el-municipio-la-educacion-y-el-sector-privado\/\"]}]},{\"@type\":\"ImageObject\",\"inLanguage\":\"es\",\"@id\":\"https:\/\/www.noticiasradioreflejos.com.ar\/2021\/medio-ambiente-integracion-entre-el-municipio-la-educacion-y-el-sector-privado\/#primaryimage\",\"url\":\"\",\"contentUrl\":\"\"},{\"@type\":\"BreadcrumbList\",\"@id\":\"https:\/\/www.noticiasradioreflejos.com.ar\/2021\/medio-ambiente-integracion-entre-el-municipio-la-educacion-y-el-sector-privado\/#breadcrumb\",\"itemListElement\":[{\"@type\":\"ListItem\",\"position\":1,\"name\":\"Portada\",\"item\":\"https:\/\/www.noticiasradioreflejos.com.ar\/2021\/\"},{\"@type\":\"ListItem\",\"position\":2,\"name\":\"Medio Ambiente: Integraci\u00f3n entre el municipio, la educaci\u00f3n y el sector privado\"}]},{\"@type\":\"WebSite\",\"@id\":\"https:\/\/www.noticiasradioreflejos.com.ar\/2021\/#website\",\"url\":\"https:\/\/www.noticiasradioreflejos.com.ar\/2021\/\",\"name\":\"Noticias Radio Reflejos\",\"description\":\"Las noticias de mi comarca\",\"potentialAction\":[{\"@type\":\"SearchAction\",\"target\":{\"@type\":\"EntryPoint\",\"urlTemplate\":\"https:\/\/www.noticiasradioreflejos.com.ar\/2021\/?s={search_term_string}\"},\"query-input\":{\"@type\":\"PropertyValueSpecification\",\"valueRequired\":true,\"valueName\":\"search_term_string\"}}],\"inLanguage\":\"es\"},{\"@type\":\"Person\",\"@id\":\"https:\/\/www.noticiasradioreflejos.com.ar\/2021\/#\/schema\/person\/ad82545263dcc5ec0996818884fd5fb1\",\"name\":\"Arnaldo Botto\",\"image\":{\"@type\":\"ImageObject\",\"inLanguage\":\"es\",\"@id\":\"https:\/\/www.noticiasradioreflejos.com.ar\/2021\/#\/schema\/person\/image\/\",\"url\":\"https:\/\/secure.gravatar.com\/avatar\/55cb5e37c1efa326397366e6974cb338056df65cb50e7d64d1cf314e87504837?s=96&d=mm&r=g\",\"contentUrl\":\"https:\/\/secure.gravatar.com\/avatar\/55cb5e37c1efa326397366e6974cb338056df65cb50e7d64d1cf314e87504837?s=96&d=mm&r=g\",\"caption\":\"Arnaldo Botto\"},\"url\":\"https:\/\/www.noticiasradioreflejos.com.ar\/2021\/author\/arnaldo\/\"}]}<\/script>\n<!-- \/ Yoast SEO plugin. -->","yoast_head_json":{"title":"Medio Ambiente: Integraci\u00f3n entre el municipio, la educaci\u00f3n y el sector privado - Noticias Radio Reflejos","robots":{"index":"index","follow":"follow","max-snippet":"max-snippet:-1","max-image-preview":"max-image-preview:large","max-video-preview":"max-video-preview:-1"},"canonical":"https:\/\/www.noticiasradioreflejos.com.ar\/2021\/medio-ambiente-integracion-entre-el-municipio-la-educacion-y-el-sector-privado\/","og_locale":"es_ES","og_type":"article","og_title":"Medio Ambiente: Integraci\u00f3n entre el municipio, la educaci\u00f3n y el sector privado - Noticias Radio Reflejos","og_description":"D\u00edas pasados, alumnos de la Escuela de Educaci\u00f3n Especial N\u00b0 502 de Saldungaray, viajaron a Bah\u00eda Blanca para cumplir con diferentes actividades.","og_url":"https:\/\/www.noticiasradioreflejos.com.ar\/2021\/medio-ambiente-integracion-entre-el-municipio-la-educacion-y-el-sector-privado\/","og_site_name":"Noticias Radio Reflejos","article_published_time":"2022-03-31T18:38:06+00:00","og_image":[{"url":"http:\/\/www.noticiasradioreflejos.com.ar\/2021\/wp-content\/uploads\/2022\/03\/Visita-EEE-502-6.jpeg","type":"","width":"","height":""}],"author":"Arnaldo Botto","twitter_card":"summary_large_image","schema":{"@context":"https:\/\/schema.org","@graph":[{"@type":"WebPage","@id":"https:\/\/www.noticiasradioreflejos.com.ar\/2021\/medio-ambiente-integracion-entre-el-municipio-la-educacion-y-el-sector-privado\/","url":"https:\/\/www.noticiasradioreflejos.com.ar\/2021\/medio-ambiente-integracion-entre-el-municipio-la-educacion-y-el-sector-privado\/","name":"Medio Ambiente: Integraci\u00f3n entre el municipio, la educaci\u00f3n y el sector privado - Noticias Radio Reflejos","isPartOf":{"@id":"https:\/\/www.noticiasradioreflejos.com.ar\/2021\/#website"},"primaryImageOfPage":{"@id":"https:\/\/www.noticiasradioreflejos.com.ar\/2021\/medio-ambiente-integracion-entre-el-municipio-la-educacion-y-el-sector-privado\/#primaryimage"},"image":{"@id":"https:\/\/www.noticiasradioreflejos.com.ar\/2021\/medio-ambiente-integracion-entre-el-municipio-la-educacion-y-el-sector-privado\/#primaryimage"},"thumbnailUrl":"http:\/\/www.noticiasradioreflejos.com.ar\/2021\/wp-content\/uploads\/2022\/03\/Visita-EEE-502-6.jpeg","datePublished":"2022-03-31T18:38:06+00:00","author":{"@id":"https:\/\/www.noticiasradioreflejos.com.ar\/2021\/#\/schema\/person\/ad82545263dcc5ec0996818884fd5fb1"},"breadcrumb":{"@id":"https:\/\/www.noticiasradioreflejos.com.ar\/2021\/medio-ambiente-integracion-entre-el-municipio-la-educacion-y-el-sector-privado\/#breadcrumb"},"inLanguage":"es","potentialAction":[{"@type":"ReadAction","target":["https:\/\/www.noticiasradioreflejos.com.ar\/2021\/medio-ambiente-integracion-entre-el-municipio-la-educacion-y-el-sector-privado\/"]}]},{"@type":"ImageObject","inLanguage":"es","@id":"https:\/\/www.noticiasradioreflejos.com.ar\/2021\/medio-ambiente-integracion-entre-el-municipio-la-educacion-y-el-sector-privado\/#primaryimage","url":"","contentUrl":""},{"@type":"BreadcrumbList","@id":"https:\/\/www.noticiasradioreflejos.com.ar\/2021\/medio-ambiente-integracion-entre-el-municipio-la-educacion-y-el-sector-privado\/#breadcrumb","itemListElement":[{"@type":"ListItem","position":1,"name":"Portada","item":"https:\/\/www.noticiasradioreflejos.com.ar\/2021\/"},{"@type":"ListItem","position":2,"name":"Medio Ambiente: Integraci\u00f3n entre el municipio, la educaci\u00f3n y el sector privado"}]},{"@type":"WebSite","@id":"https:\/\/www.noticiasradioreflejos.com.ar\/2021\/#website","url":"https:\/\/www.noticiasradioreflejos.com.ar\/2021\/","name":"Noticias Radio Reflejos","description":"Las noticias de mi comarca","potentialAction":[{"@type":"SearchAction","target":{"@type":"EntryPoint","urlTemplate":"https:\/\/www.noticiasradioreflejos.com.ar\/2021\/?s={search_term_string}"},"query-input":{"@type":"PropertyValueSpecification","valueRequired":true,"valueName":"search_term_string"}}],"inLanguage":"es"},{"@type":"Person","@id":"https:\/\/www.noticiasradioreflejos.com.ar\/2021\/#\/schema\/person\/ad82545263dcc5ec0996818884fd5fb1","name":"Arnaldo Botto","image":{"@type":"ImageObject","inLanguage":"es","@id":"https:\/\/www.noticiasradioreflejos.com.ar\/2021\/#\/schema\/person\/image\/","url":"https:\/\/secure.gravatar.com\/avatar\/55cb5e37c1efa326397366e6974cb338056df65cb50e7d64d1cf314e87504837?s=96&d=mm&r=g","contentUrl":"https:\/\/secure.gravatar.com\/avatar\/55cb5e37c1efa326397366e6974cb338056df65cb50e7d64d1cf314e87504837?s=96&d=mm&r=g","caption":"Arnaldo Botto"},"url":"https:\/\/www.noticiasradioreflejos.com.ar\/2021\/author\/arnaldo\/"}]}},"_links":{"self":[{"href":"https:\/\/www.noticiasradioreflejos.com.ar\/2021\/wp-json\/wp\/v2\/posts\/70008","targetHints":{"allow":["GET"]}}],"collection":[{"href":"https:\/\/www.noticiasradioreflejos.com.ar\/2021\/wp-json\/wp\/v2\/posts"}],"about":[{"href":"https:\/\/www.noticiasradioreflejos.com.ar\/2021\/wp-json\/wp\/v2\/types\/post"}],"author":[{"embeddable":true,"href":"https:\/\/www.noticiasradioreflejos.com.ar\/2021\/wp-json\/wp\/v2\/users\/3"}],"replies":[{"embeddable":true,"href":"https:\/\/www.noticiasradioreflejos.com.ar\/2021\/wp-json\/wp\/v2\/comments?post=70008"}],"version-history":[{"count":1,"href":"https:\/\/www.noticiasradioreflejos.com.ar\/2021\/wp-json\/wp\/v2\/posts\/70008\/revisions"}],"predecessor-version":[{"id":70016,"href":"https:\/\/www.noticiasradioreflejos.com.ar\/2021\/wp-json\/wp\/v2\/posts\/70008\/revisions\/70016"}],"wp:attachment":[{"href":"https:\/\/www.noticiasradioreflejos.com.ar\/2021\/wp-json\/wp\/v2\/media?parent=70008"}],"wp:term":[{"taxonomy":"category","embeddable":true,"href":"https:\/\/www.noticiasradioreflejos.com.ar\/2021\/wp-json\/wp\/v2\/categories?post=70008"},{"taxonomy":"post_tag","embeddable":true,"href":"https:\/\/www.noticiasradioreflejos.com.ar\/2021\/wp-json\/wp\/v2\/tags?post=70008"}],"curies":[{"name":"wp","href":"https:\/\/api.w.org\/{rel}","templated":true}]}}