{"id":70007,"date":"2022-03-31T18:39:34","date_gmt":"2022-03-31T18:39:34","guid":{"rendered":"http:\/\/www.noticiasradioreflejos.com.ar\/2021\/?p=70007"},"modified":"2022-03-31T18:40:31","modified_gmt":"2022-03-31T18:40:31","slug":"70007-2","status":"publish","type":"post","link":"https:\/\/www.noticiasradioreflejos.com.ar\/2021\/70007-2\/","title":{"rendered":"Raverta inaugur\u00f3 una oficina de ANSES en Chubut"},"content":{"rendered":"<p style=\"font-weight: 400;\">Con el fin de seguir llevando la Seguridad Social a todo el pa\u00eds, la directora ejecutiva de ANSES,\u00a0<strong>Fernanda Raverta<\/strong>, inaugur\u00f3 hoy una nueva delegaci\u00f3n del organismo en El Mait\u00e9n, junto al intendente de la ciudad chubutense,\u00a0<strong>Oscar Curril\u00e9n<\/strong>, y el diputado nacional\u00a0<strong>Santiago Igon<\/strong>.<!--more--><\/p>\n<p style=\"font-weight: 400;\">\u201c<em>Abrimos con alegr\u00eda las puertas de esta nueva delegaci\u00f3n que nos permite fortalecer la presencia de ANSES en la Comarca Andina, que no solo permitir\u00e1 que se acerquen los habitantes de El Mait\u00e9n sino tambi\u00e9n de Epuy\u00e9n, Cushamen, \u00d1orquinc\u00f3 y Leleque<\/em>\u201d, expres\u00f3 la titular del organismo durante la apertura.<\/p>\n<p style=\"font-weight: 400;\">En ese sentido,\u00a0<strong>Raverta<\/strong>\u00a0destac\u00f3: \u201c<em>Llevamos adelante una gesti\u00f3n con mirada federal que trabaja para que las vecinas y vecinos tengan la atenci\u00f3n que merecen en cada rinc\u00f3n del pa\u00eds. Por eso, con mucha emoci\u00f3n inauguramos esta oficina que va a permitir achicar las distancias para que las jubiladas y los jubilados puedan realizar sus tr\u00e1mites de forma accesible, las chicas y los chicos del Progresar, su beca y los titulares de las asignaciones familiares, su salario\u201d.<\/em><\/p>\n<p style=\"font-weight: 400;\">En tanto,\u00a0<strong>Curril\u00e9n<\/strong>\u00a0afirm\u00f3 que<em>\u00a0\u201cesta oficina es esencial para la comunidad. A partir de hoy casi 40 mil vecinos de la Comarca van a tener el beneficio de contar con un lugar propio. Gracias a la decisi\u00f3n pol\u00edtica del Gobierno nacional se van a poder hacer todos los tr\u00e1mites\u201d.<\/em><\/p>\n<p style=\"font-weight: 400;\">\u201c<em>Hay un equipo de gobierno que trabaja para salir adelante y llegar a cada ciudad, a cada barrio, a cada pueblo. Hoy se cumple el sue\u00f1o de achicar las distancias para estar m\u00e1s cerca de la gente, para continuar con pol\u00edticas p\u00fablicas de cercan\u00eda. Estamos cumpliendo con un derecho que necesitaban nuestras vecinas y vecinos: una oficina de ANSES que lleva tr\u00e1mites muy importantes y derechos en cada rinc\u00f3n del pa\u00eds<\/em>\u201d, se\u00f1al\u00f3\u00a0<strong>Igon<\/strong>.<\/p>\n<p style=\"font-weight: 400;\">Asimismo, la titular de ANSES entreg\u00f3 dos camionetas para que las unidades de atenci\u00f3n m\u00f3vil (UDAM) realicen diversos operativos por la provincia en los que las vecinas y vecinos lleven a cabo todos los tr\u00e1mites y consultas de la Seguridad Social. Estuvo acompa\u00f1ada por el coordinador Regional de la Patagonia del Ministerio de Interior,\u00a0<strong>Emanuel Coli\u00f1ir<\/strong>, el jefe de la Regional Sur I,\u00a0<strong>Pablo Ruiz<\/strong>, y el jefe de la delegaci\u00f3n,\u00a0<strong>Julio Pad\u00edn<\/strong>.<\/p>\n<p style=\"font-weight: 400;\">M\u00e1s temprano,\u00a0<strong>Raverta<\/strong>\u00a0estuvo en la oficina de ANSES en la localidad de Esquel, donde descubri\u00f3 una placa conmemorativa en reconocimiento a los veteranos de Malvinas, con quienes dialog\u00f3 y comparti\u00f3 un encuentro a 40 a\u00f1os del inicio del conflicto b\u00e9lico.<\/p>\n","protected":false},"excerpt":{"rendered":"<p>Con el fin de seguir llevando la Seguridad Social a todo el pa\u00eds, la directora ejecutiva de ANSES,\u00a0Fernanda Raverta, inaugur\u00f3 hoy una nueva delegaci\u00f3n del organismo en El Mait\u00e9n, junto al intendente de la ciudad chubutense,\u00a0Oscar Curril\u00e9n, y el diputado nacional\u00a0Santiago Igon.<\/p>\n","protected":false},"author":3,"featured_media":0,"comment_status":"closed","ping_status":"closed","sticky":false,"template":"","format":"standard","meta":{"footnotes":""},"categories":[25],"tags":[],"class_list":["post-70007","post","type-post","status-publish","format-standard","hentry","category-uncategorized"],"yoast_head":"<!-- This site is optimized with the Yoast SEO plugin v25.9 - https:\/\/yoast.com\/wordpress\/plugins\/seo\/ -->\n<title>Raverta inaugur\u00f3 una oficina de ANSES en Chubut - Noticias Radio Reflejos<\/title>\n<meta name=\"robots\" content=\"index, follow, max-snippet:-1, max-image-preview:large, max-video-preview:-1\" \/>\n<link rel=\"canonical\" href=\"https:\/\/www.noticiasradioreflejos.com.ar\/2021\/70007-2\/\" \/>\n<meta property=\"og:locale\" content=\"es_ES\" \/>\n<meta property=\"og:type\" content=\"article\" \/>\n<meta property=\"og:title\" content=\"Raverta inaugur\u00f3 una oficina de ANSES en Chubut - Noticias Radio Reflejos\" \/>\n<meta property=\"og:description\" content=\"Con el fin de seguir llevando la Seguridad Social a todo el pa\u00eds, la directora ejecutiva de ANSES,\u00a0Fernanda Raverta, inaugur\u00f3 hoy una nueva delegaci\u00f3n del organismo en El Mait\u00e9n, junto al intendente de la ciudad chubutense,\u00a0Oscar Curril\u00e9n, y el diputado nacional\u00a0Santiago Igon.\" \/>\n<meta property=\"og:url\" content=\"https:\/\/www.noticiasradioreflejos.com.ar\/2021\/70007-2\/\" \/>\n<meta property=\"og:site_name\" content=\"Noticias Radio Reflejos\" \/>\n<meta property=\"article:published_time\" content=\"2022-03-31T18:39:34+00:00\" \/>\n<meta property=\"article:modified_time\" content=\"2022-03-31T18:40:31+00:00\" \/>\n<meta property=\"og:image\" content=\"https:\/\/www.noticiasradioreflejos.com.ar\/2021\/wp-content\/uploads\/2021\/07\/logosol300x200.png\" \/>\n\t<meta property=\"og:image:width\" content=\"300\" \/>\n\t<meta property=\"og:image:height\" content=\"200\" \/>\n\t<meta property=\"og:image:type\" content=\"image\/png\" \/>\n<meta name=\"author\" content=\"Arnaldo Botto\" \/>\n<meta name=\"twitter:card\" content=\"summary_large_image\" \/>\n<script type=\"application\/ld+json\" class=\"yoast-schema-graph\">{\"@context\":\"https:\/\/schema.org\",\"@graph\":[{\"@type\":\"WebPage\",\"@id\":\"https:\/\/www.noticiasradioreflejos.com.ar\/2021\/70007-2\/\",\"url\":\"https:\/\/www.noticiasradioreflejos.com.ar\/2021\/70007-2\/\",\"name\":\"Raverta inaugur\u00f3 una oficina de ANSES en Chubut - Noticias Radio Reflejos\",\"isPartOf\":{\"@id\":\"https:\/\/www.noticiasradioreflejos.com.ar\/2021\/#website\"},\"datePublished\":\"2022-03-31T18:39:34+00:00\",\"dateModified\":\"2022-03-31T18:40:31+00:00\",\"author\":{\"@id\":\"https:\/\/www.noticiasradioreflejos.com.ar\/2021\/#\/schema\/person\/ad82545263dcc5ec0996818884fd5fb1\"},\"breadcrumb\":{\"@id\":\"https:\/\/www.noticiasradioreflejos.com.ar\/2021\/70007-2\/#breadcrumb\"},\"inLanguage\":\"es\",\"potentialAction\":[{\"@type\":\"ReadAction\",\"target\":[\"https:\/\/www.noticiasradioreflejos.com.ar\/2021\/70007-2\/\"]}]},{\"@type\":\"BreadcrumbList\",\"@id\":\"https:\/\/www.noticiasradioreflejos.com.ar\/2021\/70007-2\/#breadcrumb\",\"itemListElement\":[{\"@type\":\"ListItem\",\"position\":1,\"name\":\"Portada\",\"item\":\"https:\/\/www.noticiasradioreflejos.com.ar\/2021\/\"},{\"@type\":\"ListItem\",\"position\":2,\"name\":\"Raverta inaugur\u00f3 una oficina de ANSES en Chubut\"}]},{\"@type\":\"WebSite\",\"@id\":\"https:\/\/www.noticiasradioreflejos.com.ar\/2021\/#website\",\"url\":\"https:\/\/www.noticiasradioreflejos.com.ar\/2021\/\",\"name\":\"Noticias Radio Reflejos\",\"description\":\"Las noticias de mi comarca\",\"potentialAction\":[{\"@type\":\"SearchAction\",\"target\":{\"@type\":\"EntryPoint\",\"urlTemplate\":\"https:\/\/www.noticiasradioreflejos.com.ar\/2021\/?s={search_term_string}\"},\"query-input\":{\"@type\":\"PropertyValueSpecification\",\"valueRequired\":true,\"valueName\":\"search_term_string\"}}],\"inLanguage\":\"es\"},{\"@type\":\"Person\",\"@id\":\"https:\/\/www.noticiasradioreflejos.com.ar\/2021\/#\/schema\/person\/ad82545263dcc5ec0996818884fd5fb1\",\"name\":\"Arnaldo Botto\",\"image\":{\"@type\":\"ImageObject\",\"inLanguage\":\"es\",\"@id\":\"https:\/\/www.noticiasradioreflejos.com.ar\/2021\/#\/schema\/person\/image\/\",\"url\":\"https:\/\/secure.gravatar.com\/avatar\/55cb5e37c1efa326397366e6974cb338056df65cb50e7d64d1cf314e87504837?s=96&d=mm&r=g\",\"contentUrl\":\"https:\/\/secure.gravatar.com\/avatar\/55cb5e37c1efa326397366e6974cb338056df65cb50e7d64d1cf314e87504837?s=96&d=mm&r=g\",\"caption\":\"Arnaldo Botto\"},\"url\":\"https:\/\/www.noticiasradioreflejos.com.ar\/2021\/author\/arnaldo\/\"}]}<\/script>\n<!-- \/ Yoast SEO plugin. -->","yoast_head_json":{"title":"Raverta inaugur\u00f3 una oficina de ANSES en Chubut - Noticias Radio Reflejos","robots":{"index":"index","follow":"follow","max-snippet":"max-snippet:-1","max-image-preview":"max-image-preview:large","max-video-preview":"max-video-preview:-1"},"canonical":"https:\/\/www.noticiasradioreflejos.com.ar\/2021\/70007-2\/","og_locale":"es_ES","og_type":"article","og_title":"Raverta inaugur\u00f3 una oficina de ANSES en Chubut - Noticias Radio Reflejos","og_description":"Con el fin de seguir llevando la Seguridad Social a todo el pa\u00eds, la directora ejecutiva de ANSES,\u00a0Fernanda Raverta, inaugur\u00f3 hoy una nueva delegaci\u00f3n del organismo en El Mait\u00e9n, junto al intendente de la ciudad chubutense,\u00a0Oscar Curril\u00e9n, y el diputado nacional\u00a0Santiago Igon.","og_url":"https:\/\/www.noticiasradioreflejos.com.ar\/2021\/70007-2\/","og_site_name":"Noticias Radio Reflejos","article_published_time":"2022-03-31T18:39:34+00:00","article_modified_time":"2022-03-31T18:40:31+00:00","og_image":[{"width":300,"height":200,"url":"https:\/\/www.noticiasradioreflejos.com.ar\/2021\/wp-content\/uploads\/2021\/07\/logosol300x200.png","type":"image\/png"}],"author":"Arnaldo Botto","twitter_card":"summary_large_image","schema":{"@context":"https:\/\/schema.org","@graph":[{"@type":"WebPage","@id":"https:\/\/www.noticiasradioreflejos.com.ar\/2021\/70007-2\/","url":"https:\/\/www.noticiasradioreflejos.com.ar\/2021\/70007-2\/","name":"Raverta inaugur\u00f3 una oficina de ANSES en Chubut - Noticias Radio Reflejos","isPartOf":{"@id":"https:\/\/www.noticiasradioreflejos.com.ar\/2021\/#website"},"datePublished":"2022-03-31T18:39:34+00:00","dateModified":"2022-03-31T18:40:31+00:00","author":{"@id":"https:\/\/www.noticiasradioreflejos.com.ar\/2021\/#\/schema\/person\/ad82545263dcc5ec0996818884fd5fb1"},"breadcrumb":{"@id":"https:\/\/www.noticiasradioreflejos.com.ar\/2021\/70007-2\/#breadcrumb"},"inLanguage":"es","potentialAction":[{"@type":"ReadAction","target":["https:\/\/www.noticiasradioreflejos.com.ar\/2021\/70007-2\/"]}]},{"@type":"BreadcrumbList","@id":"https:\/\/www.noticiasradioreflejos.com.ar\/2021\/70007-2\/#breadcrumb","itemListElement":[{"@type":"ListItem","position":1,"name":"Portada","item":"https:\/\/www.noticiasradioreflejos.com.ar\/2021\/"},{"@type":"ListItem","position":2,"name":"Raverta inaugur\u00f3 una oficina de ANSES en Chubut"}]},{"@type":"WebSite","@id":"https:\/\/www.noticiasradioreflejos.com.ar\/2021\/#website","url":"https:\/\/www.noticiasradioreflejos.com.ar\/2021\/","name":"Noticias Radio Reflejos","description":"Las noticias de mi comarca","potentialAction":[{"@type":"SearchAction","target":{"@type":"EntryPoint","urlTemplate":"https:\/\/www.noticiasradioreflejos.com.ar\/2021\/?s={search_term_string}"},"query-input":{"@type":"PropertyValueSpecification","valueRequired":true,"valueName":"search_term_string"}}],"inLanguage":"es"},{"@type":"Person","@id":"https:\/\/www.noticiasradioreflejos.com.ar\/2021\/#\/schema\/person\/ad82545263dcc5ec0996818884fd5fb1","name":"Arnaldo Botto","image":{"@type":"ImageObject","inLanguage":"es","@id":"https:\/\/www.noticiasradioreflejos.com.ar\/2021\/#\/schema\/person\/image\/","url":"https:\/\/secure.gravatar.com\/avatar\/55cb5e37c1efa326397366e6974cb338056df65cb50e7d64d1cf314e87504837?s=96&d=mm&r=g","contentUrl":"https:\/\/secure.gravatar.com\/avatar\/55cb5e37c1efa326397366e6974cb338056df65cb50e7d64d1cf314e87504837?s=96&d=mm&r=g","caption":"Arnaldo Botto"},"url":"https:\/\/www.noticiasradioreflejos.com.ar\/2021\/author\/arnaldo\/"}]}},"_links":{"self":[{"href":"https:\/\/www.noticiasradioreflejos.com.ar\/2021\/wp-json\/wp\/v2\/posts\/70007","targetHints":{"allow":["GET"]}}],"collection":[{"href":"https:\/\/www.noticiasradioreflejos.com.ar\/2021\/wp-json\/wp\/v2\/posts"}],"about":[{"href":"https:\/\/www.noticiasradioreflejos.com.ar\/2021\/wp-json\/wp\/v2\/types\/post"}],"author":[{"embeddable":true,"href":"https:\/\/www.noticiasradioreflejos.com.ar\/2021\/wp-json\/wp\/v2\/users\/3"}],"replies":[{"embeddable":true,"href":"https:\/\/www.noticiasradioreflejos.com.ar\/2021\/wp-json\/wp\/v2\/comments?post=70007"}],"version-history":[{"count":2,"href":"https:\/\/www.noticiasradioreflejos.com.ar\/2021\/wp-json\/wp\/v2\/posts\/70007\/revisions"}],"predecessor-version":[{"id":70019,"href":"https:\/\/www.noticiasradioreflejos.com.ar\/2021\/wp-json\/wp\/v2\/posts\/70007\/revisions\/70019"}],"wp:attachment":[{"href":"https:\/\/www.noticiasradioreflejos.com.ar\/2021\/wp-json\/wp\/v2\/media?parent=70007"}],"wp:term":[{"taxonomy":"category","embeddable":true,"href":"https:\/\/www.noticiasradioreflejos.com.ar\/2021\/wp-json\/wp\/v2\/categories?post=70007"},{"taxonomy":"post_tag","embeddable":true,"href":"https:\/\/www.noticiasradioreflejos.com.ar\/2021\/wp-json\/wp\/v2\/tags?post=70007"}],"curies":[{"name":"wp","href":"https:\/\/api.w.org\/{rel}","templated":true}]}}