{"id":69990,"date":"2022-03-31T15:28:54","date_gmt":"2022-03-31T15:28:54","guid":{"rendered":"http:\/\/www.noticiasradioreflejos.com.ar\/2021\/?p=69990"},"modified":"2022-03-31T18:47:10","modified_gmt":"2022-03-31T18:47:10","slug":"vialidad-nacional-el-19-distrito-homenajeo-a-alberto-noe-barasky","status":"publish","type":"post","link":"https:\/\/www.noticiasradioreflejos.com.ar\/2021\/vialidad-nacional-el-19-distrito-homenajeo-a-alberto-noe-barasky\/","title":{"rendered":"Vialidad Nacional: El 19 Distrito homenaje\u00f3 a Alberto Noe Barasky."},"content":{"rendered":"<p>Bah\u00eda Blanca, 31 de marzo de 2022. El 19\u00b0 Distrito Bah\u00eda Blanca de Vialidad Nacional realiz\u00f3<br \/>\nun homenaje a Alberto No\u00e9 Bayarsky, el trabajador del organismo que fue asesinado por la Triple<br \/>\nA en 1975, en nuestra ciudad.<br \/>\n<!--more--><\/p>\n<p><a title=\"WhatsApp Image 2022-03-31 at 12.12.19 PM\" href=\"https:\/\/www.flickr.com\/photos\/182279889@N02\/51973718279\/in\/dateposted-public\/\" data-flickr-embed=\"true\"><img loading=\"lazy\" decoding=\"async\" src=\"https:\/\/live.staticflickr.com\/65535\/51973718279_998396d22a_c.jpg\" alt=\"WhatsApp Image 2022-03-31 at 12.12.19 PM\" width=\"800\" height=\"514\" \/><\/a><script async src=\"\/\/embedr.flickr.com\/assets\/client-code.js\" charset=\"utf-8\"><\/script><\/p>\n<p>El acto conmemorativo se llev\u00f3 a cabo este jueves en la sede del distrito, ubicada en Montevideo 366. All\u00ed, el jefe del distrito Lic. Gustavo Trankels rindi\u00f3 un homenaje con la colocaci\u00f3n de una placa en reconocimiento a Miguel \u00c1ngel Torres, Gustavo Adolfo Chavarino y Alberto No\u00e9 Bayarsky. Tambi\u00e9n particip\u00f3 la concejala y presidenta del Bloque del Frente de Todos del HCD de Bah\u00eda Blanca, Mar\u00eda Gisela Ghigliani, el secretario General de Uni\u00f3n Ferroviaria, Gustavo Ruiz D\u00edaz, en representaci\u00f3n de la CGT. Estuvieron presentes los agentes del distrito y en representaci\u00f3n de los gremios viales, Eduardo Palomo por Sindicato del Personal de Vialidad Nacional, Juan Manuel Rodr\u00edguez por UPCN, Norma G\u00f3mez por STV y Maximiliano L\u00f3pez y Ezequiel D&#8217;Annunzio por el<br \/>\nSindicato de Profesionales.<\/p>\n<p>\u201cEste homenaje es muy importante para nosotros, porque estamos reconociendo a estos tres compa\u00f1eros que lucharon por la democracia y que so\u00f1aron con una Argentina mejor. Y adem\u00e1s queremos recordar la vida y lucha de nuestro compa\u00f1ero. Vaya el recuerdo de Bayarsky y su lucha como incentivo para defender nuestro sistema democr\u00e1tico\u201d, manifest\u00f3 Trankels y agrego que \u201cquiero agradecer la gesti\u00f3n de nuestro administrador Gustavo Arrieta, el ministro Gabriel Katopodis y el presidente Alberto Fern\u00e1ndez, por permitirnos este gran ejercicio de memoria, a trav\u00e9s de acciones de reparaci\u00f3n con nuestros compa\u00f1eros\u201d.<\/p>\n<p>Este \u00faltimo era agrimensor en el Distrito Bah\u00eda Blanca y, adem\u00e1s, se desempe\u00f1aba como secretario de Acci\u00f3n Social del Sindicato del Personal de Vialidad Nacional. Fue ejecutado por la Triple A el 24 de enero de 1975 en su casa de la calle Tucum\u00e1n 690. Ten\u00eda tan solo 36 a\u00f1os. Desde la fecha de su fallecimiento su contrato fue dado de baja y posteriormente se efectu\u00f3 la reparaci\u00f3n de su legado en el marco del Decreto 1199\/2012 del Poder Ejecutivo Nacional, atento lo dispuesto por la resoluci\u00f3n conjunta 257\/2015 y 2892\/2015 de la Secretar\u00eda de Gabinete y Secretar\u00eda de Derechos Humanos de la Naci\u00f3n de fecha 14 de octubre de 2015. El legajo fue entregado a sus familiares el 15 de diciembre de 2016 en un acto realizado en el auditorio del Archivo Nacional de la Memoria, en Capital Federal, con la presencia de funcionarios, dirigentes sindicales y organizaciones de derechos humanos.<\/p>\n<p><a title=\"WhatsApp Image 2022-03-31 at 12.12.19 PM (1)\" href=\"https:\/\/www.flickr.com\/photos\/182279889@N02\/51973504048\/in\/dateposted-public\/\" data-flickr-embed=\"true\"><img loading=\"lazy\" decoding=\"async\" src=\"https:\/\/live.staticflickr.com\/65535\/51973504048_da60d1c815_c.jpg\" alt=\"WhatsApp Image 2022-03-31 at 12.12.19 PM (1)\" width=\"800\" height=\"528\" \/><\/a><script async src=\"\/\/embedr.flickr.com\/assets\/client-code.js\" charset=\"utf-8\"><\/script><\/p>\n<p>La reparaci\u00f3n del legajo de Bayarsky se sum\u00f3 a los de Torres y Chavarino, todos en 2012 a partir del mencionado decreto del Gobierno nacional. Los documentos fueron rescatados para inscribirles la condici\u00f3n de detenido-desaparecido, que dej\u00f3 establecida la verdad hist\u00f3rica y el aut\u00e9ntico motivo del cese de la relaci\u00f3n laboral, es decir, como consecuencia de la acci\u00f3n del terrorismo de Estado.<\/p>\n<p>Luego del descubrimiento de la placa, se procedi\u00f3 a inaugurar oficialmente los \u00abBancos de la Memoria\u00bb, una intervenci\u00f3n pict\u00f3rica realizada en dos bancos del play\u00f3n frontal del distrito. En los mismos se muestra c\u00f3mo \u201cel emblema del &#8216;Nunca M\u00e1s&#8217; toma vuelo en una metamorfosis en donde las palomas, s\u00edmbolos de paz y libertad, llevan mensajes que invitan al espectador a reflexionar sobre el pasado y el presente de nuestra sociedad\u201d, seg\u00fan coment\u00f3 el artista Jes\u00fas Sedano, creador de la pintura. La placa que fue inaugurada en el hall de acceso al distrito, fue colocada en los 24 distritos de Vialidad Nacional en todo el pa\u00eds.<\/p>\n","protected":false},"excerpt":{"rendered":"<p>Bah\u00eda Blanca, 31 de marzo de 2022. El 19\u00b0 Distrito Bah\u00eda Blanca de Vialidad Nacional realiz\u00f3 un homenaje a Alberto No\u00e9 Bayarsky, el trabajador del organismo que fue asesinado por la Triple A en 1975, en nuestra ciudad.<\/p>\n","protected":false},"author":3,"featured_media":0,"comment_status":"closed","ping_status":"closed","sticky":false,"template":"","format":"standard","meta":{"footnotes":""},"categories":[24],"tags":[],"class_list":["post-69990","post","type-post","status-publish","format-standard","hentry","category-politica"],"yoast_head":"<!-- This site is optimized with the Yoast SEO plugin v25.9 - https:\/\/yoast.com\/wordpress\/plugins\/seo\/ -->\n<title>Vialidad Nacional: El 19 Distrito homenaje\u00f3 a Alberto Noe Barasky. - Noticias Radio Reflejos<\/title>\n<meta name=\"robots\" content=\"index, follow, max-snippet:-1, max-image-preview:large, max-video-preview:-1\" \/>\n<link rel=\"canonical\" href=\"https:\/\/www.noticiasradioreflejos.com.ar\/2021\/vialidad-nacional-el-19-distrito-homenajeo-a-alberto-noe-barasky\/\" \/>\n<meta property=\"og:locale\" content=\"es_ES\" \/>\n<meta property=\"og:type\" content=\"article\" \/>\n<meta property=\"og:title\" content=\"Vialidad Nacional: El 19 Distrito homenaje\u00f3 a Alberto Noe Barasky. - Noticias Radio Reflejos\" \/>\n<meta property=\"og:description\" content=\"Bah\u00eda Blanca, 31 de marzo de 2022. El 19\u00b0 Distrito Bah\u00eda Blanca de Vialidad Nacional realiz\u00f3 un homenaje a Alberto No\u00e9 Bayarsky, el trabajador del organismo que fue asesinado por la Triple A en 1975, en nuestra ciudad.\" \/>\n<meta property=\"og:url\" content=\"https:\/\/www.noticiasradioreflejos.com.ar\/2021\/vialidad-nacional-el-19-distrito-homenajeo-a-alberto-noe-barasky\/\" \/>\n<meta property=\"og:site_name\" content=\"Noticias Radio Reflejos\" \/>\n<meta property=\"article:published_time\" content=\"2022-03-31T15:28:54+00:00\" \/>\n<meta property=\"article:modified_time\" content=\"2022-03-31T18:47:10+00:00\" \/>\n<meta property=\"og:image\" content=\"https:\/\/live.staticflickr.com\/65535\/51973718279_998396d22a_c.jpg\" \/>\n<meta name=\"author\" content=\"Arnaldo Botto\" \/>\n<meta name=\"twitter:card\" content=\"summary_large_image\" \/>\n<script type=\"application\/ld+json\" class=\"yoast-schema-graph\">{\"@context\":\"https:\/\/schema.org\",\"@graph\":[{\"@type\":\"WebPage\",\"@id\":\"https:\/\/www.noticiasradioreflejos.com.ar\/2021\/vialidad-nacional-el-19-distrito-homenajeo-a-alberto-noe-barasky\/\",\"url\":\"https:\/\/www.noticiasradioreflejos.com.ar\/2021\/vialidad-nacional-el-19-distrito-homenajeo-a-alberto-noe-barasky\/\",\"name\":\"Vialidad Nacional: El 19 Distrito homenaje\u00f3 a Alberto Noe Barasky. - Noticias Radio Reflejos\",\"isPartOf\":{\"@id\":\"https:\/\/www.noticiasradioreflejos.com.ar\/2021\/#website\"},\"primaryImageOfPage\":{\"@id\":\"https:\/\/www.noticiasradioreflejos.com.ar\/2021\/vialidad-nacional-el-19-distrito-homenajeo-a-alberto-noe-barasky\/#primaryimage\"},\"image\":{\"@id\":\"https:\/\/www.noticiasradioreflejos.com.ar\/2021\/vialidad-nacional-el-19-distrito-homenajeo-a-alberto-noe-barasky\/#primaryimage\"},\"thumbnailUrl\":\"https:\/\/live.staticflickr.com\/65535\/51973718279_998396d22a_c.jpg\",\"datePublished\":\"2022-03-31T15:28:54+00:00\",\"dateModified\":\"2022-03-31T18:47:10+00:00\",\"author\":{\"@id\":\"https:\/\/www.noticiasradioreflejos.com.ar\/2021\/#\/schema\/person\/ad82545263dcc5ec0996818884fd5fb1\"},\"breadcrumb\":{\"@id\":\"https:\/\/www.noticiasradioreflejos.com.ar\/2021\/vialidad-nacional-el-19-distrito-homenajeo-a-alberto-noe-barasky\/#breadcrumb\"},\"inLanguage\":\"es\",\"potentialAction\":[{\"@type\":\"ReadAction\",\"target\":[\"https:\/\/www.noticiasradioreflejos.com.ar\/2021\/vialidad-nacional-el-19-distrito-homenajeo-a-alberto-noe-barasky\/\"]}]},{\"@type\":\"ImageObject\",\"inLanguage\":\"es\",\"@id\":\"https:\/\/www.noticiasradioreflejos.com.ar\/2021\/vialidad-nacional-el-19-distrito-homenajeo-a-alberto-noe-barasky\/#primaryimage\",\"url\":\"https:\/\/live.staticflickr.com\/65535\/51973718279_998396d22a_c.jpg\",\"contentUrl\":\"https:\/\/live.staticflickr.com\/65535\/51973718279_998396d22a_c.jpg\"},{\"@type\":\"BreadcrumbList\",\"@id\":\"https:\/\/www.noticiasradioreflejos.com.ar\/2021\/vialidad-nacional-el-19-distrito-homenajeo-a-alberto-noe-barasky\/#breadcrumb\",\"itemListElement\":[{\"@type\":\"ListItem\",\"position\":1,\"name\":\"Portada\",\"item\":\"https:\/\/www.noticiasradioreflejos.com.ar\/2021\/\"},{\"@type\":\"ListItem\",\"position\":2,\"name\":\"Vialidad Nacional: El 19 Distrito homenaje\u00f3 a Alberto Noe Barasky.\"}]},{\"@type\":\"WebSite\",\"@id\":\"https:\/\/www.noticiasradioreflejos.com.ar\/2021\/#website\",\"url\":\"https:\/\/www.noticiasradioreflejos.com.ar\/2021\/\",\"name\":\"Noticias Radio Reflejos\",\"description\":\"Las noticias de mi comarca\",\"potentialAction\":[{\"@type\":\"SearchAction\",\"target\":{\"@type\":\"EntryPoint\",\"urlTemplate\":\"https:\/\/www.noticiasradioreflejos.com.ar\/2021\/?s={search_term_string}\"},\"query-input\":{\"@type\":\"PropertyValueSpecification\",\"valueRequired\":true,\"valueName\":\"search_term_string\"}}],\"inLanguage\":\"es\"},{\"@type\":\"Person\",\"@id\":\"https:\/\/www.noticiasradioreflejos.com.ar\/2021\/#\/schema\/person\/ad82545263dcc5ec0996818884fd5fb1\",\"name\":\"Arnaldo Botto\",\"image\":{\"@type\":\"ImageObject\",\"inLanguage\":\"es\",\"@id\":\"https:\/\/www.noticiasradioreflejos.com.ar\/2021\/#\/schema\/person\/image\/\",\"url\":\"https:\/\/secure.gravatar.com\/avatar\/55cb5e37c1efa326397366e6974cb338056df65cb50e7d64d1cf314e87504837?s=96&d=mm&r=g\",\"contentUrl\":\"https:\/\/secure.gravatar.com\/avatar\/55cb5e37c1efa326397366e6974cb338056df65cb50e7d64d1cf314e87504837?s=96&d=mm&r=g\",\"caption\":\"Arnaldo Botto\"},\"url\":\"https:\/\/www.noticiasradioreflejos.com.ar\/2021\/author\/arnaldo\/\"}]}<\/script>\n<!-- \/ Yoast SEO plugin. -->","yoast_head_json":{"title":"Vialidad Nacional: El 19 Distrito homenaje\u00f3 a Alberto Noe Barasky. - Noticias Radio Reflejos","robots":{"index":"index","follow":"follow","max-snippet":"max-snippet:-1","max-image-preview":"max-image-preview:large","max-video-preview":"max-video-preview:-1"},"canonical":"https:\/\/www.noticiasradioreflejos.com.ar\/2021\/vialidad-nacional-el-19-distrito-homenajeo-a-alberto-noe-barasky\/","og_locale":"es_ES","og_type":"article","og_title":"Vialidad Nacional: El 19 Distrito homenaje\u00f3 a Alberto Noe Barasky. - Noticias Radio Reflejos","og_description":"Bah\u00eda Blanca, 31 de marzo de 2022. El 19\u00b0 Distrito Bah\u00eda Blanca de Vialidad Nacional realiz\u00f3 un homenaje a Alberto No\u00e9 Bayarsky, el trabajador del organismo que fue asesinado por la Triple A en 1975, en nuestra ciudad.","og_url":"https:\/\/www.noticiasradioreflejos.com.ar\/2021\/vialidad-nacional-el-19-distrito-homenajeo-a-alberto-noe-barasky\/","og_site_name":"Noticias Radio Reflejos","article_published_time":"2022-03-31T15:28:54+00:00","article_modified_time":"2022-03-31T18:47:10+00:00","og_image":[{"url":"https:\/\/live.staticflickr.com\/65535\/51973718279_998396d22a_c.jpg","type":"","width":"","height":""}],"author":"Arnaldo Botto","twitter_card":"summary_large_image","schema":{"@context":"https:\/\/schema.org","@graph":[{"@type":"WebPage","@id":"https:\/\/www.noticiasradioreflejos.com.ar\/2021\/vialidad-nacional-el-19-distrito-homenajeo-a-alberto-noe-barasky\/","url":"https:\/\/www.noticiasradioreflejos.com.ar\/2021\/vialidad-nacional-el-19-distrito-homenajeo-a-alberto-noe-barasky\/","name":"Vialidad Nacional: El 19 Distrito homenaje\u00f3 a Alberto Noe Barasky. - Noticias Radio Reflejos","isPartOf":{"@id":"https:\/\/www.noticiasradioreflejos.com.ar\/2021\/#website"},"primaryImageOfPage":{"@id":"https:\/\/www.noticiasradioreflejos.com.ar\/2021\/vialidad-nacional-el-19-distrito-homenajeo-a-alberto-noe-barasky\/#primaryimage"},"image":{"@id":"https:\/\/www.noticiasradioreflejos.com.ar\/2021\/vialidad-nacional-el-19-distrito-homenajeo-a-alberto-noe-barasky\/#primaryimage"},"thumbnailUrl":"https:\/\/live.staticflickr.com\/65535\/51973718279_998396d22a_c.jpg","datePublished":"2022-03-31T15:28:54+00:00","dateModified":"2022-03-31T18:47:10+00:00","author":{"@id":"https:\/\/www.noticiasradioreflejos.com.ar\/2021\/#\/schema\/person\/ad82545263dcc5ec0996818884fd5fb1"},"breadcrumb":{"@id":"https:\/\/www.noticiasradioreflejos.com.ar\/2021\/vialidad-nacional-el-19-distrito-homenajeo-a-alberto-noe-barasky\/#breadcrumb"},"inLanguage":"es","potentialAction":[{"@type":"ReadAction","target":["https:\/\/www.noticiasradioreflejos.com.ar\/2021\/vialidad-nacional-el-19-distrito-homenajeo-a-alberto-noe-barasky\/"]}]},{"@type":"ImageObject","inLanguage":"es","@id":"https:\/\/www.noticiasradioreflejos.com.ar\/2021\/vialidad-nacional-el-19-distrito-homenajeo-a-alberto-noe-barasky\/#primaryimage","url":"https:\/\/live.staticflickr.com\/65535\/51973718279_998396d22a_c.jpg","contentUrl":"https:\/\/live.staticflickr.com\/65535\/51973718279_998396d22a_c.jpg"},{"@type":"BreadcrumbList","@id":"https:\/\/www.noticiasradioreflejos.com.ar\/2021\/vialidad-nacional-el-19-distrito-homenajeo-a-alberto-noe-barasky\/#breadcrumb","itemListElement":[{"@type":"ListItem","position":1,"name":"Portada","item":"https:\/\/www.noticiasradioreflejos.com.ar\/2021\/"},{"@type":"ListItem","position":2,"name":"Vialidad Nacional: El 19 Distrito homenaje\u00f3 a Alberto Noe Barasky."}]},{"@type":"WebSite","@id":"https:\/\/www.noticiasradioreflejos.com.ar\/2021\/#website","url":"https:\/\/www.noticiasradioreflejos.com.ar\/2021\/","name":"Noticias Radio Reflejos","description":"Las noticias de mi comarca","potentialAction":[{"@type":"SearchAction","target":{"@type":"EntryPoint","urlTemplate":"https:\/\/www.noticiasradioreflejos.com.ar\/2021\/?s={search_term_string}"},"query-input":{"@type":"PropertyValueSpecification","valueRequired":true,"valueName":"search_term_string"}}],"inLanguage":"es"},{"@type":"Person","@id":"https:\/\/www.noticiasradioreflejos.com.ar\/2021\/#\/schema\/person\/ad82545263dcc5ec0996818884fd5fb1","name":"Arnaldo Botto","image":{"@type":"ImageObject","inLanguage":"es","@id":"https:\/\/www.noticiasradioreflejos.com.ar\/2021\/#\/schema\/person\/image\/","url":"https:\/\/secure.gravatar.com\/avatar\/55cb5e37c1efa326397366e6974cb338056df65cb50e7d64d1cf314e87504837?s=96&d=mm&r=g","contentUrl":"https:\/\/secure.gravatar.com\/avatar\/55cb5e37c1efa326397366e6974cb338056df65cb50e7d64d1cf314e87504837?s=96&d=mm&r=g","caption":"Arnaldo Botto"},"url":"https:\/\/www.noticiasradioreflejos.com.ar\/2021\/author\/arnaldo\/"}]}},"_links":{"self":[{"href":"https:\/\/www.noticiasradioreflejos.com.ar\/2021\/wp-json\/wp\/v2\/posts\/69990","targetHints":{"allow":["GET"]}}],"collection":[{"href":"https:\/\/www.noticiasradioreflejos.com.ar\/2021\/wp-json\/wp\/v2\/posts"}],"about":[{"href":"https:\/\/www.noticiasradioreflejos.com.ar\/2021\/wp-json\/wp\/v2\/types\/post"}],"author":[{"embeddable":true,"href":"https:\/\/www.noticiasradioreflejos.com.ar\/2021\/wp-json\/wp\/v2\/users\/3"}],"replies":[{"embeddable":true,"href":"https:\/\/www.noticiasradioreflejos.com.ar\/2021\/wp-json\/wp\/v2\/comments?post=69990"}],"version-history":[{"count":3,"href":"https:\/\/www.noticiasradioreflejos.com.ar\/2021\/wp-json\/wp\/v2\/posts\/69990\/revisions"}],"predecessor-version":[{"id":70022,"href":"https:\/\/www.noticiasradioreflejos.com.ar\/2021\/wp-json\/wp\/v2\/posts\/69990\/revisions\/70022"}],"wp:attachment":[{"href":"https:\/\/www.noticiasradioreflejos.com.ar\/2021\/wp-json\/wp\/v2\/media?parent=69990"}],"wp:term":[{"taxonomy":"category","embeddable":true,"href":"https:\/\/www.noticiasradioreflejos.com.ar\/2021\/wp-json\/wp\/v2\/categories?post=69990"},{"taxonomy":"post_tag","embeddable":true,"href":"https:\/\/www.noticiasradioreflejos.com.ar\/2021\/wp-json\/wp\/v2\/tags?post=69990"}],"curies":[{"name":"wp","href":"https:\/\/api.w.org\/{rel}","templated":true}]}}