{"id":69983,"date":"2022-03-31T14:10:11","date_gmt":"2022-03-31T14:10:11","guid":{"rendered":"http:\/\/www.noticiasradioreflejos.com.ar\/2021\/?p=69983"},"modified":"2022-03-31T14:10:11","modified_gmt":"2022-03-31T14:10:11","slug":"egipto-investigadores-de-la-unlp-realizaron-su-segunda-exploracion-a-la-tumba-de-amenmose","status":"publish","type":"post","link":"https:\/\/www.noticiasradioreflejos.com.ar\/2021\/egipto-investigadores-de-la-unlp-realizaron-su-segunda-exploracion-a-la-tumba-de-amenmose\/","title":{"rendered":"Egipto: investigadores de la UNLP realizaron su segunda exploraci\u00f3n a la tumba de Amenmose"},"content":{"rendered":"<p>Se trata de una tumba que tiene m\u00e1s 3.500 a\u00f1os antig\u00fcedad y, seg\u00fan explic\u00f3 la directora del proyecto y docente de la Universidad Nacional de La Plata, Andrea Zingarelli, \u00absus pinturas y relieves nunca fueron restaurados ni estudiados en profundidad\u201d.<!--more--><\/p>\n<div class=\"paragraph\">\n<figure class=\"mb-3\"><img decoding=\"async\" src=\"https:\/\/www.telam.com.ar\/thumbs\/bluesteel\/advf\/imagenes\/2022\/03\/62448f24c1b8b_900.jpg\" alt=\"La directora del proyecto seal que el objetivo para la prxima campaa es encontrar la entrada original que se encuentra bajo unos cinco metros de sedimentos y escombros desde el siglo XIX Foto TW unlp\" width=\"100%\" height=\"100%\" \/><\/p>\n<div class=\"media-icons\"><\/div><figcaption>La directora del proyecto se\u00f1al\u00f3 que \u00abel objetivo para la pr\u00f3xima campa\u00f1a, es encontrar la entrada original que se encuentra bajo unos cinco metros de sedimentos y escombros desde el siglo XIX\u00bb. Foto: TW @unlp<\/figcaption><\/figure>\n<p>Un equipo de investigadores de la Facultad de Humanidades y Ciencias de la Educaci\u00f3n de la Universidad Nacional de La Plata (UNLP) obtuvo la concesi\u00f3n del Ministerio de Antig\u00fcedades de Egipto para explorar la tumba de Amenmose, localizada en la ribera occidental de la actual Luxor, en la antigua Tebas, Egipto.<\/p>\n<p>Se trata de una tumba que tiene\u00a0<strong>m\u00e1s 3.500 a\u00f1os antig\u00fcedad\u00a0<\/strong>y, seg\u00fan explic\u00f3 la doctora Andrea Zingarelli, directora del proyecto y docente de la Facultad de Humanidades, \u00absus pinturas y relieves hasta nuestra\u00a0<strong>primera campa\u00f1a en 2020<\/strong>\u00a0nunca fueron restaurados ni estudiados en profundidad\u201d.<\/p>\n<p>El equipo de trabajo dirigido por la cient\u00edfica de la UNLP est\u00e1 integrado por otros investigadores y una conservadora de la UNLP, investigadoras de la Universidad Nacional de C\u00f3rdoba, de la Universidad Nacional de Tucum\u00e1n, de la Universidad de Buenos Aires y del Conicet.<\/p>\n<blockquote class=\"\"><p>\u00abEl proyecto argentino contribuye a la conservaci\u00f3n de un sitio de valor patrimonial mundial; de acuerdo a la convenci\u00f3n de la Unesco de 1979, que incluye a Tebas y sus necr\u00f3polis entre los sitios declarados patrimonio de la humanidad\u00bb<cite class=\"author\">Andrea Zingarelli, directora del proyecto<\/cite><\/p><\/blockquote>\n<p>Esta tumba recibi\u00f3 en el siglo XIX la atenci\u00f3n de Champollion y Wilkinson, quienes registraron muchos de sus detalles.<\/p>\n<p>En los 80 del siglo pasado, una misi\u00f3n de la Universidad de Waseda (Jap\u00f3n) realiz\u00f3 un relevamiento y public\u00f3 los resultados en japon\u00e9s en el 2003.<\/p>\n<p>\u00ab<strong>El proyecto que venimos desarrollando desde 2019 se ha enfocado en la conservaci\u00f3n del monumento, en sus pinturas y relieves.<\/strong>\u00a0De este modo, el proyecto argentino contribuye a la conservaci\u00f3n de un sitio de valor patrimonial mundial; de acuerdo a la convenci\u00f3n de la Unesco de 1979, que incluye a Tebas y sus necr\u00f3polis entre los sitios declarados patrimonio de la humanidad\u00bb, dijo Zingarelli.<\/p>\n<h2 class=\"\">La tumba de Amenmose<\/h2>\n<p>La tumba capilla del \u00abtrabajador de la necr\u00f3polis de Am\u00f3n\u00bb Amenmose consta de dos salas y tiene forma de T. Actualmente, la entrada a la tumba es a trav\u00e9s de un t\u00fanel y un agujero de 50 por 37 cm. desde una tumba vecina, y debido a esto, es necesario encontrar la entrada original para efectuar los trabajos de conservaci\u00f3n.<\/p>\n<p>Las ocho paredes de la tumba de Amenmose est\u00e1n pintadas con motivos figurativos, mientras que las jambas y el dintel de la entrada al pasaje y la pared sur de este \u00faltimo est\u00e1n talladas en bajo relieve.<\/p>\n<blockquote class=\"twitter-tweet\" data-width=\"500\" data-dnt=\"true\">\n<p lang=\"es\" dir=\"ltr\"><a href=\"https:\/\/twitter.com\/hashtag\/LaUNLPinvestiga?src=hash&amp;ref_src=twsrc%5Etfw\">#LaUNLPinvestiga<\/a> De La Plata a Egipto, investigadoras de la <a href=\"https:\/\/twitter.com\/hashtag\/UNLP?src=hash&amp;ref_src=twsrc%5Etfw\">#UNLP<\/a> revelan los secretos de una Tumba de 2.300 a\u00f1os de antig\u00fcedad. Te invitamos a una vista virtual para descubrir juntos la Tumba de Amenmose <a href=\"https:\/\/t.co\/9gia7nXEMb\">https:\/\/t.co\/9gia7nXEMb<\/a> <a href=\"https:\/\/t.co\/Xg0ia5UWix\">pic.twitter.com\/Xg0ia5UWix<\/a><\/p>\n<p>&mdash; UNLP (@unlp) <a href=\"https:\/\/twitter.com\/unlp\/status\/1509210558612054022?ref_src=twsrc%5Etfw\">March 30, 2022<\/a><\/p><\/blockquote>\n<p><script async src=\"https:\/\/platform.twitter.com\/widgets.js\" charset=\"utf-8\"><\/script><\/p>\n<p>\u201cLos principales objetivos de esta campa\u00f1a 2022 fueron realizar trabajos de conservaci\u00f3n (identificar emergencias, informar acerca del control de la temperatura y la humedad, continuar con los trabajos de pre-consolidaci\u00f3n y limpieza -iniciados en la temporada 2020-), continuar con la restauraci\u00f3n de textos, la documentaci\u00f3n de todo el monumento a trav\u00e9s del dibujo epigr\u00e1fico digital, medir y registrar la composici\u00f3n de la epigraf\u00eda, y realizar un nuevo relevamiento fotogr\u00e1fico\u201d, resalt\u00f3 la cient\u00edfica.<\/p>\n<p>Adem\u00e1s, inform\u00f3 que<strong>\u00a0durante la campa\u00f1a 2022 se complet\u00f3 en un 90% las tareas de pre-consolidaci\u00f3n de \u00e1reas fr\u00e1giles<\/strong>, o vulnerables a desprenderse, tanto en la capa pict\u00f3rica como en el soporte de piedra.<\/p>\n<p>\u201cEn general, el tratamiento tuvo resultados positivos. Los colores aparecen inmediatamente por ejemplo en el techo, y no ser\u00e1 necesario probar la limpieza qu\u00edmica. Asimismo, en la capa de holl\u00edn junto a la entrada original, aunque surjan algunos colores, el holl\u00edn restante se eliminar\u00e1 con la limpieza qu\u00edmica en las pr\u00f3ximas campa\u00f1as\u201d, precis\u00f3.<\/p>\n<p>Finalmente, la cient\u00edfica se\u00f1al\u00f3:<strong>\u00a0\u00abEl principal objetivo para la pr\u00f3xima campa\u00f1a prevista para fines de este a\u00f1o, es excavar y encontrar la entrada original que se encuentra bajo unos cinco metros de sedimentos y escombros desde el siglo XIX\u00bb.<\/strong><\/p>\n<\/div>\n","protected":false},"excerpt":{"rendered":"<p>Se trata de una tumba que tiene m\u00e1s 3.500 a\u00f1os antig\u00fcedad y, seg\u00fan explic\u00f3 la directora del proyecto y docente de la Universidad Nacional de La Plata, Andrea Zingarelli, \u00absus pinturas y relieves nunca fueron restaurados ni estudiados en profundidad\u201d.<\/p>\n","protected":false},"author":3,"featured_media":0,"comment_status":"closed","ping_status":"closed","sticky":false,"template":"","format":"standard","meta":{"footnotes":""},"categories":[46],"tags":[],"class_list":["post-69983","post","type-post","status-publish","format-standard","hentry","category-ciencia-y-tecnologia"],"yoast_head":"<!-- This site is optimized with the Yoast SEO plugin v25.9 - https:\/\/yoast.com\/wordpress\/plugins\/seo\/ -->\n<title>Egipto: investigadores de la UNLP realizaron su segunda exploraci\u00f3n a la tumba de Amenmose - Noticias Radio Reflejos<\/title>\n<meta name=\"robots\" content=\"index, follow, max-snippet:-1, max-image-preview:large, max-video-preview:-1\" \/>\n<link rel=\"canonical\" href=\"https:\/\/www.noticiasradioreflejos.com.ar\/2021\/egipto-investigadores-de-la-unlp-realizaron-su-segunda-exploracion-a-la-tumba-de-amenmose\/\" \/>\n<meta property=\"og:locale\" content=\"es_ES\" \/>\n<meta property=\"og:type\" content=\"article\" \/>\n<meta property=\"og:title\" content=\"Egipto: investigadores de la UNLP realizaron su segunda exploraci\u00f3n a la tumba de Amenmose - Noticias Radio Reflejos\" \/>\n<meta property=\"og:description\" content=\"Se trata de una tumba que tiene m\u00e1s 3.500 a\u00f1os antig\u00fcedad y, seg\u00fan explic\u00f3 la directora del proyecto y docente de la Universidad Nacional de La Plata, Andrea Zingarelli, \u00absus pinturas y relieves nunca fueron restaurados ni estudiados en profundidad\u201d.\" \/>\n<meta property=\"og:url\" content=\"https:\/\/www.noticiasradioreflejos.com.ar\/2021\/egipto-investigadores-de-la-unlp-realizaron-su-segunda-exploracion-a-la-tumba-de-amenmose\/\" \/>\n<meta property=\"og:site_name\" content=\"Noticias Radio Reflejos\" \/>\n<meta property=\"article:published_time\" content=\"2022-03-31T14:10:11+00:00\" \/>\n<meta property=\"og:image\" content=\"https:\/\/www.telam.com.ar\/thumbs\/bluesteel\/advf\/imagenes\/2022\/03\/62448f24c1b8b_900.jpg\" \/>\n<meta name=\"author\" content=\"Arnaldo Botto\" \/>\n<meta name=\"twitter:card\" content=\"summary_large_image\" \/>\n<script type=\"application\/ld+json\" class=\"yoast-schema-graph\">{\"@context\":\"https:\/\/schema.org\",\"@graph\":[{\"@type\":\"WebPage\",\"@id\":\"https:\/\/www.noticiasradioreflejos.com.ar\/2021\/egipto-investigadores-de-la-unlp-realizaron-su-segunda-exploracion-a-la-tumba-de-amenmose\/\",\"url\":\"https:\/\/www.noticiasradioreflejos.com.ar\/2021\/egipto-investigadores-de-la-unlp-realizaron-su-segunda-exploracion-a-la-tumba-de-amenmose\/\",\"name\":\"Egipto: investigadores de la UNLP realizaron su segunda exploraci\u00f3n a la tumba de Amenmose - Noticias Radio Reflejos\",\"isPartOf\":{\"@id\":\"https:\/\/www.noticiasradioreflejos.com.ar\/2021\/#website\"},\"primaryImageOfPage\":{\"@id\":\"https:\/\/www.noticiasradioreflejos.com.ar\/2021\/egipto-investigadores-de-la-unlp-realizaron-su-segunda-exploracion-a-la-tumba-de-amenmose\/#primaryimage\"},\"image\":{\"@id\":\"https:\/\/www.noticiasradioreflejos.com.ar\/2021\/egipto-investigadores-de-la-unlp-realizaron-su-segunda-exploracion-a-la-tumba-de-amenmose\/#primaryimage\"},\"thumbnailUrl\":\"https:\/\/www.telam.com.ar\/thumbs\/bluesteel\/advf\/imagenes\/2022\/03\/62448f24c1b8b_900.jpg\",\"datePublished\":\"2022-03-31T14:10:11+00:00\",\"author\":{\"@id\":\"https:\/\/www.noticiasradioreflejos.com.ar\/2021\/#\/schema\/person\/ad82545263dcc5ec0996818884fd5fb1\"},\"breadcrumb\":{\"@id\":\"https:\/\/www.noticiasradioreflejos.com.ar\/2021\/egipto-investigadores-de-la-unlp-realizaron-su-segunda-exploracion-a-la-tumba-de-amenmose\/#breadcrumb\"},\"inLanguage\":\"es\",\"potentialAction\":[{\"@type\":\"ReadAction\",\"target\":[\"https:\/\/www.noticiasradioreflejos.com.ar\/2021\/egipto-investigadores-de-la-unlp-realizaron-su-segunda-exploracion-a-la-tumba-de-amenmose\/\"]}]},{\"@type\":\"ImageObject\",\"inLanguage\":\"es\",\"@id\":\"https:\/\/www.noticiasradioreflejos.com.ar\/2021\/egipto-investigadores-de-la-unlp-realizaron-su-segunda-exploracion-a-la-tumba-de-amenmose\/#primaryimage\",\"url\":\"https:\/\/www.telam.com.ar\/thumbs\/bluesteel\/advf\/imagenes\/2022\/03\/62448f24c1b8b_900.jpg\",\"contentUrl\":\"https:\/\/www.telam.com.ar\/thumbs\/bluesteel\/advf\/imagenes\/2022\/03\/62448f24c1b8b_900.jpg\"},{\"@type\":\"BreadcrumbList\",\"@id\":\"https:\/\/www.noticiasradioreflejos.com.ar\/2021\/egipto-investigadores-de-la-unlp-realizaron-su-segunda-exploracion-a-la-tumba-de-amenmose\/#breadcrumb\",\"itemListElement\":[{\"@type\":\"ListItem\",\"position\":1,\"name\":\"Portada\",\"item\":\"https:\/\/www.noticiasradioreflejos.com.ar\/2021\/\"},{\"@type\":\"ListItem\",\"position\":2,\"name\":\"Egipto: investigadores de la UNLP realizaron su segunda exploraci\u00f3n a la tumba de Amenmose\"}]},{\"@type\":\"WebSite\",\"@id\":\"https:\/\/www.noticiasradioreflejos.com.ar\/2021\/#website\",\"url\":\"https:\/\/www.noticiasradioreflejos.com.ar\/2021\/\",\"name\":\"Noticias Radio Reflejos\",\"description\":\"Las noticias de mi comarca\",\"potentialAction\":[{\"@type\":\"SearchAction\",\"target\":{\"@type\":\"EntryPoint\",\"urlTemplate\":\"https:\/\/www.noticiasradioreflejos.com.ar\/2021\/?s={search_term_string}\"},\"query-input\":{\"@type\":\"PropertyValueSpecification\",\"valueRequired\":true,\"valueName\":\"search_term_string\"}}],\"inLanguage\":\"es\"},{\"@type\":\"Person\",\"@id\":\"https:\/\/www.noticiasradioreflejos.com.ar\/2021\/#\/schema\/person\/ad82545263dcc5ec0996818884fd5fb1\",\"name\":\"Arnaldo Botto\",\"image\":{\"@type\":\"ImageObject\",\"inLanguage\":\"es\",\"@id\":\"https:\/\/www.noticiasradioreflejos.com.ar\/2021\/#\/schema\/person\/image\/\",\"url\":\"https:\/\/secure.gravatar.com\/avatar\/55cb5e37c1efa326397366e6974cb338056df65cb50e7d64d1cf314e87504837?s=96&d=mm&r=g\",\"contentUrl\":\"https:\/\/secure.gravatar.com\/avatar\/55cb5e37c1efa326397366e6974cb338056df65cb50e7d64d1cf314e87504837?s=96&d=mm&r=g\",\"caption\":\"Arnaldo Botto\"},\"url\":\"https:\/\/www.noticiasradioreflejos.com.ar\/2021\/author\/arnaldo\/\"}]}<\/script>\n<!-- \/ Yoast SEO plugin. -->","yoast_head_json":{"title":"Egipto: investigadores de la UNLP realizaron su segunda exploraci\u00f3n a la tumba de Amenmose - Noticias Radio Reflejos","robots":{"index":"index","follow":"follow","max-snippet":"max-snippet:-1","max-image-preview":"max-image-preview:large","max-video-preview":"max-video-preview:-1"},"canonical":"https:\/\/www.noticiasradioreflejos.com.ar\/2021\/egipto-investigadores-de-la-unlp-realizaron-su-segunda-exploracion-a-la-tumba-de-amenmose\/","og_locale":"es_ES","og_type":"article","og_title":"Egipto: investigadores de la UNLP realizaron su segunda exploraci\u00f3n a la tumba de Amenmose - Noticias Radio Reflejos","og_description":"Se trata de una tumba que tiene m\u00e1s 3.500 a\u00f1os antig\u00fcedad y, seg\u00fan explic\u00f3 la directora del proyecto y docente de la Universidad Nacional de La Plata, Andrea Zingarelli, \u00absus pinturas y relieves nunca fueron restaurados ni estudiados en profundidad\u201d.","og_url":"https:\/\/www.noticiasradioreflejos.com.ar\/2021\/egipto-investigadores-de-la-unlp-realizaron-su-segunda-exploracion-a-la-tumba-de-amenmose\/","og_site_name":"Noticias Radio Reflejos","article_published_time":"2022-03-31T14:10:11+00:00","og_image":[{"url":"https:\/\/www.telam.com.ar\/thumbs\/bluesteel\/advf\/imagenes\/2022\/03\/62448f24c1b8b_900.jpg","type":"","width":"","height":""}],"author":"Arnaldo Botto","twitter_card":"summary_large_image","schema":{"@context":"https:\/\/schema.org","@graph":[{"@type":"WebPage","@id":"https:\/\/www.noticiasradioreflejos.com.ar\/2021\/egipto-investigadores-de-la-unlp-realizaron-su-segunda-exploracion-a-la-tumba-de-amenmose\/","url":"https:\/\/www.noticiasradioreflejos.com.ar\/2021\/egipto-investigadores-de-la-unlp-realizaron-su-segunda-exploracion-a-la-tumba-de-amenmose\/","name":"Egipto: investigadores de la UNLP realizaron su segunda exploraci\u00f3n a la tumba de Amenmose - Noticias Radio Reflejos","isPartOf":{"@id":"https:\/\/www.noticiasradioreflejos.com.ar\/2021\/#website"},"primaryImageOfPage":{"@id":"https:\/\/www.noticiasradioreflejos.com.ar\/2021\/egipto-investigadores-de-la-unlp-realizaron-su-segunda-exploracion-a-la-tumba-de-amenmose\/#primaryimage"},"image":{"@id":"https:\/\/www.noticiasradioreflejos.com.ar\/2021\/egipto-investigadores-de-la-unlp-realizaron-su-segunda-exploracion-a-la-tumba-de-amenmose\/#primaryimage"},"thumbnailUrl":"https:\/\/www.telam.com.ar\/thumbs\/bluesteel\/advf\/imagenes\/2022\/03\/62448f24c1b8b_900.jpg","datePublished":"2022-03-31T14:10:11+00:00","author":{"@id":"https:\/\/www.noticiasradioreflejos.com.ar\/2021\/#\/schema\/person\/ad82545263dcc5ec0996818884fd5fb1"},"breadcrumb":{"@id":"https:\/\/www.noticiasradioreflejos.com.ar\/2021\/egipto-investigadores-de-la-unlp-realizaron-su-segunda-exploracion-a-la-tumba-de-amenmose\/#breadcrumb"},"inLanguage":"es","potentialAction":[{"@type":"ReadAction","target":["https:\/\/www.noticiasradioreflejos.com.ar\/2021\/egipto-investigadores-de-la-unlp-realizaron-su-segunda-exploracion-a-la-tumba-de-amenmose\/"]}]},{"@type":"ImageObject","inLanguage":"es","@id":"https:\/\/www.noticiasradioreflejos.com.ar\/2021\/egipto-investigadores-de-la-unlp-realizaron-su-segunda-exploracion-a-la-tumba-de-amenmose\/#primaryimage","url":"https:\/\/www.telam.com.ar\/thumbs\/bluesteel\/advf\/imagenes\/2022\/03\/62448f24c1b8b_900.jpg","contentUrl":"https:\/\/www.telam.com.ar\/thumbs\/bluesteel\/advf\/imagenes\/2022\/03\/62448f24c1b8b_900.jpg"},{"@type":"BreadcrumbList","@id":"https:\/\/www.noticiasradioreflejos.com.ar\/2021\/egipto-investigadores-de-la-unlp-realizaron-su-segunda-exploracion-a-la-tumba-de-amenmose\/#breadcrumb","itemListElement":[{"@type":"ListItem","position":1,"name":"Portada","item":"https:\/\/www.noticiasradioreflejos.com.ar\/2021\/"},{"@type":"ListItem","position":2,"name":"Egipto: investigadores de la UNLP realizaron su segunda exploraci\u00f3n a la tumba de Amenmose"}]},{"@type":"WebSite","@id":"https:\/\/www.noticiasradioreflejos.com.ar\/2021\/#website","url":"https:\/\/www.noticiasradioreflejos.com.ar\/2021\/","name":"Noticias Radio Reflejos","description":"Las noticias de mi comarca","potentialAction":[{"@type":"SearchAction","target":{"@type":"EntryPoint","urlTemplate":"https:\/\/www.noticiasradioreflejos.com.ar\/2021\/?s={search_term_string}"},"query-input":{"@type":"PropertyValueSpecification","valueRequired":true,"valueName":"search_term_string"}}],"inLanguage":"es"},{"@type":"Person","@id":"https:\/\/www.noticiasradioreflejos.com.ar\/2021\/#\/schema\/person\/ad82545263dcc5ec0996818884fd5fb1","name":"Arnaldo Botto","image":{"@type":"ImageObject","inLanguage":"es","@id":"https:\/\/www.noticiasradioreflejos.com.ar\/2021\/#\/schema\/person\/image\/","url":"https:\/\/secure.gravatar.com\/avatar\/55cb5e37c1efa326397366e6974cb338056df65cb50e7d64d1cf314e87504837?s=96&d=mm&r=g","contentUrl":"https:\/\/secure.gravatar.com\/avatar\/55cb5e37c1efa326397366e6974cb338056df65cb50e7d64d1cf314e87504837?s=96&d=mm&r=g","caption":"Arnaldo Botto"},"url":"https:\/\/www.noticiasradioreflejos.com.ar\/2021\/author\/arnaldo\/"}]}},"_links":{"self":[{"href":"https:\/\/www.noticiasradioreflejos.com.ar\/2021\/wp-json\/wp\/v2\/posts\/69983","targetHints":{"allow":["GET"]}}],"collection":[{"href":"https:\/\/www.noticiasradioreflejos.com.ar\/2021\/wp-json\/wp\/v2\/posts"}],"about":[{"href":"https:\/\/www.noticiasradioreflejos.com.ar\/2021\/wp-json\/wp\/v2\/types\/post"}],"author":[{"embeddable":true,"href":"https:\/\/www.noticiasradioreflejos.com.ar\/2021\/wp-json\/wp\/v2\/users\/3"}],"replies":[{"embeddable":true,"href":"https:\/\/www.noticiasradioreflejos.com.ar\/2021\/wp-json\/wp\/v2\/comments?post=69983"}],"version-history":[{"count":1,"href":"https:\/\/www.noticiasradioreflejos.com.ar\/2021\/wp-json\/wp\/v2\/posts\/69983\/revisions"}],"predecessor-version":[{"id":69985,"href":"https:\/\/www.noticiasradioreflejos.com.ar\/2021\/wp-json\/wp\/v2\/posts\/69983\/revisions\/69985"}],"wp:attachment":[{"href":"https:\/\/www.noticiasradioreflejos.com.ar\/2021\/wp-json\/wp\/v2\/media?parent=69983"}],"wp:term":[{"taxonomy":"category","embeddable":true,"href":"https:\/\/www.noticiasradioreflejos.com.ar\/2021\/wp-json\/wp\/v2\/categories?post=69983"},{"taxonomy":"post_tag","embeddable":true,"href":"https:\/\/www.noticiasradioreflejos.com.ar\/2021\/wp-json\/wp\/v2\/tags?post=69983"}],"curies":[{"name":"wp","href":"https:\/\/api.w.org\/{rel}","templated":true}]}}