{"id":69979,"date":"2022-03-31T13:35:42","date_gmt":"2022-03-31T13:35:42","guid":{"rendered":"http:\/\/www.noticiasradioreflejos.com.ar\/2021\/?p=69979"},"modified":"2022-03-31T13:35:42","modified_gmt":"2022-03-31T13:35:42","slug":"se-dispondran-puntos-digitales-para-poder-completar-el-censo-digital","status":"publish","type":"post","link":"https:\/\/www.noticiasradioreflejos.com.ar\/2021\/se-dispondran-puntos-digitales-para-poder-completar-el-censo-digital\/","title":{"rendered":"Se dispondr\u00e1n Puntos Digitales para poder completar el Censo Digital"},"content":{"rendered":"<p>En el marco de una nueva edici\u00f3n del Censo, Tornquist Municipio pondr\u00e1 a disposici\u00f3n de los vecinos distintos puntos digitales en todo el distrito, para que puedan completar los formularios.<!--more--><br \/>\nEs la primera vez en la historia, que el INDEC dispone una bimodalidad (digital y presencial), como forma de contabilizar la poblaci\u00f3n, de manera sencilla y r\u00e1pida. El Censo 2022 presencial, se llevar\u00e1 a cabo el mi\u00e9rcoles 18 de mayo, donde quienes hayan completado el formulario online, \u00fanicamente deber\u00e1n mostrar el comprobante (c\u00f3digo alfanum\u00e9rico) que se genera cuando se termina el formulario digital.<br \/>\nPor tal motivo, todos aquellos vecinos que no cuenten con tecnolog\u00eda, o no tengan acceso a internet podr\u00e1n acercarse a los diferentes puntos dispuesto para completar el Censo digital:<\/p>\n<p>PUNTOS DIGITALES:<br \/>\n\u2022 Tornquist: Oficina de Turismo de 14 a 18hs, de lunes a viernes.<br \/>\n\u2022 Chasic\u00f3: Delegaci\u00f3n Municipal de 7 a 13hs, de lunes a viernes.<br \/>\n\u2022 Saldungaray: Delegaci\u00f3n Municipal de 10 a 13hs, de lunes a viernes<br \/>\nDeber\u00e1n acercarse con DNI propio, y llevar la siguiente informaci\u00f3n de quienes viven en su hogar: Nombre y Apellido, n\u00famero de DNI y fecha de nacimiento<br \/>\nA medida, que se vayan habilitando nuevos puntos digitales, se dar\u00e1n a conocer su ubicaci\u00f3n.<\/p>\n<p>Gracias al censo se podr\u00e1 saber cu\u00e1ntos somos, c\u00f3mo somos y c\u00f3mo vivimos.<\/p>\n","protected":false},"excerpt":{"rendered":"<p>En el marco de una nueva edici\u00f3n del Censo, Tornquist Municipio pondr\u00e1 a disposici\u00f3n de los vecinos distintos puntos digitales en todo el distrito, para que puedan completar los formularios.<\/p>\n","protected":false},"author":3,"featured_media":0,"comment_status":"closed","ping_status":"closed","sticky":false,"template":"","format":"standard","meta":{"footnotes":""},"categories":[28],"tags":[],"class_list":["post-69979","post","type-post","status-publish","format-standard","hentry","category-municipales"],"yoast_head":"<!-- This site is optimized with the Yoast SEO plugin v25.9 - https:\/\/yoast.com\/wordpress\/plugins\/seo\/ -->\n<title>Se dispondr\u00e1n Puntos Digitales para poder completar el Censo Digital - Noticias Radio Reflejos<\/title>\n<meta name=\"robots\" content=\"index, follow, max-snippet:-1, max-image-preview:large, max-video-preview:-1\" \/>\n<link rel=\"canonical\" href=\"https:\/\/www.noticiasradioreflejos.com.ar\/2021\/se-dispondran-puntos-digitales-para-poder-completar-el-censo-digital\/\" \/>\n<meta property=\"og:locale\" content=\"es_ES\" \/>\n<meta property=\"og:type\" content=\"article\" \/>\n<meta property=\"og:title\" content=\"Se dispondr\u00e1n Puntos Digitales para poder completar el Censo Digital - Noticias Radio Reflejos\" \/>\n<meta property=\"og:description\" content=\"En el marco de una nueva edici\u00f3n del Censo, Tornquist Municipio pondr\u00e1 a disposici\u00f3n de los vecinos distintos puntos digitales en todo el distrito, para que puedan completar los formularios.\" \/>\n<meta property=\"og:url\" content=\"https:\/\/www.noticiasradioreflejos.com.ar\/2021\/se-dispondran-puntos-digitales-para-poder-completar-el-censo-digital\/\" \/>\n<meta property=\"og:site_name\" content=\"Noticias Radio Reflejos\" \/>\n<meta property=\"article:published_time\" content=\"2022-03-31T13:35:42+00:00\" \/>\n<meta property=\"og:image\" content=\"https:\/\/www.noticiasradioreflejos.com.ar\/2021\/wp-content\/uploads\/2021\/07\/logosol300x200.png\" \/>\n\t<meta property=\"og:image:width\" content=\"300\" \/>\n\t<meta property=\"og:image:height\" content=\"200\" \/>\n\t<meta property=\"og:image:type\" content=\"image\/png\" \/>\n<meta name=\"author\" content=\"Arnaldo Botto\" \/>\n<meta name=\"twitter:card\" content=\"summary_large_image\" \/>\n<script type=\"application\/ld+json\" class=\"yoast-schema-graph\">{\"@context\":\"https:\/\/schema.org\",\"@graph\":[{\"@type\":\"WebPage\",\"@id\":\"https:\/\/www.noticiasradioreflejos.com.ar\/2021\/se-dispondran-puntos-digitales-para-poder-completar-el-censo-digital\/\",\"url\":\"https:\/\/www.noticiasradioreflejos.com.ar\/2021\/se-dispondran-puntos-digitales-para-poder-completar-el-censo-digital\/\",\"name\":\"Se dispondr\u00e1n Puntos Digitales para poder completar el Censo Digital - Noticias Radio Reflejos\",\"isPartOf\":{\"@id\":\"https:\/\/www.noticiasradioreflejos.com.ar\/2021\/#website\"},\"datePublished\":\"2022-03-31T13:35:42+00:00\",\"author\":{\"@id\":\"https:\/\/www.noticiasradioreflejos.com.ar\/2021\/#\/schema\/person\/ad82545263dcc5ec0996818884fd5fb1\"},\"breadcrumb\":{\"@id\":\"https:\/\/www.noticiasradioreflejos.com.ar\/2021\/se-dispondran-puntos-digitales-para-poder-completar-el-censo-digital\/#breadcrumb\"},\"inLanguage\":\"es\",\"potentialAction\":[{\"@type\":\"ReadAction\",\"target\":[\"https:\/\/www.noticiasradioreflejos.com.ar\/2021\/se-dispondran-puntos-digitales-para-poder-completar-el-censo-digital\/\"]}]},{\"@type\":\"BreadcrumbList\",\"@id\":\"https:\/\/www.noticiasradioreflejos.com.ar\/2021\/se-dispondran-puntos-digitales-para-poder-completar-el-censo-digital\/#breadcrumb\",\"itemListElement\":[{\"@type\":\"ListItem\",\"position\":1,\"name\":\"Portada\",\"item\":\"https:\/\/www.noticiasradioreflejos.com.ar\/2021\/\"},{\"@type\":\"ListItem\",\"position\":2,\"name\":\"Se dispondr\u00e1n Puntos Digitales para poder completar el Censo Digital\"}]},{\"@type\":\"WebSite\",\"@id\":\"https:\/\/www.noticiasradioreflejos.com.ar\/2021\/#website\",\"url\":\"https:\/\/www.noticiasradioreflejos.com.ar\/2021\/\",\"name\":\"Noticias Radio Reflejos\",\"description\":\"Las noticias de mi comarca\",\"potentialAction\":[{\"@type\":\"SearchAction\",\"target\":{\"@type\":\"EntryPoint\",\"urlTemplate\":\"https:\/\/www.noticiasradioreflejos.com.ar\/2021\/?s={search_term_string}\"},\"query-input\":{\"@type\":\"PropertyValueSpecification\",\"valueRequired\":true,\"valueName\":\"search_term_string\"}}],\"inLanguage\":\"es\"},{\"@type\":\"Person\",\"@id\":\"https:\/\/www.noticiasradioreflejos.com.ar\/2021\/#\/schema\/person\/ad82545263dcc5ec0996818884fd5fb1\",\"name\":\"Arnaldo Botto\",\"image\":{\"@type\":\"ImageObject\",\"inLanguage\":\"es\",\"@id\":\"https:\/\/www.noticiasradioreflejos.com.ar\/2021\/#\/schema\/person\/image\/\",\"url\":\"https:\/\/secure.gravatar.com\/avatar\/55cb5e37c1efa326397366e6974cb338056df65cb50e7d64d1cf314e87504837?s=96&d=mm&r=g\",\"contentUrl\":\"https:\/\/secure.gravatar.com\/avatar\/55cb5e37c1efa326397366e6974cb338056df65cb50e7d64d1cf314e87504837?s=96&d=mm&r=g\",\"caption\":\"Arnaldo Botto\"},\"url\":\"https:\/\/www.noticiasradioreflejos.com.ar\/2021\/author\/arnaldo\/\"}]}<\/script>\n<!-- \/ Yoast SEO plugin. -->","yoast_head_json":{"title":"Se dispondr\u00e1n Puntos Digitales para poder completar el Censo Digital - Noticias Radio Reflejos","robots":{"index":"index","follow":"follow","max-snippet":"max-snippet:-1","max-image-preview":"max-image-preview:large","max-video-preview":"max-video-preview:-1"},"canonical":"https:\/\/www.noticiasradioreflejos.com.ar\/2021\/se-dispondran-puntos-digitales-para-poder-completar-el-censo-digital\/","og_locale":"es_ES","og_type":"article","og_title":"Se dispondr\u00e1n Puntos Digitales para poder completar el Censo Digital - Noticias Radio Reflejos","og_description":"En el marco de una nueva edici\u00f3n del Censo, Tornquist Municipio pondr\u00e1 a disposici\u00f3n de los vecinos distintos puntos digitales en todo el distrito, para que puedan completar los formularios.","og_url":"https:\/\/www.noticiasradioreflejos.com.ar\/2021\/se-dispondran-puntos-digitales-para-poder-completar-el-censo-digital\/","og_site_name":"Noticias Radio Reflejos","article_published_time":"2022-03-31T13:35:42+00:00","og_image":[{"width":300,"height":200,"url":"https:\/\/www.noticiasradioreflejos.com.ar\/2021\/wp-content\/uploads\/2021\/07\/logosol300x200.png","type":"image\/png"}],"author":"Arnaldo Botto","twitter_card":"summary_large_image","schema":{"@context":"https:\/\/schema.org","@graph":[{"@type":"WebPage","@id":"https:\/\/www.noticiasradioreflejos.com.ar\/2021\/se-dispondran-puntos-digitales-para-poder-completar-el-censo-digital\/","url":"https:\/\/www.noticiasradioreflejos.com.ar\/2021\/se-dispondran-puntos-digitales-para-poder-completar-el-censo-digital\/","name":"Se dispondr\u00e1n Puntos Digitales para poder completar el Censo Digital - Noticias Radio Reflejos","isPartOf":{"@id":"https:\/\/www.noticiasradioreflejos.com.ar\/2021\/#website"},"datePublished":"2022-03-31T13:35:42+00:00","author":{"@id":"https:\/\/www.noticiasradioreflejos.com.ar\/2021\/#\/schema\/person\/ad82545263dcc5ec0996818884fd5fb1"},"breadcrumb":{"@id":"https:\/\/www.noticiasradioreflejos.com.ar\/2021\/se-dispondran-puntos-digitales-para-poder-completar-el-censo-digital\/#breadcrumb"},"inLanguage":"es","potentialAction":[{"@type":"ReadAction","target":["https:\/\/www.noticiasradioreflejos.com.ar\/2021\/se-dispondran-puntos-digitales-para-poder-completar-el-censo-digital\/"]}]},{"@type":"BreadcrumbList","@id":"https:\/\/www.noticiasradioreflejos.com.ar\/2021\/se-dispondran-puntos-digitales-para-poder-completar-el-censo-digital\/#breadcrumb","itemListElement":[{"@type":"ListItem","position":1,"name":"Portada","item":"https:\/\/www.noticiasradioreflejos.com.ar\/2021\/"},{"@type":"ListItem","position":2,"name":"Se dispondr\u00e1n Puntos Digitales para poder completar el Censo Digital"}]},{"@type":"WebSite","@id":"https:\/\/www.noticiasradioreflejos.com.ar\/2021\/#website","url":"https:\/\/www.noticiasradioreflejos.com.ar\/2021\/","name":"Noticias Radio Reflejos","description":"Las noticias de mi comarca","potentialAction":[{"@type":"SearchAction","target":{"@type":"EntryPoint","urlTemplate":"https:\/\/www.noticiasradioreflejos.com.ar\/2021\/?s={search_term_string}"},"query-input":{"@type":"PropertyValueSpecification","valueRequired":true,"valueName":"search_term_string"}}],"inLanguage":"es"},{"@type":"Person","@id":"https:\/\/www.noticiasradioreflejos.com.ar\/2021\/#\/schema\/person\/ad82545263dcc5ec0996818884fd5fb1","name":"Arnaldo Botto","image":{"@type":"ImageObject","inLanguage":"es","@id":"https:\/\/www.noticiasradioreflejos.com.ar\/2021\/#\/schema\/person\/image\/","url":"https:\/\/secure.gravatar.com\/avatar\/55cb5e37c1efa326397366e6974cb338056df65cb50e7d64d1cf314e87504837?s=96&d=mm&r=g","contentUrl":"https:\/\/secure.gravatar.com\/avatar\/55cb5e37c1efa326397366e6974cb338056df65cb50e7d64d1cf314e87504837?s=96&d=mm&r=g","caption":"Arnaldo Botto"},"url":"https:\/\/www.noticiasradioreflejos.com.ar\/2021\/author\/arnaldo\/"}]}},"_links":{"self":[{"href":"https:\/\/www.noticiasradioreflejos.com.ar\/2021\/wp-json\/wp\/v2\/posts\/69979","targetHints":{"allow":["GET"]}}],"collection":[{"href":"https:\/\/www.noticiasradioreflejos.com.ar\/2021\/wp-json\/wp\/v2\/posts"}],"about":[{"href":"https:\/\/www.noticiasradioreflejos.com.ar\/2021\/wp-json\/wp\/v2\/types\/post"}],"author":[{"embeddable":true,"href":"https:\/\/www.noticiasradioreflejos.com.ar\/2021\/wp-json\/wp\/v2\/users\/3"}],"replies":[{"embeddable":true,"href":"https:\/\/www.noticiasradioreflejos.com.ar\/2021\/wp-json\/wp\/v2\/comments?post=69979"}],"version-history":[{"count":2,"href":"https:\/\/www.noticiasradioreflejos.com.ar\/2021\/wp-json\/wp\/v2\/posts\/69979\/revisions"}],"predecessor-version":[{"id":69982,"href":"https:\/\/www.noticiasradioreflejos.com.ar\/2021\/wp-json\/wp\/v2\/posts\/69979\/revisions\/69982"}],"wp:attachment":[{"href":"https:\/\/www.noticiasradioreflejos.com.ar\/2021\/wp-json\/wp\/v2\/media?parent=69979"}],"wp:term":[{"taxonomy":"category","embeddable":true,"href":"https:\/\/www.noticiasradioreflejos.com.ar\/2021\/wp-json\/wp\/v2\/categories?post=69979"},{"taxonomy":"post_tag","embeddable":true,"href":"https:\/\/www.noticiasradioreflejos.com.ar\/2021\/wp-json\/wp\/v2\/tags?post=69979"}],"curies":[{"name":"wp","href":"https:\/\/api.w.org\/{rel}","templated":true}]}}