{"id":69974,"date":"2022-03-31T13:15:26","date_gmt":"2022-03-31T13:15:26","guid":{"rendered":"http:\/\/www.noticiasradioreflejos.com.ar\/2021\/?p=69974"},"modified":"2022-03-31T13:15:26","modified_gmt":"2022-03-31T13:15:26","slug":"vuelven-las-notas-numericas-en-las-escuelas-bonaerenses","status":"publish","type":"post","link":"https:\/\/www.noticiasradioreflejos.com.ar\/2021\/vuelven-las-notas-numericas-en-las-escuelas-bonaerenses\/","title":{"rendered":"Vuelven las notas num\u00e9ricas en las escuelas bonaerenses"},"content":{"rendered":"<header id=\"mvp-post-head\" class=\"left relative\">En principio, s\u00f3lo ser\u00e1 para quienes aprueben los contenidos. El resto recibir\u00e1 evaluaciones conceptuales hasta alcanzar los objetivos.<\/p>\n<\/header>\n<p><!--more--><img loading=\"lazy\" decoding=\"async\" class=\"attachment- size- wp-post-image webpexpress-processed\" src=\"https:\/\/www.labrujula24.com\/wp-content\/uploads\/2022\/03\/Untitled-1-98.jpg\" sizes=\"auto, (max-width: 1200px) 100vw, 1200px\" srcset=\"https:\/\/www.labrujula24.com\/wp-content\/uploads\/2022\/03\/Untitled-1-98.jpg 1200w, https:\/\/www.labrujula24.com\/wp-content\/uploads\/2022\/03\/Untitled-1-98-768x461.jpg 768w, https:\/\/www.labrujula24.com\/wp-content\/uploads\/2022\/03\/Untitled-1-98-1000x600.jpg 1000w, https:\/\/www.labrujula24.com\/wp-content\/uploads\/2022\/03\/Untitled-1-98-590x354.jpg 590w, https:\/\/www.labrujula24.com\/wp-content\/uploads\/2022\/03\/Untitled-1-98-400x240.jpg 400w\" alt=\"\" width=\"1200\" height=\"720\" \/><\/p>\n<div class=\"mvp-post-main-out left relative\">\n<div class=\"mvp-post-main-in\">\n<div id=\"mvp-post-content\" class=\"left relative\">\n<div id=\"mvp-content-wrap\" class=\"left relative\">\n<div class=\"mvp-post-soc-out right relative\">\n<div class=\"mvp-post-soc-in\">\n<div id=\"mvp-content-body\" class=\"left relative\">\n<div id=\"mvp-content-body-top\" class=\"left relative\">\n<div id=\"mvp-content-main\" class=\"left relative\">\n<div id=\"textbody\">\n<div class=\"at-above-post addthis_tool\" data-url=\"https:\/\/www.labrujula24.com\/notas\/2022\/03\/31\/vuelven-las-notas-numericas-en-las-escuelas-bonaerenses-n203435\/\"><\/div>\n<p>Luego de dos a\u00f1os de notas conceptuales,\u00a0<strong>regresar\u00e1n a fin de este ciclo escolar las notas num\u00e9ricas para evaluar a los alumnos\u00a0<\/strong>de las escuelas secundarias y al segundo ciclo de la escuela primaria (de cuarto a sexto grado).<\/p>\n<p>Durante el ciclo escolar 2022 los alumnos secundarios sostendr\u00e1n las tres categor\u00edas de calificaci\u00f3n conceptual: Trayectoria Educativa Avanzada (TEA), que implica, al menos, el 70 por ciento de los contenidos aprobados; Trayectoria Educativa en Proceso (TEP); y Trayectoria Educativa Discontinua (TED). Quienes logren al finalizar el a\u00f1o la calificaci\u00f3n TEA tendr\u00e1n un n\u00famero del 7 al 10. El resto recibir\u00e1 una calificaci\u00f3n conceptual entre la TEP y la TED.<\/p>\n<p>Si un alumno desaprueba la asignatura y debe rendir en diciembre, febrero o dejarla previa, la calificaci\u00f3n estar\u00e1 entre el 4 y el 10 una vez que alcance los objetivos necesarios para superar los contenidos.<\/p>\n<p>Los alumnos recibir\u00e1n dos informes al cierre de cada cuatrimestre: los Registros Institucionales de Trayectorias Educativas (RITE). Tambi\u00e9n se entregar\u00e1n informes de avance a mediados de cada cuatrimestre, comunicando el estado de los aprendizajes de los alumnos como tambi\u00e9n situaciones vinculadas a la asistencia o discontinuidad de las trayectorias educativas, para que haya un panorama sobre la evoluci\u00f3n de los estudiantes en cada materia.<\/p>\n<div class=\"code-block code-block-1\"><\/div>\n<p>Seg\u00fan se pudo saber, recientemente la Direcci\u00f3n General de Cultura y Educaci\u00f3n bonaerense distribuy\u00f3 un documento entre las secundarias explicando c\u00f3mo ser\u00e1 la evaluaci\u00f3n. En principio, en la mayor\u00eda de reuniones de directivos con padres en diferentes colegios secundarios, se inform\u00f3 que la Provincia no iba a regresar a la calificaci\u00f3n num\u00e9rica y se mantendr\u00eda la evaluaci\u00f3n conceptual (TEA, TEP y TED). Sin embargo, en las \u00faltimas horas se difundi\u00f3 el cambio.<\/p>\n<p><strong>Seg\u00fan Gustavo Galli, director de Educaci\u00f3n Media de la Provincia, esta decisi\u00f3n es \u201ctransitoria\u201d, camino hacia un nuevo r\u00e9gimen acad\u00e9mico para el nivel secundario para 2023\u201d.<\/strong><\/p>\n<p>Cabe indicar que ese futuro r\u00e9gimen acad\u00e9mico se discutir\u00e1 en distintas instancias y debe ser aprobado por el Consejo de Educaci\u00f3n de la Provincia, seg\u00fan trascendi\u00f3.<\/p>\n<p>Se mencion\u00f3 en la cartera educativa bonaerense que el documento de pautas es una \u201cbisagra entre el r\u00e9gimen anterior y el siguiente. No es definitivo\u201d.<\/p>\n<p>Con respecto a las escuelas primarias, seg\u00fan pudo saber este diario, los n\u00fameros regresar\u00e1n para el segundo ciclo (cuarto, quinto y sexto grado), mientras que de primero a tercer grado seguir\u00e1n las notas conceptuales.<\/p>\n<p><strong>Fuente: El D\u00eda<\/strong><\/p>\n<\/div>\n<\/div>\n<\/div>\n<\/div>\n<\/div>\n<\/div>\n<\/div>\n<\/div>\n<\/div>\n<\/div>\n","protected":false},"excerpt":{"rendered":"<p>En principio, s\u00f3lo ser\u00e1 para quienes aprueben los contenidos. El resto recibir\u00e1 evaluaciones conceptuales hasta alcanzar los objetivos.<\/p>\n","protected":false},"author":3,"featured_media":0,"comment_status":"closed","ping_status":"closed","sticky":false,"template":"","format":"standard","meta":{"footnotes":""},"categories":[1],"tags":[],"class_list":["post-69974","post","type-post","status-publish","format-standard","hentry","category-sin-categoria"],"yoast_head":"<!-- This site is optimized with the Yoast SEO plugin v25.9 - https:\/\/yoast.com\/wordpress\/plugins\/seo\/ -->\n<title>Vuelven las notas num\u00e9ricas en las escuelas bonaerenses - Noticias Radio Reflejos<\/title>\n<meta name=\"robots\" content=\"index, follow, max-snippet:-1, max-image-preview:large, max-video-preview:-1\" \/>\n<link rel=\"canonical\" href=\"https:\/\/www.noticiasradioreflejos.com.ar\/2021\/vuelven-las-notas-numericas-en-las-escuelas-bonaerenses\/\" \/>\n<meta property=\"og:locale\" content=\"es_ES\" \/>\n<meta property=\"og:type\" content=\"article\" \/>\n<meta property=\"og:title\" content=\"Vuelven las notas num\u00e9ricas en las escuelas bonaerenses - Noticias Radio Reflejos\" \/>\n<meta property=\"og:description\" content=\"En principio, s\u00f3lo ser\u00e1 para quienes aprueben los contenidos. El resto recibir\u00e1 evaluaciones conceptuales hasta alcanzar los objetivos.\" \/>\n<meta property=\"og:url\" content=\"https:\/\/www.noticiasradioreflejos.com.ar\/2021\/vuelven-las-notas-numericas-en-las-escuelas-bonaerenses\/\" \/>\n<meta property=\"og:site_name\" content=\"Noticias Radio Reflejos\" \/>\n<meta property=\"article:published_time\" content=\"2022-03-31T13:15:26+00:00\" \/>\n<meta property=\"og:image\" content=\"https:\/\/www.labrujula24.com\/wp-content\/uploads\/2022\/03\/Untitled-1-98.jpg\" \/>\n<meta name=\"author\" content=\"Arnaldo Botto\" \/>\n<meta name=\"twitter:card\" content=\"summary_large_image\" \/>\n<script type=\"application\/ld+json\" class=\"yoast-schema-graph\">{\"@context\":\"https:\/\/schema.org\",\"@graph\":[{\"@type\":\"WebPage\",\"@id\":\"https:\/\/www.noticiasradioreflejos.com.ar\/2021\/vuelven-las-notas-numericas-en-las-escuelas-bonaerenses\/\",\"url\":\"https:\/\/www.noticiasradioreflejos.com.ar\/2021\/vuelven-las-notas-numericas-en-las-escuelas-bonaerenses\/\",\"name\":\"Vuelven las notas num\u00e9ricas en las escuelas bonaerenses - Noticias Radio Reflejos\",\"isPartOf\":{\"@id\":\"https:\/\/www.noticiasradioreflejos.com.ar\/2021\/#website\"},\"primaryImageOfPage\":{\"@id\":\"https:\/\/www.noticiasradioreflejos.com.ar\/2021\/vuelven-las-notas-numericas-en-las-escuelas-bonaerenses\/#primaryimage\"},\"image\":{\"@id\":\"https:\/\/www.noticiasradioreflejos.com.ar\/2021\/vuelven-las-notas-numericas-en-las-escuelas-bonaerenses\/#primaryimage\"},\"thumbnailUrl\":\"https:\/\/www.labrujula24.com\/wp-content\/uploads\/2022\/03\/Untitled-1-98.jpg\",\"datePublished\":\"2022-03-31T13:15:26+00:00\",\"author\":{\"@id\":\"https:\/\/www.noticiasradioreflejos.com.ar\/2021\/#\/schema\/person\/ad82545263dcc5ec0996818884fd5fb1\"},\"breadcrumb\":{\"@id\":\"https:\/\/www.noticiasradioreflejos.com.ar\/2021\/vuelven-las-notas-numericas-en-las-escuelas-bonaerenses\/#breadcrumb\"},\"inLanguage\":\"es\",\"potentialAction\":[{\"@type\":\"ReadAction\",\"target\":[\"https:\/\/www.noticiasradioreflejos.com.ar\/2021\/vuelven-las-notas-numericas-en-las-escuelas-bonaerenses\/\"]}]},{\"@type\":\"ImageObject\",\"inLanguage\":\"es\",\"@id\":\"https:\/\/www.noticiasradioreflejos.com.ar\/2021\/vuelven-las-notas-numericas-en-las-escuelas-bonaerenses\/#primaryimage\",\"url\":\"https:\/\/www.labrujula24.com\/wp-content\/uploads\/2022\/03\/Untitled-1-98.jpg\",\"contentUrl\":\"https:\/\/www.labrujula24.com\/wp-content\/uploads\/2022\/03\/Untitled-1-98.jpg\"},{\"@type\":\"BreadcrumbList\",\"@id\":\"https:\/\/www.noticiasradioreflejos.com.ar\/2021\/vuelven-las-notas-numericas-en-las-escuelas-bonaerenses\/#breadcrumb\",\"itemListElement\":[{\"@type\":\"ListItem\",\"position\":1,\"name\":\"Portada\",\"item\":\"https:\/\/www.noticiasradioreflejos.com.ar\/2021\/\"},{\"@type\":\"ListItem\",\"position\":2,\"name\":\"Vuelven las notas num\u00e9ricas en las escuelas bonaerenses\"}]},{\"@type\":\"WebSite\",\"@id\":\"https:\/\/www.noticiasradioreflejos.com.ar\/2021\/#website\",\"url\":\"https:\/\/www.noticiasradioreflejos.com.ar\/2021\/\",\"name\":\"Noticias Radio Reflejos\",\"description\":\"Las noticias de mi comarca\",\"potentialAction\":[{\"@type\":\"SearchAction\",\"target\":{\"@type\":\"EntryPoint\",\"urlTemplate\":\"https:\/\/www.noticiasradioreflejos.com.ar\/2021\/?s={search_term_string}\"},\"query-input\":{\"@type\":\"PropertyValueSpecification\",\"valueRequired\":true,\"valueName\":\"search_term_string\"}}],\"inLanguage\":\"es\"},{\"@type\":\"Person\",\"@id\":\"https:\/\/www.noticiasradioreflejos.com.ar\/2021\/#\/schema\/person\/ad82545263dcc5ec0996818884fd5fb1\",\"name\":\"Arnaldo Botto\",\"image\":{\"@type\":\"ImageObject\",\"inLanguage\":\"es\",\"@id\":\"https:\/\/www.noticiasradioreflejos.com.ar\/2021\/#\/schema\/person\/image\/\",\"url\":\"https:\/\/secure.gravatar.com\/avatar\/55cb5e37c1efa326397366e6974cb338056df65cb50e7d64d1cf314e87504837?s=96&d=mm&r=g\",\"contentUrl\":\"https:\/\/secure.gravatar.com\/avatar\/55cb5e37c1efa326397366e6974cb338056df65cb50e7d64d1cf314e87504837?s=96&d=mm&r=g\",\"caption\":\"Arnaldo Botto\"},\"url\":\"https:\/\/www.noticiasradioreflejos.com.ar\/2021\/author\/arnaldo\/\"}]}<\/script>\n<!-- \/ Yoast SEO plugin. -->","yoast_head_json":{"title":"Vuelven las notas num\u00e9ricas en las escuelas bonaerenses - Noticias Radio Reflejos","robots":{"index":"index","follow":"follow","max-snippet":"max-snippet:-1","max-image-preview":"max-image-preview:large","max-video-preview":"max-video-preview:-1"},"canonical":"https:\/\/www.noticiasradioreflejos.com.ar\/2021\/vuelven-las-notas-numericas-en-las-escuelas-bonaerenses\/","og_locale":"es_ES","og_type":"article","og_title":"Vuelven las notas num\u00e9ricas en las escuelas bonaerenses - Noticias Radio Reflejos","og_description":"En principio, s\u00f3lo ser\u00e1 para quienes aprueben los contenidos. El resto recibir\u00e1 evaluaciones conceptuales hasta alcanzar los objetivos.","og_url":"https:\/\/www.noticiasradioreflejos.com.ar\/2021\/vuelven-las-notas-numericas-en-las-escuelas-bonaerenses\/","og_site_name":"Noticias Radio Reflejos","article_published_time":"2022-03-31T13:15:26+00:00","og_image":[{"url":"https:\/\/www.labrujula24.com\/wp-content\/uploads\/2022\/03\/Untitled-1-98.jpg","type":"","width":"","height":""}],"author":"Arnaldo Botto","twitter_card":"summary_large_image","schema":{"@context":"https:\/\/schema.org","@graph":[{"@type":"WebPage","@id":"https:\/\/www.noticiasradioreflejos.com.ar\/2021\/vuelven-las-notas-numericas-en-las-escuelas-bonaerenses\/","url":"https:\/\/www.noticiasradioreflejos.com.ar\/2021\/vuelven-las-notas-numericas-en-las-escuelas-bonaerenses\/","name":"Vuelven las notas num\u00e9ricas en las escuelas bonaerenses - Noticias Radio Reflejos","isPartOf":{"@id":"https:\/\/www.noticiasradioreflejos.com.ar\/2021\/#website"},"primaryImageOfPage":{"@id":"https:\/\/www.noticiasradioreflejos.com.ar\/2021\/vuelven-las-notas-numericas-en-las-escuelas-bonaerenses\/#primaryimage"},"image":{"@id":"https:\/\/www.noticiasradioreflejos.com.ar\/2021\/vuelven-las-notas-numericas-en-las-escuelas-bonaerenses\/#primaryimage"},"thumbnailUrl":"https:\/\/www.labrujula24.com\/wp-content\/uploads\/2022\/03\/Untitled-1-98.jpg","datePublished":"2022-03-31T13:15:26+00:00","author":{"@id":"https:\/\/www.noticiasradioreflejos.com.ar\/2021\/#\/schema\/person\/ad82545263dcc5ec0996818884fd5fb1"},"breadcrumb":{"@id":"https:\/\/www.noticiasradioreflejos.com.ar\/2021\/vuelven-las-notas-numericas-en-las-escuelas-bonaerenses\/#breadcrumb"},"inLanguage":"es","potentialAction":[{"@type":"ReadAction","target":["https:\/\/www.noticiasradioreflejos.com.ar\/2021\/vuelven-las-notas-numericas-en-las-escuelas-bonaerenses\/"]}]},{"@type":"ImageObject","inLanguage":"es","@id":"https:\/\/www.noticiasradioreflejos.com.ar\/2021\/vuelven-las-notas-numericas-en-las-escuelas-bonaerenses\/#primaryimage","url":"https:\/\/www.labrujula24.com\/wp-content\/uploads\/2022\/03\/Untitled-1-98.jpg","contentUrl":"https:\/\/www.labrujula24.com\/wp-content\/uploads\/2022\/03\/Untitled-1-98.jpg"},{"@type":"BreadcrumbList","@id":"https:\/\/www.noticiasradioreflejos.com.ar\/2021\/vuelven-las-notas-numericas-en-las-escuelas-bonaerenses\/#breadcrumb","itemListElement":[{"@type":"ListItem","position":1,"name":"Portada","item":"https:\/\/www.noticiasradioreflejos.com.ar\/2021\/"},{"@type":"ListItem","position":2,"name":"Vuelven las notas num\u00e9ricas en las escuelas bonaerenses"}]},{"@type":"WebSite","@id":"https:\/\/www.noticiasradioreflejos.com.ar\/2021\/#website","url":"https:\/\/www.noticiasradioreflejos.com.ar\/2021\/","name":"Noticias Radio Reflejos","description":"Las noticias de mi comarca","potentialAction":[{"@type":"SearchAction","target":{"@type":"EntryPoint","urlTemplate":"https:\/\/www.noticiasradioreflejos.com.ar\/2021\/?s={search_term_string}"},"query-input":{"@type":"PropertyValueSpecification","valueRequired":true,"valueName":"search_term_string"}}],"inLanguage":"es"},{"@type":"Person","@id":"https:\/\/www.noticiasradioreflejos.com.ar\/2021\/#\/schema\/person\/ad82545263dcc5ec0996818884fd5fb1","name":"Arnaldo Botto","image":{"@type":"ImageObject","inLanguage":"es","@id":"https:\/\/www.noticiasradioreflejos.com.ar\/2021\/#\/schema\/person\/image\/","url":"https:\/\/secure.gravatar.com\/avatar\/55cb5e37c1efa326397366e6974cb338056df65cb50e7d64d1cf314e87504837?s=96&d=mm&r=g","contentUrl":"https:\/\/secure.gravatar.com\/avatar\/55cb5e37c1efa326397366e6974cb338056df65cb50e7d64d1cf314e87504837?s=96&d=mm&r=g","caption":"Arnaldo Botto"},"url":"https:\/\/www.noticiasradioreflejos.com.ar\/2021\/author\/arnaldo\/"}]}},"_links":{"self":[{"href":"https:\/\/www.noticiasradioreflejos.com.ar\/2021\/wp-json\/wp\/v2\/posts\/69974","targetHints":{"allow":["GET"]}}],"collection":[{"href":"https:\/\/www.noticiasradioreflejos.com.ar\/2021\/wp-json\/wp\/v2\/posts"}],"about":[{"href":"https:\/\/www.noticiasradioreflejos.com.ar\/2021\/wp-json\/wp\/v2\/types\/post"}],"author":[{"embeddable":true,"href":"https:\/\/www.noticiasradioreflejos.com.ar\/2021\/wp-json\/wp\/v2\/users\/3"}],"replies":[{"embeddable":true,"href":"https:\/\/www.noticiasradioreflejos.com.ar\/2021\/wp-json\/wp\/v2\/comments?post=69974"}],"version-history":[{"count":1,"href":"https:\/\/www.noticiasradioreflejos.com.ar\/2021\/wp-json\/wp\/v2\/posts\/69974\/revisions"}],"predecessor-version":[{"id":69976,"href":"https:\/\/www.noticiasradioreflejos.com.ar\/2021\/wp-json\/wp\/v2\/posts\/69974\/revisions\/69976"}],"wp:attachment":[{"href":"https:\/\/www.noticiasradioreflejos.com.ar\/2021\/wp-json\/wp\/v2\/media?parent=69974"}],"wp:term":[{"taxonomy":"category","embeddable":true,"href":"https:\/\/www.noticiasradioreflejos.com.ar\/2021\/wp-json\/wp\/v2\/categories?post=69974"},{"taxonomy":"post_tag","embeddable":true,"href":"https:\/\/www.noticiasradioreflejos.com.ar\/2021\/wp-json\/wp\/v2\/tags?post=69974"}],"curies":[{"name":"wp","href":"https:\/\/api.w.org\/{rel}","templated":true}]}}