{"id":69971,"date":"2022-03-31T13:01:15","date_gmt":"2022-03-31T13:01:15","guid":{"rendered":"http:\/\/www.noticiasradioreflejos.com.ar\/2021\/?p=69971"},"modified":"2022-03-31T13:01:15","modified_gmt":"2022-03-31T13:01:15","slug":"llego-a-ushuaia-el-velero-noruego-que-navega-para-sumar-conocimiento-sobre-los-oceanos","status":"publish","type":"post","link":"https:\/\/www.noticiasradioreflejos.com.ar\/2021\/llego-a-ushuaia-el-velero-noruego-que-navega-para-sumar-conocimiento-sobre-los-oceanos\/","title":{"rendered":"Lleg\u00f3 a Ushuaia el velero noruego que navega para sumar conocimiento sobre los oc\u00e9anos"},"content":{"rendered":"<p>La expedici\u00f3n cient\u00edfica consiste en la circunnavegaci\u00f3n del mundo para recopilar informaci\u00f3n sobre el estado y el uso sustentable de los oc\u00e9anos y \u00absu interacci\u00f3n con los humanos para generar una nueva perspectiva\u201d.<br \/>\n<!--more--><\/p>\n<p>El velero noruego \u201cStatsraad Lehmkuhl\u201d, que navega alrededor del mundo con el objetivo de generar nuevos conocimientos cient\u00edficos sobre el uso sustentable de los oc\u00e9anos, arrib\u00f3 hoy a la ciudad de Ushuaia, en Tierra del Fuego, como parte de un viaje de 55 mil millas n\u00e1uticas que incluye a 37 puertos de todo el planeta, informaron fuentes oficiales.<\/p>\n<p>La embarcaci\u00f3n de<strong>\u00a0108 a\u00f1os\u00a0<\/strong>(construida en 1914) est\u00e1 considerada uno de los barcos a vela m\u00e1s grandes y r\u00e1pidos del mundo, mientras que como<strong>\u00a0el 70% de sus recorridos se realizan impulsados por el viento<\/strong>, tambi\u00e9n se lo define como una nave ecol\u00f3gica.<\/p>\n<p>La expedici\u00f3n cient\u00edfica que viaja a bordo del \u201cStatsraad Lehmkuhl\u201d se denomina \u201cOne Ocean\u201d y consiste en la circunnavegaci\u00f3n del mundo para \u201crecopilar informaci\u00f3n sobre el estado de los oc\u00e9anos y su interacci\u00f3n con los humanos para generar una nueva perspectiva\u201d, explicaron fuentes oficiales consultadas por T\u00e9lam.<\/p>\n<p>Temas como el cambio clim\u00e1tico, la biodiversidad, la pesca, la contaminaci\u00f3n y la acidificaci\u00f3n de los oc\u00e9anos son claves en la investigaci\u00f3n que realizan los especialistas embarcados junto con expertos de muchos de los lugares que visitan.<\/p>\n<p>El velero zarp\u00f3 del puerto noruego de Arendal el 20 de agosto de 2021, y el 24 de febrero de 2022 parti\u00f3 desde R\u00edo de Janeiro (Brasil) rumbo a los mares australes.<\/p>\n<p>Al mando de miembros de la marina de Noruega, el buque tiene previsto realizar en los pr\u00f3ximos d\u00edas una recorrida por el Canal Beagle y llegar hasta el Cabo de Hornos con cient\u00edficos noruegos y argentinos a bordo, para luego retornar a Ushuaia y volver a zarpar el 7 de abril.<\/p>\n<figure class=\"mb-3\"><img decoding=\"async\" src=\"https:\/\/www.telam.com.ar\/thumbs\/bluesteel\/advf\/imagenes\/2022\/03\/6244acd7a79ec_900.jpg\" alt=\"El velero zarp del puerto noruego de Arendal el 20 de agosto de 2021 Foto Cristian Urrutia\" width=\"100%\" height=\"100%\" \/><\/p>\n<div class=\"media-icons\"><\/div><figcaption>El velero zarp\u00f3 del puerto noruego de Arendal el 20 de agosto de 2021. Foto: Cristian Urrutia<\/figcaption><\/figure>\n<p>El embajador de Noruega en Argentina, Lars Ole Vaagen, se reuni\u00f3 el martes con el gobernador de Tierra del Fuego, Gustavo Melella, y parte de su gabinete, para interiorizarlo sobre las actividades del buque.<\/p>\n<p>\u201cNuestro objetivo es conversar y cooperar con el gobernador, en relaci\u00f3n a la problem\u00e1tica del oc\u00e9ano. Como otros grandes problemas en el mundo, deben abordarse de manera conjunta. La contaminaci\u00f3n por pl\u00e1sticos pero tambi\u00e9n el mal uso de los recursos y la criminalidad pesquera son parte de esos problemas\u201d, explic\u00f3 el embajador en declaraciones oficiales difundidas por el gobierno fueguino.<\/p>\n<p>A su vez, el diplom\u00e1tico cont\u00f3 que<strong>\u00a0el barco se utilizaba originalmente para la formaci\u00f3n de j\u00f3venes militares pero que en los \u00faltimos a\u00f1os empez\u00f3 a usarse para otros fines.<\/strong><\/p>\n<p>Por su parte, el secretario de Malvinas, Ant\u00e1rtida y Asuntos Internacionales de Tierra del Fuego, Andr\u00e9s Dachary, sostuvo que la visita \u201cpone en valor la relaci\u00f3n que ya tiene el gobierno provincial no solamente con el Reino de Noruega, sino tambi\u00e9n con organizaciones de la sociedad civil en ese pa\u00eds\u201d.<\/p>\n<p>\u201cSe trabaj\u00f3 en la construcci\u00f3n de una nueva agenda, a partir de todo lo que se viene desarrollando con Noruega. Avanzamos en vincularnos en temas relacionados con la investigaci\u00f3n, desarrollo productivo y otras tem\u00e1ticas de inter\u00e9s para las partes\u201d, agreg\u00f3 el funcionario fueguino.<\/p>\n<p>Entre otras actividades que se realizar\u00e1n en Ushuaia a prop\u00f3sito de la visita del velero, est\u00e1 previsto un<strong>\u00a0seminario de intercambio cient\u00edfico con expertos noruegos y argentinos<\/strong>, y se exhibir\u00e1 la muestra: \u201cNoruega y Argentina: La Conexi\u00f3n Ant\u00e1rtica\u201d sobre la historia de los v\u00ednculos de Argentina y Noruega en la Ant\u00e1rtida.<\/p>\n<p>&nbsp;<\/p>\n<p>&nbsp;<\/p>\n","protected":false},"excerpt":{"rendered":"<p>La expedici\u00f3n cient\u00edfica consiste en la circunnavegaci\u00f3n del mundo para recopilar informaci\u00f3n sobre el estado y el uso sustentable de los oc\u00e9anos y \u00absu interacci\u00f3n con los humanos para generar una nueva perspectiva\u201d.<\/p>\n","protected":false},"author":3,"featured_media":0,"comment_status":"closed","ping_status":"closed","sticky":false,"template":"","format":"standard","meta":{"footnotes":""},"categories":[46,26],"tags":[],"class_list":["post-69971","post","type-post","status-publish","format-standard","hentry","category-ciencia-y-tecnologia","category-sociedad"],"yoast_head":"<!-- This site is optimized with the Yoast SEO plugin v25.9 - https:\/\/yoast.com\/wordpress\/plugins\/seo\/ -->\n<title>Lleg\u00f3 a Ushuaia el velero noruego que navega para sumar conocimiento sobre los oc\u00e9anos - Noticias Radio Reflejos<\/title>\n<meta name=\"robots\" content=\"index, follow, max-snippet:-1, max-image-preview:large, max-video-preview:-1\" \/>\n<link rel=\"canonical\" href=\"https:\/\/www.noticiasradioreflejos.com.ar\/2021\/llego-a-ushuaia-el-velero-noruego-que-navega-para-sumar-conocimiento-sobre-los-oceanos\/\" \/>\n<meta property=\"og:locale\" content=\"es_ES\" \/>\n<meta property=\"og:type\" content=\"article\" \/>\n<meta property=\"og:title\" content=\"Lleg\u00f3 a Ushuaia el velero noruego que navega para sumar conocimiento sobre los oc\u00e9anos - Noticias Radio Reflejos\" \/>\n<meta property=\"og:description\" content=\"La expedici\u00f3n cient\u00edfica consiste en la circunnavegaci\u00f3n del mundo para recopilar informaci\u00f3n sobre el estado y el uso sustentable de los oc\u00e9anos y \u00absu interacci\u00f3n con los humanos para generar una nueva perspectiva\u201d.\" \/>\n<meta property=\"og:url\" content=\"https:\/\/www.noticiasradioreflejos.com.ar\/2021\/llego-a-ushuaia-el-velero-noruego-que-navega-para-sumar-conocimiento-sobre-los-oceanos\/\" \/>\n<meta property=\"og:site_name\" content=\"Noticias Radio Reflejos\" \/>\n<meta property=\"article:published_time\" content=\"2022-03-31T13:01:15+00:00\" \/>\n<meta property=\"og:image\" content=\"https:\/\/www.telam.com.ar\/thumbs\/bluesteel\/advf\/imagenes\/2022\/03\/6244acd7a79ec_900.jpg\" \/>\n<meta name=\"author\" content=\"Arnaldo Botto\" \/>\n<meta name=\"twitter:card\" content=\"summary_large_image\" \/>\n<script type=\"application\/ld+json\" class=\"yoast-schema-graph\">{\"@context\":\"https:\/\/schema.org\",\"@graph\":[{\"@type\":\"WebPage\",\"@id\":\"https:\/\/www.noticiasradioreflejos.com.ar\/2021\/llego-a-ushuaia-el-velero-noruego-que-navega-para-sumar-conocimiento-sobre-los-oceanos\/\",\"url\":\"https:\/\/www.noticiasradioreflejos.com.ar\/2021\/llego-a-ushuaia-el-velero-noruego-que-navega-para-sumar-conocimiento-sobre-los-oceanos\/\",\"name\":\"Lleg\u00f3 a Ushuaia el velero noruego que navega para sumar conocimiento sobre los oc\u00e9anos - Noticias Radio Reflejos\",\"isPartOf\":{\"@id\":\"https:\/\/www.noticiasradioreflejos.com.ar\/2021\/#website\"},\"primaryImageOfPage\":{\"@id\":\"https:\/\/www.noticiasradioreflejos.com.ar\/2021\/llego-a-ushuaia-el-velero-noruego-que-navega-para-sumar-conocimiento-sobre-los-oceanos\/#primaryimage\"},\"image\":{\"@id\":\"https:\/\/www.noticiasradioreflejos.com.ar\/2021\/llego-a-ushuaia-el-velero-noruego-que-navega-para-sumar-conocimiento-sobre-los-oceanos\/#primaryimage\"},\"thumbnailUrl\":\"https:\/\/www.telam.com.ar\/thumbs\/bluesteel\/advf\/imagenes\/2022\/03\/6244acd7a79ec_900.jpg\",\"datePublished\":\"2022-03-31T13:01:15+00:00\",\"author\":{\"@id\":\"https:\/\/www.noticiasradioreflejos.com.ar\/2021\/#\/schema\/person\/ad82545263dcc5ec0996818884fd5fb1\"},\"breadcrumb\":{\"@id\":\"https:\/\/www.noticiasradioreflejos.com.ar\/2021\/llego-a-ushuaia-el-velero-noruego-que-navega-para-sumar-conocimiento-sobre-los-oceanos\/#breadcrumb\"},\"inLanguage\":\"es\",\"potentialAction\":[{\"@type\":\"ReadAction\",\"target\":[\"https:\/\/www.noticiasradioreflejos.com.ar\/2021\/llego-a-ushuaia-el-velero-noruego-que-navega-para-sumar-conocimiento-sobre-los-oceanos\/\"]}]},{\"@type\":\"ImageObject\",\"inLanguage\":\"es\",\"@id\":\"https:\/\/www.noticiasradioreflejos.com.ar\/2021\/llego-a-ushuaia-el-velero-noruego-que-navega-para-sumar-conocimiento-sobre-los-oceanos\/#primaryimage\",\"url\":\"https:\/\/www.telam.com.ar\/thumbs\/bluesteel\/advf\/imagenes\/2022\/03\/6244acd7a79ec_900.jpg\",\"contentUrl\":\"https:\/\/www.telam.com.ar\/thumbs\/bluesteel\/advf\/imagenes\/2022\/03\/6244acd7a79ec_900.jpg\"},{\"@type\":\"BreadcrumbList\",\"@id\":\"https:\/\/www.noticiasradioreflejos.com.ar\/2021\/llego-a-ushuaia-el-velero-noruego-que-navega-para-sumar-conocimiento-sobre-los-oceanos\/#breadcrumb\",\"itemListElement\":[{\"@type\":\"ListItem\",\"position\":1,\"name\":\"Portada\",\"item\":\"https:\/\/www.noticiasradioreflejos.com.ar\/2021\/\"},{\"@type\":\"ListItem\",\"position\":2,\"name\":\"Lleg\u00f3 a Ushuaia el velero noruego que navega para sumar conocimiento sobre los oc\u00e9anos\"}]},{\"@type\":\"WebSite\",\"@id\":\"https:\/\/www.noticiasradioreflejos.com.ar\/2021\/#website\",\"url\":\"https:\/\/www.noticiasradioreflejos.com.ar\/2021\/\",\"name\":\"Noticias Radio Reflejos\",\"description\":\"Las noticias de mi comarca\",\"potentialAction\":[{\"@type\":\"SearchAction\",\"target\":{\"@type\":\"EntryPoint\",\"urlTemplate\":\"https:\/\/www.noticiasradioreflejos.com.ar\/2021\/?s={search_term_string}\"},\"query-input\":{\"@type\":\"PropertyValueSpecification\",\"valueRequired\":true,\"valueName\":\"search_term_string\"}}],\"inLanguage\":\"es\"},{\"@type\":\"Person\",\"@id\":\"https:\/\/www.noticiasradioreflejos.com.ar\/2021\/#\/schema\/person\/ad82545263dcc5ec0996818884fd5fb1\",\"name\":\"Arnaldo Botto\",\"image\":{\"@type\":\"ImageObject\",\"inLanguage\":\"es\",\"@id\":\"https:\/\/www.noticiasradioreflejos.com.ar\/2021\/#\/schema\/person\/image\/\",\"url\":\"https:\/\/secure.gravatar.com\/avatar\/55cb5e37c1efa326397366e6974cb338056df65cb50e7d64d1cf314e87504837?s=96&d=mm&r=g\",\"contentUrl\":\"https:\/\/secure.gravatar.com\/avatar\/55cb5e37c1efa326397366e6974cb338056df65cb50e7d64d1cf314e87504837?s=96&d=mm&r=g\",\"caption\":\"Arnaldo Botto\"},\"url\":\"https:\/\/www.noticiasradioreflejos.com.ar\/2021\/author\/arnaldo\/\"}]}<\/script>\n<!-- \/ Yoast SEO plugin. -->","yoast_head_json":{"title":"Lleg\u00f3 a Ushuaia el velero noruego que navega para sumar conocimiento sobre los oc\u00e9anos - Noticias Radio Reflejos","robots":{"index":"index","follow":"follow","max-snippet":"max-snippet:-1","max-image-preview":"max-image-preview:large","max-video-preview":"max-video-preview:-1"},"canonical":"https:\/\/www.noticiasradioreflejos.com.ar\/2021\/llego-a-ushuaia-el-velero-noruego-que-navega-para-sumar-conocimiento-sobre-los-oceanos\/","og_locale":"es_ES","og_type":"article","og_title":"Lleg\u00f3 a Ushuaia el velero noruego que navega para sumar conocimiento sobre los oc\u00e9anos - Noticias Radio Reflejos","og_description":"La expedici\u00f3n cient\u00edfica consiste en la circunnavegaci\u00f3n del mundo para recopilar informaci\u00f3n sobre el estado y el uso sustentable de los oc\u00e9anos y \u00absu interacci\u00f3n con los humanos para generar una nueva perspectiva\u201d.","og_url":"https:\/\/www.noticiasradioreflejos.com.ar\/2021\/llego-a-ushuaia-el-velero-noruego-que-navega-para-sumar-conocimiento-sobre-los-oceanos\/","og_site_name":"Noticias Radio Reflejos","article_published_time":"2022-03-31T13:01:15+00:00","og_image":[{"url":"https:\/\/www.telam.com.ar\/thumbs\/bluesteel\/advf\/imagenes\/2022\/03\/6244acd7a79ec_900.jpg","type":"","width":"","height":""}],"author":"Arnaldo Botto","twitter_card":"summary_large_image","schema":{"@context":"https:\/\/schema.org","@graph":[{"@type":"WebPage","@id":"https:\/\/www.noticiasradioreflejos.com.ar\/2021\/llego-a-ushuaia-el-velero-noruego-que-navega-para-sumar-conocimiento-sobre-los-oceanos\/","url":"https:\/\/www.noticiasradioreflejos.com.ar\/2021\/llego-a-ushuaia-el-velero-noruego-que-navega-para-sumar-conocimiento-sobre-los-oceanos\/","name":"Lleg\u00f3 a Ushuaia el velero noruego que navega para sumar conocimiento sobre los oc\u00e9anos - Noticias Radio Reflejos","isPartOf":{"@id":"https:\/\/www.noticiasradioreflejos.com.ar\/2021\/#website"},"primaryImageOfPage":{"@id":"https:\/\/www.noticiasradioreflejos.com.ar\/2021\/llego-a-ushuaia-el-velero-noruego-que-navega-para-sumar-conocimiento-sobre-los-oceanos\/#primaryimage"},"image":{"@id":"https:\/\/www.noticiasradioreflejos.com.ar\/2021\/llego-a-ushuaia-el-velero-noruego-que-navega-para-sumar-conocimiento-sobre-los-oceanos\/#primaryimage"},"thumbnailUrl":"https:\/\/www.telam.com.ar\/thumbs\/bluesteel\/advf\/imagenes\/2022\/03\/6244acd7a79ec_900.jpg","datePublished":"2022-03-31T13:01:15+00:00","author":{"@id":"https:\/\/www.noticiasradioreflejos.com.ar\/2021\/#\/schema\/person\/ad82545263dcc5ec0996818884fd5fb1"},"breadcrumb":{"@id":"https:\/\/www.noticiasradioreflejos.com.ar\/2021\/llego-a-ushuaia-el-velero-noruego-que-navega-para-sumar-conocimiento-sobre-los-oceanos\/#breadcrumb"},"inLanguage":"es","potentialAction":[{"@type":"ReadAction","target":["https:\/\/www.noticiasradioreflejos.com.ar\/2021\/llego-a-ushuaia-el-velero-noruego-que-navega-para-sumar-conocimiento-sobre-los-oceanos\/"]}]},{"@type":"ImageObject","inLanguage":"es","@id":"https:\/\/www.noticiasradioreflejos.com.ar\/2021\/llego-a-ushuaia-el-velero-noruego-que-navega-para-sumar-conocimiento-sobre-los-oceanos\/#primaryimage","url":"https:\/\/www.telam.com.ar\/thumbs\/bluesteel\/advf\/imagenes\/2022\/03\/6244acd7a79ec_900.jpg","contentUrl":"https:\/\/www.telam.com.ar\/thumbs\/bluesteel\/advf\/imagenes\/2022\/03\/6244acd7a79ec_900.jpg"},{"@type":"BreadcrumbList","@id":"https:\/\/www.noticiasradioreflejos.com.ar\/2021\/llego-a-ushuaia-el-velero-noruego-que-navega-para-sumar-conocimiento-sobre-los-oceanos\/#breadcrumb","itemListElement":[{"@type":"ListItem","position":1,"name":"Portada","item":"https:\/\/www.noticiasradioreflejos.com.ar\/2021\/"},{"@type":"ListItem","position":2,"name":"Lleg\u00f3 a Ushuaia el velero noruego que navega para sumar conocimiento sobre los oc\u00e9anos"}]},{"@type":"WebSite","@id":"https:\/\/www.noticiasradioreflejos.com.ar\/2021\/#website","url":"https:\/\/www.noticiasradioreflejos.com.ar\/2021\/","name":"Noticias Radio Reflejos","description":"Las noticias de mi comarca","potentialAction":[{"@type":"SearchAction","target":{"@type":"EntryPoint","urlTemplate":"https:\/\/www.noticiasradioreflejos.com.ar\/2021\/?s={search_term_string}"},"query-input":{"@type":"PropertyValueSpecification","valueRequired":true,"valueName":"search_term_string"}}],"inLanguage":"es"},{"@type":"Person","@id":"https:\/\/www.noticiasradioreflejos.com.ar\/2021\/#\/schema\/person\/ad82545263dcc5ec0996818884fd5fb1","name":"Arnaldo Botto","image":{"@type":"ImageObject","inLanguage":"es","@id":"https:\/\/www.noticiasradioreflejos.com.ar\/2021\/#\/schema\/person\/image\/","url":"https:\/\/secure.gravatar.com\/avatar\/55cb5e37c1efa326397366e6974cb338056df65cb50e7d64d1cf314e87504837?s=96&d=mm&r=g","contentUrl":"https:\/\/secure.gravatar.com\/avatar\/55cb5e37c1efa326397366e6974cb338056df65cb50e7d64d1cf314e87504837?s=96&d=mm&r=g","caption":"Arnaldo Botto"},"url":"https:\/\/www.noticiasradioreflejos.com.ar\/2021\/author\/arnaldo\/"}]}},"_links":{"self":[{"href":"https:\/\/www.noticiasradioreflejos.com.ar\/2021\/wp-json\/wp\/v2\/posts\/69971","targetHints":{"allow":["GET"]}}],"collection":[{"href":"https:\/\/www.noticiasradioreflejos.com.ar\/2021\/wp-json\/wp\/v2\/posts"}],"about":[{"href":"https:\/\/www.noticiasradioreflejos.com.ar\/2021\/wp-json\/wp\/v2\/types\/post"}],"author":[{"embeddable":true,"href":"https:\/\/www.noticiasradioreflejos.com.ar\/2021\/wp-json\/wp\/v2\/users\/3"}],"replies":[{"embeddable":true,"href":"https:\/\/www.noticiasradioreflejos.com.ar\/2021\/wp-json\/wp\/v2\/comments?post=69971"}],"version-history":[{"count":1,"href":"https:\/\/www.noticiasradioreflejos.com.ar\/2021\/wp-json\/wp\/v2\/posts\/69971\/revisions"}],"predecessor-version":[{"id":69973,"href":"https:\/\/www.noticiasradioreflejos.com.ar\/2021\/wp-json\/wp\/v2\/posts\/69971\/revisions\/69973"}],"wp:attachment":[{"href":"https:\/\/www.noticiasradioreflejos.com.ar\/2021\/wp-json\/wp\/v2\/media?parent=69971"}],"wp:term":[{"taxonomy":"category","embeddable":true,"href":"https:\/\/www.noticiasradioreflejos.com.ar\/2021\/wp-json\/wp\/v2\/categories?post=69971"},{"taxonomy":"post_tag","embeddable":true,"href":"https:\/\/www.noticiasradioreflejos.com.ar\/2021\/wp-json\/wp\/v2\/tags?post=69971"}],"curies":[{"name":"wp","href":"https:\/\/api.w.org\/{rel}","templated":true}]}}