{"id":69965,"date":"2022-03-31T12:00:09","date_gmt":"2022-03-31T12:00:09","guid":{"rendered":"http:\/\/www.noticiasradioreflejos.com.ar\/2021\/?p=69965"},"modified":"2022-04-01T12:00:25","modified_gmt":"2022-04-01T12:00:25","slug":"comarca-fria-y-blanca","status":"publish","type":"post","link":"https:\/\/www.noticiasradioreflejos.com.ar\/2021\/comarca-fria-y-blanca\/","title":{"rendered":"Comarca Fr\u00eda y blanca."},"content":{"rendered":"<p>Sierra de la Ventana amaneci\u00f3 este Jueves con manto blanco a ra\u00edz de una helada, la primera del a\u00f1o.<!--more--><\/p>\n<p><img loading=\"lazy\" decoding=\"async\" class=\"aligncenter size-full wp-image-69966\" src=\"http:\/\/www.noticiasradioreflejos.com.ar\/2021\/wp-content\/uploads\/2022\/03\/WhatsApp-Image-2022-03-31-at-7.43.47-AM.jpeg\" alt=\"\" width=\"960\" height=\"1280\" \/><\/p>\n<p>A las 7:53 hs de este jueves se produjo la m\u00ednima con 3,6\u00b0 y la ST en 1.8\u00b0 dentro del casco urbano.<\/p>\n<p>El cielo impecablemente despejado y una m\u00ednima brisa que no superaba los 4 km\/h. se conjugaron para pintar la zona serrana con un manto blanco, convirti\u00e9ndose as\u00ed en la primer helada del 2022.<\/p>\n<p>Los veh\u00edculos estacionados sobre la Av. San Mart\u00edn ten\u00edan techos y vidrios helados.<\/p>\n<p>Para hoy se espera una m\u00e1xima de 16 grados, manteni\u00e9ndose el cielo despejada y muy poco viento.<\/p>\n<p>Para ma\u00f1ana viernes y fin de semana, muy ventoso, con cielos nublados y temperaturas entre los 7\u00b0 a 20\u00b0 de m\u00e1xima.<\/p>\n<p><a title=\"WhatsApp Image 2022-03-31 at 8.47.14 AM\" href=\"https:\/\/www.flickr.com\/photos\/182279889@N02\/51973680380\/in\/dateposted-public\/\" data-flickr-embed=\"true\"><img loading=\"lazy\" decoding=\"async\" class=\"aligncenter\" src=\"https:\/\/live.staticflickr.com\/65535\/51973680380_83ac47c5bc_c.jpg\" alt=\"WhatsApp Image 2022-03-31 at 8.47.14 AM\" width=\"422\" height=\"800\" \/><\/a><script async src=\"\/\/embedr.flickr.com\/assets\/client-code.js\" charset=\"utf-8\"><\/script><\/p>\n<p><a title=\"WhatsApp Image 2022-03-31 at 8.40.25 AM\" href=\"https:\/\/www.flickr.com\/photos\/182279889@N02\/51973680385\/in\/dateposted-public\/\" data-flickr-embed=\"true\"><img loading=\"lazy\" decoding=\"async\" class=\"aligncenter\" src=\"https:\/\/live.staticflickr.com\/65535\/51973680385_0d27e08897_c.jpg\" alt=\"WhatsApp Image 2022-03-31 at 8.40.25 AM\" width=\"422\" height=\"800\" \/><\/a><script async src=\"\/\/embedr.flickr.com\/assets\/client-code.js\" charset=\"utf-8\"><\/script><\/p>\n","protected":false},"excerpt":{"rendered":"<p>Sierra de la Ventana amaneci\u00f3 este Jueves con manto blanco a ra\u00edz de una helada, la primera del a\u00f1o.<\/p>\n","protected":false},"author":3,"featured_media":0,"comment_status":"closed","ping_status":"closed","sticky":false,"template":"","format":"standard","meta":{"footnotes":""},"categories":[26,33],"tags":[],"class_list":["post-69965","post","type-post","status-publish","format-standard","hentry","category-sociedad","category-turismo"],"yoast_head":"<!-- This site is optimized with the Yoast SEO plugin v25.9 - https:\/\/yoast.com\/wordpress\/plugins\/seo\/ -->\n<title>Comarca Fr\u00eda y blanca. - Noticias Radio Reflejos<\/title>\n<meta name=\"robots\" content=\"index, follow, max-snippet:-1, max-image-preview:large, max-video-preview:-1\" \/>\n<link rel=\"canonical\" href=\"https:\/\/www.noticiasradioreflejos.com.ar\/2021\/comarca-fria-y-blanca\/\" \/>\n<meta property=\"og:locale\" content=\"es_ES\" \/>\n<meta property=\"og:type\" content=\"article\" \/>\n<meta property=\"og:title\" content=\"Comarca Fr\u00eda y blanca. - Noticias Radio Reflejos\" \/>\n<meta property=\"og:description\" content=\"Sierra de la Ventana amaneci\u00f3 este Jueves con manto blanco a ra\u00edz de una helada, la primera del a\u00f1o.\" \/>\n<meta property=\"og:url\" content=\"https:\/\/www.noticiasradioreflejos.com.ar\/2021\/comarca-fria-y-blanca\/\" \/>\n<meta property=\"og:site_name\" content=\"Noticias Radio Reflejos\" \/>\n<meta property=\"article:published_time\" content=\"2022-03-31T12:00:09+00:00\" \/>\n<meta property=\"article:modified_time\" content=\"2022-04-01T12:00:25+00:00\" \/>\n<meta property=\"og:image\" content=\"http:\/\/www.noticiasradioreflejos.com.ar\/2021\/wp-content\/uploads\/2022\/03\/WhatsApp-Image-2022-03-31-at-7.43.47-AM.jpeg\" \/>\n<meta name=\"author\" content=\"Arnaldo Botto\" \/>\n<meta name=\"twitter:card\" content=\"summary_large_image\" \/>\n<script type=\"application\/ld+json\" class=\"yoast-schema-graph\">{\"@context\":\"https:\/\/schema.org\",\"@graph\":[{\"@type\":\"WebPage\",\"@id\":\"https:\/\/www.noticiasradioreflejos.com.ar\/2021\/comarca-fria-y-blanca\/\",\"url\":\"https:\/\/www.noticiasradioreflejos.com.ar\/2021\/comarca-fria-y-blanca\/\",\"name\":\"Comarca Fr\u00eda y blanca. - Noticias Radio Reflejos\",\"isPartOf\":{\"@id\":\"https:\/\/www.noticiasradioreflejos.com.ar\/2021\/#website\"},\"primaryImageOfPage\":{\"@id\":\"https:\/\/www.noticiasradioreflejos.com.ar\/2021\/comarca-fria-y-blanca\/#primaryimage\"},\"image\":{\"@id\":\"https:\/\/www.noticiasradioreflejos.com.ar\/2021\/comarca-fria-y-blanca\/#primaryimage\"},\"thumbnailUrl\":\"http:\/\/www.noticiasradioreflejos.com.ar\/2021\/wp-content\/uploads\/2022\/03\/WhatsApp-Image-2022-03-31-at-7.43.47-AM.jpeg\",\"datePublished\":\"2022-03-31T12:00:09+00:00\",\"dateModified\":\"2022-04-01T12:00:25+00:00\",\"author\":{\"@id\":\"https:\/\/www.noticiasradioreflejos.com.ar\/2021\/#\/schema\/person\/ad82545263dcc5ec0996818884fd5fb1\"},\"breadcrumb\":{\"@id\":\"https:\/\/www.noticiasradioreflejos.com.ar\/2021\/comarca-fria-y-blanca\/#breadcrumb\"},\"inLanguage\":\"es\",\"potentialAction\":[{\"@type\":\"ReadAction\",\"target\":[\"https:\/\/www.noticiasradioreflejos.com.ar\/2021\/comarca-fria-y-blanca\/\"]}]},{\"@type\":\"ImageObject\",\"inLanguage\":\"es\",\"@id\":\"https:\/\/www.noticiasradioreflejos.com.ar\/2021\/comarca-fria-y-blanca\/#primaryimage\",\"url\":\"\",\"contentUrl\":\"\"},{\"@type\":\"BreadcrumbList\",\"@id\":\"https:\/\/www.noticiasradioreflejos.com.ar\/2021\/comarca-fria-y-blanca\/#breadcrumb\",\"itemListElement\":[{\"@type\":\"ListItem\",\"position\":1,\"name\":\"Portada\",\"item\":\"https:\/\/www.noticiasradioreflejos.com.ar\/2021\/\"},{\"@type\":\"ListItem\",\"position\":2,\"name\":\"Comarca Fr\u00eda y blanca.\"}]},{\"@type\":\"WebSite\",\"@id\":\"https:\/\/www.noticiasradioreflejos.com.ar\/2021\/#website\",\"url\":\"https:\/\/www.noticiasradioreflejos.com.ar\/2021\/\",\"name\":\"Noticias Radio Reflejos\",\"description\":\"Las noticias de mi comarca\",\"potentialAction\":[{\"@type\":\"SearchAction\",\"target\":{\"@type\":\"EntryPoint\",\"urlTemplate\":\"https:\/\/www.noticiasradioreflejos.com.ar\/2021\/?s={search_term_string}\"},\"query-input\":{\"@type\":\"PropertyValueSpecification\",\"valueRequired\":true,\"valueName\":\"search_term_string\"}}],\"inLanguage\":\"es\"},{\"@type\":\"Person\",\"@id\":\"https:\/\/www.noticiasradioreflejos.com.ar\/2021\/#\/schema\/person\/ad82545263dcc5ec0996818884fd5fb1\",\"name\":\"Arnaldo Botto\",\"image\":{\"@type\":\"ImageObject\",\"inLanguage\":\"es\",\"@id\":\"https:\/\/www.noticiasradioreflejos.com.ar\/2021\/#\/schema\/person\/image\/\",\"url\":\"https:\/\/secure.gravatar.com\/avatar\/55cb5e37c1efa326397366e6974cb338056df65cb50e7d64d1cf314e87504837?s=96&d=mm&r=g\",\"contentUrl\":\"https:\/\/secure.gravatar.com\/avatar\/55cb5e37c1efa326397366e6974cb338056df65cb50e7d64d1cf314e87504837?s=96&d=mm&r=g\",\"caption\":\"Arnaldo Botto\"},\"url\":\"https:\/\/www.noticiasradioreflejos.com.ar\/2021\/author\/arnaldo\/\"}]}<\/script>\n<!-- \/ Yoast SEO plugin. -->","yoast_head_json":{"title":"Comarca Fr\u00eda y blanca. - Noticias Radio Reflejos","robots":{"index":"index","follow":"follow","max-snippet":"max-snippet:-1","max-image-preview":"max-image-preview:large","max-video-preview":"max-video-preview:-1"},"canonical":"https:\/\/www.noticiasradioreflejos.com.ar\/2021\/comarca-fria-y-blanca\/","og_locale":"es_ES","og_type":"article","og_title":"Comarca Fr\u00eda y blanca. - Noticias Radio Reflejos","og_description":"Sierra de la Ventana amaneci\u00f3 este Jueves con manto blanco a ra\u00edz de una helada, la primera del a\u00f1o.","og_url":"https:\/\/www.noticiasradioreflejos.com.ar\/2021\/comarca-fria-y-blanca\/","og_site_name":"Noticias Radio Reflejos","article_published_time":"2022-03-31T12:00:09+00:00","article_modified_time":"2022-04-01T12:00:25+00:00","og_image":[{"url":"http:\/\/www.noticiasradioreflejos.com.ar\/2021\/wp-content\/uploads\/2022\/03\/WhatsApp-Image-2022-03-31-at-7.43.47-AM.jpeg","type":"","width":"","height":""}],"author":"Arnaldo Botto","twitter_card":"summary_large_image","schema":{"@context":"https:\/\/schema.org","@graph":[{"@type":"WebPage","@id":"https:\/\/www.noticiasradioreflejos.com.ar\/2021\/comarca-fria-y-blanca\/","url":"https:\/\/www.noticiasradioreflejos.com.ar\/2021\/comarca-fria-y-blanca\/","name":"Comarca Fr\u00eda y blanca. - Noticias Radio Reflejos","isPartOf":{"@id":"https:\/\/www.noticiasradioreflejos.com.ar\/2021\/#website"},"primaryImageOfPage":{"@id":"https:\/\/www.noticiasradioreflejos.com.ar\/2021\/comarca-fria-y-blanca\/#primaryimage"},"image":{"@id":"https:\/\/www.noticiasradioreflejos.com.ar\/2021\/comarca-fria-y-blanca\/#primaryimage"},"thumbnailUrl":"http:\/\/www.noticiasradioreflejos.com.ar\/2021\/wp-content\/uploads\/2022\/03\/WhatsApp-Image-2022-03-31-at-7.43.47-AM.jpeg","datePublished":"2022-03-31T12:00:09+00:00","dateModified":"2022-04-01T12:00:25+00:00","author":{"@id":"https:\/\/www.noticiasradioreflejos.com.ar\/2021\/#\/schema\/person\/ad82545263dcc5ec0996818884fd5fb1"},"breadcrumb":{"@id":"https:\/\/www.noticiasradioreflejos.com.ar\/2021\/comarca-fria-y-blanca\/#breadcrumb"},"inLanguage":"es","potentialAction":[{"@type":"ReadAction","target":["https:\/\/www.noticiasradioreflejos.com.ar\/2021\/comarca-fria-y-blanca\/"]}]},{"@type":"ImageObject","inLanguage":"es","@id":"https:\/\/www.noticiasradioreflejos.com.ar\/2021\/comarca-fria-y-blanca\/#primaryimage","url":"","contentUrl":""},{"@type":"BreadcrumbList","@id":"https:\/\/www.noticiasradioreflejos.com.ar\/2021\/comarca-fria-y-blanca\/#breadcrumb","itemListElement":[{"@type":"ListItem","position":1,"name":"Portada","item":"https:\/\/www.noticiasradioreflejos.com.ar\/2021\/"},{"@type":"ListItem","position":2,"name":"Comarca Fr\u00eda y blanca."}]},{"@type":"WebSite","@id":"https:\/\/www.noticiasradioreflejos.com.ar\/2021\/#website","url":"https:\/\/www.noticiasradioreflejos.com.ar\/2021\/","name":"Noticias Radio Reflejos","description":"Las noticias de mi comarca","potentialAction":[{"@type":"SearchAction","target":{"@type":"EntryPoint","urlTemplate":"https:\/\/www.noticiasradioreflejos.com.ar\/2021\/?s={search_term_string}"},"query-input":{"@type":"PropertyValueSpecification","valueRequired":true,"valueName":"search_term_string"}}],"inLanguage":"es"},{"@type":"Person","@id":"https:\/\/www.noticiasradioreflejos.com.ar\/2021\/#\/schema\/person\/ad82545263dcc5ec0996818884fd5fb1","name":"Arnaldo Botto","image":{"@type":"ImageObject","inLanguage":"es","@id":"https:\/\/www.noticiasradioreflejos.com.ar\/2021\/#\/schema\/person\/image\/","url":"https:\/\/secure.gravatar.com\/avatar\/55cb5e37c1efa326397366e6974cb338056df65cb50e7d64d1cf314e87504837?s=96&d=mm&r=g","contentUrl":"https:\/\/secure.gravatar.com\/avatar\/55cb5e37c1efa326397366e6974cb338056df65cb50e7d64d1cf314e87504837?s=96&d=mm&r=g","caption":"Arnaldo Botto"},"url":"https:\/\/www.noticiasradioreflejos.com.ar\/2021\/author\/arnaldo\/"}]}},"_links":{"self":[{"href":"https:\/\/www.noticiasradioreflejos.com.ar\/2021\/wp-json\/wp\/v2\/posts\/69965","targetHints":{"allow":["GET"]}}],"collection":[{"href":"https:\/\/www.noticiasradioreflejos.com.ar\/2021\/wp-json\/wp\/v2\/posts"}],"about":[{"href":"https:\/\/www.noticiasradioreflejos.com.ar\/2021\/wp-json\/wp\/v2\/types\/post"}],"author":[{"embeddable":true,"href":"https:\/\/www.noticiasradioreflejos.com.ar\/2021\/wp-json\/wp\/v2\/users\/3"}],"replies":[{"embeddable":true,"href":"https:\/\/www.noticiasradioreflejos.com.ar\/2021\/wp-json\/wp\/v2\/comments?post=69965"}],"version-history":[{"count":2,"href":"https:\/\/www.noticiasradioreflejos.com.ar\/2021\/wp-json\/wp\/v2\/posts\/69965\/revisions"}],"predecessor-version":[{"id":69968,"href":"https:\/\/www.noticiasradioreflejos.com.ar\/2021\/wp-json\/wp\/v2\/posts\/69965\/revisions\/69968"}],"wp:attachment":[{"href":"https:\/\/www.noticiasradioreflejos.com.ar\/2021\/wp-json\/wp\/v2\/media?parent=69965"}],"wp:term":[{"taxonomy":"category","embeddable":true,"href":"https:\/\/www.noticiasradioreflejos.com.ar\/2021\/wp-json\/wp\/v2\/categories?post=69965"},{"taxonomy":"post_tag","embeddable":true,"href":"https:\/\/www.noticiasradioreflejos.com.ar\/2021\/wp-json\/wp\/v2\/tags?post=69965"}],"curies":[{"name":"wp","href":"https:\/\/api.w.org\/{rel}","templated":true}]}}