{"id":69945,"date":"2022-03-30T23:24:48","date_gmt":"2022-03-30T23:24:48","guid":{"rendered":"http:\/\/www.noticiasradioreflejos.com.ar\/2021\/?p=69945"},"modified":"2022-03-30T23:25:49","modified_gmt":"2022-03-30T23:25:49","slug":"danos-del-temporal-como-a-y-quien-hacer-los-reclamos-por-las-perdidas","status":"publish","type":"post","link":"https:\/\/www.noticiasradioreflejos.com.ar\/2021\/danos-del-temporal-como-a-y-quien-hacer-los-reclamos-por-las-perdidas\/","title":{"rendered":"Da\u00f1os del Temporal: Como y a qui\u00e9n hacer los reclamos por las p\u00e9rdidas"},"content":{"rendered":"<p>Luego del temporal de la semana pasada que fue devastador para m\u00e1s de una localidad, el Dr. Picardi nos asesora legalmente en el derecho ambiental.<!--more--><\/p>\n<p>Leandro comenz\u00f3 explicando que en estas cat\u00e1strofes naturales, siempre hay damnificados directos e indirectos, y que siempre hay que delimitar lo p\u00fablico y lo privado, cuando lo que ocurre en la l\u00ednea municipal es responsabilidad del Estado.<\/p>\n<p>\u00abLo primero que hay que hacer es realizar el reclamo municipal de lo que sucedi\u00f3, pero siempre que hay un reclamo, hay que comprobarlo\u00bb mencion\u00f3 los primeros pasos a seguir. Resalt\u00f3 que es importante acudir al reclamo con las pruebas del hecho y el presupuesto de los da\u00f1os, en estos casos.<\/p>\n<p>El abogado explic\u00f3 que, en caso de que se caiga un poste, por ejemplo, la responsabilidad es de la empresa que instal\u00f3 ese poste. \u00abCuando uno instala un servicio, tambi\u00e9n instala un riesgo, y tiene que asegurarse\u00bb mencion\u00f3 en relaci\u00f3n a los seguros en caso de accidentes. En cambio, manifest\u00f3 que el tema del arbolado p\u00fablico si implica una responsabilidad estatal. \u00abEn caso de que el Estado no responda al reclamo, ah\u00ed si existe la demanda previa\u00bb sugiri\u00f3.<\/p>\n<p>Le consultamos a Leandro qu\u00e9 sucede con los carteles comerciales que a veces se vuelan en estos temporales, ya que son propiedad de los comercios pero es el municipio quien habilita su instalaci\u00f3n luego de presentar los requisitos. \u00abUna vez que la municipalidad habilita el cartel, si se cumplen los requisitos, no tendr\u00eda responsabilidad. Ahora, genera responsabilidad al privado directamente\u00bb explic\u00f3. <\/p>\n<p>\u00abCreo que cada vez vamos a tener que prever m\u00e1s este tipo de accidentes\u00bb opin\u00f3 finalmente.<\/p>\n<p>Nota completa a continuaci\u00f3n:<br \/>\n<iframe loading=\"lazy\" width=\"100%\" height=\"166\" scrolling=\"no\" frameborder=\"no\" allow=\"autoplay\" src=\"https:\/\/w.soundcloud.com\/player\/?url=https%3A\/\/api.soundcloud.com\/tracks\/1241347915&#038;color=%23ff5500&#038;auto_play=false&#038;hide_related=false&#038;show_comments=true&#038;show_user=true&#038;show_reposts=false&#038;show_teaser=true\"><\/iframe><\/p>\n<div style=\"font-size: 10px; color: #cccccc;line-break: anywhere;word-break: normal;overflow: hidden;white-space: nowrap;text-overflow: ellipsis; font-family: Interstate,Lucida Grande,Lucida Sans Unicode,Lucida Sans,Garuda,Verdana,Tahoma,sans-serif;font-weight: 100;\"><a href=\"https:\/\/soundcloud.com\/fmreflejos-103-7\" title=\"fmreflejos 103.7\" target=\"_blank\" style=\"color: #cccccc; text-decoration: none;\" rel=\"noopener\">fmreflejos 103.7<\/a> \u00b7 <a href=\"https:\/\/soundcloud.com\/fmreflejos-103-7\/leandro-picardi-901863124\" title=\"Leandro Picardi\" target=\"_blank\" style=\"color: #cccccc; text-decoration: none;\" rel=\"noopener\">Leandro Picardi<\/a><\/div>\n","protected":false},"excerpt":{"rendered":"<p>Luego del temporal de la semana pasada que fue devastador para m\u00e1s de una localidad, el Dr. Picardi nos asesora legalmente en el derecho ambiental.<\/p>\n","protected":false},"author":3,"featured_media":0,"comment_status":"closed","ping_status":"closed","sticky":false,"template":"","format":"standard","meta":{"footnotes":""},"categories":[57],"tags":[48],"class_list":["post-69945","post","type-post","status-publish","format-standard","hentry","category-judiciales","tag-destacada"],"yoast_head":"<!-- This site is optimized with the Yoast SEO plugin v25.9 - https:\/\/yoast.com\/wordpress\/plugins\/seo\/ -->\n<title>Da\u00f1os del Temporal: Como y a qui\u00e9n hacer los reclamos por las p\u00e9rdidas - Noticias Radio Reflejos<\/title>\n<meta name=\"robots\" content=\"index, follow, max-snippet:-1, max-image-preview:large, max-video-preview:-1\" \/>\n<link rel=\"canonical\" href=\"https:\/\/www.noticiasradioreflejos.com.ar\/2021\/danos-del-temporal-como-a-y-quien-hacer-los-reclamos-por-las-perdidas\/\" \/>\n<meta property=\"og:locale\" content=\"es_ES\" \/>\n<meta property=\"og:type\" content=\"article\" \/>\n<meta property=\"og:title\" content=\"Da\u00f1os del Temporal: Como y a qui\u00e9n hacer los reclamos por las p\u00e9rdidas - Noticias Radio Reflejos\" \/>\n<meta property=\"og:description\" content=\"Luego del temporal de la semana pasada que fue devastador para m\u00e1s de una localidad, el Dr. Picardi nos asesora legalmente en el derecho ambiental.\" \/>\n<meta property=\"og:url\" content=\"https:\/\/www.noticiasradioreflejos.com.ar\/2021\/danos-del-temporal-como-a-y-quien-hacer-los-reclamos-por-las-perdidas\/\" \/>\n<meta property=\"og:site_name\" content=\"Noticias Radio Reflejos\" \/>\n<meta property=\"article:published_time\" content=\"2022-03-30T23:24:48+00:00\" \/>\n<meta property=\"article:modified_time\" content=\"2022-03-30T23:25:49+00:00\" \/>\n<meta property=\"og:image\" content=\"https:\/\/www.noticiasradioreflejos.com.ar\/2021\/wp-content\/uploads\/2021\/07\/logosol300x200.png\" \/>\n\t<meta property=\"og:image:width\" content=\"300\" \/>\n\t<meta property=\"og:image:height\" content=\"200\" \/>\n\t<meta property=\"og:image:type\" content=\"image\/png\" \/>\n<meta name=\"author\" content=\"Arnaldo Botto\" \/>\n<meta name=\"twitter:card\" content=\"summary_large_image\" \/>\n<script type=\"application\/ld+json\" class=\"yoast-schema-graph\">{\"@context\":\"https:\/\/schema.org\",\"@graph\":[{\"@type\":\"WebPage\",\"@id\":\"https:\/\/www.noticiasradioreflejos.com.ar\/2021\/danos-del-temporal-como-a-y-quien-hacer-los-reclamos-por-las-perdidas\/\",\"url\":\"https:\/\/www.noticiasradioreflejos.com.ar\/2021\/danos-del-temporal-como-a-y-quien-hacer-los-reclamos-por-las-perdidas\/\",\"name\":\"Da\u00f1os del Temporal: Como y a qui\u00e9n hacer los reclamos por las p\u00e9rdidas - Noticias Radio Reflejos\",\"isPartOf\":{\"@id\":\"https:\/\/www.noticiasradioreflejos.com.ar\/2021\/#website\"},\"datePublished\":\"2022-03-30T23:24:48+00:00\",\"dateModified\":\"2022-03-30T23:25:49+00:00\",\"author\":{\"@id\":\"https:\/\/www.noticiasradioreflejos.com.ar\/2021\/#\/schema\/person\/ad82545263dcc5ec0996818884fd5fb1\"},\"breadcrumb\":{\"@id\":\"https:\/\/www.noticiasradioreflejos.com.ar\/2021\/danos-del-temporal-como-a-y-quien-hacer-los-reclamos-por-las-perdidas\/#breadcrumb\"},\"inLanguage\":\"es\",\"potentialAction\":[{\"@type\":\"ReadAction\",\"target\":[\"https:\/\/www.noticiasradioreflejos.com.ar\/2021\/danos-del-temporal-como-a-y-quien-hacer-los-reclamos-por-las-perdidas\/\"]}]},{\"@type\":\"BreadcrumbList\",\"@id\":\"https:\/\/www.noticiasradioreflejos.com.ar\/2021\/danos-del-temporal-como-a-y-quien-hacer-los-reclamos-por-las-perdidas\/#breadcrumb\",\"itemListElement\":[{\"@type\":\"ListItem\",\"position\":1,\"name\":\"Portada\",\"item\":\"https:\/\/www.noticiasradioreflejos.com.ar\/2021\/\"},{\"@type\":\"ListItem\",\"position\":2,\"name\":\"Da\u00f1os del Temporal: Como y a qui\u00e9n hacer los reclamos por las p\u00e9rdidas\"}]},{\"@type\":\"WebSite\",\"@id\":\"https:\/\/www.noticiasradioreflejos.com.ar\/2021\/#website\",\"url\":\"https:\/\/www.noticiasradioreflejos.com.ar\/2021\/\",\"name\":\"Noticias Radio Reflejos\",\"description\":\"Las noticias de mi comarca\",\"potentialAction\":[{\"@type\":\"SearchAction\",\"target\":{\"@type\":\"EntryPoint\",\"urlTemplate\":\"https:\/\/www.noticiasradioreflejos.com.ar\/2021\/?s={search_term_string}\"},\"query-input\":{\"@type\":\"PropertyValueSpecification\",\"valueRequired\":true,\"valueName\":\"search_term_string\"}}],\"inLanguage\":\"es\"},{\"@type\":\"Person\",\"@id\":\"https:\/\/www.noticiasradioreflejos.com.ar\/2021\/#\/schema\/person\/ad82545263dcc5ec0996818884fd5fb1\",\"name\":\"Arnaldo Botto\",\"image\":{\"@type\":\"ImageObject\",\"inLanguage\":\"es\",\"@id\":\"https:\/\/www.noticiasradioreflejos.com.ar\/2021\/#\/schema\/person\/image\/\",\"url\":\"https:\/\/secure.gravatar.com\/avatar\/55cb5e37c1efa326397366e6974cb338056df65cb50e7d64d1cf314e87504837?s=96&d=mm&r=g\",\"contentUrl\":\"https:\/\/secure.gravatar.com\/avatar\/55cb5e37c1efa326397366e6974cb338056df65cb50e7d64d1cf314e87504837?s=96&d=mm&r=g\",\"caption\":\"Arnaldo Botto\"},\"url\":\"https:\/\/www.noticiasradioreflejos.com.ar\/2021\/author\/arnaldo\/\"}]}<\/script>\n<!-- \/ Yoast SEO plugin. -->","yoast_head_json":{"title":"Da\u00f1os del Temporal: Como y a qui\u00e9n hacer los reclamos por las p\u00e9rdidas - Noticias Radio Reflejos","robots":{"index":"index","follow":"follow","max-snippet":"max-snippet:-1","max-image-preview":"max-image-preview:large","max-video-preview":"max-video-preview:-1"},"canonical":"https:\/\/www.noticiasradioreflejos.com.ar\/2021\/danos-del-temporal-como-a-y-quien-hacer-los-reclamos-por-las-perdidas\/","og_locale":"es_ES","og_type":"article","og_title":"Da\u00f1os del Temporal: Como y a qui\u00e9n hacer los reclamos por las p\u00e9rdidas - Noticias Radio Reflejos","og_description":"Luego del temporal de la semana pasada que fue devastador para m\u00e1s de una localidad, el Dr. Picardi nos asesora legalmente en el derecho ambiental.","og_url":"https:\/\/www.noticiasradioreflejos.com.ar\/2021\/danos-del-temporal-como-a-y-quien-hacer-los-reclamos-por-las-perdidas\/","og_site_name":"Noticias Radio Reflejos","article_published_time":"2022-03-30T23:24:48+00:00","article_modified_time":"2022-03-30T23:25:49+00:00","og_image":[{"width":300,"height":200,"url":"https:\/\/www.noticiasradioreflejos.com.ar\/2021\/wp-content\/uploads\/2021\/07\/logosol300x200.png","type":"image\/png"}],"author":"Arnaldo Botto","twitter_card":"summary_large_image","schema":{"@context":"https:\/\/schema.org","@graph":[{"@type":"WebPage","@id":"https:\/\/www.noticiasradioreflejos.com.ar\/2021\/danos-del-temporal-como-a-y-quien-hacer-los-reclamos-por-las-perdidas\/","url":"https:\/\/www.noticiasradioreflejos.com.ar\/2021\/danos-del-temporal-como-a-y-quien-hacer-los-reclamos-por-las-perdidas\/","name":"Da\u00f1os del Temporal: Como y a qui\u00e9n hacer los reclamos por las p\u00e9rdidas - Noticias Radio Reflejos","isPartOf":{"@id":"https:\/\/www.noticiasradioreflejos.com.ar\/2021\/#website"},"datePublished":"2022-03-30T23:24:48+00:00","dateModified":"2022-03-30T23:25:49+00:00","author":{"@id":"https:\/\/www.noticiasradioreflejos.com.ar\/2021\/#\/schema\/person\/ad82545263dcc5ec0996818884fd5fb1"},"breadcrumb":{"@id":"https:\/\/www.noticiasradioreflejos.com.ar\/2021\/danos-del-temporal-como-a-y-quien-hacer-los-reclamos-por-las-perdidas\/#breadcrumb"},"inLanguage":"es","potentialAction":[{"@type":"ReadAction","target":["https:\/\/www.noticiasradioreflejos.com.ar\/2021\/danos-del-temporal-como-a-y-quien-hacer-los-reclamos-por-las-perdidas\/"]}]},{"@type":"BreadcrumbList","@id":"https:\/\/www.noticiasradioreflejos.com.ar\/2021\/danos-del-temporal-como-a-y-quien-hacer-los-reclamos-por-las-perdidas\/#breadcrumb","itemListElement":[{"@type":"ListItem","position":1,"name":"Portada","item":"https:\/\/www.noticiasradioreflejos.com.ar\/2021\/"},{"@type":"ListItem","position":2,"name":"Da\u00f1os del Temporal: Como y a qui\u00e9n hacer los reclamos por las p\u00e9rdidas"}]},{"@type":"WebSite","@id":"https:\/\/www.noticiasradioreflejos.com.ar\/2021\/#website","url":"https:\/\/www.noticiasradioreflejos.com.ar\/2021\/","name":"Noticias Radio Reflejos","description":"Las noticias de mi comarca","potentialAction":[{"@type":"SearchAction","target":{"@type":"EntryPoint","urlTemplate":"https:\/\/www.noticiasradioreflejos.com.ar\/2021\/?s={search_term_string}"},"query-input":{"@type":"PropertyValueSpecification","valueRequired":true,"valueName":"search_term_string"}}],"inLanguage":"es"},{"@type":"Person","@id":"https:\/\/www.noticiasradioreflejos.com.ar\/2021\/#\/schema\/person\/ad82545263dcc5ec0996818884fd5fb1","name":"Arnaldo Botto","image":{"@type":"ImageObject","inLanguage":"es","@id":"https:\/\/www.noticiasradioreflejos.com.ar\/2021\/#\/schema\/person\/image\/","url":"https:\/\/secure.gravatar.com\/avatar\/55cb5e37c1efa326397366e6974cb338056df65cb50e7d64d1cf314e87504837?s=96&d=mm&r=g","contentUrl":"https:\/\/secure.gravatar.com\/avatar\/55cb5e37c1efa326397366e6974cb338056df65cb50e7d64d1cf314e87504837?s=96&d=mm&r=g","caption":"Arnaldo Botto"},"url":"https:\/\/www.noticiasradioreflejos.com.ar\/2021\/author\/arnaldo\/"}]}},"_links":{"self":[{"href":"https:\/\/www.noticiasradioreflejos.com.ar\/2021\/wp-json\/wp\/v2\/posts\/69945","targetHints":{"allow":["GET"]}}],"collection":[{"href":"https:\/\/www.noticiasradioreflejos.com.ar\/2021\/wp-json\/wp\/v2\/posts"}],"about":[{"href":"https:\/\/www.noticiasradioreflejos.com.ar\/2021\/wp-json\/wp\/v2\/types\/post"}],"author":[{"embeddable":true,"href":"https:\/\/www.noticiasradioreflejos.com.ar\/2021\/wp-json\/wp\/v2\/users\/3"}],"replies":[{"embeddable":true,"href":"https:\/\/www.noticiasradioreflejos.com.ar\/2021\/wp-json\/wp\/v2\/comments?post=69945"}],"version-history":[{"count":3,"href":"https:\/\/www.noticiasradioreflejos.com.ar\/2021\/wp-json\/wp\/v2\/posts\/69945\/revisions"}],"predecessor-version":[{"id":69953,"href":"https:\/\/www.noticiasradioreflejos.com.ar\/2021\/wp-json\/wp\/v2\/posts\/69945\/revisions\/69953"}],"wp:attachment":[{"href":"https:\/\/www.noticiasradioreflejos.com.ar\/2021\/wp-json\/wp\/v2\/media?parent=69945"}],"wp:term":[{"taxonomy":"category","embeddable":true,"href":"https:\/\/www.noticiasradioreflejos.com.ar\/2021\/wp-json\/wp\/v2\/categories?post=69945"},{"taxonomy":"post_tag","embeddable":true,"href":"https:\/\/www.noticiasradioreflejos.com.ar\/2021\/wp-json\/wp\/v2\/tags?post=69945"}],"curies":[{"name":"wp","href":"https:\/\/api.w.org\/{rel}","templated":true}]}}