{"id":69941,"date":"2022-03-30T21:04:58","date_gmt":"2022-03-30T21:04:58","guid":{"rendered":"http:\/\/www.noticiasradioreflejos.com.ar\/2021\/?p=69941"},"modified":"2022-03-30T21:04:58","modified_gmt":"2022-03-30T21:04:58","slug":"bono-a-jubilados-para-dar-pelea-a-la-inflacion","status":"publish","type":"post","link":"https:\/\/www.noticiasradioreflejos.com.ar\/2021\/bono-a-jubilados-para-dar-pelea-a-la-inflacion\/","title":{"rendered":"Bono a jubilados para dar pelea a la inflaci\u00f3n"},"content":{"rendered":"<div class=\"section-2-col article-header\">\n<div class=\"col 2-col\">\n<p>La Anses define el monto del pago extraordinario, que rondar\u00eda los 8 mil pesos y alcanzar\u00eda no solo a las jubilaciones y pensiones m\u00ednimas. Los antecedentes.<\/p>\n<div class=\"author\">\n<div class=\"author-inner\">\n<div class=\"author-thumbnail\"><\/div>\n<\/div>\n<\/div>\n<\/div>\n<\/div>\n<p><!--more--><\/p>\n<div class=\"section-2-col article-main-image\">\n<div class=\"col 2-col\">\n<div class=\"article-main-media-image__container\">\n<div class=\"image-wrapper\">\n<figure>\n<figure class=\"object-fit-block--contain intrinsic-container intrinsic-container-3x2\"><img decoding=\"async\" class=\" \" src=\"https:\/\/images.pagina12.com.ar\/styles\/focal_3_2_960x640\/public\/2022-03\/436973-whatsapp-20image-202022-03-30-20at-205-19-35-20pm-20-281-29.jpeg?itok=b783-32T\" alt=\"En 2021 la Anses entreg\u00f3 cuatro bonos a los jubilados de menores ingresos. (Fuente: Leandro Teysseire)\" \/><\/figure><figcaption>En 2021 la Anses entreg\u00f3 cuatro bonos a los jubilados de menores ingresos.. Imagen: Leandro Teysseire<\/figcaption><\/figure>\n<\/div>\n<\/div>\n<\/div>\n<\/div>\n<div class=\"section-2-col article-main-content\">\n<div class=\"col 1-col\"><\/div>\n<div class=\"col 2-col\">\n<div class=\"article-main-content article-text \">\n<p>Con la aceleraci\u00f3n de la inflaci\u00f3n en marzo, el Gobierno decidi\u00f3 otorgar un nuevo bono\u00a0\u00a0<b>para reforzar los ingresos de jubilados y pensionados con haberes m\u00e1s bajos<\/b>. Se anunciar\u00e1 en abril, apenas se termine de definir el monto, y beneficiar\u00e1 a alrededor de 5 millones de personas. Seg\u00fan trascendi\u00f3, el pago extraordinario se ubicar\u00eda entre 5 mil y 8 mil pesos para la jubilaci\u00f3n m\u00ednima e ir\u00eda disminuyendo para los haberes un poco m\u00e1s altos, hasta determinado monto, aunque fuentes oficiales evitaron referirse a las cifras.<\/p>\n<p>El aumento acelerado de los precios, sobre todo en los alimentos, que acumulan una suba de 7,7 por ciento hasta el 23 de marzo de acuerdo a la consultora LCG, le gan\u00f3 la pulseada a las recomendaciones del Fondo Monetario Internacional sobre \u00abevitar subas discrecionales en jubilaciones y pensiones\u00bb para no obstaculizar las metas fiscales.<\/p>\n<div id=\"talkFireEvent\"><\/div>\n<p>La jubilaci\u00f3n m\u00ednima se encuentra hoy en 32.630 pesos, monto que rige desde marzo hasta junio de este a\u00f1o de acuerdo a la actualizaci\u00f3n trimestral de la ley de movilidad. El \u00faltimo aumento, decretado en febrero, result\u00f3 del 12,28 por ciento. En ese momento se estimaba que la inflaci\u00f3n para enero-marzo ser\u00eda de 12,49 por ciento, es decir, un porcentaje similar al de la movilidad. Sin embargo, el cambio de escenario internacional llev\u00f3 al Gobierno a tomar esta decisi\u00f3n para que los y las jubiladas no pierdan poder adquisitivo.<\/p>\n<p>De hecho, el bono podr\u00eda estar amparado en aquella palabra que el FMI incorpor\u00f3 una vez aprobado el proyecto en el staff report: \u00abrecalibrar pol\u00edticas\u00bb dados los \u00abriesgos excepcionales\u00bb a los que est\u00e1 expuesto el programa. Es que la disparada de precios de los alimentos est\u00e1 justificada -por lo menos desde el sector privado- en el aumento de los precios internacionales dada la circunstancia excepcional de la guerra Rusia-Ucrania.<\/p>\n<h2><b>\u00bfQu\u00e9 pas\u00f3 hasta ahora?<\/b><\/h2>\n<p>La ley de movilidad jubilatoria que rige desde 2021 se determina seg\u00fan un \u00edndice que combina un 50 por ciento de la evoluci\u00f3n de los salarios del Indec y del Ripte (Remuneraci\u00f3n Imponible de Trabajadores Estables) &#8211; el mayor de ambos- y otro 50 por ciento de la recaudaci\u00f3n tributaria de la Anses. Como el aumento de los precios no est\u00e1 contemplado en la f\u00f3rmula, el Estado tiene la posibilidad de compensar con bonos fijos cuando es necesario.<\/p>\n<p>En 2021, la ley de movilidad concret\u00f3 subas en marzo (8,07 por ciento), junio (12,12), septiembre (12,39) y diciembre (12,11 por ciento), acumulando un\u00a052,7 por ciento, apenas por encima de la inflaci\u00f3n, del 50,9 por ciento de 2021.<\/p>\n<p>En paralelo a los aumentos previstos operaron los bonos otorgados por el Ejecutivo. Fueron dos de 1500 pesos en abril y mayo y otro de 5000 pesos en agosto para m\u00e1s de 3,5 millones de jubilados y pensionados que perciben un haber m\u00ednimo. El \u00faltimo bono de fin de a\u00f1o alcanz\u00f3 a 4.7 millones de jubilados y pensionados yfue de 8 mil pesos para los haberes m\u00ednimos, que totalizaron en diciembre 37.061 pesos. Cabe destacar que los bonos no se integran al haber y por lo tanto no se utilizan como base de c\u00e1lculo para aplicar la actualizaci\u00f3n prevista por la f\u00f3rmula de movilidad.<\/p>\n<p>Si bien la f\u00f3rmula anterior que se implement\u00f3 en 2017 con la reforma previsional del macrismo contemplaba aumentos de haberes jubilatorios en funci\u00f3n de la inflaci\u00f3n y de los salarios, solo en 2017 las jubilaciones superaron la inflaci\u00f3n anual. En 2018 se produjo un gran desfasaje, ya que los precios avanzaron 47,6 y los ingresos jubilatorios tan solo 28,5 por ciento. En 2019, los haberes crecieron 51,1 y los precios un 53,8 por ciento. El resultado: las jubilaciones quedaron 20 puntos por debajo del aumento de precios entre 2016 y 2019.<\/p>\n<p>&nbsp;<\/p>\n<\/div>\n<\/div>\n<\/div>\n<div class=\"author-thumbnail\">\n<figure><img decoding=\"async\" class=\" \" src=\"https:\/\/images.pagina12.com.ar\/styles\/thumbnail\/public\/2020-10\/natali-risso_0.png?itok=eUlyhNhj\" alt=\"Natal\u00ed Risso\" \/><\/figure>\n<\/div>\n<div class=\"author-name\">Por <em><strong>Natal\u00ed Risso<\/strong><\/em> para P\u00e1gina 12<\/div>\n","protected":false},"excerpt":{"rendered":"<p>La Anses define el monto del pago extraordinario, que rondar\u00eda los 8 mil pesos y alcanzar\u00eda no solo a las jubilaciones y pensiones m\u00ednimas. Los antecedentes.<\/p>\n","protected":false},"author":3,"featured_media":0,"comment_status":"closed","ping_status":"closed","sticky":false,"template":"","format":"standard","meta":{"footnotes":""},"categories":[36,24,26],"tags":[],"class_list":["post-69941","post","type-post","status-publish","format-standard","hentry","category-economia","category-politica","category-sociedad"],"yoast_head":"<!-- This site is optimized with the Yoast SEO plugin v25.9 - https:\/\/yoast.com\/wordpress\/plugins\/seo\/ -->\n<title>Bono a jubilados para dar pelea a la inflaci\u00f3n - Noticias Radio Reflejos<\/title>\n<meta name=\"robots\" content=\"index, follow, max-snippet:-1, max-image-preview:large, max-video-preview:-1\" \/>\n<link rel=\"canonical\" href=\"https:\/\/www.noticiasradioreflejos.com.ar\/2021\/bono-a-jubilados-para-dar-pelea-a-la-inflacion\/\" \/>\n<meta property=\"og:locale\" content=\"es_ES\" \/>\n<meta property=\"og:type\" content=\"article\" \/>\n<meta property=\"og:title\" content=\"Bono a jubilados para dar pelea a la inflaci\u00f3n - Noticias Radio Reflejos\" \/>\n<meta property=\"og:description\" content=\"La Anses define el monto del pago extraordinario, que rondar\u00eda los 8 mil pesos y alcanzar\u00eda no solo a las jubilaciones y pensiones m\u00ednimas. Los antecedentes.\" \/>\n<meta property=\"og:url\" content=\"https:\/\/www.noticiasradioreflejos.com.ar\/2021\/bono-a-jubilados-para-dar-pelea-a-la-inflacion\/\" \/>\n<meta property=\"og:site_name\" content=\"Noticias Radio Reflejos\" \/>\n<meta property=\"article:published_time\" content=\"2022-03-30T21:04:58+00:00\" \/>\n<meta property=\"og:image\" content=\"https:\/\/images.pagina12.com.ar\/styles\/focal_3_2_960x640\/public\/2022-03\/436973-whatsapp-20image-202022-03-30-20at-205-19-35-20pm-20-281-29.jpeg?itok=b783-32T\" \/>\n<meta name=\"author\" content=\"Arnaldo Botto\" \/>\n<meta name=\"twitter:card\" content=\"summary_large_image\" \/>\n<script type=\"application\/ld+json\" class=\"yoast-schema-graph\">{\"@context\":\"https:\/\/schema.org\",\"@graph\":[{\"@type\":\"WebPage\",\"@id\":\"https:\/\/www.noticiasradioreflejos.com.ar\/2021\/bono-a-jubilados-para-dar-pelea-a-la-inflacion\/\",\"url\":\"https:\/\/www.noticiasradioreflejos.com.ar\/2021\/bono-a-jubilados-para-dar-pelea-a-la-inflacion\/\",\"name\":\"Bono a jubilados para dar pelea a la inflaci\u00f3n - Noticias Radio Reflejos\",\"isPartOf\":{\"@id\":\"https:\/\/www.noticiasradioreflejos.com.ar\/2021\/#website\"},\"primaryImageOfPage\":{\"@id\":\"https:\/\/www.noticiasradioreflejos.com.ar\/2021\/bono-a-jubilados-para-dar-pelea-a-la-inflacion\/#primaryimage\"},\"image\":{\"@id\":\"https:\/\/www.noticiasradioreflejos.com.ar\/2021\/bono-a-jubilados-para-dar-pelea-a-la-inflacion\/#primaryimage\"},\"thumbnailUrl\":\"https:\/\/images.pagina12.com.ar\/styles\/focal_3_2_960x640\/public\/2022-03\/436973-whatsapp-20image-202022-03-30-20at-205-19-35-20pm-20-281-29.jpeg?itok=b783-32T\",\"datePublished\":\"2022-03-30T21:04:58+00:00\",\"author\":{\"@id\":\"https:\/\/www.noticiasradioreflejos.com.ar\/2021\/#\/schema\/person\/ad82545263dcc5ec0996818884fd5fb1\"},\"breadcrumb\":{\"@id\":\"https:\/\/www.noticiasradioreflejos.com.ar\/2021\/bono-a-jubilados-para-dar-pelea-a-la-inflacion\/#breadcrumb\"},\"inLanguage\":\"es\",\"potentialAction\":[{\"@type\":\"ReadAction\",\"target\":[\"https:\/\/www.noticiasradioreflejos.com.ar\/2021\/bono-a-jubilados-para-dar-pelea-a-la-inflacion\/\"]}]},{\"@type\":\"ImageObject\",\"inLanguage\":\"es\",\"@id\":\"https:\/\/www.noticiasradioreflejos.com.ar\/2021\/bono-a-jubilados-para-dar-pelea-a-la-inflacion\/#primaryimage\",\"url\":\"https:\/\/images.pagina12.com.ar\/styles\/focal_3_2_960x640\/public\/2022-03\/436973-whatsapp-20image-202022-03-30-20at-205-19-35-20pm-20-281-29.jpeg?itok=b783-32T\",\"contentUrl\":\"https:\/\/images.pagina12.com.ar\/styles\/focal_3_2_960x640\/public\/2022-03\/436973-whatsapp-20image-202022-03-30-20at-205-19-35-20pm-20-281-29.jpeg?itok=b783-32T\"},{\"@type\":\"BreadcrumbList\",\"@id\":\"https:\/\/www.noticiasradioreflejos.com.ar\/2021\/bono-a-jubilados-para-dar-pelea-a-la-inflacion\/#breadcrumb\",\"itemListElement\":[{\"@type\":\"ListItem\",\"position\":1,\"name\":\"Portada\",\"item\":\"https:\/\/www.noticiasradioreflejos.com.ar\/2021\/\"},{\"@type\":\"ListItem\",\"position\":2,\"name\":\"Bono a jubilados para dar pelea a la inflaci\u00f3n\"}]},{\"@type\":\"WebSite\",\"@id\":\"https:\/\/www.noticiasradioreflejos.com.ar\/2021\/#website\",\"url\":\"https:\/\/www.noticiasradioreflejos.com.ar\/2021\/\",\"name\":\"Noticias Radio Reflejos\",\"description\":\"Las noticias de mi comarca\",\"potentialAction\":[{\"@type\":\"SearchAction\",\"target\":{\"@type\":\"EntryPoint\",\"urlTemplate\":\"https:\/\/www.noticiasradioreflejos.com.ar\/2021\/?s={search_term_string}\"},\"query-input\":{\"@type\":\"PropertyValueSpecification\",\"valueRequired\":true,\"valueName\":\"search_term_string\"}}],\"inLanguage\":\"es\"},{\"@type\":\"Person\",\"@id\":\"https:\/\/www.noticiasradioreflejos.com.ar\/2021\/#\/schema\/person\/ad82545263dcc5ec0996818884fd5fb1\",\"name\":\"Arnaldo Botto\",\"image\":{\"@type\":\"ImageObject\",\"inLanguage\":\"es\",\"@id\":\"https:\/\/www.noticiasradioreflejos.com.ar\/2021\/#\/schema\/person\/image\/\",\"url\":\"https:\/\/secure.gravatar.com\/avatar\/55cb5e37c1efa326397366e6974cb338056df65cb50e7d64d1cf314e87504837?s=96&d=mm&r=g\",\"contentUrl\":\"https:\/\/secure.gravatar.com\/avatar\/55cb5e37c1efa326397366e6974cb338056df65cb50e7d64d1cf314e87504837?s=96&d=mm&r=g\",\"caption\":\"Arnaldo Botto\"},\"url\":\"https:\/\/www.noticiasradioreflejos.com.ar\/2021\/author\/arnaldo\/\"}]}<\/script>\n<!-- \/ Yoast SEO plugin. -->","yoast_head_json":{"title":"Bono a jubilados para dar pelea a la inflaci\u00f3n - Noticias Radio Reflejos","robots":{"index":"index","follow":"follow","max-snippet":"max-snippet:-1","max-image-preview":"max-image-preview:large","max-video-preview":"max-video-preview:-1"},"canonical":"https:\/\/www.noticiasradioreflejos.com.ar\/2021\/bono-a-jubilados-para-dar-pelea-a-la-inflacion\/","og_locale":"es_ES","og_type":"article","og_title":"Bono a jubilados para dar pelea a la inflaci\u00f3n - Noticias Radio Reflejos","og_description":"La Anses define el monto del pago extraordinario, que rondar\u00eda los 8 mil pesos y alcanzar\u00eda no solo a las jubilaciones y pensiones m\u00ednimas. Los antecedentes.","og_url":"https:\/\/www.noticiasradioreflejos.com.ar\/2021\/bono-a-jubilados-para-dar-pelea-a-la-inflacion\/","og_site_name":"Noticias Radio Reflejos","article_published_time":"2022-03-30T21:04:58+00:00","og_image":[{"url":"https:\/\/images.pagina12.com.ar\/styles\/focal_3_2_960x640\/public\/2022-03\/436973-whatsapp-20image-202022-03-30-20at-205-19-35-20pm-20-281-29.jpeg?itok=b783-32T","type":"","width":"","height":""}],"author":"Arnaldo Botto","twitter_card":"summary_large_image","schema":{"@context":"https:\/\/schema.org","@graph":[{"@type":"WebPage","@id":"https:\/\/www.noticiasradioreflejos.com.ar\/2021\/bono-a-jubilados-para-dar-pelea-a-la-inflacion\/","url":"https:\/\/www.noticiasradioreflejos.com.ar\/2021\/bono-a-jubilados-para-dar-pelea-a-la-inflacion\/","name":"Bono a jubilados para dar pelea a la inflaci\u00f3n - Noticias Radio Reflejos","isPartOf":{"@id":"https:\/\/www.noticiasradioreflejos.com.ar\/2021\/#website"},"primaryImageOfPage":{"@id":"https:\/\/www.noticiasradioreflejos.com.ar\/2021\/bono-a-jubilados-para-dar-pelea-a-la-inflacion\/#primaryimage"},"image":{"@id":"https:\/\/www.noticiasradioreflejos.com.ar\/2021\/bono-a-jubilados-para-dar-pelea-a-la-inflacion\/#primaryimage"},"thumbnailUrl":"https:\/\/images.pagina12.com.ar\/styles\/focal_3_2_960x640\/public\/2022-03\/436973-whatsapp-20image-202022-03-30-20at-205-19-35-20pm-20-281-29.jpeg?itok=b783-32T","datePublished":"2022-03-30T21:04:58+00:00","author":{"@id":"https:\/\/www.noticiasradioreflejos.com.ar\/2021\/#\/schema\/person\/ad82545263dcc5ec0996818884fd5fb1"},"breadcrumb":{"@id":"https:\/\/www.noticiasradioreflejos.com.ar\/2021\/bono-a-jubilados-para-dar-pelea-a-la-inflacion\/#breadcrumb"},"inLanguage":"es","potentialAction":[{"@type":"ReadAction","target":["https:\/\/www.noticiasradioreflejos.com.ar\/2021\/bono-a-jubilados-para-dar-pelea-a-la-inflacion\/"]}]},{"@type":"ImageObject","inLanguage":"es","@id":"https:\/\/www.noticiasradioreflejos.com.ar\/2021\/bono-a-jubilados-para-dar-pelea-a-la-inflacion\/#primaryimage","url":"https:\/\/images.pagina12.com.ar\/styles\/focal_3_2_960x640\/public\/2022-03\/436973-whatsapp-20image-202022-03-30-20at-205-19-35-20pm-20-281-29.jpeg?itok=b783-32T","contentUrl":"https:\/\/images.pagina12.com.ar\/styles\/focal_3_2_960x640\/public\/2022-03\/436973-whatsapp-20image-202022-03-30-20at-205-19-35-20pm-20-281-29.jpeg?itok=b783-32T"},{"@type":"BreadcrumbList","@id":"https:\/\/www.noticiasradioreflejos.com.ar\/2021\/bono-a-jubilados-para-dar-pelea-a-la-inflacion\/#breadcrumb","itemListElement":[{"@type":"ListItem","position":1,"name":"Portada","item":"https:\/\/www.noticiasradioreflejos.com.ar\/2021\/"},{"@type":"ListItem","position":2,"name":"Bono a jubilados para dar pelea a la inflaci\u00f3n"}]},{"@type":"WebSite","@id":"https:\/\/www.noticiasradioreflejos.com.ar\/2021\/#website","url":"https:\/\/www.noticiasradioreflejos.com.ar\/2021\/","name":"Noticias Radio Reflejos","description":"Las noticias de mi comarca","potentialAction":[{"@type":"SearchAction","target":{"@type":"EntryPoint","urlTemplate":"https:\/\/www.noticiasradioreflejos.com.ar\/2021\/?s={search_term_string}"},"query-input":{"@type":"PropertyValueSpecification","valueRequired":true,"valueName":"search_term_string"}}],"inLanguage":"es"},{"@type":"Person","@id":"https:\/\/www.noticiasradioreflejos.com.ar\/2021\/#\/schema\/person\/ad82545263dcc5ec0996818884fd5fb1","name":"Arnaldo Botto","image":{"@type":"ImageObject","inLanguage":"es","@id":"https:\/\/www.noticiasradioreflejos.com.ar\/2021\/#\/schema\/person\/image\/","url":"https:\/\/secure.gravatar.com\/avatar\/55cb5e37c1efa326397366e6974cb338056df65cb50e7d64d1cf314e87504837?s=96&d=mm&r=g","contentUrl":"https:\/\/secure.gravatar.com\/avatar\/55cb5e37c1efa326397366e6974cb338056df65cb50e7d64d1cf314e87504837?s=96&d=mm&r=g","caption":"Arnaldo Botto"},"url":"https:\/\/www.noticiasradioreflejos.com.ar\/2021\/author\/arnaldo\/"}]}},"_links":{"self":[{"href":"https:\/\/www.noticiasradioreflejos.com.ar\/2021\/wp-json\/wp\/v2\/posts\/69941","targetHints":{"allow":["GET"]}}],"collection":[{"href":"https:\/\/www.noticiasradioreflejos.com.ar\/2021\/wp-json\/wp\/v2\/posts"}],"about":[{"href":"https:\/\/www.noticiasradioreflejos.com.ar\/2021\/wp-json\/wp\/v2\/types\/post"}],"author":[{"embeddable":true,"href":"https:\/\/www.noticiasradioreflejos.com.ar\/2021\/wp-json\/wp\/v2\/users\/3"}],"replies":[{"embeddable":true,"href":"https:\/\/www.noticiasradioreflejos.com.ar\/2021\/wp-json\/wp\/v2\/comments?post=69941"}],"version-history":[{"count":1,"href":"https:\/\/www.noticiasradioreflejos.com.ar\/2021\/wp-json\/wp\/v2\/posts\/69941\/revisions"}],"predecessor-version":[{"id":69943,"href":"https:\/\/www.noticiasradioreflejos.com.ar\/2021\/wp-json\/wp\/v2\/posts\/69941\/revisions\/69943"}],"wp:attachment":[{"href":"https:\/\/www.noticiasradioreflejos.com.ar\/2021\/wp-json\/wp\/v2\/media?parent=69941"}],"wp:term":[{"taxonomy":"category","embeddable":true,"href":"https:\/\/www.noticiasradioreflejos.com.ar\/2021\/wp-json\/wp\/v2\/categories?post=69941"},{"taxonomy":"post_tag","embeddable":true,"href":"https:\/\/www.noticiasradioreflejos.com.ar\/2021\/wp-json\/wp\/v2\/tags?post=69941"}],"curies":[{"name":"wp","href":"https:\/\/api.w.org\/{rel}","templated":true}]}}