{"id":69938,"date":"2022-03-30T21:00:46","date_gmt":"2022-03-30T21:00:46","guid":{"rendered":"http:\/\/www.noticiasradioreflejos.com.ar\/2021\/?p=69938"},"modified":"2022-03-30T21:00:46","modified_gmt":"2022-03-30T21:00:46","slug":"el-indice-de-pobreza-retrocedio-al-373-en-el-segundo-semestre-de-2021","status":"publish","type":"post","link":"https:\/\/www.noticiasradioreflejos.com.ar\/2021\/el-indice-de-pobreza-retrocedio-al-373-en-el-segundo-semestre-de-2021\/","title":{"rendered":"El \u00edndice de pobreza retrocedi\u00f3 al 37,3% en el segundo semestre de 2021"},"content":{"rendered":"<p>De acuerdo a estas cifras, m\u00e1s de 920 mil persona salieron de la pobreza en relaci\u00f3n al \u00faltimo semestre del 2020. En cuando a la edad, el mayor nivel de pobreza se da entre el grupo de 0-14 a\u00f1os, llegando al 51,4% de las personas.<!--more--><\/p>\n<div>\n<div class=\"wrapper-editable-content\">\n<div>\n<div class=\"container-md\">\n<div class=\"row\">\n<div class=\"col-md-12 speak\">\n<div class=\"paragraph\">\n<figure class=\"mb-3\"><img decoding=\"async\" src=\"https:\/\/www.telam.com.ar\/thumbs\/bluesteel\/advf\/imagenes\/2022\/01\/61eb25e17ba4f_900.jpg\" alt=\"Los nuevos ndice sealan que en la Argentina 166 millones de personas son pobres y 36 millones indigentes Foto 123RF\" width=\"100%\" height=\"100%\" \/><\/p>\n<div class=\"media-icons\"><\/div><figcaption>Los nuevos \u00edndice se\u00f1alan que en la Argentina 16,6 millones de personas son pobres y 3,6 millones indigentes. (Foto 123RF)<\/figcaption><\/figure>\n<p>El \u00edndice de pobreza retrocedi\u00f3 al 37,3% en el segundo semestre del a\u00f1o pasado, por debajo de la medici\u00f3n del primer semestre de 2021, cuando fue de 40,6%, y del 42% de igual semestre de 2020, inform\u00f3 este miercoles el Instituto Nacional de Estad\u00edstica y Censos (Indec).<\/p>\n<p>En tanto, el \u00edndice de Indigencia, entendido esto como el porcentaje cuyos ingresos no les alcanza para procurarse el m\u00ednimo de alimentaci\u00f3n,\u00a0<strong>se ubic\u00f3 en 8,2 % al t\u00e9rmino del segundo semestre del a\u00f1o pasado, contra el 10,7 % del primer semestre<\/strong>\u00a0y del 10,5% de igual per\u00edodo de 2020.<\/p>\n<p>En base a los n\u00fameros del Indec, en el \u00faltimo semestre de 2021\u00a0<strong>salieron de l\u00ednea de pobreza m\u00e1s de 920.000 personas<\/strong>\u00a0respecto a igual per\u00edodo de 2020, debido a que entre un per\u00edodo y otro se verific\u00f3 una merma de 4,7 puntos porcentuales.<\/p>\n<p>Esta reducci\u00f3n en la pobreza tuvo su correlato en el nivel de actividad de la econom\u00eda, que a lo largo de 2021 marc\u00f3 un incremento de 10.3%, luego de caer 9,9% en 2020.<\/p>\n<blockquote class=\"\"><p>Con una poblaci\u00f3n estimada en 45 millones de personas, estas cifras implican que 16,6 millones son pobres, y dentro de este segmento, 3,6 millones son indigentes.<\/p><\/blockquote>\n<p>Por grupo de edad, pese a que el mayor nivel de pobreza se da entre el grupo de 0-14 a\u00f1os, llegando al 51,4% de las personas, fue -a la vez- el que m\u00e1s redujo su tasa en el \u00faltimo a\u00f1o (-2,9 p.p. semestral y -6,3 p.p. interanual): seguido por el grupo de entre 15-29 a\u00f1os con una tasa de pobreza del 44,2% (-4,3 p.p. semestral y -5,0 p.p. interanual).<\/p>\n<p>El grupo de 30 a 64 a\u00f1os tambi\u00e9n redujo su tasa de pobreza, en este caso al 32,6% de la poblaci\u00f3n (-3,7 p.p. semestral y -4,6 p.p. interanual); en tanto el grupo de 65 a\u00f1os y m\u00e1s fue el \u00fanico con incremento de su tasa de pobreza en la comparaci\u00f3n interanual (13,0%; -0,8 p.p. semestral y +1,1 p.p. interanual).<\/p>\n<p>Por \u00faltimo, la pobreza infantil y de adolescentes (0-17 a\u00f1os) fue de 51,8%, con una tasa de 54,0% en el caso de los adolescentes (12-17 a\u00f1os).<\/p>\n<p>Foto de portada: 1 de cada 3 argentinos es pobre. Imagen: Leandro Teysseire<\/p>\n","protected":false},"excerpt":{"rendered":"<p>De acuerdo a estas cifras, m\u00e1s de 920 mil persona salieron de la pobreza en relaci\u00f3n al \u00faltimo semestre del 2020. En cuando a la edad, el mayor nivel de pobreza se da entre el grupo de 0-14 a\u00f1os, llegando al 51,4% de las personas.<\/p>\n","protected":false},"author":3,"featured_media":0,"comment_status":"closed","ping_status":"closed","sticky":false,"template":"","format":"standard","meta":{"footnotes":""},"categories":[24,26],"tags":[],"class_list":["post-69938","post","type-post","status-publish","format-standard","hentry","category-politica","category-sociedad"],"yoast_head":"<!-- This site is optimized with the Yoast SEO plugin v25.9 - https:\/\/yoast.com\/wordpress\/plugins\/seo\/ -->\n<title>El \u00edndice de pobreza retrocedi\u00f3 al 37,3% en el segundo semestre de 2021 - Noticias Radio Reflejos<\/title>\n<meta name=\"robots\" content=\"index, follow, max-snippet:-1, max-image-preview:large, max-video-preview:-1\" \/>\n<link rel=\"canonical\" href=\"https:\/\/www.noticiasradioreflejos.com.ar\/2021\/el-indice-de-pobreza-retrocedio-al-373-en-el-segundo-semestre-de-2021\/\" \/>\n<meta property=\"og:locale\" content=\"es_ES\" \/>\n<meta property=\"og:type\" content=\"article\" \/>\n<meta property=\"og:title\" content=\"El \u00edndice de pobreza retrocedi\u00f3 al 37,3% en el segundo semestre de 2021 - Noticias Radio Reflejos\" \/>\n<meta property=\"og:description\" content=\"De acuerdo a estas cifras, m\u00e1s de 920 mil persona salieron de la pobreza en relaci\u00f3n al \u00faltimo semestre del 2020. En cuando a la edad, el mayor nivel de pobreza se da entre el grupo de 0-14 a\u00f1os, llegando al 51,4% de las personas.\" \/>\n<meta property=\"og:url\" content=\"https:\/\/www.noticiasradioreflejos.com.ar\/2021\/el-indice-de-pobreza-retrocedio-al-373-en-el-segundo-semestre-de-2021\/\" \/>\n<meta property=\"og:site_name\" content=\"Noticias Radio Reflejos\" \/>\n<meta property=\"article:published_time\" content=\"2022-03-30T21:00:46+00:00\" \/>\n<meta property=\"og:image\" content=\"https:\/\/www.telam.com.ar\/thumbs\/bluesteel\/advf\/imagenes\/2022\/01\/61eb25e17ba4f_900.jpg\" \/>\n<meta name=\"author\" content=\"Arnaldo Botto\" \/>\n<meta name=\"twitter:card\" content=\"summary_large_image\" \/>\n<script type=\"application\/ld+json\" class=\"yoast-schema-graph\">{\"@context\":\"https:\/\/schema.org\",\"@graph\":[{\"@type\":\"WebPage\",\"@id\":\"https:\/\/www.noticiasradioreflejos.com.ar\/2021\/el-indice-de-pobreza-retrocedio-al-373-en-el-segundo-semestre-de-2021\/\",\"url\":\"https:\/\/www.noticiasradioreflejos.com.ar\/2021\/el-indice-de-pobreza-retrocedio-al-373-en-el-segundo-semestre-de-2021\/\",\"name\":\"El \u00edndice de pobreza retrocedi\u00f3 al 37,3% en el segundo semestre de 2021 - Noticias Radio Reflejos\",\"isPartOf\":{\"@id\":\"https:\/\/www.noticiasradioreflejos.com.ar\/2021\/#website\"},\"primaryImageOfPage\":{\"@id\":\"https:\/\/www.noticiasradioreflejos.com.ar\/2021\/el-indice-de-pobreza-retrocedio-al-373-en-el-segundo-semestre-de-2021\/#primaryimage\"},\"image\":{\"@id\":\"https:\/\/www.noticiasradioreflejos.com.ar\/2021\/el-indice-de-pobreza-retrocedio-al-373-en-el-segundo-semestre-de-2021\/#primaryimage\"},\"thumbnailUrl\":\"https:\/\/www.telam.com.ar\/thumbs\/bluesteel\/advf\/imagenes\/2022\/01\/61eb25e17ba4f_900.jpg\",\"datePublished\":\"2022-03-30T21:00:46+00:00\",\"author\":{\"@id\":\"https:\/\/www.noticiasradioreflejos.com.ar\/2021\/#\/schema\/person\/ad82545263dcc5ec0996818884fd5fb1\"},\"breadcrumb\":{\"@id\":\"https:\/\/www.noticiasradioreflejos.com.ar\/2021\/el-indice-de-pobreza-retrocedio-al-373-en-el-segundo-semestre-de-2021\/#breadcrumb\"},\"inLanguage\":\"es\",\"potentialAction\":[{\"@type\":\"ReadAction\",\"target\":[\"https:\/\/www.noticiasradioreflejos.com.ar\/2021\/el-indice-de-pobreza-retrocedio-al-373-en-el-segundo-semestre-de-2021\/\"]}]},{\"@type\":\"ImageObject\",\"inLanguage\":\"es\",\"@id\":\"https:\/\/www.noticiasradioreflejos.com.ar\/2021\/el-indice-de-pobreza-retrocedio-al-373-en-el-segundo-semestre-de-2021\/#primaryimage\",\"url\":\"https:\/\/www.telam.com.ar\/thumbs\/bluesteel\/advf\/imagenes\/2022\/01\/61eb25e17ba4f_900.jpg\",\"contentUrl\":\"https:\/\/www.telam.com.ar\/thumbs\/bluesteel\/advf\/imagenes\/2022\/01\/61eb25e17ba4f_900.jpg\"},{\"@type\":\"BreadcrumbList\",\"@id\":\"https:\/\/www.noticiasradioreflejos.com.ar\/2021\/el-indice-de-pobreza-retrocedio-al-373-en-el-segundo-semestre-de-2021\/#breadcrumb\",\"itemListElement\":[{\"@type\":\"ListItem\",\"position\":1,\"name\":\"Portada\",\"item\":\"https:\/\/www.noticiasradioreflejos.com.ar\/2021\/\"},{\"@type\":\"ListItem\",\"position\":2,\"name\":\"El \u00edndice de pobreza retrocedi\u00f3 al 37,3% en el segundo semestre de 2021\"}]},{\"@type\":\"WebSite\",\"@id\":\"https:\/\/www.noticiasradioreflejos.com.ar\/2021\/#website\",\"url\":\"https:\/\/www.noticiasradioreflejos.com.ar\/2021\/\",\"name\":\"Noticias Radio Reflejos\",\"description\":\"Las noticias de mi comarca\",\"potentialAction\":[{\"@type\":\"SearchAction\",\"target\":{\"@type\":\"EntryPoint\",\"urlTemplate\":\"https:\/\/www.noticiasradioreflejos.com.ar\/2021\/?s={search_term_string}\"},\"query-input\":{\"@type\":\"PropertyValueSpecification\",\"valueRequired\":true,\"valueName\":\"search_term_string\"}}],\"inLanguage\":\"es\"},{\"@type\":\"Person\",\"@id\":\"https:\/\/www.noticiasradioreflejos.com.ar\/2021\/#\/schema\/person\/ad82545263dcc5ec0996818884fd5fb1\",\"name\":\"Arnaldo Botto\",\"image\":{\"@type\":\"ImageObject\",\"inLanguage\":\"es\",\"@id\":\"https:\/\/www.noticiasradioreflejos.com.ar\/2021\/#\/schema\/person\/image\/\",\"url\":\"https:\/\/secure.gravatar.com\/avatar\/55cb5e37c1efa326397366e6974cb338056df65cb50e7d64d1cf314e87504837?s=96&d=mm&r=g\",\"contentUrl\":\"https:\/\/secure.gravatar.com\/avatar\/55cb5e37c1efa326397366e6974cb338056df65cb50e7d64d1cf314e87504837?s=96&d=mm&r=g\",\"caption\":\"Arnaldo Botto\"},\"url\":\"https:\/\/www.noticiasradioreflejos.com.ar\/2021\/author\/arnaldo\/\"}]}<\/script>\n<!-- \/ Yoast SEO plugin. -->","yoast_head_json":{"title":"El \u00edndice de pobreza retrocedi\u00f3 al 37,3% en el segundo semestre de 2021 - Noticias Radio Reflejos","robots":{"index":"index","follow":"follow","max-snippet":"max-snippet:-1","max-image-preview":"max-image-preview:large","max-video-preview":"max-video-preview:-1"},"canonical":"https:\/\/www.noticiasradioreflejos.com.ar\/2021\/el-indice-de-pobreza-retrocedio-al-373-en-el-segundo-semestre-de-2021\/","og_locale":"es_ES","og_type":"article","og_title":"El \u00edndice de pobreza retrocedi\u00f3 al 37,3% en el segundo semestre de 2021 - Noticias Radio Reflejos","og_description":"De acuerdo a estas cifras, m\u00e1s de 920 mil persona salieron de la pobreza en relaci\u00f3n al \u00faltimo semestre del 2020. En cuando a la edad, el mayor nivel de pobreza se da entre el grupo de 0-14 a\u00f1os, llegando al 51,4% de las personas.","og_url":"https:\/\/www.noticiasradioreflejos.com.ar\/2021\/el-indice-de-pobreza-retrocedio-al-373-en-el-segundo-semestre-de-2021\/","og_site_name":"Noticias Radio Reflejos","article_published_time":"2022-03-30T21:00:46+00:00","og_image":[{"url":"https:\/\/www.telam.com.ar\/thumbs\/bluesteel\/advf\/imagenes\/2022\/01\/61eb25e17ba4f_900.jpg","type":"","width":"","height":""}],"author":"Arnaldo Botto","twitter_card":"summary_large_image","schema":{"@context":"https:\/\/schema.org","@graph":[{"@type":"WebPage","@id":"https:\/\/www.noticiasradioreflejos.com.ar\/2021\/el-indice-de-pobreza-retrocedio-al-373-en-el-segundo-semestre-de-2021\/","url":"https:\/\/www.noticiasradioreflejos.com.ar\/2021\/el-indice-de-pobreza-retrocedio-al-373-en-el-segundo-semestre-de-2021\/","name":"El \u00edndice de pobreza retrocedi\u00f3 al 37,3% en el segundo semestre de 2021 - Noticias Radio Reflejos","isPartOf":{"@id":"https:\/\/www.noticiasradioreflejos.com.ar\/2021\/#website"},"primaryImageOfPage":{"@id":"https:\/\/www.noticiasradioreflejos.com.ar\/2021\/el-indice-de-pobreza-retrocedio-al-373-en-el-segundo-semestre-de-2021\/#primaryimage"},"image":{"@id":"https:\/\/www.noticiasradioreflejos.com.ar\/2021\/el-indice-de-pobreza-retrocedio-al-373-en-el-segundo-semestre-de-2021\/#primaryimage"},"thumbnailUrl":"https:\/\/www.telam.com.ar\/thumbs\/bluesteel\/advf\/imagenes\/2022\/01\/61eb25e17ba4f_900.jpg","datePublished":"2022-03-30T21:00:46+00:00","author":{"@id":"https:\/\/www.noticiasradioreflejos.com.ar\/2021\/#\/schema\/person\/ad82545263dcc5ec0996818884fd5fb1"},"breadcrumb":{"@id":"https:\/\/www.noticiasradioreflejos.com.ar\/2021\/el-indice-de-pobreza-retrocedio-al-373-en-el-segundo-semestre-de-2021\/#breadcrumb"},"inLanguage":"es","potentialAction":[{"@type":"ReadAction","target":["https:\/\/www.noticiasradioreflejos.com.ar\/2021\/el-indice-de-pobreza-retrocedio-al-373-en-el-segundo-semestre-de-2021\/"]}]},{"@type":"ImageObject","inLanguage":"es","@id":"https:\/\/www.noticiasradioreflejos.com.ar\/2021\/el-indice-de-pobreza-retrocedio-al-373-en-el-segundo-semestre-de-2021\/#primaryimage","url":"https:\/\/www.telam.com.ar\/thumbs\/bluesteel\/advf\/imagenes\/2022\/01\/61eb25e17ba4f_900.jpg","contentUrl":"https:\/\/www.telam.com.ar\/thumbs\/bluesteel\/advf\/imagenes\/2022\/01\/61eb25e17ba4f_900.jpg"},{"@type":"BreadcrumbList","@id":"https:\/\/www.noticiasradioreflejos.com.ar\/2021\/el-indice-de-pobreza-retrocedio-al-373-en-el-segundo-semestre-de-2021\/#breadcrumb","itemListElement":[{"@type":"ListItem","position":1,"name":"Portada","item":"https:\/\/www.noticiasradioreflejos.com.ar\/2021\/"},{"@type":"ListItem","position":2,"name":"El \u00edndice de pobreza retrocedi\u00f3 al 37,3% en el segundo semestre de 2021"}]},{"@type":"WebSite","@id":"https:\/\/www.noticiasradioreflejos.com.ar\/2021\/#website","url":"https:\/\/www.noticiasradioreflejos.com.ar\/2021\/","name":"Noticias Radio Reflejos","description":"Las noticias de mi comarca","potentialAction":[{"@type":"SearchAction","target":{"@type":"EntryPoint","urlTemplate":"https:\/\/www.noticiasradioreflejos.com.ar\/2021\/?s={search_term_string}"},"query-input":{"@type":"PropertyValueSpecification","valueRequired":true,"valueName":"search_term_string"}}],"inLanguage":"es"},{"@type":"Person","@id":"https:\/\/www.noticiasradioreflejos.com.ar\/2021\/#\/schema\/person\/ad82545263dcc5ec0996818884fd5fb1","name":"Arnaldo Botto","image":{"@type":"ImageObject","inLanguage":"es","@id":"https:\/\/www.noticiasradioreflejos.com.ar\/2021\/#\/schema\/person\/image\/","url":"https:\/\/secure.gravatar.com\/avatar\/55cb5e37c1efa326397366e6974cb338056df65cb50e7d64d1cf314e87504837?s=96&d=mm&r=g","contentUrl":"https:\/\/secure.gravatar.com\/avatar\/55cb5e37c1efa326397366e6974cb338056df65cb50e7d64d1cf314e87504837?s=96&d=mm&r=g","caption":"Arnaldo Botto"},"url":"https:\/\/www.noticiasradioreflejos.com.ar\/2021\/author\/arnaldo\/"}]}},"_links":{"self":[{"href":"https:\/\/www.noticiasradioreflejos.com.ar\/2021\/wp-json\/wp\/v2\/posts\/69938","targetHints":{"allow":["GET"]}}],"collection":[{"href":"https:\/\/www.noticiasradioreflejos.com.ar\/2021\/wp-json\/wp\/v2\/posts"}],"about":[{"href":"https:\/\/www.noticiasradioreflejos.com.ar\/2021\/wp-json\/wp\/v2\/types\/post"}],"author":[{"embeddable":true,"href":"https:\/\/www.noticiasradioreflejos.com.ar\/2021\/wp-json\/wp\/v2\/users\/3"}],"replies":[{"embeddable":true,"href":"https:\/\/www.noticiasradioreflejos.com.ar\/2021\/wp-json\/wp\/v2\/comments?post=69938"}],"version-history":[{"count":1,"href":"https:\/\/www.noticiasradioreflejos.com.ar\/2021\/wp-json\/wp\/v2\/posts\/69938\/revisions"}],"predecessor-version":[{"id":69940,"href":"https:\/\/www.noticiasradioreflejos.com.ar\/2021\/wp-json\/wp\/v2\/posts\/69938\/revisions\/69940"}],"wp:attachment":[{"href":"https:\/\/www.noticiasradioreflejos.com.ar\/2021\/wp-json\/wp\/v2\/media?parent=69938"}],"wp:term":[{"taxonomy":"category","embeddable":true,"href":"https:\/\/www.noticiasradioreflejos.com.ar\/2021\/wp-json\/wp\/v2\/categories?post=69938"},{"taxonomy":"post_tag","embeddable":true,"href":"https:\/\/www.noticiasradioreflejos.com.ar\/2021\/wp-json\/wp\/v2\/tags?post=69938"}],"curies":[{"name":"wp","href":"https:\/\/api.w.org\/{rel}","templated":true}]}}