{"id":69931,"date":"2022-03-30T16:41:09","date_gmt":"2022-03-30T16:41:09","guid":{"rendered":"http:\/\/www.noticiasradioreflejos.com.ar\/2021\/?p=69931"},"modified":"2022-03-30T16:41:09","modified_gmt":"2022-03-30T16:41:09","slug":"vandalizaron-una-escultura-de-cristina-fernandez-de-kirchner-en-rio-gallegos","status":"publish","type":"post","link":"https:\/\/www.noticiasradioreflejos.com.ar\/2021\/vandalizaron-una-escultura-de-cristina-fernandez-de-kirchner-en-rio-gallegos\/","title":{"rendered":"Vandalizaron una escultura de Cristina Fern\u00e1ndez de Kirchner en R\u00edo Gallegos"},"content":{"rendered":"<p>Durante la madrugada fue arrancada la figura de la Vicepresidenta que hab\u00eda sido instalada el 18 de marzo junto a las de\u00a0 todos los presidentes de la democracia desde 1983.<!--more--><\/p>\n<figure class=\"mb-3\"><img decoding=\"async\" src=\"https:\/\/www.telam.com.ar\/thumbs\/bluesteel\/advf\/imagenes\/2022\/03\/62445a0b2edee_900.jpg\" alt=\" Foto Walter Daz\" width=\"100%\" height=\"100%\" \/><\/p>\n<div class=\"media-icons\"><\/div><figcaption>(Foto Walter D\u00edaz)<\/figcaption><\/figure>\n<p><strong>La estatua de la exmandataria Cristina Fern\u00e1ndez de Kirchner fue arrancada de su sitial en el Paseo de los Presidentes<\/strong>\u00a0ubicado en la Plaza de la Rep\u00fablica de la ciudad santacruce\u00f1a de R\u00edo Gallegos, seg\u00fan informaron fuentes de ese municipio.<\/p>\n<p>Seg\u00fan consignaron voceros de la intendencia municipal,\u00a0<strong>el hecho se produjo en horas de la madrugada<\/strong>\u00a0de este mi\u00e9rcoles en un paseo que fue inaugurado el pasado 18 de marzo, con esculturas de jefes de Estado de la democracia.<\/p>\n<p>\u00abVarias estatuas de ex presidentes de la democracia que fueron colocadas hace poco tiempo en la Plaza de la Rep\u00fablica amanecieron este mi\u00e9rcoles vandalizadas. Inmediatamente el municipio procedi\u00f3 al arreglo en el lugar de algunas y al retiro de otras para un trabajo m\u00e1s profundo, tal como ocurri\u00f3 con la escultura de la ex presidenta Cristina Kirchner\u00bb, indic\u00f3 un comunicado difundido por el Municipio de R\u00edo Gallegos.<\/p>\n<p>En tanto, el Gobierno de Santa Cruz expres\u00f3 \u00absu m\u00e1s en\u00e9rgico repudio a los hechos vand\u00e1licos y delictivos ocurridos anoche sobre la estatua de la ex presidenta Cristina Fern\u00e1ndez de Kirchner\u00bb, a trav\u00e9s de un mensaje publicado en la cuenta oficial de la red social Twitter del Ejecutivo de esa provincia patag\u00f3nica.<\/p>\n<blockquote class=\"twitter-tweet\" data-width=\"500\" data-dnt=\"true\">\n<p lang=\"es\" dir=\"ltr\">El Gobierno de Santa Cruz expresa su m\u00e1s en\u00e9rgico repudio a los hechos vand\u00e1licos y delictivos ocurridos anoche sobre la estatua de la ex presidenta Cristina Fern\u00e1ndez de Kirchner. <a href=\"https:\/\/t.co\/ECWrrVCIgD\">pic.twitter.com\/ECWrrVCIgD<\/a><\/p>\n<p>&mdash; Gobierno de Santa Cruz (@_SantaCruzAr) <a href=\"https:\/\/twitter.com\/_SantaCruzAr\/status\/1509155002564108294?ref_src=twsrc%5Etfw\">March 30, 2022<\/a><\/p><\/blockquote>\n<p><script async src=\"https:\/\/platform.twitter.com\/widgets.js\" charset=\"utf-8\"><\/script><\/p>\n<p>\u00abEl sentido de la plaza de la Democracia es homenajear y reafirmar que es posible el respeto y la pluralidad de opiniones e ideolog\u00edas. La comunidad santacruce\u00f1a avanza en la construcci\u00f3n de un pa\u00eds mejor cumpliendo las normas de convivencia y respeto mutuo\u00bb, se remarc\u00f3 desde la Gobernaci\u00f3n.<\/p>\n<p>Por su parte, la gobernadora de Santa Cruz, Alicia Kirchner, se sum\u00f3 esta ma\u00f1ana al repudio por ese ataque cuando llegaba al Centro Cultural Kirchner para participar de una reuni\u00f3n del Consejo Federal de Seguridad Interior.<\/p>\n<p>\u00abLos hechos vand\u00e1licos existen siempre lamentablemente y merecen siempre, como argentinos, nuestro m\u00e1ximo repudio\u00bb, se\u00f1al\u00f3 la mandataria en declaraciones a la prensa.<\/p>\n<figure class=\"mb-3\"><img decoding=\"async\" src=\"https:\/\/www.telam.com.ar\/thumbs\/bluesteel\/advf\/imagenes\/2022\/03\/6244611cd7c4b_900.jpg\" alt=\"Foto Walter Daz\" width=\"100%\" height=\"100%\" \/><\/p>\n<div class=\"media-icons\"><\/div><figcaption>(Foto Walter D\u00edaz)<\/figcaption><\/figure>\n<p>Las obras de este Paseo se ubican en una sector de la costanera de la Ciudad y conviven esculturas todos los presidentes de la democracia desde 1983 como Ra\u00fal Alfons\u00edn, Carlos Menem, Fernando de la R\u00faa, N\u00e9stor Kirchner, Cristina Kirchner y Mauricio Macri, y fueron creadas por el artista Miguel Villalba.<\/p>\n<blockquote class=\"\"><p>\u00abVarias estatuas de ex presidentes de la democracia que fueron colocadas hace poco tiempo en la Plaza de la Rep\u00fablica amanecieron este mi\u00e9rcoles vandalizadas. Inmediatamente el municipio procedi\u00f3 al arreglo en el lugar de algunas y al retiro de otras para un trabajo m\u00e1s profundo, tal como ocurri\u00f3 con la escultura de la ex presidenta Cristina Kirchner\u00bb<cite class=\"author\">Municipio de R\u00edo Gallegos<\/cite><\/p><\/blockquote>\n<p>El hecho se suma al del lunes \u00faltimo, cuando en el centro porte\u00f1o aparecieron varios afiches difamatorios contra la vicepresidenta Cristina Fern\u00e1ndez de Kirchner, que recibieron el repudio del presidente Alberto Fern\u00e1ndez, quien atribuy\u00f3 ese tipo de pr\u00e1cticas al inter\u00e9s en \u00abdividir\u00bb al Frente de Todos (FdT).<\/p>\n<blockquote class=\"twitter-tweet\" data-width=\"500\" data-dnt=\"true\">\n<p lang=\"es\" dir=\"ltr\">La derecha ha actuado as\u00ed hist\u00f3ricamente en la Argentina. Y cuando se trata de una mujer peronista, son a\u00fan m\u00e1s violentos. El peronismo ya lo vivi\u00f3 con Evita y ahora con <a href=\"https:\/\/twitter.com\/CFKArgentina?ref_src=twsrc%5Etfw\">@CFKArgentina<\/a>.<\/p>\n<p>Los discursos de odio son destructivos, anulan los debates y justifican la violencia. <a href=\"https:\/\/t.co\/3oBaVYDBNs\">https:\/\/t.co\/3oBaVYDBNs<\/a><\/p>\n<p>&mdash; Santiago Cafiero (@SantiagoCafiero) <a href=\"https:\/\/twitter.com\/SantiagoCafiero\/status\/1509182848321863683?ref_src=twsrc%5Etfw\">March 30, 2022<\/a><\/p><\/blockquote>\n<p><script async src=\"https:\/\/platform.twitter.com\/widgets.js\" charset=\"utf-8\"><\/script><\/p>\n<p>\u00abMuchos se empe\u00f1an en dividirnos y recurren a las mayores bajezas. Lamento el da\u00f1o que causan a personas de bien. Sepan que vi\u00e9ndolos actuar, solo me comprometen m\u00e1s con la unidad del FdT\u00bb, expres\u00f3 Fern\u00e1ndez desde su cuenta de Twitter.<\/p>\n<p>Adem\u00e1s, la Casa Rosada inform\u00f3 que el jefe de Estado pidi\u00f3 identificar a los autores de los afiches agraviantes, que endilgan a Cristina Fern\u00e1ndez presunta responsabilidad en las muertes por coronavirus ocurridas en el pa\u00eds.<\/p>\n","protected":false},"excerpt":{"rendered":"<p>Durante la madrugada fue arrancada la figura de la Vicepresidenta que hab\u00eda sido instalada el 18 de marzo junto a las de\u00a0 todos los presidentes de la democracia desde 1983.<\/p>\n","protected":false},"author":3,"featured_media":0,"comment_status":"closed","ping_status":"closed","sticky":false,"template":"","format":"standard","meta":{"footnotes":""},"categories":[24,26],"tags":[],"class_list":["post-69931","post","type-post","status-publish","format-standard","hentry","category-politica","category-sociedad"],"yoast_head":"<!-- This site is optimized with the Yoast SEO plugin v25.9 - https:\/\/yoast.com\/wordpress\/plugins\/seo\/ -->\n<title>Vandalizaron una escultura de Cristina Fern\u00e1ndez de Kirchner en R\u00edo Gallegos - Noticias Radio Reflejos<\/title>\n<meta name=\"robots\" content=\"index, follow, max-snippet:-1, max-image-preview:large, max-video-preview:-1\" \/>\n<link rel=\"canonical\" href=\"https:\/\/www.noticiasradioreflejos.com.ar\/2021\/vandalizaron-una-escultura-de-cristina-fernandez-de-kirchner-en-rio-gallegos\/\" \/>\n<meta property=\"og:locale\" content=\"es_ES\" \/>\n<meta property=\"og:type\" content=\"article\" \/>\n<meta property=\"og:title\" content=\"Vandalizaron una escultura de Cristina Fern\u00e1ndez de Kirchner en R\u00edo Gallegos - Noticias Radio Reflejos\" \/>\n<meta property=\"og:description\" content=\"Durante la madrugada fue arrancada la figura de la Vicepresidenta que hab\u00eda sido instalada el 18 de marzo junto a las de\u00a0 todos los presidentes de la democracia desde 1983.\" \/>\n<meta property=\"og:url\" content=\"https:\/\/www.noticiasradioreflejos.com.ar\/2021\/vandalizaron-una-escultura-de-cristina-fernandez-de-kirchner-en-rio-gallegos\/\" \/>\n<meta property=\"og:site_name\" content=\"Noticias Radio Reflejos\" \/>\n<meta property=\"article:published_time\" content=\"2022-03-30T16:41:09+00:00\" \/>\n<meta property=\"og:image\" content=\"https:\/\/www.telam.com.ar\/thumbs\/bluesteel\/advf\/imagenes\/2022\/03\/62445a0b2edee_900.jpg\" \/>\n<meta name=\"author\" content=\"Arnaldo Botto\" \/>\n<meta name=\"twitter:card\" content=\"summary_large_image\" \/>\n<script type=\"application\/ld+json\" class=\"yoast-schema-graph\">{\"@context\":\"https:\/\/schema.org\",\"@graph\":[{\"@type\":\"WebPage\",\"@id\":\"https:\/\/www.noticiasradioreflejos.com.ar\/2021\/vandalizaron-una-escultura-de-cristina-fernandez-de-kirchner-en-rio-gallegos\/\",\"url\":\"https:\/\/www.noticiasradioreflejos.com.ar\/2021\/vandalizaron-una-escultura-de-cristina-fernandez-de-kirchner-en-rio-gallegos\/\",\"name\":\"Vandalizaron una escultura de Cristina Fern\u00e1ndez de Kirchner en R\u00edo Gallegos - Noticias Radio Reflejos\",\"isPartOf\":{\"@id\":\"https:\/\/www.noticiasradioreflejos.com.ar\/2021\/#website\"},\"primaryImageOfPage\":{\"@id\":\"https:\/\/www.noticiasradioreflejos.com.ar\/2021\/vandalizaron-una-escultura-de-cristina-fernandez-de-kirchner-en-rio-gallegos\/#primaryimage\"},\"image\":{\"@id\":\"https:\/\/www.noticiasradioreflejos.com.ar\/2021\/vandalizaron-una-escultura-de-cristina-fernandez-de-kirchner-en-rio-gallegos\/#primaryimage\"},\"thumbnailUrl\":\"https:\/\/www.telam.com.ar\/thumbs\/bluesteel\/advf\/imagenes\/2022\/03\/62445a0b2edee_900.jpg\",\"datePublished\":\"2022-03-30T16:41:09+00:00\",\"author\":{\"@id\":\"https:\/\/www.noticiasradioreflejos.com.ar\/2021\/#\/schema\/person\/ad82545263dcc5ec0996818884fd5fb1\"},\"breadcrumb\":{\"@id\":\"https:\/\/www.noticiasradioreflejos.com.ar\/2021\/vandalizaron-una-escultura-de-cristina-fernandez-de-kirchner-en-rio-gallegos\/#breadcrumb\"},\"inLanguage\":\"es\",\"potentialAction\":[{\"@type\":\"ReadAction\",\"target\":[\"https:\/\/www.noticiasradioreflejos.com.ar\/2021\/vandalizaron-una-escultura-de-cristina-fernandez-de-kirchner-en-rio-gallegos\/\"]}]},{\"@type\":\"ImageObject\",\"inLanguage\":\"es\",\"@id\":\"https:\/\/www.noticiasradioreflejos.com.ar\/2021\/vandalizaron-una-escultura-de-cristina-fernandez-de-kirchner-en-rio-gallegos\/#primaryimage\",\"url\":\"https:\/\/www.telam.com.ar\/thumbs\/bluesteel\/advf\/imagenes\/2022\/03\/62445a0b2edee_900.jpg\",\"contentUrl\":\"https:\/\/www.telam.com.ar\/thumbs\/bluesteel\/advf\/imagenes\/2022\/03\/62445a0b2edee_900.jpg\"},{\"@type\":\"BreadcrumbList\",\"@id\":\"https:\/\/www.noticiasradioreflejos.com.ar\/2021\/vandalizaron-una-escultura-de-cristina-fernandez-de-kirchner-en-rio-gallegos\/#breadcrumb\",\"itemListElement\":[{\"@type\":\"ListItem\",\"position\":1,\"name\":\"Portada\",\"item\":\"https:\/\/www.noticiasradioreflejos.com.ar\/2021\/\"},{\"@type\":\"ListItem\",\"position\":2,\"name\":\"Vandalizaron una escultura de Cristina Fern\u00e1ndez de Kirchner en R\u00edo Gallegos\"}]},{\"@type\":\"WebSite\",\"@id\":\"https:\/\/www.noticiasradioreflejos.com.ar\/2021\/#website\",\"url\":\"https:\/\/www.noticiasradioreflejos.com.ar\/2021\/\",\"name\":\"Noticias Radio Reflejos\",\"description\":\"Las noticias de mi comarca\",\"potentialAction\":[{\"@type\":\"SearchAction\",\"target\":{\"@type\":\"EntryPoint\",\"urlTemplate\":\"https:\/\/www.noticiasradioreflejos.com.ar\/2021\/?s={search_term_string}\"},\"query-input\":{\"@type\":\"PropertyValueSpecification\",\"valueRequired\":true,\"valueName\":\"search_term_string\"}}],\"inLanguage\":\"es\"},{\"@type\":\"Person\",\"@id\":\"https:\/\/www.noticiasradioreflejos.com.ar\/2021\/#\/schema\/person\/ad82545263dcc5ec0996818884fd5fb1\",\"name\":\"Arnaldo Botto\",\"image\":{\"@type\":\"ImageObject\",\"inLanguage\":\"es\",\"@id\":\"https:\/\/www.noticiasradioreflejos.com.ar\/2021\/#\/schema\/person\/image\/\",\"url\":\"https:\/\/secure.gravatar.com\/avatar\/55cb5e37c1efa326397366e6974cb338056df65cb50e7d64d1cf314e87504837?s=96&d=mm&r=g\",\"contentUrl\":\"https:\/\/secure.gravatar.com\/avatar\/55cb5e37c1efa326397366e6974cb338056df65cb50e7d64d1cf314e87504837?s=96&d=mm&r=g\",\"caption\":\"Arnaldo Botto\"},\"url\":\"https:\/\/www.noticiasradioreflejos.com.ar\/2021\/author\/arnaldo\/\"}]}<\/script>\n<!-- \/ Yoast SEO plugin. -->","yoast_head_json":{"title":"Vandalizaron una escultura de Cristina Fern\u00e1ndez de Kirchner en R\u00edo Gallegos - Noticias Radio Reflejos","robots":{"index":"index","follow":"follow","max-snippet":"max-snippet:-1","max-image-preview":"max-image-preview:large","max-video-preview":"max-video-preview:-1"},"canonical":"https:\/\/www.noticiasradioreflejos.com.ar\/2021\/vandalizaron-una-escultura-de-cristina-fernandez-de-kirchner-en-rio-gallegos\/","og_locale":"es_ES","og_type":"article","og_title":"Vandalizaron una escultura de Cristina Fern\u00e1ndez de Kirchner en R\u00edo Gallegos - Noticias Radio Reflejos","og_description":"Durante la madrugada fue arrancada la figura de la Vicepresidenta que hab\u00eda sido instalada el 18 de marzo junto a las de\u00a0 todos los presidentes de la democracia desde 1983.","og_url":"https:\/\/www.noticiasradioreflejos.com.ar\/2021\/vandalizaron-una-escultura-de-cristina-fernandez-de-kirchner-en-rio-gallegos\/","og_site_name":"Noticias Radio Reflejos","article_published_time":"2022-03-30T16:41:09+00:00","og_image":[{"url":"https:\/\/www.telam.com.ar\/thumbs\/bluesteel\/advf\/imagenes\/2022\/03\/62445a0b2edee_900.jpg","type":"","width":"","height":""}],"author":"Arnaldo Botto","twitter_card":"summary_large_image","schema":{"@context":"https:\/\/schema.org","@graph":[{"@type":"WebPage","@id":"https:\/\/www.noticiasradioreflejos.com.ar\/2021\/vandalizaron-una-escultura-de-cristina-fernandez-de-kirchner-en-rio-gallegos\/","url":"https:\/\/www.noticiasradioreflejos.com.ar\/2021\/vandalizaron-una-escultura-de-cristina-fernandez-de-kirchner-en-rio-gallegos\/","name":"Vandalizaron una escultura de Cristina Fern\u00e1ndez de Kirchner en R\u00edo Gallegos - Noticias Radio Reflejos","isPartOf":{"@id":"https:\/\/www.noticiasradioreflejos.com.ar\/2021\/#website"},"primaryImageOfPage":{"@id":"https:\/\/www.noticiasradioreflejos.com.ar\/2021\/vandalizaron-una-escultura-de-cristina-fernandez-de-kirchner-en-rio-gallegos\/#primaryimage"},"image":{"@id":"https:\/\/www.noticiasradioreflejos.com.ar\/2021\/vandalizaron-una-escultura-de-cristina-fernandez-de-kirchner-en-rio-gallegos\/#primaryimage"},"thumbnailUrl":"https:\/\/www.telam.com.ar\/thumbs\/bluesteel\/advf\/imagenes\/2022\/03\/62445a0b2edee_900.jpg","datePublished":"2022-03-30T16:41:09+00:00","author":{"@id":"https:\/\/www.noticiasradioreflejos.com.ar\/2021\/#\/schema\/person\/ad82545263dcc5ec0996818884fd5fb1"},"breadcrumb":{"@id":"https:\/\/www.noticiasradioreflejos.com.ar\/2021\/vandalizaron-una-escultura-de-cristina-fernandez-de-kirchner-en-rio-gallegos\/#breadcrumb"},"inLanguage":"es","potentialAction":[{"@type":"ReadAction","target":["https:\/\/www.noticiasradioreflejos.com.ar\/2021\/vandalizaron-una-escultura-de-cristina-fernandez-de-kirchner-en-rio-gallegos\/"]}]},{"@type":"ImageObject","inLanguage":"es","@id":"https:\/\/www.noticiasradioreflejos.com.ar\/2021\/vandalizaron-una-escultura-de-cristina-fernandez-de-kirchner-en-rio-gallegos\/#primaryimage","url":"https:\/\/www.telam.com.ar\/thumbs\/bluesteel\/advf\/imagenes\/2022\/03\/62445a0b2edee_900.jpg","contentUrl":"https:\/\/www.telam.com.ar\/thumbs\/bluesteel\/advf\/imagenes\/2022\/03\/62445a0b2edee_900.jpg"},{"@type":"BreadcrumbList","@id":"https:\/\/www.noticiasradioreflejos.com.ar\/2021\/vandalizaron-una-escultura-de-cristina-fernandez-de-kirchner-en-rio-gallegos\/#breadcrumb","itemListElement":[{"@type":"ListItem","position":1,"name":"Portada","item":"https:\/\/www.noticiasradioreflejos.com.ar\/2021\/"},{"@type":"ListItem","position":2,"name":"Vandalizaron una escultura de Cristina Fern\u00e1ndez de Kirchner en R\u00edo Gallegos"}]},{"@type":"WebSite","@id":"https:\/\/www.noticiasradioreflejos.com.ar\/2021\/#website","url":"https:\/\/www.noticiasradioreflejos.com.ar\/2021\/","name":"Noticias Radio Reflejos","description":"Las noticias de mi comarca","potentialAction":[{"@type":"SearchAction","target":{"@type":"EntryPoint","urlTemplate":"https:\/\/www.noticiasradioreflejos.com.ar\/2021\/?s={search_term_string}"},"query-input":{"@type":"PropertyValueSpecification","valueRequired":true,"valueName":"search_term_string"}}],"inLanguage":"es"},{"@type":"Person","@id":"https:\/\/www.noticiasradioreflejos.com.ar\/2021\/#\/schema\/person\/ad82545263dcc5ec0996818884fd5fb1","name":"Arnaldo Botto","image":{"@type":"ImageObject","inLanguage":"es","@id":"https:\/\/www.noticiasradioreflejos.com.ar\/2021\/#\/schema\/person\/image\/","url":"https:\/\/secure.gravatar.com\/avatar\/55cb5e37c1efa326397366e6974cb338056df65cb50e7d64d1cf314e87504837?s=96&d=mm&r=g","contentUrl":"https:\/\/secure.gravatar.com\/avatar\/55cb5e37c1efa326397366e6974cb338056df65cb50e7d64d1cf314e87504837?s=96&d=mm&r=g","caption":"Arnaldo Botto"},"url":"https:\/\/www.noticiasradioreflejos.com.ar\/2021\/author\/arnaldo\/"}]}},"_links":{"self":[{"href":"https:\/\/www.noticiasradioreflejos.com.ar\/2021\/wp-json\/wp\/v2\/posts\/69931","targetHints":{"allow":["GET"]}}],"collection":[{"href":"https:\/\/www.noticiasradioreflejos.com.ar\/2021\/wp-json\/wp\/v2\/posts"}],"about":[{"href":"https:\/\/www.noticiasradioreflejos.com.ar\/2021\/wp-json\/wp\/v2\/types\/post"}],"author":[{"embeddable":true,"href":"https:\/\/www.noticiasradioreflejos.com.ar\/2021\/wp-json\/wp\/v2\/users\/3"}],"replies":[{"embeddable":true,"href":"https:\/\/www.noticiasradioreflejos.com.ar\/2021\/wp-json\/wp\/v2\/comments?post=69931"}],"version-history":[{"count":1,"href":"https:\/\/www.noticiasradioreflejos.com.ar\/2021\/wp-json\/wp\/v2\/posts\/69931\/revisions"}],"predecessor-version":[{"id":69933,"href":"https:\/\/www.noticiasradioreflejos.com.ar\/2021\/wp-json\/wp\/v2\/posts\/69931\/revisions\/69933"}],"wp:attachment":[{"href":"https:\/\/www.noticiasradioreflejos.com.ar\/2021\/wp-json\/wp\/v2\/media?parent=69931"}],"wp:term":[{"taxonomy":"category","embeddable":true,"href":"https:\/\/www.noticiasradioreflejos.com.ar\/2021\/wp-json\/wp\/v2\/categories?post=69931"},{"taxonomy":"post_tag","embeddable":true,"href":"https:\/\/www.noticiasradioreflejos.com.ar\/2021\/wp-json\/wp\/v2\/tags?post=69931"}],"curies":[{"name":"wp","href":"https:\/\/api.w.org\/{rel}","templated":true}]}}