{"id":69915,"date":"2022-03-30T13:09:01","date_gmt":"2022-03-30T13:09:01","guid":{"rendered":"http:\/\/www.noticiasradioreflejos.com.ar\/2021\/?p=69915"},"modified":"2022-03-30T13:09:01","modified_gmt":"2022-03-30T13:09:01","slug":"la-academia-de-hollywood-condeno-formalmente-la-agresion-de-will-smith-y-promete-medidas","status":"publish","type":"post","link":"https:\/\/www.noticiasradioreflejos.com.ar\/2021\/la-academia-de-hollywood-condeno-formalmente-la-agresion-de-will-smith-y-promete-medidas\/","title":{"rendered":"La Academia de Hollywood conden\u00f3 formalmente la agresi\u00f3n de Will Smith y promete medidas"},"content":{"rendered":"<p>El presidente de la entidad, David Rubin, expres\u00f3 la molestia e indignaci\u00f3n que gener\u00f3 a los organizadores de los premios Oscar \u00abel comportamiento inaceptable y da\u00f1ino\u00bb del ganador de la estatuilla al mejor actor.<!--more--><\/p>\n<p>La Academia de Hollywood conden\u00f3 de manera formal la agresi\u00f3n el Will Smith a Chris Rock (Foto AFP).<\/p>\n<p><strong>La Academia de Artes y Ciencias Cinematogr\u00e1ficas de Hollywood<\/strong>, organizadora de los premios Oscar,\u00a0<strong>conden\u00f3 por primera vez de manera formal<\/strong>\u00a0la agresi\u00f3n del domingo pasado del actor\u00a0<strong>Will Smith<\/strong>\u00a0al comediante\u00a0<strong>Chris Rock<\/strong>\u00a0en plena ceremonia, a trav\u00e9s de una carta de su presidente David Rubin al resto de los miembros, en la que\u00a0<strong>advierte que se tomar\u00e1 alg\u00fan tipo de medida<\/strong>\u00a0al respecto.<\/p>\n<p>\u201cLa transmisi\u00f3n de la 94\u00aa edici\u00f3n de los Oscar estaba concebida como una celebraci\u00f3n de los muchos individuos de nuestra comunidad que hicieron un trabajo incre\u00edble el a\u00f1o pasado.\u00a0<strong>Estamos molestos e indignados<\/strong>\u00a0por el hecho de que esos momentos fueran eclipsados por el\u00a0<strong>comportamiento inaceptable y da\u00f1ino<\/strong>\u00a0de uno de los nominados sobre el escenario. Para ser claros, condenamos las acciones del se\u00f1or Smith ocurridas el domingo por la noche\u201d, dice la carta de Rubin replicada en el sitio especializado Variety.<\/p>\n<p>Acto seguido, el texto puntualiza que<strong>\u00a0\u00abla Junta de Gobernadores de la Academia ahora tomar\u00e1 una determinaci\u00f3n sobre la acci\u00f3n apropiada para el Sr. Smith\u00bb<\/strong>\u00a0y aclara la decisi\u00f3n se ajustar\u00e1 a la ley local que fija est\u00e1ndares de conducta a las organizaciones sin fines de lucro, como ser\u00eda en el caso de esta instituci\u00f3n.<\/p>\n<figure class=\"mb-3\"><img decoding=\"async\" src=\"https:\/\/www.telam.com.ar\/thumbs\/bluesteel\/advf\/imagenes\/2022\/03\/624334cd1c96d_900.jpg\" alt=\"Smith finalmente gan el Oscar en la categora Mejor Actor Foto AFP\" width=\"100%\" height=\"100%\" \/><\/p>\n<div class=\"media-icons\"><\/div><figcaption>Smith finalmente gan\u00f3 el Oscar en la categor\u00eda Mejor Actor (Foto AFP).<\/figcaption><\/figure>\n<p>\u00abLa Junta de Gobernadores llevar\u00e1 a cabo este proceso de manera conveniente y respetuosa para todos los involucrados, manteniendo los est\u00e1ndares de la Academia\u00bb, se\u00f1ala la carta.<\/p>\n<p>Por su parte, la actriz\u00a0<strong>Jada Pinkett Smith<\/strong>\u00a0dio muestras de buscar dejar atr\u00e1s el incidente con una publicaci\u00f3n en su cuenta personal de Instagram que reza:\u00a0<strong>\u00abEs temporada de sanar. Estoy aqu\u00ed para eso\u00bb<\/strong>.<\/p>\n<p>Cabe recordar que Will Smith le propin\u00f3 una bofetada al comediante Chris Rock, luego de que se burlara de la alopecia de su esposa en medio de una rutina previa a la presentaci\u00f3n del premio al mejor documental.<\/p>\n<p>Aunque la Academia aclar\u00f3 que el proceso abierto llevar\u00e1 \u00abalgunas semanas\u00bb, se especula con que\u00a0<strong>podr\u00edan retirarle el premio al mejor actor a Will Smith y que podr\u00edan expulsarlo como miembro de la instituci\u00f3n<\/strong>.<\/p>\n","protected":false},"excerpt":{"rendered":"<p>El presidente de la entidad, David Rubin, expres\u00f3 la molestia e indignaci\u00f3n que gener\u00f3 a los organizadores de los premios Oscar \u00abel comportamiento inaceptable y da\u00f1ino\u00bb del ganador de la estatuilla al mejor actor.<\/p>\n","protected":false},"author":3,"featured_media":0,"comment_status":"closed","ping_status":"closed","sticky":false,"template":"","format":"standard","meta":{"footnotes":""},"categories":[26],"tags":[],"class_list":["post-69915","post","type-post","status-publish","format-standard","hentry","category-sociedad"],"yoast_head":"<!-- This site is optimized with the Yoast SEO plugin v25.9 - https:\/\/yoast.com\/wordpress\/plugins\/seo\/ -->\n<title>La Academia de Hollywood conden\u00f3 formalmente la agresi\u00f3n de Will Smith y promete medidas - Noticias Radio Reflejos<\/title>\n<meta name=\"robots\" content=\"index, follow, max-snippet:-1, max-image-preview:large, max-video-preview:-1\" \/>\n<link rel=\"canonical\" href=\"https:\/\/www.noticiasradioreflejos.com.ar\/2021\/la-academia-de-hollywood-condeno-formalmente-la-agresion-de-will-smith-y-promete-medidas\/\" \/>\n<meta property=\"og:locale\" content=\"es_ES\" \/>\n<meta property=\"og:type\" content=\"article\" \/>\n<meta property=\"og:title\" content=\"La Academia de Hollywood conden\u00f3 formalmente la agresi\u00f3n de Will Smith y promete medidas - Noticias Radio Reflejos\" \/>\n<meta property=\"og:description\" content=\"El presidente de la entidad, David Rubin, expres\u00f3 la molestia e indignaci\u00f3n que gener\u00f3 a los organizadores de los premios Oscar \u00abel comportamiento inaceptable y da\u00f1ino\u00bb del ganador de la estatuilla al mejor actor.\" \/>\n<meta property=\"og:url\" content=\"https:\/\/www.noticiasradioreflejos.com.ar\/2021\/la-academia-de-hollywood-condeno-formalmente-la-agresion-de-will-smith-y-promete-medidas\/\" \/>\n<meta property=\"og:site_name\" content=\"Noticias Radio Reflejos\" \/>\n<meta property=\"article:published_time\" content=\"2022-03-30T13:09:01+00:00\" \/>\n<meta property=\"og:image\" content=\"https:\/\/www.telam.com.ar\/thumbs\/bluesteel\/advf\/imagenes\/2022\/03\/624334cd1c96d_900.jpg\" \/>\n<meta name=\"author\" content=\"Arnaldo Botto\" \/>\n<meta name=\"twitter:card\" content=\"summary_large_image\" \/>\n<script type=\"application\/ld+json\" class=\"yoast-schema-graph\">{\"@context\":\"https:\/\/schema.org\",\"@graph\":[{\"@type\":\"WebPage\",\"@id\":\"https:\/\/www.noticiasradioreflejos.com.ar\/2021\/la-academia-de-hollywood-condeno-formalmente-la-agresion-de-will-smith-y-promete-medidas\/\",\"url\":\"https:\/\/www.noticiasradioreflejos.com.ar\/2021\/la-academia-de-hollywood-condeno-formalmente-la-agresion-de-will-smith-y-promete-medidas\/\",\"name\":\"La Academia de Hollywood conden\u00f3 formalmente la agresi\u00f3n de Will Smith y promete medidas - Noticias Radio Reflejos\",\"isPartOf\":{\"@id\":\"https:\/\/www.noticiasradioreflejos.com.ar\/2021\/#website\"},\"primaryImageOfPage\":{\"@id\":\"https:\/\/www.noticiasradioreflejos.com.ar\/2021\/la-academia-de-hollywood-condeno-formalmente-la-agresion-de-will-smith-y-promete-medidas\/#primaryimage\"},\"image\":{\"@id\":\"https:\/\/www.noticiasradioreflejos.com.ar\/2021\/la-academia-de-hollywood-condeno-formalmente-la-agresion-de-will-smith-y-promete-medidas\/#primaryimage\"},\"thumbnailUrl\":\"https:\/\/www.telam.com.ar\/thumbs\/bluesteel\/advf\/imagenes\/2022\/03\/624334cd1c96d_900.jpg\",\"datePublished\":\"2022-03-30T13:09:01+00:00\",\"author\":{\"@id\":\"https:\/\/www.noticiasradioreflejos.com.ar\/2021\/#\/schema\/person\/ad82545263dcc5ec0996818884fd5fb1\"},\"breadcrumb\":{\"@id\":\"https:\/\/www.noticiasradioreflejos.com.ar\/2021\/la-academia-de-hollywood-condeno-formalmente-la-agresion-de-will-smith-y-promete-medidas\/#breadcrumb\"},\"inLanguage\":\"es\",\"potentialAction\":[{\"@type\":\"ReadAction\",\"target\":[\"https:\/\/www.noticiasradioreflejos.com.ar\/2021\/la-academia-de-hollywood-condeno-formalmente-la-agresion-de-will-smith-y-promete-medidas\/\"]}]},{\"@type\":\"ImageObject\",\"inLanguage\":\"es\",\"@id\":\"https:\/\/www.noticiasradioreflejos.com.ar\/2021\/la-academia-de-hollywood-condeno-formalmente-la-agresion-de-will-smith-y-promete-medidas\/#primaryimage\",\"url\":\"https:\/\/www.telam.com.ar\/thumbs\/bluesteel\/advf\/imagenes\/2022\/03\/624334cd1c96d_900.jpg\",\"contentUrl\":\"https:\/\/www.telam.com.ar\/thumbs\/bluesteel\/advf\/imagenes\/2022\/03\/624334cd1c96d_900.jpg\"},{\"@type\":\"BreadcrumbList\",\"@id\":\"https:\/\/www.noticiasradioreflejos.com.ar\/2021\/la-academia-de-hollywood-condeno-formalmente-la-agresion-de-will-smith-y-promete-medidas\/#breadcrumb\",\"itemListElement\":[{\"@type\":\"ListItem\",\"position\":1,\"name\":\"Portada\",\"item\":\"https:\/\/www.noticiasradioreflejos.com.ar\/2021\/\"},{\"@type\":\"ListItem\",\"position\":2,\"name\":\"La Academia de Hollywood conden\u00f3 formalmente la agresi\u00f3n de Will Smith y promete medidas\"}]},{\"@type\":\"WebSite\",\"@id\":\"https:\/\/www.noticiasradioreflejos.com.ar\/2021\/#website\",\"url\":\"https:\/\/www.noticiasradioreflejos.com.ar\/2021\/\",\"name\":\"Noticias Radio Reflejos\",\"description\":\"Las noticias de mi comarca\",\"potentialAction\":[{\"@type\":\"SearchAction\",\"target\":{\"@type\":\"EntryPoint\",\"urlTemplate\":\"https:\/\/www.noticiasradioreflejos.com.ar\/2021\/?s={search_term_string}\"},\"query-input\":{\"@type\":\"PropertyValueSpecification\",\"valueRequired\":true,\"valueName\":\"search_term_string\"}}],\"inLanguage\":\"es\"},{\"@type\":\"Person\",\"@id\":\"https:\/\/www.noticiasradioreflejos.com.ar\/2021\/#\/schema\/person\/ad82545263dcc5ec0996818884fd5fb1\",\"name\":\"Arnaldo Botto\",\"image\":{\"@type\":\"ImageObject\",\"inLanguage\":\"es\",\"@id\":\"https:\/\/www.noticiasradioreflejos.com.ar\/2021\/#\/schema\/person\/image\/\",\"url\":\"https:\/\/secure.gravatar.com\/avatar\/55cb5e37c1efa326397366e6974cb338056df65cb50e7d64d1cf314e87504837?s=96&d=mm&r=g\",\"contentUrl\":\"https:\/\/secure.gravatar.com\/avatar\/55cb5e37c1efa326397366e6974cb338056df65cb50e7d64d1cf314e87504837?s=96&d=mm&r=g\",\"caption\":\"Arnaldo Botto\"},\"url\":\"https:\/\/www.noticiasradioreflejos.com.ar\/2021\/author\/arnaldo\/\"}]}<\/script>\n<!-- \/ Yoast SEO plugin. -->","yoast_head_json":{"title":"La Academia de Hollywood conden\u00f3 formalmente la agresi\u00f3n de Will Smith y promete medidas - Noticias Radio Reflejos","robots":{"index":"index","follow":"follow","max-snippet":"max-snippet:-1","max-image-preview":"max-image-preview:large","max-video-preview":"max-video-preview:-1"},"canonical":"https:\/\/www.noticiasradioreflejos.com.ar\/2021\/la-academia-de-hollywood-condeno-formalmente-la-agresion-de-will-smith-y-promete-medidas\/","og_locale":"es_ES","og_type":"article","og_title":"La Academia de Hollywood conden\u00f3 formalmente la agresi\u00f3n de Will Smith y promete medidas - Noticias Radio Reflejos","og_description":"El presidente de la entidad, David Rubin, expres\u00f3 la molestia e indignaci\u00f3n que gener\u00f3 a los organizadores de los premios Oscar \u00abel comportamiento inaceptable y da\u00f1ino\u00bb del ganador de la estatuilla al mejor actor.","og_url":"https:\/\/www.noticiasradioreflejos.com.ar\/2021\/la-academia-de-hollywood-condeno-formalmente-la-agresion-de-will-smith-y-promete-medidas\/","og_site_name":"Noticias Radio Reflejos","article_published_time":"2022-03-30T13:09:01+00:00","og_image":[{"url":"https:\/\/www.telam.com.ar\/thumbs\/bluesteel\/advf\/imagenes\/2022\/03\/624334cd1c96d_900.jpg","type":"","width":"","height":""}],"author":"Arnaldo Botto","twitter_card":"summary_large_image","schema":{"@context":"https:\/\/schema.org","@graph":[{"@type":"WebPage","@id":"https:\/\/www.noticiasradioreflejos.com.ar\/2021\/la-academia-de-hollywood-condeno-formalmente-la-agresion-de-will-smith-y-promete-medidas\/","url":"https:\/\/www.noticiasradioreflejos.com.ar\/2021\/la-academia-de-hollywood-condeno-formalmente-la-agresion-de-will-smith-y-promete-medidas\/","name":"La Academia de Hollywood conden\u00f3 formalmente la agresi\u00f3n de Will Smith y promete medidas - Noticias Radio Reflejos","isPartOf":{"@id":"https:\/\/www.noticiasradioreflejos.com.ar\/2021\/#website"},"primaryImageOfPage":{"@id":"https:\/\/www.noticiasradioreflejos.com.ar\/2021\/la-academia-de-hollywood-condeno-formalmente-la-agresion-de-will-smith-y-promete-medidas\/#primaryimage"},"image":{"@id":"https:\/\/www.noticiasradioreflejos.com.ar\/2021\/la-academia-de-hollywood-condeno-formalmente-la-agresion-de-will-smith-y-promete-medidas\/#primaryimage"},"thumbnailUrl":"https:\/\/www.telam.com.ar\/thumbs\/bluesteel\/advf\/imagenes\/2022\/03\/624334cd1c96d_900.jpg","datePublished":"2022-03-30T13:09:01+00:00","author":{"@id":"https:\/\/www.noticiasradioreflejos.com.ar\/2021\/#\/schema\/person\/ad82545263dcc5ec0996818884fd5fb1"},"breadcrumb":{"@id":"https:\/\/www.noticiasradioreflejos.com.ar\/2021\/la-academia-de-hollywood-condeno-formalmente-la-agresion-de-will-smith-y-promete-medidas\/#breadcrumb"},"inLanguage":"es","potentialAction":[{"@type":"ReadAction","target":["https:\/\/www.noticiasradioreflejos.com.ar\/2021\/la-academia-de-hollywood-condeno-formalmente-la-agresion-de-will-smith-y-promete-medidas\/"]}]},{"@type":"ImageObject","inLanguage":"es","@id":"https:\/\/www.noticiasradioreflejos.com.ar\/2021\/la-academia-de-hollywood-condeno-formalmente-la-agresion-de-will-smith-y-promete-medidas\/#primaryimage","url":"https:\/\/www.telam.com.ar\/thumbs\/bluesteel\/advf\/imagenes\/2022\/03\/624334cd1c96d_900.jpg","contentUrl":"https:\/\/www.telam.com.ar\/thumbs\/bluesteel\/advf\/imagenes\/2022\/03\/624334cd1c96d_900.jpg"},{"@type":"BreadcrumbList","@id":"https:\/\/www.noticiasradioreflejos.com.ar\/2021\/la-academia-de-hollywood-condeno-formalmente-la-agresion-de-will-smith-y-promete-medidas\/#breadcrumb","itemListElement":[{"@type":"ListItem","position":1,"name":"Portada","item":"https:\/\/www.noticiasradioreflejos.com.ar\/2021\/"},{"@type":"ListItem","position":2,"name":"La Academia de Hollywood conden\u00f3 formalmente la agresi\u00f3n de Will Smith y promete medidas"}]},{"@type":"WebSite","@id":"https:\/\/www.noticiasradioreflejos.com.ar\/2021\/#website","url":"https:\/\/www.noticiasradioreflejos.com.ar\/2021\/","name":"Noticias Radio Reflejos","description":"Las noticias de mi comarca","potentialAction":[{"@type":"SearchAction","target":{"@type":"EntryPoint","urlTemplate":"https:\/\/www.noticiasradioreflejos.com.ar\/2021\/?s={search_term_string}"},"query-input":{"@type":"PropertyValueSpecification","valueRequired":true,"valueName":"search_term_string"}}],"inLanguage":"es"},{"@type":"Person","@id":"https:\/\/www.noticiasradioreflejos.com.ar\/2021\/#\/schema\/person\/ad82545263dcc5ec0996818884fd5fb1","name":"Arnaldo Botto","image":{"@type":"ImageObject","inLanguage":"es","@id":"https:\/\/www.noticiasradioreflejos.com.ar\/2021\/#\/schema\/person\/image\/","url":"https:\/\/secure.gravatar.com\/avatar\/55cb5e37c1efa326397366e6974cb338056df65cb50e7d64d1cf314e87504837?s=96&d=mm&r=g","contentUrl":"https:\/\/secure.gravatar.com\/avatar\/55cb5e37c1efa326397366e6974cb338056df65cb50e7d64d1cf314e87504837?s=96&d=mm&r=g","caption":"Arnaldo Botto"},"url":"https:\/\/www.noticiasradioreflejos.com.ar\/2021\/author\/arnaldo\/"}]}},"_links":{"self":[{"href":"https:\/\/www.noticiasradioreflejos.com.ar\/2021\/wp-json\/wp\/v2\/posts\/69915","targetHints":{"allow":["GET"]}}],"collection":[{"href":"https:\/\/www.noticiasradioreflejos.com.ar\/2021\/wp-json\/wp\/v2\/posts"}],"about":[{"href":"https:\/\/www.noticiasradioreflejos.com.ar\/2021\/wp-json\/wp\/v2\/types\/post"}],"author":[{"embeddable":true,"href":"https:\/\/www.noticiasradioreflejos.com.ar\/2021\/wp-json\/wp\/v2\/users\/3"}],"replies":[{"embeddable":true,"href":"https:\/\/www.noticiasradioreflejos.com.ar\/2021\/wp-json\/wp\/v2\/comments?post=69915"}],"version-history":[{"count":1,"href":"https:\/\/www.noticiasradioreflejos.com.ar\/2021\/wp-json\/wp\/v2\/posts\/69915\/revisions"}],"predecessor-version":[{"id":69917,"href":"https:\/\/www.noticiasradioreflejos.com.ar\/2021\/wp-json\/wp\/v2\/posts\/69915\/revisions\/69917"}],"wp:attachment":[{"href":"https:\/\/www.noticiasradioreflejos.com.ar\/2021\/wp-json\/wp\/v2\/media?parent=69915"}],"wp:term":[{"taxonomy":"category","embeddable":true,"href":"https:\/\/www.noticiasradioreflejos.com.ar\/2021\/wp-json\/wp\/v2\/categories?post=69915"},{"taxonomy":"post_tag","embeddable":true,"href":"https:\/\/www.noticiasradioreflejos.com.ar\/2021\/wp-json\/wp\/v2\/tags?post=69915"}],"curies":[{"name":"wp","href":"https:\/\/api.w.org\/{rel}","templated":true}]}}