{"id":69912,"date":"2022-03-30T12:52:34","date_gmt":"2022-03-30T12:52:34","guid":{"rendered":"http:\/\/www.noticiasradioreflejos.com.ar\/2021\/?p=69912"},"modified":"2022-03-30T12:52:34","modified_gmt":"2022-03-30T12:52:34","slug":"trabajadoras-del-hogar-el-gremio-de-mujeres-mas-grande-y-el-mas-invisibilizado","status":"publish","type":"post","link":"https:\/\/www.noticiasradioreflejos.com.ar\/2021\/trabajadoras-del-hogar-el-gremio-de-mujeres-mas-grande-y-el-mas-invisibilizado\/","title":{"rendered":"Trabajadoras del hogar: el gremio de mujeres m\u00e1s grande y el m\u00e1s invisibilizado"},"content":{"rendered":"<p>Especialistas y miembros del sector resaltaron que, a pesar de que en la Argentina el trabajo dom\u00e9stico en casas particulares alcanza a alrededor de 1,4 millones de trabajadoras, y un 76,8% lo hace de manera informal, los reclamos no tienen un lugar clave en la agenda feminista.<br \/>\n<!--more--><\/p>\n<div class=\"row\">\n<div class=\"col-md-12 speak\">\n<div class=\"paragraph\">\n<figure class=\"mb-3\"><img decoding=\"async\" src=\"https:\/\/www.telam.com.ar\/thumbs\/bluesteel\/advf\/imagenes\/2022\/03\/6243406a60940_900.jpg\" alt=\"Foto Eva Cabrera\" width=\"100%\" height=\"100%\" \/><\/p>\n<div class=\"media-icons\"><\/div><figcaption>Foto: Eva Cabrera<\/figcaption><\/figure>\n<p>El gremio de las empleadas de casas particulares, el sindicato de mujeres m\u00e1s grande del pa\u00eds, logr\u00f3 avances en materia de derechos laborales con la Ley 26.844, pero todav\u00eda casi el 77 por ciento trabaja en la informalidad y todas ellas se dedican a una labor invisibilizada, como son las tareas de cuidados, cuyos reclamos tambi\u00e9n faltan en la agenda feminista, remarcaron especialistas y miembros de este sector en el marco del D\u00eda Internacional de las Trabajadoras del Hogar.<\/p>\n<p>La fecha fue instaurada el 30 de marzo de 1988 cuando se celebr\u00f3 el primer Congreso de Trabajadoras del Hogar en la ciudad de Bogot\u00e1, Colombia.<\/p>\n<p>En la Argentina, el trabajo dom\u00e9stico en casas particulares alcanza a alrededor de<strong>\u00a01,4 millones de trabajadoras<\/strong>, seg\u00fan la Encuesta Nacional sobre Condiciones de Empleo, Trabajo, Salud y Seguridad (ECETSS) publicada en 2020, y un<strong>\u00a076,8% lo hace de manera informal<\/strong>, es decir, sus empleadores no realizan el aporte jubilatorio correspondiente.<\/p>\n<p>\u00abEs un trabajo que representa una de las principales ocupaciones de las mujeres asalariadas de nuestro pa\u00eds. De hecho, es el gremio de mujeres m\u00e1s grande en Argentina. Sin embargo, esa cantidad num\u00e9rica se contradice con una gran invisibilizaci\u00f3n\u00bb, dijo a T\u00e9lam la antrop\u00f3loga social por la Universidad de Buenos Aires, Ver\u00f3nica Casas, quien se aboca a investigar en el Conicet temas vinculados a trabajo, g\u00e9nero y cuidados.<\/p>\n<p>Esa invisibilizaci\u00f3n est\u00e1 ligada a cuestiones de g\u00e9nero, raza y clase que atraviesan a este rubro.<\/p>\n<p>El 99,3% de las empleadas en este \u00e1mbito son mujeres, seg\u00fan la ECETSS, y muchas hacen \u00abmalabares\u00bb para llegar a fin de mes.<\/p>\n<figure class=\"mb-3\"><img decoding=\"async\" src=\"https:\/\/www.telam.com.ar\/thumbs\/bluesteel\/advf\/imagenes\/2022\/03\/6243405aebccf_900.jpg\" alt=\"Foto Rapetti Emilio\" width=\"100%\" height=\"100%\" \/><\/p>\n<div class=\"media-icons\"><\/div><figcaption>Foto: Rapetti Emilio<\/figcaption><\/figure>\n<p>En el caso de Mar\u00eda del Carmen que, como tantas otras del \u00e1mbito, es jefa de Hogar. Tiene 54 a\u00f1os, cuatro hijos a cargo (dos de 16, un estudiante universitario de 23 y otro joven con discapacidad de 25) y desde los 15 a\u00f1os trabaja de forma remunerada en casas particulares.<\/p>\n<p>Oriunda de la provincia de Jujuy, lleg\u00f3 a la ciudad de Buenos Aires hace 30 a\u00f1os, donde trabaj\u00f3 por un tiempo en una empresa de viajes hasta que en el 2004 despidieron a todas las trabajadoras y volvi\u00f3 a desempe\u00f1arse en el trabajo dom\u00e9stico.<\/p>\n<p>Actualmente trabaja en este rubro 12 horas semanales, de las cuales cuatro son registradas y el resto las trabaja de manera informal:<strong>\u00a0\u00abPrefiero que sea formal para poder tener en el futuro una jubilaci\u00f3n, aunque s\u00e9 que no es una jubilaci\u00f3n digna porque es m\u00ednima\u00bb<\/strong>, se\u00f1al\u00f3 a T\u00e9lam al ser consultada sobre cu\u00e1l es su preferencia.<\/p>\n<p>\u00abSon mujeres, pobres, de sectores populares, la mayor\u00eda marronas o de ascendencia ind\u00edgena que buscan de alg\u00fan modo aportar monetariamente a la econom\u00eda familiar\u00bb, afirm\u00f3 a T\u00e9lam Sandra Hoyos, licenciada en Pol\u00edtica Social e investigadora de la Universidad Nacional General Sarmiento.<\/p>\n<blockquote class=\"\"><p>\u00abEs un desaf\u00edo y una necesidad que el feminismo popular tome este reclamo y sea un tema en la agenda feminista\u00bb<cite class=\"author\">Ver\u00f3nica Casas, investigadora del Conicet<\/cite><\/p><\/blockquote>\n<p>Hoyos es tambi\u00e9n activista en la organizaci\u00f3n que lucha contra el racismo, \u00abIdentidad Marr\u00f3n\u00bb, y es la primera generaci\u00f3n universitaria dentro de su familia, donde las mujeres se han dedicado principalmente al trabajo dom\u00e9stico, al igual que ella cuando era adolescente.<\/p>\n<p>Para ella, \u00abestas tareas que se desarrollan en el hogar permiten el desarrollo de la vida pero en su mayor\u00eda no tienen reconocimiento\u00bb, e incluso muchas veces son considerados trabajo no calificados.<\/p>\n<p>Tanto las empleadas de casas particulares como las mujeres que realizan tareas dom\u00e9sticas y de cuidado al interior de sus hogares de forma no remunerada se ven afectadas por esta invisibilizaci\u00f3n dado que<strong>\u00a0\u00abse asume a estas tareas como atributos naturales de las mujeres\u00bb<\/strong>, agreg\u00f3 la economista feminista Mercedes D&#8217;Alessandro.<\/p>\n<blockquote class=\"twitter-tweet\" data-width=\"500\" data-dnt=\"true\">\n<p lang=\"es\" dir=\"ltr\">En Argentina la mayor\u00eda de la poblaci\u00f3n no es blanca aunque en la televisi\u00f3n, los jueces, el gobierno y los artistas visibles lo sean. Eso solo demuestra un s\u00edntoma del racismo estructural. <a href=\"https:\/\/t.co\/OxiFSprfY2\">pic.twitter.com\/OxiFSprfY2<\/a><\/p>\n<p>&mdash; IdentidadMarron (@IdentidadMarron) <a href=\"https:\/\/twitter.com\/IdentidadMarron\/status\/1508199659189137408?ref_src=twsrc%5Etfw\">March 27, 2022<\/a><\/p><\/blockquote>\n<p><script async src=\"https:\/\/platform.twitter.com\/widgets.js\" charset=\"utf-8\"><\/script><\/p>\n<p>Esto desemboca, por un lado, en una falta de reconocimiento remunerado del trabajo cotidiano en el hogar y, por otro, en condiciones laborales desfavorables para las empleadas, teniendo en cuenta el alto \u00edndice de trabajo no registrado del rubro y los salarios que rondan o est\u00e1n por debajo del salario m\u00ednimo vital y m\u00f3vil.<\/p>\n<p><strong>\u00abEs el sector m\u00e1s informal y con peores salarios de la econom\u00eda argentina\u00bb<\/strong>, resumi\u00f3 D&#8217;Alessandro, quien anunci\u00f3 que esta semana culminar\u00e1 su labor al frente de la Direcci\u00f3n Nacional de Econom\u00eda, Igualdad y G\u00e9nero del Ministerio de Econom\u00eda.<\/p>\n<h2 class=\"\">Ley sobre trabajo dom\u00e9stico<\/h2>\n<p>Las especialistas destacan, en tanto, la relevancia de la Ley N\u00b0 26.844 que rige \u00ablas relaciones laborales que se entablen con los empleados y empleadas por el trabajo que presten en las casas particulares o en el \u00e1mbito de la vida familiar\u00bb.<\/p>\n<p>Sancionada en 2013 bajo el gobierno de Cristina Fern\u00e1ndez, la normativa reemplaz\u00f3 un decreto-ley dictado en 1956 durante la dictadura de Pedro Eugenio Aramburu.<\/p>\n<p>\u00abEse decreto-ley regulaba el trabajo solo en un universo muy reducido de trabajadoras porque ten\u00edan que trabajar m\u00e1s de cuatro d\u00edas a la semana y m\u00e1s de 4 horas para un solo empleador.\u00a0<strong>Con la ley se ampl\u00eda este universo y con que se trabaje una hora en una casa ya puede estar registrada<\/strong>. Eso es uno de los principales logros\u00bb, explic\u00f3 la antrop\u00f3loga Casas.<\/p>\n<p>Adem\u00e1s, se\u00f1al\u00f3 que se incluyeron \u00abcuestiones b\u00e1sicas\u00bb como la licencia por maternidad, los seguros por riesgos en el trabajo dado que \u00abson mujeres que ponen el cuerpo de distintas maneras y no contaban con un seguro por cualquier cuesti\u00f3n de salud que les suceda en el trabajo\u00bb, y sumaron el cobro de aguinaldo y las vacaciones.<\/p>\n<p>Asimismo, para dar respuesta a la alta tasa de trabajo no registrado naci\u00f3 el programa Registradas en septiembre de 2021, con el objetivo de \u00abreducir la informalidad laboral en el sector de trabajadoras de casas particulares y promover su acceso y permanencia al empleo registrado\u00bb.<\/p>\n<div class=\"jumbotron pt-4 mt-3\">\n<h3 class=\"module-title\">EL REGISTRO DEL TRABAJO EN CASAS PARTICULARES<\/h3>\n<p>El trabajo registrado es un reclamo en com\u00fan de las trabajadoras de casas particulares y, para potenciar esta modalidad de empleo, aquellas que trabajen de manera formal pueden recibir asignaciones familiares, a la vez que desde el Ministerio de Mujeres, G\u00e9neros y Diversidad junto con el Ministerio de Trabajo se cre\u00f3 el Programa Registradas.<\/p>\n<p><strong>El trabajo registrado en casas particulares es compatible con<\/strong>\u00a0beneficios tales como la\u00a0<em>Asignaci\u00f3n Universal por Hijo<\/em>\u00a0(AUH), la\u00a0<em>Asignaci\u00f3n por Embarazo<\/em>, la\u00a0<em>Asignaci\u00f3n Familiar por Maternidad\u00a0<\/em>y la\u00a0<em>Tarjeta Alimentar<\/em>.<\/p>\n<p>\u00abMuchas personas creen que si formalizan a sus trabajadoras de casas particulares ellas van a perder la AUH, el Potenciar Trabajo, el Progresar. Lo mismo la trabajadora. Pero en realidad son compatibles\u00bb, asegur\u00f3 la economista Mercedes D&#8217;Alessandro, directora nacional de Econom\u00eda, Igualdad y G\u00e9nero en el Ministerio de Econom\u00eda.<\/p>\n<p>El\u00a0<strong>Programa Registradas\u00a0<\/strong>se lanz\u00f3 en septiembre del 2021 con el objetivo de \u00abreducir la informalidad laboral en el sector de trabajadoras de casas particulares y promover su acceso y permanencia al empleo registrado\u00bb.<\/p>\n<p>El programa se dirige a empleadores y trabajadoras de casas particulares que trabajen 12 horas semanales o m\u00e1s en el mismo hogar y prev\u00e9 que el Estado nacional pague una parte del sueldo hasta 15 mil pesos durante seis meses.<\/p>\n<p>\u00abNos dimos cuenta que muchas mujeres con las que conversamos no entend\u00edan de qu\u00e9 les serv\u00eda la formalizaci\u00f3n\u00bb, indic\u00f3 D&#8217;Alessandro y detall\u00f3 que\u00a0<em>\u00abtanto sus familias como ellas mismas no han tenido derechos laborales, entonces es muy dif\u00edcil entender qu\u00e9 es lo que se est\u00e1 ganando\u00bb<\/em>.<\/p>\n<p>\u00abFalta trabajar mucho en comunicar qu\u00e9 es un derecho laboral y cu\u00e1les son sus beneficios. Adem\u00e1s de que es ilegal una contrataci\u00f3n por fuera del sistema\u00bb, concluy\u00f3.<\/p>\n<\/div>\n<p><strong>\u00abA\u00fan hay muchos pendientes\u00bb<\/strong>, asegura Casas.<\/p>\n<p>\u00abEl primer reclamo que tenemos es un aumento al 100% de nuestros salarios. Luego, un bono para todas las trabajadoras, adem\u00e1s de que se abra la moratoria para una jubilaci\u00f3n para todas las trabajadoras que hoy siguen sin trabajo desde la pandemia\u00bb, afirm\u00f3 Mar\u00eda del Carmen, que tambi\u00e9n pertenece a la organizaci\u00f3n Trabajadoras de Casas Particulares en Lucha.<\/p>\n<p>Y agreg\u00f3: \u00abPedimos tambi\u00e9n asistencia de alimentos, como la Tarjeta Alimentar para todas, ya que muchas tenemos hijos mayores de 14 a\u00f1os. Y, por \u00faltimo, que se reconozca como trabajo insalubre dado que muchas quedan con enfermedades como artrosis, reumatismos, problema en las columnas, las cuales perjudican su calidad de vida\u00bb.<\/p>\n<blockquote class=\"\"><p>\u00abEs necesario dejarnos interpelar y ver por qu\u00e9 no hablamos y no est\u00e1n las trabajadoras de casas particulares en el movimiento. Qu\u00e9 es lo que sucede que los feminismos no pueden llegar o interpelar a este sector\u00bb<cite class=\"author\">Sandra Hoyos,\u00a0investigadora de la Universidad Nacional General Sarmiento<\/cite><\/p><\/blockquote>\n<p>Este jueves , a las 11, la\u00a0<strong>Comisi\u00f3n Nacional de Trabajo en Casas Particulares<\/strong>\u00a0se reunir\u00e1 en una sesi\u00f3n plenaria para analizar la evoluci\u00f3n de las remuneraciones m\u00ednimas para trabajadoras de casas particulares.<\/p>\n<p>Estos reclamos no aparecen muchas veces dentro de la agenda feminista, concuerdan las especialistas.<\/p>\n<p>\u00abEs necesario dejarnos interpelar y ver por qu\u00e9 no hablamos y no est\u00e1n las trabajadoras de casas particulares en el movimiento. Qu\u00e9 es lo que sucede que los feminismos no pueden llegar o interpelar a este sector. Es necesario, tambi\u00e9n, pensar qui\u00e9nes son las sujetas del feminismo y qu\u00e9 pasa con determinados sectores que\u00a0<strong>reclaman por un techo de cristal\u2026 \u00bfy el piso de goma?<\/strong>\u00ab, cuestiona Sandra Hoyos.<\/p>\n<p>&nbsp;<\/p>\n<figure class=\"mb-3\"><img decoding=\"async\" src=\"https:\/\/www.telam.com.ar\/thumbs\/bluesteel\/advf\/imagenes\/2022\/03\/6243404cdd774_900.jpg\" alt=\"Foto Rapetti Emilio\" width=\"100%\" height=\"100%\" \/><\/p>\n<div class=\"media-icons\"><\/div><figcaption>Foto: Rapetti Emilio<\/figcaption><\/figure>\n<p>Este colectivo de trabajadoras tiene dificultades para organizarse para reclamar por sus derechos dadas las caracter\u00edsticas del oficio, al ser un trabajo solitario, que demanda muchas horas dispersas y, adem\u00e1s, la gran mayor\u00eda son jefas de hogar.<\/p>\n<p>Sin embargo, \u00abla pandemia pudo poner sobre la mesa esas desigualdades hist\u00f3ricas con mayor visibilidad y crudeza\u00bb y proliferaron, as\u00ed, el surgimiento de organizaciones y acciones pol\u00edticas para defender sus derechos.<\/p>\n<p><strong>\u00abEs un desaf\u00edo y una necesidad que el feminismo popular tome este reclamo y sea un tema en la agenda feminista\u00bb<\/strong>, concluy\u00f3 la antrop\u00f3loga Casas.<\/p>\n<\/div>\n<\/div>\n<\/div>\n","protected":false},"excerpt":{"rendered":"<p>Especialistas y miembros del sector resaltaron que, a pesar de que en la Argentina el trabajo dom\u00e9stico en casas particulares alcanza a alrededor de 1,4 millones de trabajadoras, y un 76,8% lo hace de manera informal, los reclamos no tienen un lugar clave en la agenda feminista.<\/p>\n","protected":false},"author":3,"featured_media":0,"comment_status":"closed","ping_status":"closed","sticky":false,"template":"","format":"standard","meta":{"footnotes":""},"categories":[26],"tags":[],"class_list":["post-69912","post","type-post","status-publish","format-standard","hentry","category-sociedad"],"yoast_head":"<!-- This site is optimized with the Yoast SEO plugin v25.9 - https:\/\/yoast.com\/wordpress\/plugins\/seo\/ -->\n<title>Trabajadoras del hogar: el gremio de mujeres m\u00e1s grande y el m\u00e1s invisibilizado - Noticias Radio Reflejos<\/title>\n<meta name=\"robots\" content=\"index, follow, max-snippet:-1, max-image-preview:large, max-video-preview:-1\" \/>\n<link rel=\"canonical\" href=\"https:\/\/www.noticiasradioreflejos.com.ar\/2021\/trabajadoras-del-hogar-el-gremio-de-mujeres-mas-grande-y-el-mas-invisibilizado\/\" \/>\n<meta property=\"og:locale\" content=\"es_ES\" \/>\n<meta property=\"og:type\" content=\"article\" \/>\n<meta property=\"og:title\" content=\"Trabajadoras del hogar: el gremio de mujeres m\u00e1s grande y el m\u00e1s invisibilizado - Noticias Radio Reflejos\" \/>\n<meta property=\"og:description\" content=\"Especialistas y miembros del sector resaltaron que, a pesar de que en la Argentina el trabajo dom\u00e9stico en casas particulares alcanza a alrededor de 1,4 millones de trabajadoras, y un 76,8% lo hace de manera informal, los reclamos no tienen un lugar clave en la agenda feminista.\" \/>\n<meta property=\"og:url\" content=\"https:\/\/www.noticiasradioreflejos.com.ar\/2021\/trabajadoras-del-hogar-el-gremio-de-mujeres-mas-grande-y-el-mas-invisibilizado\/\" \/>\n<meta property=\"og:site_name\" content=\"Noticias Radio Reflejos\" \/>\n<meta property=\"article:published_time\" content=\"2022-03-30T12:52:34+00:00\" \/>\n<meta property=\"og:image\" content=\"https:\/\/www.telam.com.ar\/thumbs\/bluesteel\/advf\/imagenes\/2022\/03\/6243406a60940_900.jpg\" \/>\n<meta name=\"author\" content=\"Arnaldo Botto\" \/>\n<meta name=\"twitter:card\" content=\"summary_large_image\" \/>\n<script type=\"application\/ld+json\" class=\"yoast-schema-graph\">{\"@context\":\"https:\/\/schema.org\",\"@graph\":[{\"@type\":\"WebPage\",\"@id\":\"https:\/\/www.noticiasradioreflejos.com.ar\/2021\/trabajadoras-del-hogar-el-gremio-de-mujeres-mas-grande-y-el-mas-invisibilizado\/\",\"url\":\"https:\/\/www.noticiasradioreflejos.com.ar\/2021\/trabajadoras-del-hogar-el-gremio-de-mujeres-mas-grande-y-el-mas-invisibilizado\/\",\"name\":\"Trabajadoras del hogar: el gremio de mujeres m\u00e1s grande y el m\u00e1s invisibilizado - Noticias Radio Reflejos\",\"isPartOf\":{\"@id\":\"https:\/\/www.noticiasradioreflejos.com.ar\/2021\/#website\"},\"primaryImageOfPage\":{\"@id\":\"https:\/\/www.noticiasradioreflejos.com.ar\/2021\/trabajadoras-del-hogar-el-gremio-de-mujeres-mas-grande-y-el-mas-invisibilizado\/#primaryimage\"},\"image\":{\"@id\":\"https:\/\/www.noticiasradioreflejos.com.ar\/2021\/trabajadoras-del-hogar-el-gremio-de-mujeres-mas-grande-y-el-mas-invisibilizado\/#primaryimage\"},\"thumbnailUrl\":\"https:\/\/www.telam.com.ar\/thumbs\/bluesteel\/advf\/imagenes\/2022\/03\/6243406a60940_900.jpg\",\"datePublished\":\"2022-03-30T12:52:34+00:00\",\"author\":{\"@id\":\"https:\/\/www.noticiasradioreflejos.com.ar\/2021\/#\/schema\/person\/ad82545263dcc5ec0996818884fd5fb1\"},\"breadcrumb\":{\"@id\":\"https:\/\/www.noticiasradioreflejos.com.ar\/2021\/trabajadoras-del-hogar-el-gremio-de-mujeres-mas-grande-y-el-mas-invisibilizado\/#breadcrumb\"},\"inLanguage\":\"es\",\"potentialAction\":[{\"@type\":\"ReadAction\",\"target\":[\"https:\/\/www.noticiasradioreflejos.com.ar\/2021\/trabajadoras-del-hogar-el-gremio-de-mujeres-mas-grande-y-el-mas-invisibilizado\/\"]}]},{\"@type\":\"ImageObject\",\"inLanguage\":\"es\",\"@id\":\"https:\/\/www.noticiasradioreflejos.com.ar\/2021\/trabajadoras-del-hogar-el-gremio-de-mujeres-mas-grande-y-el-mas-invisibilizado\/#primaryimage\",\"url\":\"https:\/\/www.telam.com.ar\/thumbs\/bluesteel\/advf\/imagenes\/2022\/03\/6243406a60940_900.jpg\",\"contentUrl\":\"https:\/\/www.telam.com.ar\/thumbs\/bluesteel\/advf\/imagenes\/2022\/03\/6243406a60940_900.jpg\"},{\"@type\":\"BreadcrumbList\",\"@id\":\"https:\/\/www.noticiasradioreflejos.com.ar\/2021\/trabajadoras-del-hogar-el-gremio-de-mujeres-mas-grande-y-el-mas-invisibilizado\/#breadcrumb\",\"itemListElement\":[{\"@type\":\"ListItem\",\"position\":1,\"name\":\"Portada\",\"item\":\"https:\/\/www.noticiasradioreflejos.com.ar\/2021\/\"},{\"@type\":\"ListItem\",\"position\":2,\"name\":\"Trabajadoras del hogar: el gremio de mujeres m\u00e1s grande y el m\u00e1s invisibilizado\"}]},{\"@type\":\"WebSite\",\"@id\":\"https:\/\/www.noticiasradioreflejos.com.ar\/2021\/#website\",\"url\":\"https:\/\/www.noticiasradioreflejos.com.ar\/2021\/\",\"name\":\"Noticias Radio Reflejos\",\"description\":\"Las noticias de mi comarca\",\"potentialAction\":[{\"@type\":\"SearchAction\",\"target\":{\"@type\":\"EntryPoint\",\"urlTemplate\":\"https:\/\/www.noticiasradioreflejos.com.ar\/2021\/?s={search_term_string}\"},\"query-input\":{\"@type\":\"PropertyValueSpecification\",\"valueRequired\":true,\"valueName\":\"search_term_string\"}}],\"inLanguage\":\"es\"},{\"@type\":\"Person\",\"@id\":\"https:\/\/www.noticiasradioreflejos.com.ar\/2021\/#\/schema\/person\/ad82545263dcc5ec0996818884fd5fb1\",\"name\":\"Arnaldo Botto\",\"image\":{\"@type\":\"ImageObject\",\"inLanguage\":\"es\",\"@id\":\"https:\/\/www.noticiasradioreflejos.com.ar\/2021\/#\/schema\/person\/image\/\",\"url\":\"https:\/\/secure.gravatar.com\/avatar\/55cb5e37c1efa326397366e6974cb338056df65cb50e7d64d1cf314e87504837?s=96&d=mm&r=g\",\"contentUrl\":\"https:\/\/secure.gravatar.com\/avatar\/55cb5e37c1efa326397366e6974cb338056df65cb50e7d64d1cf314e87504837?s=96&d=mm&r=g\",\"caption\":\"Arnaldo Botto\"},\"url\":\"https:\/\/www.noticiasradioreflejos.com.ar\/2021\/author\/arnaldo\/\"}]}<\/script>\n<!-- \/ Yoast SEO plugin. -->","yoast_head_json":{"title":"Trabajadoras del hogar: el gremio de mujeres m\u00e1s grande y el m\u00e1s invisibilizado - Noticias Radio Reflejos","robots":{"index":"index","follow":"follow","max-snippet":"max-snippet:-1","max-image-preview":"max-image-preview:large","max-video-preview":"max-video-preview:-1"},"canonical":"https:\/\/www.noticiasradioreflejos.com.ar\/2021\/trabajadoras-del-hogar-el-gremio-de-mujeres-mas-grande-y-el-mas-invisibilizado\/","og_locale":"es_ES","og_type":"article","og_title":"Trabajadoras del hogar: el gremio de mujeres m\u00e1s grande y el m\u00e1s invisibilizado - Noticias Radio Reflejos","og_description":"Especialistas y miembros del sector resaltaron que, a pesar de que en la Argentina el trabajo dom\u00e9stico en casas particulares alcanza a alrededor de 1,4 millones de trabajadoras, y un 76,8% lo hace de manera informal, los reclamos no tienen un lugar clave en la agenda feminista.","og_url":"https:\/\/www.noticiasradioreflejos.com.ar\/2021\/trabajadoras-del-hogar-el-gremio-de-mujeres-mas-grande-y-el-mas-invisibilizado\/","og_site_name":"Noticias Radio Reflejos","article_published_time":"2022-03-30T12:52:34+00:00","og_image":[{"url":"https:\/\/www.telam.com.ar\/thumbs\/bluesteel\/advf\/imagenes\/2022\/03\/6243406a60940_900.jpg","type":"","width":"","height":""}],"author":"Arnaldo Botto","twitter_card":"summary_large_image","schema":{"@context":"https:\/\/schema.org","@graph":[{"@type":"WebPage","@id":"https:\/\/www.noticiasradioreflejos.com.ar\/2021\/trabajadoras-del-hogar-el-gremio-de-mujeres-mas-grande-y-el-mas-invisibilizado\/","url":"https:\/\/www.noticiasradioreflejos.com.ar\/2021\/trabajadoras-del-hogar-el-gremio-de-mujeres-mas-grande-y-el-mas-invisibilizado\/","name":"Trabajadoras del hogar: el gremio de mujeres m\u00e1s grande y el m\u00e1s invisibilizado - Noticias Radio Reflejos","isPartOf":{"@id":"https:\/\/www.noticiasradioreflejos.com.ar\/2021\/#website"},"primaryImageOfPage":{"@id":"https:\/\/www.noticiasradioreflejos.com.ar\/2021\/trabajadoras-del-hogar-el-gremio-de-mujeres-mas-grande-y-el-mas-invisibilizado\/#primaryimage"},"image":{"@id":"https:\/\/www.noticiasradioreflejos.com.ar\/2021\/trabajadoras-del-hogar-el-gremio-de-mujeres-mas-grande-y-el-mas-invisibilizado\/#primaryimage"},"thumbnailUrl":"https:\/\/www.telam.com.ar\/thumbs\/bluesteel\/advf\/imagenes\/2022\/03\/6243406a60940_900.jpg","datePublished":"2022-03-30T12:52:34+00:00","author":{"@id":"https:\/\/www.noticiasradioreflejos.com.ar\/2021\/#\/schema\/person\/ad82545263dcc5ec0996818884fd5fb1"},"breadcrumb":{"@id":"https:\/\/www.noticiasradioreflejos.com.ar\/2021\/trabajadoras-del-hogar-el-gremio-de-mujeres-mas-grande-y-el-mas-invisibilizado\/#breadcrumb"},"inLanguage":"es","potentialAction":[{"@type":"ReadAction","target":["https:\/\/www.noticiasradioreflejos.com.ar\/2021\/trabajadoras-del-hogar-el-gremio-de-mujeres-mas-grande-y-el-mas-invisibilizado\/"]}]},{"@type":"ImageObject","inLanguage":"es","@id":"https:\/\/www.noticiasradioreflejos.com.ar\/2021\/trabajadoras-del-hogar-el-gremio-de-mujeres-mas-grande-y-el-mas-invisibilizado\/#primaryimage","url":"https:\/\/www.telam.com.ar\/thumbs\/bluesteel\/advf\/imagenes\/2022\/03\/6243406a60940_900.jpg","contentUrl":"https:\/\/www.telam.com.ar\/thumbs\/bluesteel\/advf\/imagenes\/2022\/03\/6243406a60940_900.jpg"},{"@type":"BreadcrumbList","@id":"https:\/\/www.noticiasradioreflejos.com.ar\/2021\/trabajadoras-del-hogar-el-gremio-de-mujeres-mas-grande-y-el-mas-invisibilizado\/#breadcrumb","itemListElement":[{"@type":"ListItem","position":1,"name":"Portada","item":"https:\/\/www.noticiasradioreflejos.com.ar\/2021\/"},{"@type":"ListItem","position":2,"name":"Trabajadoras del hogar: el gremio de mujeres m\u00e1s grande y el m\u00e1s invisibilizado"}]},{"@type":"WebSite","@id":"https:\/\/www.noticiasradioreflejos.com.ar\/2021\/#website","url":"https:\/\/www.noticiasradioreflejos.com.ar\/2021\/","name":"Noticias Radio Reflejos","description":"Las noticias de mi comarca","potentialAction":[{"@type":"SearchAction","target":{"@type":"EntryPoint","urlTemplate":"https:\/\/www.noticiasradioreflejos.com.ar\/2021\/?s={search_term_string}"},"query-input":{"@type":"PropertyValueSpecification","valueRequired":true,"valueName":"search_term_string"}}],"inLanguage":"es"},{"@type":"Person","@id":"https:\/\/www.noticiasradioreflejos.com.ar\/2021\/#\/schema\/person\/ad82545263dcc5ec0996818884fd5fb1","name":"Arnaldo Botto","image":{"@type":"ImageObject","inLanguage":"es","@id":"https:\/\/www.noticiasradioreflejos.com.ar\/2021\/#\/schema\/person\/image\/","url":"https:\/\/secure.gravatar.com\/avatar\/55cb5e37c1efa326397366e6974cb338056df65cb50e7d64d1cf314e87504837?s=96&d=mm&r=g","contentUrl":"https:\/\/secure.gravatar.com\/avatar\/55cb5e37c1efa326397366e6974cb338056df65cb50e7d64d1cf314e87504837?s=96&d=mm&r=g","caption":"Arnaldo Botto"},"url":"https:\/\/www.noticiasradioreflejos.com.ar\/2021\/author\/arnaldo\/"}]}},"_links":{"self":[{"href":"https:\/\/www.noticiasradioreflejos.com.ar\/2021\/wp-json\/wp\/v2\/posts\/69912","targetHints":{"allow":["GET"]}}],"collection":[{"href":"https:\/\/www.noticiasradioreflejos.com.ar\/2021\/wp-json\/wp\/v2\/posts"}],"about":[{"href":"https:\/\/www.noticiasradioreflejos.com.ar\/2021\/wp-json\/wp\/v2\/types\/post"}],"author":[{"embeddable":true,"href":"https:\/\/www.noticiasradioreflejos.com.ar\/2021\/wp-json\/wp\/v2\/users\/3"}],"replies":[{"embeddable":true,"href":"https:\/\/www.noticiasradioreflejos.com.ar\/2021\/wp-json\/wp\/v2\/comments?post=69912"}],"version-history":[{"count":1,"href":"https:\/\/www.noticiasradioreflejos.com.ar\/2021\/wp-json\/wp\/v2\/posts\/69912\/revisions"}],"predecessor-version":[{"id":69914,"href":"https:\/\/www.noticiasradioreflejos.com.ar\/2021\/wp-json\/wp\/v2\/posts\/69912\/revisions\/69914"}],"wp:attachment":[{"href":"https:\/\/www.noticiasradioreflejos.com.ar\/2021\/wp-json\/wp\/v2\/media?parent=69912"}],"wp:term":[{"taxonomy":"category","embeddable":true,"href":"https:\/\/www.noticiasradioreflejos.com.ar\/2021\/wp-json\/wp\/v2\/categories?post=69912"},{"taxonomy":"post_tag","embeddable":true,"href":"https:\/\/www.noticiasradioreflejos.com.ar\/2021\/wp-json\/wp\/v2\/tags?post=69912"}],"curies":[{"name":"wp","href":"https:\/\/api.w.org\/{rel}","templated":true}]}}