{"id":69905,"date":"2022-03-30T10:48:56","date_gmt":"2022-03-30T10:48:56","guid":{"rendered":"http:\/\/www.noticiasradioreflejos.com.ar\/2021\/?p=69905"},"modified":"2022-03-30T10:49:12","modified_gmt":"2022-03-30T10:49:12","slug":"ypf-asegura-el-abastecimiento-de-gasoil","status":"publish","type":"post","link":"https:\/\/www.noticiasradioreflejos.com.ar\/2021\/ypf-asegura-el-abastecimiento-de-gasoil\/","title":{"rendered":"YPF asegura el abastecimiento de gasoil"},"content":{"rendered":"<p>\u00abA trav\u00e9s de sus m\u00e1s de 100 distribuidores YPF AGRO con presencia en todo el pa\u00eds, la compa\u00f1\u00eda garantiza el acceso al gasoil a los productores agropecuarios\u00bb, sostuvo la empresa de bandera en un comunicado.<!--more--><\/p>\n<figure class=\"mb-3\"><\/figure>\n<p>La petrolera\u00a0<strong>YPF\u00a0<\/strong>asegur\u00f3 este martes por la noche que\u00a0<strong>\u00abesta garantizado\u00bb el abastecimiento de gasoil<\/strong>\u00a0para los consumidores del canal mayorista.<\/p>\n<p>El pronunciamiento de la firma l\u00edder en el mercado local se produjo luego de que fuentes del sector aseguraran que YPF y el resto de las refinadoras garantizan el normal abastecimiento de gasoil para la cosecha en el canal mayorista, ante las denuncias formuladas por productores ruralistas sobre un supuesto faltante para encarar la campa\u00f1a de recolecci\u00f3n.<\/p>\n<p>\u00abEs importante se\u00f1alar que, durante el primer trimestre de este a\u00f1o, seg\u00fan cifras oficiales,<strong>\u00a0el consumo de gasoil grado 2 tuvo un crecimiento del 12% aproximadamente<\/strong>. En tanto, el canal mayorista comenz\u00f3 a registrar una ca\u00edda en sus ventas del 2,5% promedio, lo que indica una leve migraci\u00f3n de consumidores mayoristas al canal minorista y complejiza los requerimientos log\u00edsticos\u00bb, sostuvo YPF en el comunicado.<\/p>\n<p>Recordaron que la firma \u00abes el principal proveedor de gasoil del pa\u00eds con el 56% del mercado\u00bb y que \u00aben un contexto internacional de escasez de gasoil, la compa\u00f1\u00eda se encuentra haciendo un importante esfuerzo log\u00edstico para llegar con gasoil a todos sus puntos de venta, y garantizar el abastecimiento del sector productivo\u00bb.<\/p>\n<p>El presidente de la Sociedad Rural Argentina, Nicol\u00e1s Pino, a trav\u00e9s de su cuenta en la red social Twitter, alert\u00f3 sobre un supuesto \u00abfaltante de gasoil en distintas zonas del pa\u00eds\u00bb.<\/p>\n<p>\u00abNo podemos encarar una cosecha con problemas de abastecimiento de este insumo clave\u00bb, agreg\u00f3 el dirigente ruralista.<\/p>\n<p>&nbsp;<\/p>\n<div class=\"media-icons\"><\/div>\n<p><strong>Foto: Camila Godoy<\/strong><\/p>\n","protected":false},"excerpt":{"rendered":"<p>\u00abA trav\u00e9s de sus m\u00e1s de 100 distribuidores YPF AGRO con presencia en todo el pa\u00eds, la compa\u00f1\u00eda garantiza el acceso al gasoil a los productores agropecuarios\u00bb, sostuvo la empresa de bandera en un comunicado.<\/p>\n","protected":false},"author":3,"featured_media":0,"comment_status":"closed","ping_status":"closed","sticky":false,"template":"","format":"standard","meta":{"footnotes":""},"categories":[1],"tags":[],"class_list":["post-69905","post","type-post","status-publish","format-standard","hentry","category-sin-categoria"],"yoast_head":"<!-- This site is optimized with the Yoast SEO plugin v25.9 - https:\/\/yoast.com\/wordpress\/plugins\/seo\/ -->\n<title>YPF asegura el abastecimiento de gasoil - Noticias Radio Reflejos<\/title>\n<meta name=\"robots\" content=\"index, follow, max-snippet:-1, max-image-preview:large, max-video-preview:-1\" \/>\n<link rel=\"canonical\" href=\"https:\/\/www.noticiasradioreflejos.com.ar\/2021\/ypf-asegura-el-abastecimiento-de-gasoil\/\" \/>\n<meta property=\"og:locale\" content=\"es_ES\" \/>\n<meta property=\"og:type\" content=\"article\" \/>\n<meta property=\"og:title\" content=\"YPF asegura el abastecimiento de gasoil - Noticias Radio Reflejos\" \/>\n<meta property=\"og:description\" content=\"\u00abA trav\u00e9s de sus m\u00e1s de 100 distribuidores YPF AGRO con presencia en todo el pa\u00eds, la compa\u00f1\u00eda garantiza el acceso al gasoil a los productores agropecuarios\u00bb, sostuvo la empresa de bandera en un comunicado.\" \/>\n<meta property=\"og:url\" content=\"https:\/\/www.noticiasradioreflejos.com.ar\/2021\/ypf-asegura-el-abastecimiento-de-gasoil\/\" \/>\n<meta property=\"og:site_name\" content=\"Noticias Radio Reflejos\" \/>\n<meta property=\"article:published_time\" content=\"2022-03-30T10:48:56+00:00\" \/>\n<meta property=\"article:modified_time\" content=\"2022-03-30T10:49:12+00:00\" \/>\n<meta property=\"og:image\" content=\"https:\/\/www.noticiasradioreflejos.com.ar\/2021\/wp-content\/uploads\/2021\/07\/logosol300x200.png\" \/>\n\t<meta property=\"og:image:width\" content=\"300\" \/>\n\t<meta property=\"og:image:height\" content=\"200\" \/>\n\t<meta property=\"og:image:type\" content=\"image\/png\" \/>\n<meta name=\"author\" content=\"Arnaldo Botto\" \/>\n<meta name=\"twitter:card\" content=\"summary_large_image\" \/>\n<script type=\"application\/ld+json\" class=\"yoast-schema-graph\">{\"@context\":\"https:\/\/schema.org\",\"@graph\":[{\"@type\":\"WebPage\",\"@id\":\"https:\/\/www.noticiasradioreflejos.com.ar\/2021\/ypf-asegura-el-abastecimiento-de-gasoil\/\",\"url\":\"https:\/\/www.noticiasradioreflejos.com.ar\/2021\/ypf-asegura-el-abastecimiento-de-gasoil\/\",\"name\":\"YPF asegura el abastecimiento de gasoil - Noticias Radio Reflejos\",\"isPartOf\":{\"@id\":\"https:\/\/www.noticiasradioreflejos.com.ar\/2021\/#website\"},\"datePublished\":\"2022-03-30T10:48:56+00:00\",\"dateModified\":\"2022-03-30T10:49:12+00:00\",\"author\":{\"@id\":\"https:\/\/www.noticiasradioreflejos.com.ar\/2021\/#\/schema\/person\/ad82545263dcc5ec0996818884fd5fb1\"},\"breadcrumb\":{\"@id\":\"https:\/\/www.noticiasradioreflejos.com.ar\/2021\/ypf-asegura-el-abastecimiento-de-gasoil\/#breadcrumb\"},\"inLanguage\":\"es\",\"potentialAction\":[{\"@type\":\"ReadAction\",\"target\":[\"https:\/\/www.noticiasradioreflejos.com.ar\/2021\/ypf-asegura-el-abastecimiento-de-gasoil\/\"]}]},{\"@type\":\"BreadcrumbList\",\"@id\":\"https:\/\/www.noticiasradioreflejos.com.ar\/2021\/ypf-asegura-el-abastecimiento-de-gasoil\/#breadcrumb\",\"itemListElement\":[{\"@type\":\"ListItem\",\"position\":1,\"name\":\"Portada\",\"item\":\"https:\/\/www.noticiasradioreflejos.com.ar\/2021\/\"},{\"@type\":\"ListItem\",\"position\":2,\"name\":\"YPF asegura el abastecimiento de gasoil\"}]},{\"@type\":\"WebSite\",\"@id\":\"https:\/\/www.noticiasradioreflejos.com.ar\/2021\/#website\",\"url\":\"https:\/\/www.noticiasradioreflejos.com.ar\/2021\/\",\"name\":\"Noticias Radio Reflejos\",\"description\":\"Las noticias de mi comarca\",\"potentialAction\":[{\"@type\":\"SearchAction\",\"target\":{\"@type\":\"EntryPoint\",\"urlTemplate\":\"https:\/\/www.noticiasradioreflejos.com.ar\/2021\/?s={search_term_string}\"},\"query-input\":{\"@type\":\"PropertyValueSpecification\",\"valueRequired\":true,\"valueName\":\"search_term_string\"}}],\"inLanguage\":\"es\"},{\"@type\":\"Person\",\"@id\":\"https:\/\/www.noticiasradioreflejos.com.ar\/2021\/#\/schema\/person\/ad82545263dcc5ec0996818884fd5fb1\",\"name\":\"Arnaldo Botto\",\"image\":{\"@type\":\"ImageObject\",\"inLanguage\":\"es\",\"@id\":\"https:\/\/www.noticiasradioreflejos.com.ar\/2021\/#\/schema\/person\/image\/\",\"url\":\"https:\/\/secure.gravatar.com\/avatar\/55cb5e37c1efa326397366e6974cb338056df65cb50e7d64d1cf314e87504837?s=96&d=mm&r=g\",\"contentUrl\":\"https:\/\/secure.gravatar.com\/avatar\/55cb5e37c1efa326397366e6974cb338056df65cb50e7d64d1cf314e87504837?s=96&d=mm&r=g\",\"caption\":\"Arnaldo Botto\"},\"url\":\"https:\/\/www.noticiasradioreflejos.com.ar\/2021\/author\/arnaldo\/\"}]}<\/script>\n<!-- \/ Yoast SEO plugin. -->","yoast_head_json":{"title":"YPF asegura el abastecimiento de gasoil - Noticias Radio Reflejos","robots":{"index":"index","follow":"follow","max-snippet":"max-snippet:-1","max-image-preview":"max-image-preview:large","max-video-preview":"max-video-preview:-1"},"canonical":"https:\/\/www.noticiasradioreflejos.com.ar\/2021\/ypf-asegura-el-abastecimiento-de-gasoil\/","og_locale":"es_ES","og_type":"article","og_title":"YPF asegura el abastecimiento de gasoil - Noticias Radio Reflejos","og_description":"\u00abA trav\u00e9s de sus m\u00e1s de 100 distribuidores YPF AGRO con presencia en todo el pa\u00eds, la compa\u00f1\u00eda garantiza el acceso al gasoil a los productores agropecuarios\u00bb, sostuvo la empresa de bandera en un comunicado.","og_url":"https:\/\/www.noticiasradioreflejos.com.ar\/2021\/ypf-asegura-el-abastecimiento-de-gasoil\/","og_site_name":"Noticias Radio Reflejos","article_published_time":"2022-03-30T10:48:56+00:00","article_modified_time":"2022-03-30T10:49:12+00:00","og_image":[{"width":300,"height":200,"url":"https:\/\/www.noticiasradioreflejos.com.ar\/2021\/wp-content\/uploads\/2021\/07\/logosol300x200.png","type":"image\/png"}],"author":"Arnaldo Botto","twitter_card":"summary_large_image","schema":{"@context":"https:\/\/schema.org","@graph":[{"@type":"WebPage","@id":"https:\/\/www.noticiasradioreflejos.com.ar\/2021\/ypf-asegura-el-abastecimiento-de-gasoil\/","url":"https:\/\/www.noticiasradioreflejos.com.ar\/2021\/ypf-asegura-el-abastecimiento-de-gasoil\/","name":"YPF asegura el abastecimiento de gasoil - Noticias Radio Reflejos","isPartOf":{"@id":"https:\/\/www.noticiasradioreflejos.com.ar\/2021\/#website"},"datePublished":"2022-03-30T10:48:56+00:00","dateModified":"2022-03-30T10:49:12+00:00","author":{"@id":"https:\/\/www.noticiasradioreflejos.com.ar\/2021\/#\/schema\/person\/ad82545263dcc5ec0996818884fd5fb1"},"breadcrumb":{"@id":"https:\/\/www.noticiasradioreflejos.com.ar\/2021\/ypf-asegura-el-abastecimiento-de-gasoil\/#breadcrumb"},"inLanguage":"es","potentialAction":[{"@type":"ReadAction","target":["https:\/\/www.noticiasradioreflejos.com.ar\/2021\/ypf-asegura-el-abastecimiento-de-gasoil\/"]}]},{"@type":"BreadcrumbList","@id":"https:\/\/www.noticiasradioreflejos.com.ar\/2021\/ypf-asegura-el-abastecimiento-de-gasoil\/#breadcrumb","itemListElement":[{"@type":"ListItem","position":1,"name":"Portada","item":"https:\/\/www.noticiasradioreflejos.com.ar\/2021\/"},{"@type":"ListItem","position":2,"name":"YPF asegura el abastecimiento de gasoil"}]},{"@type":"WebSite","@id":"https:\/\/www.noticiasradioreflejos.com.ar\/2021\/#website","url":"https:\/\/www.noticiasradioreflejos.com.ar\/2021\/","name":"Noticias Radio Reflejos","description":"Las noticias de mi comarca","potentialAction":[{"@type":"SearchAction","target":{"@type":"EntryPoint","urlTemplate":"https:\/\/www.noticiasradioreflejos.com.ar\/2021\/?s={search_term_string}"},"query-input":{"@type":"PropertyValueSpecification","valueRequired":true,"valueName":"search_term_string"}}],"inLanguage":"es"},{"@type":"Person","@id":"https:\/\/www.noticiasradioreflejos.com.ar\/2021\/#\/schema\/person\/ad82545263dcc5ec0996818884fd5fb1","name":"Arnaldo Botto","image":{"@type":"ImageObject","inLanguage":"es","@id":"https:\/\/www.noticiasradioreflejos.com.ar\/2021\/#\/schema\/person\/image\/","url":"https:\/\/secure.gravatar.com\/avatar\/55cb5e37c1efa326397366e6974cb338056df65cb50e7d64d1cf314e87504837?s=96&d=mm&r=g","contentUrl":"https:\/\/secure.gravatar.com\/avatar\/55cb5e37c1efa326397366e6974cb338056df65cb50e7d64d1cf314e87504837?s=96&d=mm&r=g","caption":"Arnaldo Botto"},"url":"https:\/\/www.noticiasradioreflejos.com.ar\/2021\/author\/arnaldo\/"}]}},"_links":{"self":[{"href":"https:\/\/www.noticiasradioreflejos.com.ar\/2021\/wp-json\/wp\/v2\/posts\/69905","targetHints":{"allow":["GET"]}}],"collection":[{"href":"https:\/\/www.noticiasradioreflejos.com.ar\/2021\/wp-json\/wp\/v2\/posts"}],"about":[{"href":"https:\/\/www.noticiasradioreflejos.com.ar\/2021\/wp-json\/wp\/v2\/types\/post"}],"author":[{"embeddable":true,"href":"https:\/\/www.noticiasradioreflejos.com.ar\/2021\/wp-json\/wp\/v2\/users\/3"}],"replies":[{"embeddable":true,"href":"https:\/\/www.noticiasradioreflejos.com.ar\/2021\/wp-json\/wp\/v2\/comments?post=69905"}],"version-history":[{"count":2,"href":"https:\/\/www.noticiasradioreflejos.com.ar\/2021\/wp-json\/wp\/v2\/posts\/69905\/revisions"}],"predecessor-version":[{"id":69908,"href":"https:\/\/www.noticiasradioreflejos.com.ar\/2021\/wp-json\/wp\/v2\/posts\/69905\/revisions\/69908"}],"wp:attachment":[{"href":"https:\/\/www.noticiasradioreflejos.com.ar\/2021\/wp-json\/wp\/v2\/media?parent=69905"}],"wp:term":[{"taxonomy":"category","embeddable":true,"href":"https:\/\/www.noticiasradioreflejos.com.ar\/2021\/wp-json\/wp\/v2\/categories?post=69905"},{"taxonomy":"post_tag","embeddable":true,"href":"https:\/\/www.noticiasradioreflejos.com.ar\/2021\/wp-json\/wp\/v2\/tags?post=69905"}],"curies":[{"name":"wp","href":"https:\/\/api.w.org\/{rel}","templated":true}]}}