{"id":69900,"date":"2022-03-29T20:46:48","date_gmt":"2022-03-29T20:46:48","guid":{"rendered":"http:\/\/www.noticiasradioreflejos.com.ar\/2021\/?p=69900"},"modified":"2022-03-29T20:46:48","modified_gmt":"2022-03-29T20:46:48","slug":"la-reanudacion-de-la-obra-de-la-pileta-climatizada-de-tornquist-ya-es-una-realidad","status":"publish","type":"post","link":"https:\/\/www.noticiasradioreflejos.com.ar\/2021\/la-reanudacion-de-la-obra-de-la-pileta-climatizada-de-tornquist-ya-es-una-realidad\/","title":{"rendered":"La reanudaci\u00f3n de la obra de la pileta climatizada de Tornquist ya es una realidad."},"content":{"rendered":"<p>Desde este lunes se ejecutan trabajos en la obra de construcci\u00f3n de la piscina climatizada de Tornquist, que se encontraba paralizada desde hace 15 a\u00f1os y la actual gesti\u00f3n de gobierno, encabezada por Sergio Bordoni, tom\u00f3 la decisi\u00f3n de reanudarla.<!--more--><\/p>\n<p>En esta primera etapa, la intervenci\u00f3n se realiza en la parte exterior de la nave, donde se cumplen diferentes tareas de reacondicionamiento, como el cerramiento de los huecos superiores para, luego, bajar el techo (el actual es demasiado alto para un espacio de este tipo), colocar las aberturas y revocar.<\/p>\n<p>La inversi\u00f3n se hace con fondos de la Ley de Financiamiento Educativo.<\/p>\n<p><a title=\"Obras piscina (3)\" href=\"https:\/\/www.flickr.com\/photos\/182279889@N02\/51969689686\/in\/dateposted-public\/\" data-flickr-embed=\"true\"><img loading=\"lazy\" decoding=\"async\" src=\"https:\/\/live.staticflickr.com\/65535\/51969689686_845a98971d_c.jpg\" alt=\"Obras piscina (3)\" width=\"800\" height=\"593\" \/><\/a><script async src=\"\/\/embedr.flickr.com\/assets\/client-code.js\" charset=\"utf-8\"><\/script><\/p>\n","protected":false},"excerpt":{"rendered":"<p>Desde este lunes se ejecutan trabajos en la obra de construcci\u00f3n de la piscina climatizada de Tornquist, que se encontraba paralizada desde hace 15 a\u00f1os y la actual gesti\u00f3n de gobierno, encabezada por Sergio Bordoni, tom\u00f3 la decisi\u00f3n de reanudarla.<\/p>\n","protected":false},"author":3,"featured_media":0,"comment_status":"closed","ping_status":"closed","sticky":false,"template":"","format":"standard","meta":{"footnotes":""},"categories":[28],"tags":[],"class_list":["post-69900","post","type-post","status-publish","format-standard","hentry","category-municipales"],"yoast_head":"<!-- This site is optimized with the Yoast SEO plugin v25.9 - https:\/\/yoast.com\/wordpress\/plugins\/seo\/ -->\n<title>La reanudaci\u00f3n de la obra de la pileta climatizada de Tornquist ya es una realidad. - Noticias Radio Reflejos<\/title>\n<meta name=\"robots\" content=\"index, follow, max-snippet:-1, max-image-preview:large, max-video-preview:-1\" \/>\n<link rel=\"canonical\" href=\"https:\/\/www.noticiasradioreflejos.com.ar\/2021\/la-reanudacion-de-la-obra-de-la-pileta-climatizada-de-tornquist-ya-es-una-realidad\/\" \/>\n<meta property=\"og:locale\" content=\"es_ES\" \/>\n<meta property=\"og:type\" content=\"article\" \/>\n<meta property=\"og:title\" content=\"La reanudaci\u00f3n de la obra de la pileta climatizada de Tornquist ya es una realidad. - Noticias Radio Reflejos\" \/>\n<meta property=\"og:description\" content=\"Desde este lunes se ejecutan trabajos en la obra de construcci\u00f3n de la piscina climatizada de Tornquist, que se encontraba paralizada desde hace 15 a\u00f1os y la actual gesti\u00f3n de gobierno, encabezada por Sergio Bordoni, tom\u00f3 la decisi\u00f3n de reanudarla.\" \/>\n<meta property=\"og:url\" content=\"https:\/\/www.noticiasradioreflejos.com.ar\/2021\/la-reanudacion-de-la-obra-de-la-pileta-climatizada-de-tornquist-ya-es-una-realidad\/\" \/>\n<meta property=\"og:site_name\" content=\"Noticias Radio Reflejos\" \/>\n<meta property=\"article:published_time\" content=\"2022-03-29T20:46:48+00:00\" \/>\n<meta property=\"og:image\" content=\"https:\/\/live.staticflickr.com\/65535\/51969689686_845a98971d_c.jpg\" \/>\n<meta name=\"author\" content=\"Arnaldo Botto\" \/>\n<meta name=\"twitter:card\" content=\"summary_large_image\" \/>\n<script type=\"application\/ld+json\" class=\"yoast-schema-graph\">{\"@context\":\"https:\/\/schema.org\",\"@graph\":[{\"@type\":\"WebPage\",\"@id\":\"https:\/\/www.noticiasradioreflejos.com.ar\/2021\/la-reanudacion-de-la-obra-de-la-pileta-climatizada-de-tornquist-ya-es-una-realidad\/\",\"url\":\"https:\/\/www.noticiasradioreflejos.com.ar\/2021\/la-reanudacion-de-la-obra-de-la-pileta-climatizada-de-tornquist-ya-es-una-realidad\/\",\"name\":\"La reanudaci\u00f3n de la obra de la pileta climatizada de Tornquist ya es una realidad. - Noticias Radio Reflejos\",\"isPartOf\":{\"@id\":\"https:\/\/www.noticiasradioreflejos.com.ar\/2021\/#website\"},\"primaryImageOfPage\":{\"@id\":\"https:\/\/www.noticiasradioreflejos.com.ar\/2021\/la-reanudacion-de-la-obra-de-la-pileta-climatizada-de-tornquist-ya-es-una-realidad\/#primaryimage\"},\"image\":{\"@id\":\"https:\/\/www.noticiasradioreflejos.com.ar\/2021\/la-reanudacion-de-la-obra-de-la-pileta-climatizada-de-tornquist-ya-es-una-realidad\/#primaryimage\"},\"thumbnailUrl\":\"https:\/\/live.staticflickr.com\/65535\/51969689686_845a98971d_c.jpg\",\"datePublished\":\"2022-03-29T20:46:48+00:00\",\"author\":{\"@id\":\"https:\/\/www.noticiasradioreflejos.com.ar\/2021\/#\/schema\/person\/ad82545263dcc5ec0996818884fd5fb1\"},\"breadcrumb\":{\"@id\":\"https:\/\/www.noticiasradioreflejos.com.ar\/2021\/la-reanudacion-de-la-obra-de-la-pileta-climatizada-de-tornquist-ya-es-una-realidad\/#breadcrumb\"},\"inLanguage\":\"es\",\"potentialAction\":[{\"@type\":\"ReadAction\",\"target\":[\"https:\/\/www.noticiasradioreflejos.com.ar\/2021\/la-reanudacion-de-la-obra-de-la-pileta-climatizada-de-tornquist-ya-es-una-realidad\/\"]}]},{\"@type\":\"ImageObject\",\"inLanguage\":\"es\",\"@id\":\"https:\/\/www.noticiasradioreflejos.com.ar\/2021\/la-reanudacion-de-la-obra-de-la-pileta-climatizada-de-tornquist-ya-es-una-realidad\/#primaryimage\",\"url\":\"https:\/\/live.staticflickr.com\/65535\/51969689686_845a98971d_c.jpg\",\"contentUrl\":\"https:\/\/live.staticflickr.com\/65535\/51969689686_845a98971d_c.jpg\"},{\"@type\":\"BreadcrumbList\",\"@id\":\"https:\/\/www.noticiasradioreflejos.com.ar\/2021\/la-reanudacion-de-la-obra-de-la-pileta-climatizada-de-tornquist-ya-es-una-realidad\/#breadcrumb\",\"itemListElement\":[{\"@type\":\"ListItem\",\"position\":1,\"name\":\"Portada\",\"item\":\"https:\/\/www.noticiasradioreflejos.com.ar\/2021\/\"},{\"@type\":\"ListItem\",\"position\":2,\"name\":\"La reanudaci\u00f3n de la obra de la pileta climatizada de Tornquist ya es una realidad.\"}]},{\"@type\":\"WebSite\",\"@id\":\"https:\/\/www.noticiasradioreflejos.com.ar\/2021\/#website\",\"url\":\"https:\/\/www.noticiasradioreflejos.com.ar\/2021\/\",\"name\":\"Noticias Radio Reflejos\",\"description\":\"Las noticias de mi comarca\",\"potentialAction\":[{\"@type\":\"SearchAction\",\"target\":{\"@type\":\"EntryPoint\",\"urlTemplate\":\"https:\/\/www.noticiasradioreflejos.com.ar\/2021\/?s={search_term_string}\"},\"query-input\":{\"@type\":\"PropertyValueSpecification\",\"valueRequired\":true,\"valueName\":\"search_term_string\"}}],\"inLanguage\":\"es\"},{\"@type\":\"Person\",\"@id\":\"https:\/\/www.noticiasradioreflejos.com.ar\/2021\/#\/schema\/person\/ad82545263dcc5ec0996818884fd5fb1\",\"name\":\"Arnaldo Botto\",\"image\":{\"@type\":\"ImageObject\",\"inLanguage\":\"es\",\"@id\":\"https:\/\/www.noticiasradioreflejos.com.ar\/2021\/#\/schema\/person\/image\/\",\"url\":\"https:\/\/secure.gravatar.com\/avatar\/55cb5e37c1efa326397366e6974cb338056df65cb50e7d64d1cf314e87504837?s=96&d=mm&r=g\",\"contentUrl\":\"https:\/\/secure.gravatar.com\/avatar\/55cb5e37c1efa326397366e6974cb338056df65cb50e7d64d1cf314e87504837?s=96&d=mm&r=g\",\"caption\":\"Arnaldo Botto\"},\"url\":\"https:\/\/www.noticiasradioreflejos.com.ar\/2021\/author\/arnaldo\/\"}]}<\/script>\n<!-- \/ Yoast SEO plugin. -->","yoast_head_json":{"title":"La reanudaci\u00f3n de la obra de la pileta climatizada de Tornquist ya es una realidad. - Noticias Radio Reflejos","robots":{"index":"index","follow":"follow","max-snippet":"max-snippet:-1","max-image-preview":"max-image-preview:large","max-video-preview":"max-video-preview:-1"},"canonical":"https:\/\/www.noticiasradioreflejos.com.ar\/2021\/la-reanudacion-de-la-obra-de-la-pileta-climatizada-de-tornquist-ya-es-una-realidad\/","og_locale":"es_ES","og_type":"article","og_title":"La reanudaci\u00f3n de la obra de la pileta climatizada de Tornquist ya es una realidad. - Noticias Radio Reflejos","og_description":"Desde este lunes se ejecutan trabajos en la obra de construcci\u00f3n de la piscina climatizada de Tornquist, que se encontraba paralizada desde hace 15 a\u00f1os y la actual gesti\u00f3n de gobierno, encabezada por Sergio Bordoni, tom\u00f3 la decisi\u00f3n de reanudarla.","og_url":"https:\/\/www.noticiasradioreflejos.com.ar\/2021\/la-reanudacion-de-la-obra-de-la-pileta-climatizada-de-tornquist-ya-es-una-realidad\/","og_site_name":"Noticias Radio Reflejos","article_published_time":"2022-03-29T20:46:48+00:00","og_image":[{"url":"https:\/\/live.staticflickr.com\/65535\/51969689686_845a98971d_c.jpg","type":"","width":"","height":""}],"author":"Arnaldo Botto","twitter_card":"summary_large_image","schema":{"@context":"https:\/\/schema.org","@graph":[{"@type":"WebPage","@id":"https:\/\/www.noticiasradioreflejos.com.ar\/2021\/la-reanudacion-de-la-obra-de-la-pileta-climatizada-de-tornquist-ya-es-una-realidad\/","url":"https:\/\/www.noticiasradioreflejos.com.ar\/2021\/la-reanudacion-de-la-obra-de-la-pileta-climatizada-de-tornquist-ya-es-una-realidad\/","name":"La reanudaci\u00f3n de la obra de la pileta climatizada de Tornquist ya es una realidad. - Noticias Radio Reflejos","isPartOf":{"@id":"https:\/\/www.noticiasradioreflejos.com.ar\/2021\/#website"},"primaryImageOfPage":{"@id":"https:\/\/www.noticiasradioreflejos.com.ar\/2021\/la-reanudacion-de-la-obra-de-la-pileta-climatizada-de-tornquist-ya-es-una-realidad\/#primaryimage"},"image":{"@id":"https:\/\/www.noticiasradioreflejos.com.ar\/2021\/la-reanudacion-de-la-obra-de-la-pileta-climatizada-de-tornquist-ya-es-una-realidad\/#primaryimage"},"thumbnailUrl":"https:\/\/live.staticflickr.com\/65535\/51969689686_845a98971d_c.jpg","datePublished":"2022-03-29T20:46:48+00:00","author":{"@id":"https:\/\/www.noticiasradioreflejos.com.ar\/2021\/#\/schema\/person\/ad82545263dcc5ec0996818884fd5fb1"},"breadcrumb":{"@id":"https:\/\/www.noticiasradioreflejos.com.ar\/2021\/la-reanudacion-de-la-obra-de-la-pileta-climatizada-de-tornquist-ya-es-una-realidad\/#breadcrumb"},"inLanguage":"es","potentialAction":[{"@type":"ReadAction","target":["https:\/\/www.noticiasradioreflejos.com.ar\/2021\/la-reanudacion-de-la-obra-de-la-pileta-climatizada-de-tornquist-ya-es-una-realidad\/"]}]},{"@type":"ImageObject","inLanguage":"es","@id":"https:\/\/www.noticiasradioreflejos.com.ar\/2021\/la-reanudacion-de-la-obra-de-la-pileta-climatizada-de-tornquist-ya-es-una-realidad\/#primaryimage","url":"https:\/\/live.staticflickr.com\/65535\/51969689686_845a98971d_c.jpg","contentUrl":"https:\/\/live.staticflickr.com\/65535\/51969689686_845a98971d_c.jpg"},{"@type":"BreadcrumbList","@id":"https:\/\/www.noticiasradioreflejos.com.ar\/2021\/la-reanudacion-de-la-obra-de-la-pileta-climatizada-de-tornquist-ya-es-una-realidad\/#breadcrumb","itemListElement":[{"@type":"ListItem","position":1,"name":"Portada","item":"https:\/\/www.noticiasradioreflejos.com.ar\/2021\/"},{"@type":"ListItem","position":2,"name":"La reanudaci\u00f3n de la obra de la pileta climatizada de Tornquist ya es una realidad."}]},{"@type":"WebSite","@id":"https:\/\/www.noticiasradioreflejos.com.ar\/2021\/#website","url":"https:\/\/www.noticiasradioreflejos.com.ar\/2021\/","name":"Noticias Radio Reflejos","description":"Las noticias de mi comarca","potentialAction":[{"@type":"SearchAction","target":{"@type":"EntryPoint","urlTemplate":"https:\/\/www.noticiasradioreflejos.com.ar\/2021\/?s={search_term_string}"},"query-input":{"@type":"PropertyValueSpecification","valueRequired":true,"valueName":"search_term_string"}}],"inLanguage":"es"},{"@type":"Person","@id":"https:\/\/www.noticiasradioreflejos.com.ar\/2021\/#\/schema\/person\/ad82545263dcc5ec0996818884fd5fb1","name":"Arnaldo Botto","image":{"@type":"ImageObject","inLanguage":"es","@id":"https:\/\/www.noticiasradioreflejos.com.ar\/2021\/#\/schema\/person\/image\/","url":"https:\/\/secure.gravatar.com\/avatar\/55cb5e37c1efa326397366e6974cb338056df65cb50e7d64d1cf314e87504837?s=96&d=mm&r=g","contentUrl":"https:\/\/secure.gravatar.com\/avatar\/55cb5e37c1efa326397366e6974cb338056df65cb50e7d64d1cf314e87504837?s=96&d=mm&r=g","caption":"Arnaldo Botto"},"url":"https:\/\/www.noticiasradioreflejos.com.ar\/2021\/author\/arnaldo\/"}]}},"_links":{"self":[{"href":"https:\/\/www.noticiasradioreflejos.com.ar\/2021\/wp-json\/wp\/v2\/posts\/69900","targetHints":{"allow":["GET"]}}],"collection":[{"href":"https:\/\/www.noticiasradioreflejos.com.ar\/2021\/wp-json\/wp\/v2\/posts"}],"about":[{"href":"https:\/\/www.noticiasradioreflejos.com.ar\/2021\/wp-json\/wp\/v2\/types\/post"}],"author":[{"embeddable":true,"href":"https:\/\/www.noticiasradioreflejos.com.ar\/2021\/wp-json\/wp\/v2\/users\/3"}],"replies":[{"embeddable":true,"href":"https:\/\/www.noticiasradioreflejos.com.ar\/2021\/wp-json\/wp\/v2\/comments?post=69900"}],"version-history":[{"count":1,"href":"https:\/\/www.noticiasradioreflejos.com.ar\/2021\/wp-json\/wp\/v2\/posts\/69900\/revisions"}],"predecessor-version":[{"id":69902,"href":"https:\/\/www.noticiasradioreflejos.com.ar\/2021\/wp-json\/wp\/v2\/posts\/69900\/revisions\/69902"}],"wp:attachment":[{"href":"https:\/\/www.noticiasradioreflejos.com.ar\/2021\/wp-json\/wp\/v2\/media?parent=69900"}],"wp:term":[{"taxonomy":"category","embeddable":true,"href":"https:\/\/www.noticiasradioreflejos.com.ar\/2021\/wp-json\/wp\/v2\/categories?post=69900"},{"taxonomy":"post_tag","embeddable":true,"href":"https:\/\/www.noticiasradioreflejos.com.ar\/2021\/wp-json\/wp\/v2\/tags?post=69900"}],"curies":[{"name":"wp","href":"https:\/\/api.w.org\/{rel}","templated":true}]}}