{"id":69896,"date":"2022-03-29T15:03:33","date_gmt":"2022-03-29T15:03:33","guid":{"rendered":"http:\/\/www.noticiasradioreflejos.com.ar\/2021\/?p=69896"},"modified":"2022-03-29T15:03:33","modified_gmt":"2022-03-29T15:03:33","slug":"lanzan-argentina-productiva-2030-el-plan-de-desarrollo-que-creara-2-millones-de-empleos","status":"publish","type":"post","link":"https:\/\/www.noticiasradioreflejos.com.ar\/2021\/lanzan-argentina-productiva-2030-el-plan-de-desarrollo-que-creara-2-millones-de-empleos\/","title":{"rendered":"Lanzan Argentina Productiva 2030, el plan de desarrollo que crear\u00e1 2 millones de empleos"},"content":{"rendered":"<p>Entre los principales objetivos de la unidad ejecutora que presentar\u00e1 hoy el ministro de Desarrollo Productivo, Mat\u00edas Kulfas, se encuentra la reducci\u00f3n en 9 millones de la cantidad de pobres y la creaci\u00f3n de 100.000 empresas.<!--more--><\/p>\n<div class=\"container-md\">\n<div class=\"row\">\n<div class=\"col-md-12 speak\">\n<div class=\"paragraph\">\n<figure class=\"mb-3\"><img decoding=\"async\" src=\"https:\/\/www.telam.com.ar\/thumbs\/bluesteel\/advf\/imagenes\/2021\/09\/61393db12b856_900.jpg\" alt=\"El plan busca crear 2 millones de puestos de trabajo Foto Ral Ferrari\" width=\"100%\" height=\"100%\" \/><\/p>\n<div class=\"media-icons\"><\/div><figcaption>El plan busca crear 2 millones de puestos de trabajo. (Foto: Ra\u00fal Ferrari)<\/figcaption><\/figure>\n<p>El Gobierno present\u00f3 la unidad ejecutora\u00a0<strong>Argentina Productiva 2030<\/strong>, que tendr\u00e1 como tarea \u00abelaborar y monitorear la implementaci\u00f3n\u00bb de un plan de desarrollo que, entre sus principales objetivos hasta ese a\u00f1o, aspira a\u00a0<strong>crear 2 millones de puestos de trabajo asalariados formales en el sector privado, reducir en 9 millones la cantidad de pobres y crear 100.000 empresas formales<\/strong>.<\/p>\n<p>El programa, cuya denominaci\u00f3n completa es \u00abArgentina Productiva 2030, Plan de Desarrollo Productivo, Industrial y Tecnol\u00f3gico de Argentina\u00bb fue creado a trav\u00e9s de la resoluci\u00f3n 236\/2022 del Ministerio de Desarrollo Productivo, publicada en el Bolet\u00edn Oficial.<\/p>\n<p>El titular de la cartera,\u00a0<strong>Mat\u00edas Kulfas<\/strong>, presentar\u00e1 la iniciativa en el marco del encuentro del\u00a0<a href=\"https:\/\/www.telam.com.ar\/notas\/202203\/587806-alberto-fernandez-consejo-economico-social-cck.html\" target=\"_blank\" rel=\"noopener\">Consejo Econ\u00f3mico y Social<\/a>, que tendr\u00e1 lugar en el Centro Cultural N\u00e9stor Kirchner de la ciudad de Buenos Aires.<\/p>\n<p>El titular de la unidad ejecutora especial temporaria ser\u00e1\u00a0<strong>Mat\u00edas Schteingart<\/strong>, actualmente director del Centro de Estudios para la Producci\u00f3n (CEP XXI).<\/p>\n<p>\u00abSin pol\u00edticas de desarrollo productivo es imposible crecer sostenidamente y sin crecimiento es imposible reducir sosteniblemente el desempleo, la pobreza, la desigualdad y la precarizaci\u00f3n laboral; en otros t\u00e9rminos, sin crecimiento del PIB per c\u00e1pita es imposible lograr el objetivo \u00faltimo: el bienestar del pueblo argentino\u00bb, se indica en la presentaci\u00f3n de los lineamientos del plan.<\/p>\n<blockquote class=\"\"><p>\u00abSin pol\u00edticas de desarrollo productivo es imposible crecer sostenidamente y sin crecimiento es imposible reducir sosteniblemente el desempleo, la pobreza, la desigualdad y la precarizaci\u00f3n laboral\u00bb<\/p><\/blockquote>\n<p>Para ello, Argentina Productiva 2030 procurar\u00e1 \u00abdise\u00f1ar una hoja de ruta, concreta y realista, para los pr\u00f3ximos a\u00f1os, que genere certidumbre en los actores productivos\u00bb y \u00abdelinear detalladamente cu\u00e1les deben ser tales incentivos para transformar la matriz productiva\u00bb.<\/p>\n<p>Entre los objetivos principales de la iniciativa, se destacan el de \u00abcrear 2 millones de puestos de trabajo asalariados formales en el sector privado para 2030\u00bb (aproximadamente 220.000 por a\u00f1o).<\/p>\n<p>Asimismo, se busca \u00absacar a 9 millones de argentinos y argentinas de la pobreza para el per\u00edodo 2022-2030 (reduciendo la pobreza en 1 mill\u00f3n de personas por a\u00f1o, en promedio)\u00bb y \u00abcrear m\u00e1s de 100.000 empresas formales para 2030 (alrededor de 12.000 por a\u00f1o)\u00bb.<\/p>\n<p>Tambi\u00e9n se aspira a \u00abreducir la desigualdad para 2030 a los menores niveles en 50 a\u00f1os, bajando el coeficiente de Gini de 0.43 a 0.38\u00bb, as\u00ed como \u00abdisminuir el impacto ambiental de las actividades productivas y cumplir con los compromisos asumidos en el marco del Acuerdo de Par\u00eds\u00bb.<\/p>\n<p>Por otra parte, se plantea \u00ab<strong>incrementar la participaci\u00f3n de mujeres en el empleo formal<\/strong>\u00a0en las empresas, con un m\u00ednimo de 50% de participaci\u00f3n de mujeres en los nuevos puestos de trabajo generados\u00bb y \u00abaumentar la participaci\u00f3n del interior en el PBI y el empleo formal, con un 70% de los nuevos empleos formales radic\u00e1ndose fuera del AMBA\u00bb.<\/p>\n<\/div>\n<\/div>\n<\/div>\n<\/div>\n","protected":false},"excerpt":{"rendered":"<p>Entre los principales objetivos de la unidad ejecutora que presentar\u00e1 hoy el ministro de Desarrollo Productivo, Mat\u00edas Kulfas, se encuentra la reducci\u00f3n en 9 millones de la cantidad de pobres y la creaci\u00f3n de 100.000 empresas.<\/p>\n","protected":false},"author":3,"featured_media":0,"comment_status":"closed","ping_status":"closed","sticky":false,"template":"","format":"standard","meta":{"footnotes":""},"categories":[36,24,26],"tags":[],"class_list":["post-69896","post","type-post","status-publish","format-standard","hentry","category-economia","category-politica","category-sociedad"],"yoast_head":"<!-- This site is optimized with the Yoast SEO plugin v25.9 - https:\/\/yoast.com\/wordpress\/plugins\/seo\/ -->\n<title>Lanzan Argentina Productiva 2030, el plan de desarrollo que crear\u00e1 2 millones de empleos - Noticias Radio Reflejos<\/title>\n<meta name=\"robots\" content=\"index, follow, max-snippet:-1, max-image-preview:large, max-video-preview:-1\" \/>\n<link rel=\"canonical\" href=\"https:\/\/www.noticiasradioreflejos.com.ar\/2021\/lanzan-argentina-productiva-2030-el-plan-de-desarrollo-que-creara-2-millones-de-empleos\/\" \/>\n<meta property=\"og:locale\" content=\"es_ES\" \/>\n<meta property=\"og:type\" content=\"article\" \/>\n<meta property=\"og:title\" content=\"Lanzan Argentina Productiva 2030, el plan de desarrollo que crear\u00e1 2 millones de empleos - Noticias Radio Reflejos\" \/>\n<meta property=\"og:description\" content=\"Entre los principales objetivos de la unidad ejecutora que presentar\u00e1 hoy el ministro de Desarrollo Productivo, Mat\u00edas Kulfas, se encuentra la reducci\u00f3n en 9 millones de la cantidad de pobres y la creaci\u00f3n de 100.000 empresas.\" \/>\n<meta property=\"og:url\" content=\"https:\/\/www.noticiasradioreflejos.com.ar\/2021\/lanzan-argentina-productiva-2030-el-plan-de-desarrollo-que-creara-2-millones-de-empleos\/\" \/>\n<meta property=\"og:site_name\" content=\"Noticias Radio Reflejos\" \/>\n<meta property=\"article:published_time\" content=\"2022-03-29T15:03:33+00:00\" \/>\n<meta property=\"og:image\" content=\"https:\/\/www.telam.com.ar\/thumbs\/bluesteel\/advf\/imagenes\/2021\/09\/61393db12b856_900.jpg\" \/>\n<meta name=\"author\" content=\"Arnaldo Botto\" \/>\n<meta name=\"twitter:card\" content=\"summary_large_image\" \/>\n<script type=\"application\/ld+json\" class=\"yoast-schema-graph\">{\"@context\":\"https:\/\/schema.org\",\"@graph\":[{\"@type\":\"WebPage\",\"@id\":\"https:\/\/www.noticiasradioreflejos.com.ar\/2021\/lanzan-argentina-productiva-2030-el-plan-de-desarrollo-que-creara-2-millones-de-empleos\/\",\"url\":\"https:\/\/www.noticiasradioreflejos.com.ar\/2021\/lanzan-argentina-productiva-2030-el-plan-de-desarrollo-que-creara-2-millones-de-empleos\/\",\"name\":\"Lanzan Argentina Productiva 2030, el plan de desarrollo que crear\u00e1 2 millones de empleos - Noticias Radio Reflejos\",\"isPartOf\":{\"@id\":\"https:\/\/www.noticiasradioreflejos.com.ar\/2021\/#website\"},\"primaryImageOfPage\":{\"@id\":\"https:\/\/www.noticiasradioreflejos.com.ar\/2021\/lanzan-argentina-productiva-2030-el-plan-de-desarrollo-que-creara-2-millones-de-empleos\/#primaryimage\"},\"image\":{\"@id\":\"https:\/\/www.noticiasradioreflejos.com.ar\/2021\/lanzan-argentina-productiva-2030-el-plan-de-desarrollo-que-creara-2-millones-de-empleos\/#primaryimage\"},\"thumbnailUrl\":\"https:\/\/www.telam.com.ar\/thumbs\/bluesteel\/advf\/imagenes\/2021\/09\/61393db12b856_900.jpg\",\"datePublished\":\"2022-03-29T15:03:33+00:00\",\"author\":{\"@id\":\"https:\/\/www.noticiasradioreflejos.com.ar\/2021\/#\/schema\/person\/ad82545263dcc5ec0996818884fd5fb1\"},\"breadcrumb\":{\"@id\":\"https:\/\/www.noticiasradioreflejos.com.ar\/2021\/lanzan-argentina-productiva-2030-el-plan-de-desarrollo-que-creara-2-millones-de-empleos\/#breadcrumb\"},\"inLanguage\":\"es\",\"potentialAction\":[{\"@type\":\"ReadAction\",\"target\":[\"https:\/\/www.noticiasradioreflejos.com.ar\/2021\/lanzan-argentina-productiva-2030-el-plan-de-desarrollo-que-creara-2-millones-de-empleos\/\"]}]},{\"@type\":\"ImageObject\",\"inLanguage\":\"es\",\"@id\":\"https:\/\/www.noticiasradioreflejos.com.ar\/2021\/lanzan-argentina-productiva-2030-el-plan-de-desarrollo-que-creara-2-millones-de-empleos\/#primaryimage\",\"url\":\"https:\/\/www.telam.com.ar\/thumbs\/bluesteel\/advf\/imagenes\/2021\/09\/61393db12b856_900.jpg\",\"contentUrl\":\"https:\/\/www.telam.com.ar\/thumbs\/bluesteel\/advf\/imagenes\/2021\/09\/61393db12b856_900.jpg\"},{\"@type\":\"BreadcrumbList\",\"@id\":\"https:\/\/www.noticiasradioreflejos.com.ar\/2021\/lanzan-argentina-productiva-2030-el-plan-de-desarrollo-que-creara-2-millones-de-empleos\/#breadcrumb\",\"itemListElement\":[{\"@type\":\"ListItem\",\"position\":1,\"name\":\"Portada\",\"item\":\"https:\/\/www.noticiasradioreflejos.com.ar\/2021\/\"},{\"@type\":\"ListItem\",\"position\":2,\"name\":\"Lanzan Argentina Productiva 2030, el plan de desarrollo que crear\u00e1 2 millones de empleos\"}]},{\"@type\":\"WebSite\",\"@id\":\"https:\/\/www.noticiasradioreflejos.com.ar\/2021\/#website\",\"url\":\"https:\/\/www.noticiasradioreflejos.com.ar\/2021\/\",\"name\":\"Noticias Radio Reflejos\",\"description\":\"Las noticias de mi comarca\",\"potentialAction\":[{\"@type\":\"SearchAction\",\"target\":{\"@type\":\"EntryPoint\",\"urlTemplate\":\"https:\/\/www.noticiasradioreflejos.com.ar\/2021\/?s={search_term_string}\"},\"query-input\":{\"@type\":\"PropertyValueSpecification\",\"valueRequired\":true,\"valueName\":\"search_term_string\"}}],\"inLanguage\":\"es\"},{\"@type\":\"Person\",\"@id\":\"https:\/\/www.noticiasradioreflejos.com.ar\/2021\/#\/schema\/person\/ad82545263dcc5ec0996818884fd5fb1\",\"name\":\"Arnaldo Botto\",\"image\":{\"@type\":\"ImageObject\",\"inLanguage\":\"es\",\"@id\":\"https:\/\/www.noticiasradioreflejos.com.ar\/2021\/#\/schema\/person\/image\/\",\"url\":\"https:\/\/secure.gravatar.com\/avatar\/55cb5e37c1efa326397366e6974cb338056df65cb50e7d64d1cf314e87504837?s=96&d=mm&r=g\",\"contentUrl\":\"https:\/\/secure.gravatar.com\/avatar\/55cb5e37c1efa326397366e6974cb338056df65cb50e7d64d1cf314e87504837?s=96&d=mm&r=g\",\"caption\":\"Arnaldo Botto\"},\"url\":\"https:\/\/www.noticiasradioreflejos.com.ar\/2021\/author\/arnaldo\/\"}]}<\/script>\n<!-- \/ Yoast SEO plugin. -->","yoast_head_json":{"title":"Lanzan Argentina Productiva 2030, el plan de desarrollo que crear\u00e1 2 millones de empleos - Noticias Radio Reflejos","robots":{"index":"index","follow":"follow","max-snippet":"max-snippet:-1","max-image-preview":"max-image-preview:large","max-video-preview":"max-video-preview:-1"},"canonical":"https:\/\/www.noticiasradioreflejos.com.ar\/2021\/lanzan-argentina-productiva-2030-el-plan-de-desarrollo-que-creara-2-millones-de-empleos\/","og_locale":"es_ES","og_type":"article","og_title":"Lanzan Argentina Productiva 2030, el plan de desarrollo que crear\u00e1 2 millones de empleos - Noticias Radio Reflejos","og_description":"Entre los principales objetivos de la unidad ejecutora que presentar\u00e1 hoy el ministro de Desarrollo Productivo, Mat\u00edas Kulfas, se encuentra la reducci\u00f3n en 9 millones de la cantidad de pobres y la creaci\u00f3n de 100.000 empresas.","og_url":"https:\/\/www.noticiasradioreflejos.com.ar\/2021\/lanzan-argentina-productiva-2030-el-plan-de-desarrollo-que-creara-2-millones-de-empleos\/","og_site_name":"Noticias Radio Reflejos","article_published_time":"2022-03-29T15:03:33+00:00","og_image":[{"url":"https:\/\/www.telam.com.ar\/thumbs\/bluesteel\/advf\/imagenes\/2021\/09\/61393db12b856_900.jpg","type":"","width":"","height":""}],"author":"Arnaldo Botto","twitter_card":"summary_large_image","schema":{"@context":"https:\/\/schema.org","@graph":[{"@type":"WebPage","@id":"https:\/\/www.noticiasradioreflejos.com.ar\/2021\/lanzan-argentina-productiva-2030-el-plan-de-desarrollo-que-creara-2-millones-de-empleos\/","url":"https:\/\/www.noticiasradioreflejos.com.ar\/2021\/lanzan-argentina-productiva-2030-el-plan-de-desarrollo-que-creara-2-millones-de-empleos\/","name":"Lanzan Argentina Productiva 2030, el plan de desarrollo que crear\u00e1 2 millones de empleos - Noticias Radio Reflejos","isPartOf":{"@id":"https:\/\/www.noticiasradioreflejos.com.ar\/2021\/#website"},"primaryImageOfPage":{"@id":"https:\/\/www.noticiasradioreflejos.com.ar\/2021\/lanzan-argentina-productiva-2030-el-plan-de-desarrollo-que-creara-2-millones-de-empleos\/#primaryimage"},"image":{"@id":"https:\/\/www.noticiasradioreflejos.com.ar\/2021\/lanzan-argentina-productiva-2030-el-plan-de-desarrollo-que-creara-2-millones-de-empleos\/#primaryimage"},"thumbnailUrl":"https:\/\/www.telam.com.ar\/thumbs\/bluesteel\/advf\/imagenes\/2021\/09\/61393db12b856_900.jpg","datePublished":"2022-03-29T15:03:33+00:00","author":{"@id":"https:\/\/www.noticiasradioreflejos.com.ar\/2021\/#\/schema\/person\/ad82545263dcc5ec0996818884fd5fb1"},"breadcrumb":{"@id":"https:\/\/www.noticiasradioreflejos.com.ar\/2021\/lanzan-argentina-productiva-2030-el-plan-de-desarrollo-que-creara-2-millones-de-empleos\/#breadcrumb"},"inLanguage":"es","potentialAction":[{"@type":"ReadAction","target":["https:\/\/www.noticiasradioreflejos.com.ar\/2021\/lanzan-argentina-productiva-2030-el-plan-de-desarrollo-que-creara-2-millones-de-empleos\/"]}]},{"@type":"ImageObject","inLanguage":"es","@id":"https:\/\/www.noticiasradioreflejos.com.ar\/2021\/lanzan-argentina-productiva-2030-el-plan-de-desarrollo-que-creara-2-millones-de-empleos\/#primaryimage","url":"https:\/\/www.telam.com.ar\/thumbs\/bluesteel\/advf\/imagenes\/2021\/09\/61393db12b856_900.jpg","contentUrl":"https:\/\/www.telam.com.ar\/thumbs\/bluesteel\/advf\/imagenes\/2021\/09\/61393db12b856_900.jpg"},{"@type":"BreadcrumbList","@id":"https:\/\/www.noticiasradioreflejos.com.ar\/2021\/lanzan-argentina-productiva-2030-el-plan-de-desarrollo-que-creara-2-millones-de-empleos\/#breadcrumb","itemListElement":[{"@type":"ListItem","position":1,"name":"Portada","item":"https:\/\/www.noticiasradioreflejos.com.ar\/2021\/"},{"@type":"ListItem","position":2,"name":"Lanzan Argentina Productiva 2030, el plan de desarrollo que crear\u00e1 2 millones de empleos"}]},{"@type":"WebSite","@id":"https:\/\/www.noticiasradioreflejos.com.ar\/2021\/#website","url":"https:\/\/www.noticiasradioreflejos.com.ar\/2021\/","name":"Noticias Radio Reflejos","description":"Las noticias de mi comarca","potentialAction":[{"@type":"SearchAction","target":{"@type":"EntryPoint","urlTemplate":"https:\/\/www.noticiasradioreflejos.com.ar\/2021\/?s={search_term_string}"},"query-input":{"@type":"PropertyValueSpecification","valueRequired":true,"valueName":"search_term_string"}}],"inLanguage":"es"},{"@type":"Person","@id":"https:\/\/www.noticiasradioreflejos.com.ar\/2021\/#\/schema\/person\/ad82545263dcc5ec0996818884fd5fb1","name":"Arnaldo Botto","image":{"@type":"ImageObject","inLanguage":"es","@id":"https:\/\/www.noticiasradioreflejos.com.ar\/2021\/#\/schema\/person\/image\/","url":"https:\/\/secure.gravatar.com\/avatar\/55cb5e37c1efa326397366e6974cb338056df65cb50e7d64d1cf314e87504837?s=96&d=mm&r=g","contentUrl":"https:\/\/secure.gravatar.com\/avatar\/55cb5e37c1efa326397366e6974cb338056df65cb50e7d64d1cf314e87504837?s=96&d=mm&r=g","caption":"Arnaldo Botto"},"url":"https:\/\/www.noticiasradioreflejos.com.ar\/2021\/author\/arnaldo\/"}]}},"_links":{"self":[{"href":"https:\/\/www.noticiasradioreflejos.com.ar\/2021\/wp-json\/wp\/v2\/posts\/69896","targetHints":{"allow":["GET"]}}],"collection":[{"href":"https:\/\/www.noticiasradioreflejos.com.ar\/2021\/wp-json\/wp\/v2\/posts"}],"about":[{"href":"https:\/\/www.noticiasradioreflejos.com.ar\/2021\/wp-json\/wp\/v2\/types\/post"}],"author":[{"embeddable":true,"href":"https:\/\/www.noticiasradioreflejos.com.ar\/2021\/wp-json\/wp\/v2\/users\/3"}],"replies":[{"embeddable":true,"href":"https:\/\/www.noticiasradioreflejos.com.ar\/2021\/wp-json\/wp\/v2\/comments?post=69896"}],"version-history":[{"count":1,"href":"https:\/\/www.noticiasradioreflejos.com.ar\/2021\/wp-json\/wp\/v2\/posts\/69896\/revisions"}],"predecessor-version":[{"id":69897,"href":"https:\/\/www.noticiasradioreflejos.com.ar\/2021\/wp-json\/wp\/v2\/posts\/69896\/revisions\/69897"}],"wp:attachment":[{"href":"https:\/\/www.noticiasradioreflejos.com.ar\/2021\/wp-json\/wp\/v2\/media?parent=69896"}],"wp:term":[{"taxonomy":"category","embeddable":true,"href":"https:\/\/www.noticiasradioreflejos.com.ar\/2021\/wp-json\/wp\/v2\/categories?post=69896"},{"taxonomy":"post_tag","embeddable":true,"href":"https:\/\/www.noticiasradioreflejos.com.ar\/2021\/wp-json\/wp\/v2\/tags?post=69896"}],"curies":[{"name":"wp","href":"https:\/\/api.w.org\/{rel}","templated":true}]}}