{"id":69885,"date":"2022-03-29T13:10:26","date_gmt":"2022-03-29T13:10:26","guid":{"rendered":"http:\/\/www.noticiasradioreflejos.com.ar\/2021\/?p=69885"},"modified":"2022-03-29T13:10:26","modified_gmt":"2022-03-29T13:10:26","slug":"confirmaron-en-caba-un-caso-de-sarampion-importado-desde-medio-oriente","status":"publish","type":"post","link":"https:\/\/www.noticiasradioreflejos.com.ar\/2021\/confirmaron-en-caba-un-caso-de-sarampion-importado-desde-medio-oriente\/","title":{"rendered":"Confirmaron en CABA un caso de sarampi\u00f3n importado desde Medio Oriente"},"content":{"rendered":"<p>\u00abLa globalizaci\u00f3n y el aumento de la circulaci\u00f3n tan importante del sarampi\u00f3n en much\u00edsimos pa\u00edses del mundo, hizo que tuvi\u00e9ramos un caso importado, y a partir de ah\u00ed el riesgo de un brote\u00bb, advirti\u00f3 la ministra de Salud, a la vez que destac\u00f3 la efectividad de la vacuna.<\/p>\n<div>\n<div class=\"wrapper-editable-content\">\n<div>\n<div class=\"container-md\">\n<div class=\"row\">\n<div class=\"col-md-12 speak\">\n<div class=\"paragraph\">\n<figure class=\"mb-3\"><img decoding=\"async\" src=\"https:\/\/www.telam.com.ar\/thumbs\/bluesteel\/advf\/imagenes\/2020\/02\/5e50659e02c51_900.jpg\" alt=\"Vizzotti record que la vacuna contra el sarampin est en calendario al ao de vida y al ingreso escolar por lo que todos los nios y nias de entre 12 meses y 5 aos deben tener al menos una dosis\" width=\"100%\" height=\"100%\" \/><\/figure>\n<\/div>\n<\/div>\n<\/div>\n<\/div>\n<\/div>\n<\/div>\n<\/div>\n<div class=\"media-icons\"><\/div>\n<p>Vizzotti record\u00f3 que la vacuna contra el sarampi\u00f3n est\u00e1 en calendario al a\u00f1o de vida y al ingreso escolar, por lo que todos los ni\u00f1os y ni\u00f1as de entre 12 meses y 5 a\u00f1os deben tener al menos una dosis.<\/p>\n<p>La ministra de Salud Carla Vizzotti confirm\u00f3 este lunes un caso de sarampi\u00f3n de una residente de la ciudad de Buenos Aires contra\u00eddo en Medio Oriente y record\u00f3 que \u00abla baja de coberturas de vacunaci\u00f3n en el mundo, a causa de la pandemia, es una situaci\u00f3n que nos pon\u00eda en riesgo\u00bb.<\/p>\n<p>Vizzotti advirti\u00f3 que \u00abla globalizaci\u00f3n y el aumento de la circulaci\u00f3n tan importante del sarampi\u00f3n en much\u00edsimos pa\u00edses del mundo, hizo que tuvi\u00e9ramos un caso importado, y a partir de ah\u00ed el riesgo de un brote\u00bb.<\/p>\n<p>Tambi\u00e9n destac\u00f3 que acaban \u00abde confirmar el caso\u00bb a trav\u00e9s del ANLIS-Malbr\u00e1n.\u00a0<strong>\u00abEl PCR fue positivo y ahora lo estamos notificando\u00bb<\/strong>, agreg\u00f3 en di\u00e1logo sostenido con Radio con Vos.<\/p>\n<p>Sobre la situaci\u00f3n actual, la ministra explic\u00f3 que, junto con CABA, se est\u00e1 \u00abhaciendo la investigaci\u00f3n del caso, que consiste en la investigaci\u00f3n d<strong>esde el inicio de s\u00edntomas de todos los contactos<\/strong>, si est\u00e1n con s\u00edntomas algunos de ellos\u00bb.<\/p>\n<p>\u00abLa alerta que se emiti\u00f3 el fin de semana es para el equipo de salud, para sensibilizar much\u00edsimo la sospecha diagnostica y la toma de muestra, y para la poblaci\u00f3n si tiene alg\u00fan s\u00edntoma como manchitas en la piel, fiebre, conjuntivitis, rinitis\u00bb.<\/p>\n<p>En estos casos, Vizzotti recomend\u00f3 consultar \u00abinmediatamente para poder minimizar el impacto y, por supuesto, controlar las vacunas, que todos y todas tengamos las vacunas al d\u00eda\u00bb.<\/p>\n<p>La vacuna contra el sarampi\u00f3n est\u00e1 en calendario al a\u00f1o de vida y al ingreso escolar, por lo que todos los ni\u00f1os y ni\u00f1as de entre 12 meses y 5 a\u00f1os deben tener al menos una dosis, agreg\u00f3 la ministra.<\/p>\n<p>Otros profesionales de la salud consultados por T\u00e9lam afirmaron que la causa de la aparici\u00f3n de un caso de sarampi\u00f3n se debe a que \u201cesta persona no est\u00e1 vacunada\u201d y destacaron que la vacunaci\u00f3n es \u201cefectiva\u201d para su prevenci\u00f3n.<\/p>\n<blockquote class=\"\"><p>La vacuna contra el sarampi\u00f3n est\u00e1 en calendario al a\u00f1o de vida y al ingreso escolar, por lo que todos los ni\u00f1os y ni\u00f1as de entre 12 meses y 5 a\u00f1os deben tener al menos una dosis.<\/p><\/blockquote>\n<p><strong>El infect\u00f3logo y subdirector del Hospital Mu\u00f1iz, Juan Carlos Cisneros<\/strong>, en di\u00e1logo con T\u00e9lam, afirm\u00f3 que hace \u201c20 a\u00f1os no hay un caso de sarampi\u00f3n aut\u00f3ctono\u201d, y que eso se debe a que \u201cla vacunaci\u00f3n es altamente efectiva\u201d.\u00a0En este sentido, se\u00f1al\u00f3 que la vacunaci\u00f3n contra el sarampi\u00f3n se aplica en los primeros 6 a\u00f1os de vida.<\/p>\n<p>En la misma sinton\u00eda,\u00a0<strong>el infect\u00f3logo Jorge Geffner,<\/strong>\u00a0reafirm\u00f3 que producto de la pandemia \u201ccay\u00f3 la cobertura del calendario nacional de vacunaci\u00f3n\u201d.<\/p>\n<p>\u201cTodos debemos recibir la triple antiviral, porque este virus es muy contagioso\u201d.<\/p>\n<p>En relaci\u00f3n a esto, Cisneros afirm\u00f3 que una de las dificultades es que\u00a0<strong>\u201clos inmunocomprometidos no pueden vacunarse\u201d.<\/strong><\/p>\n<p>Ambos infect\u00f3logos, al igual que Vizzotti, consideraron que la vacunaci\u00f3n es la \u00fanica manera de prevenir el sarampi\u00f3n.<strong>\u00a0\u201cLa vacuna antisarampionosa es tremendamente efectiva y tremendamente segura\u201d<\/strong>, resalt\u00f3 Geffner.<\/p>\n<p>Respecto a las dudas sobre si los individuos est\u00e1n vacunados, o no, por ejemplo, ante la p\u00e9rdida del carnet de vacunaci\u00f3n, Vizzotti afirm\u00f3 que \u00abla idea es tambi\u00e9n darse la vacuna.\u00a0<strong>No importa si tenemos una dosis de m\u00e1s,<\/strong>\u00a0lo importante es tratar de generar la seguridad de tener anticuerpos, defensa e inmunidad\u00bb.<\/p>\n<p>\u00abEsta vacuna, a diferencia de la vacuna antigripal o de COVID-19, es una vacuna que hace que realmente\u00a0<strong>Argentina est\u00e9 libre de sarampi\u00f3n end\u00e9mico desde el a\u00f1o 2000. T<\/strong>ener la enfermedad nos da inmunidad a largo plazo, y tener el esquema completo de vacunaci\u00f3n nos previene en m\u00e1s del 95% a posibilidad de tenerlo\u00bb, agreg\u00f3 Vizzotti.<\/p>\n<blockquote class=\"\"><p>El sarampi\u00f3n es una enfermedad que se puede eliminar porque el \u00fanico reservorio es el ser humano, a diferencia de los virus respiratorios.<\/p><\/blockquote>\n<p>\u00abAs\u00ed que si nos vacunamos podemos limitar, realmente, la circulaci\u00f3n del virus, no solo las complicaciones y las muertes, sino la circulaci\u00f3n del virus\u00bb, concluy\u00f3 Vizzotti.<\/p>\n<p>A su vez,\u00a0<strong>el infect\u00f3logo Luis Camera\u00a0<\/strong>se\u00f1al\u00f3 a T\u00e9lam que \u00abel riesgo con el Sarampi\u00f3n es que, ya que en algunas regiones de Sudam\u00e9rica todav\u00eda hay circulaci\u00f3n, cabe la posibilidad de que tengamos m\u00e1s casos importados en poblaci\u00f3n no vacunada\u00bb.<\/p>\n<p>\u00abIgualmente, agreg\u00f3, creo que no va a tener mucho impacto, ya que la segunda crisis que hemos tenido, luego de 20 a\u00f1os, fue la del 2019-2020 con alrededor de 175 casos\u00bb. Luego de esas crisis que pudo resolverse, Argentina fue declarada por la OMS, \u201clibre de sarampi\u00f3n\u201d, precis\u00f3.<\/p>\n<p>\u00ab<strong>Hay que estar atentos, ser cuidadosos, manejarse con alerta<\/strong>, pero no presumo que esto pueda expandirse con mucho volumen, pese a que el sarampi\u00f3n es altamente contagioso, probablemente el virus de mayor transmisibilidad por la aerolizaci\u00f3n que genera\u00bb, consign\u00f3 C\u00e1mera.<\/p>\n<p>\u00abLa prevenci\u00f3n tiene que ver b\u00e1sicamente, como en el caso de todos los virus respiratorios, que\u00a0<strong>los lugares tienen que estar abiertos y aireados\u00a0<\/strong>y eventualmente, lo que tenga que ver con el contacto, es decir: limpiar todas las superficies porque por contacto uno se puede contagiar tambi\u00e9n, pero el sarampi\u00f3n es el ejemplo protot\u00edpico de la transmisi\u00f3n por v\u00eda a\u00e9rea ya que el virus aeroliza con mucha facilidad y puede quedar en un ambiente unas cuantas horas, por lo que si una persona ingresa puede contagiarse por el solo hecho de respirar. Eso ocurre en las aulas escolares donde, si los ni\u00f1os no est\u00e1n vacunados, se podr\u00edan infectar f\u00e1cilmente\u00bb, abund\u00f3.<\/p>\n<p><strong>Otra infect\u00f3loga, Gabriela Piovano,<\/strong>\u00a0rese\u00f1\u00f3 que \u00aben general, la poblaci\u00f3n en Argentina comparativamente a otros pa\u00edses tiene una protecci\u00f3n para el sarampi\u00f3n porque el calendario de vacunaci\u00f3n en Argentina incluye la anti-sarampionosa, y desde 1965 est\u00e1 inclu\u00edda la vacunaci\u00f3n, salvo los cinco a\u00f1os de gobierno de Macri donde, dentro de las vacunas que se encontraron varadas en la Aduana, estaban incluidas algunas dosis de anti-sarampionosa. Con lo cual, fue una situaci\u00f3n muy grave que se reflej\u00f3 en un brote de casos de sarampi\u00f3n\u00bb.<\/p>\n<p>\u00abEn ese sentido,\u00a0<strong>tienen riesgo de contraer la enfermedad quienes viajen al extranjero y no est\u00e9n vacunados.\u00a0<\/strong>Y el resto de la poblaci\u00f3n como ser mujeres embarazadas, ni\u00f1as y ni\u00f1os, personas mayores y los que tiene problemas inmunol\u00f3gicos tienen prioridad para la vacunaci\u00f3n\u00bb, a\u00f1adi\u00f3.<\/p>\n<p>\u00ab<strong>Si bien el virus de sarampi\u00f3n es mucho m\u00e1s transmisible que el coronavirus, tambi\u00e9n es cierto que la vacunaci\u00f3n es m\u00e1s efectiva\u00a0<\/strong>para evitar los casos y adem\u00e1s que en nuestro pa\u00eds la vacunaci\u00f3n anti-sarampionosa ya tiene muchos a\u00f1os.<\/p>\n<p>La prevenci\u00f3n tiene que ver con el aislamiento de los casos, el control de los contactos de los viajeros y m\u00e1s que nada con la vacunaci\u00f3n de las personas de riesgo\u00bb, concluy\u00f3.<\/p>\n<h2 class=\"\">Un llamado de atenci\u00f3n<\/h2>\n<p>El 23 de noviembre el Ministerio de Salud emiti\u00f3 una alerta por el \u00abriesgo de reintroducci\u00f3n\u00bb del sarampi\u00f3n en Argentina.\u00a0\u00abNo existe tratamiento espec\u00edfico para el sarampi\u00f3n, sin embargo, para la prevenci\u00f3n se dispone de una vacuna segura y eficaz en el Calendario Nacional de Vacunaci\u00f3n de Argentina\u00bb, se record\u00f3 entonces.<\/p>\n<p>Ante la notificaci\u00f3n del posible caso, e<strong>l Ministerio emiti\u00f3 un \u00abalerta epidemiol\u00f3gica\u00bb\u00a0<\/strong>e inst\u00f3 \u00aba los equipos de salud a intensificar la vigilancia epidemiol\u00f3gica de la enfermedad febril exantem\u00e1tica (EFE), la notificaci\u00f3n inmediata y la implementaci\u00f3n de acciones de control ante la detecci\u00f3n de casos sospechosos para evitar la reintroducci\u00f3n del virus al pa\u00eds\u00bb.<\/p>\n<p>Al personal de salud se le record\u00f3 que la definici\u00f3n de caso es de \u00abEnfermedad Febril Exantem\u00e1tica (EFE)\u00bb, es decir paciente con fiebre (temperatura axilar mayor a 38\u00baC) y exantema, o cualquier caso en que el profesional de la salud sospeche sarampi\u00f3n o rub\u00e9ola.<\/p>\n<blockquote class=\"\"><p>Todo caso sospechoso de EFE debe notificarse al Sistema Nacional de Vigilancia de la Salud dentro de las 24 horas de detectado sin esperar los resultados de laboratorio.<\/p><\/blockquote>\n<p><strong>En Argentina el \u00faltimo caso end\u00e9mico se registr\u00f3 en el 2000, y desde la eliminaci\u00f3n de la enfermedad hasta el 2018 se registraron 43 casos importados\u00a0<\/strong>y \u00abrelacionados con la importaci\u00f3n\u00bb.<\/p>\n<p>Entre 2019 y 2020 se confirmaron 199 casos de sarampi\u00f3n, 18 de ellos importados, 2 relacionados a la importaci\u00f3n y 179 de origen desconocido.<\/p>\n<p>Dado que el virus del sarampi\u00f3n contin\u00faa circulando en otros pa\u00edses de la regi\u00f3n, y ante la disminuci\u00f3n de las coberturas de vacunaci\u00f3n,\u00a0<strong>el Ministerio de Salud inst\u00f3 \u00aba sostener altas las coberturas de vacunaci\u00f3n con dos dosis<\/strong>\u00a0de vacuna contra el sarampi\u00f3n (doble o triple viral)\u00bb y solicit\u00f3 al sistema de salud \u00abarticular los protocolos para detecci\u00f3n precoz de la enfermedad a trav\u00e9s de un sistema de vigilancia sensible que evite la diseminaci\u00f3n\u00bb.<\/p>\n<p>Tambi\u00e9n record\u00f3 que\u00a0<strong>la vacuna con componente contra el sarampi\u00f3n en ocasi\u00f3n de un viaje debe ser aplicada por lo menos 15 d\u00edas antes de la salida.<\/strong><\/p>\n","protected":false},"excerpt":{"rendered":"<p>\u00abLa globalizaci\u00f3n y el aumento de la circulaci\u00f3n tan importante del sarampi\u00f3n en much\u00edsimos pa\u00edses del mundo, hizo que tuvi\u00e9ramos un caso importado, y a partir de ah\u00ed el riesgo de un brote\u00bb, advirti\u00f3 la ministra de Salud, a la vez que destac\u00f3 la efectividad de la vacuna. Vizzotti record\u00f3 que la vacuna contra el [&hellip;]<\/p>\n","protected":false},"author":3,"featured_media":0,"comment_status":"closed","ping_status":"closed","sticky":false,"template":"","format":"standard","meta":{"footnotes":""},"categories":[1],"tags":[],"class_list":["post-69885","post","type-post","status-publish","format-standard","hentry","category-sin-categoria"],"yoast_head":"<!-- This site is optimized with the Yoast SEO plugin v25.9 - https:\/\/yoast.com\/wordpress\/plugins\/seo\/ -->\n<title>Confirmaron en CABA un caso de sarampi\u00f3n importado desde Medio Oriente - Noticias Radio Reflejos<\/title>\n<meta name=\"robots\" content=\"index, follow, max-snippet:-1, max-image-preview:large, max-video-preview:-1\" \/>\n<link rel=\"canonical\" href=\"https:\/\/www.noticiasradioreflejos.com.ar\/2021\/confirmaron-en-caba-un-caso-de-sarampion-importado-desde-medio-oriente\/\" \/>\n<meta property=\"og:locale\" content=\"es_ES\" \/>\n<meta property=\"og:type\" content=\"article\" \/>\n<meta property=\"og:title\" content=\"Confirmaron en CABA un caso de sarampi\u00f3n importado desde Medio Oriente - Noticias Radio Reflejos\" \/>\n<meta property=\"og:description\" content=\"\u00abLa globalizaci\u00f3n y el aumento de la circulaci\u00f3n tan importante del sarampi\u00f3n en much\u00edsimos pa\u00edses del mundo, hizo que tuvi\u00e9ramos un caso importado, y a partir de ah\u00ed el riesgo de un brote\u00bb, advirti\u00f3 la ministra de Salud, a la vez que destac\u00f3 la efectividad de la vacuna. Vizzotti record\u00f3 que la vacuna contra el [&hellip;]\" \/>\n<meta property=\"og:url\" content=\"https:\/\/www.noticiasradioreflejos.com.ar\/2021\/confirmaron-en-caba-un-caso-de-sarampion-importado-desde-medio-oriente\/\" \/>\n<meta property=\"og:site_name\" content=\"Noticias Radio Reflejos\" \/>\n<meta property=\"article:published_time\" content=\"2022-03-29T13:10:26+00:00\" \/>\n<meta property=\"og:image\" content=\"https:\/\/www.telam.com.ar\/thumbs\/bluesteel\/advf\/imagenes\/2020\/02\/5e50659e02c51_900.jpg\" \/>\n<meta name=\"author\" content=\"Arnaldo Botto\" \/>\n<meta name=\"twitter:card\" content=\"summary_large_image\" \/>\n<script type=\"application\/ld+json\" class=\"yoast-schema-graph\">{\"@context\":\"https:\/\/schema.org\",\"@graph\":[{\"@type\":\"WebPage\",\"@id\":\"https:\/\/www.noticiasradioreflejos.com.ar\/2021\/confirmaron-en-caba-un-caso-de-sarampion-importado-desde-medio-oriente\/\",\"url\":\"https:\/\/www.noticiasradioreflejos.com.ar\/2021\/confirmaron-en-caba-un-caso-de-sarampion-importado-desde-medio-oriente\/\",\"name\":\"Confirmaron en CABA un caso de sarampi\u00f3n importado desde Medio Oriente - Noticias Radio Reflejos\",\"isPartOf\":{\"@id\":\"https:\/\/www.noticiasradioreflejos.com.ar\/2021\/#website\"},\"primaryImageOfPage\":{\"@id\":\"https:\/\/www.noticiasradioreflejos.com.ar\/2021\/confirmaron-en-caba-un-caso-de-sarampion-importado-desde-medio-oriente\/#primaryimage\"},\"image\":{\"@id\":\"https:\/\/www.noticiasradioreflejos.com.ar\/2021\/confirmaron-en-caba-un-caso-de-sarampion-importado-desde-medio-oriente\/#primaryimage\"},\"thumbnailUrl\":\"https:\/\/www.telam.com.ar\/thumbs\/bluesteel\/advf\/imagenes\/2020\/02\/5e50659e02c51_900.jpg\",\"datePublished\":\"2022-03-29T13:10:26+00:00\",\"author\":{\"@id\":\"https:\/\/www.noticiasradioreflejos.com.ar\/2021\/#\/schema\/person\/ad82545263dcc5ec0996818884fd5fb1\"},\"breadcrumb\":{\"@id\":\"https:\/\/www.noticiasradioreflejos.com.ar\/2021\/confirmaron-en-caba-un-caso-de-sarampion-importado-desde-medio-oriente\/#breadcrumb\"},\"inLanguage\":\"es\",\"potentialAction\":[{\"@type\":\"ReadAction\",\"target\":[\"https:\/\/www.noticiasradioreflejos.com.ar\/2021\/confirmaron-en-caba-un-caso-de-sarampion-importado-desde-medio-oriente\/\"]}]},{\"@type\":\"ImageObject\",\"inLanguage\":\"es\",\"@id\":\"https:\/\/www.noticiasradioreflejos.com.ar\/2021\/confirmaron-en-caba-un-caso-de-sarampion-importado-desde-medio-oriente\/#primaryimage\",\"url\":\"https:\/\/www.telam.com.ar\/thumbs\/bluesteel\/advf\/imagenes\/2020\/02\/5e50659e02c51_900.jpg\",\"contentUrl\":\"https:\/\/www.telam.com.ar\/thumbs\/bluesteel\/advf\/imagenes\/2020\/02\/5e50659e02c51_900.jpg\"},{\"@type\":\"BreadcrumbList\",\"@id\":\"https:\/\/www.noticiasradioreflejos.com.ar\/2021\/confirmaron-en-caba-un-caso-de-sarampion-importado-desde-medio-oriente\/#breadcrumb\",\"itemListElement\":[{\"@type\":\"ListItem\",\"position\":1,\"name\":\"Portada\",\"item\":\"https:\/\/www.noticiasradioreflejos.com.ar\/2021\/\"},{\"@type\":\"ListItem\",\"position\":2,\"name\":\"Confirmaron en CABA un caso de sarampi\u00f3n importado desde Medio Oriente\"}]},{\"@type\":\"WebSite\",\"@id\":\"https:\/\/www.noticiasradioreflejos.com.ar\/2021\/#website\",\"url\":\"https:\/\/www.noticiasradioreflejos.com.ar\/2021\/\",\"name\":\"Noticias Radio Reflejos\",\"description\":\"Las noticias de mi comarca\",\"potentialAction\":[{\"@type\":\"SearchAction\",\"target\":{\"@type\":\"EntryPoint\",\"urlTemplate\":\"https:\/\/www.noticiasradioreflejos.com.ar\/2021\/?s={search_term_string}\"},\"query-input\":{\"@type\":\"PropertyValueSpecification\",\"valueRequired\":true,\"valueName\":\"search_term_string\"}}],\"inLanguage\":\"es\"},{\"@type\":\"Person\",\"@id\":\"https:\/\/www.noticiasradioreflejos.com.ar\/2021\/#\/schema\/person\/ad82545263dcc5ec0996818884fd5fb1\",\"name\":\"Arnaldo Botto\",\"image\":{\"@type\":\"ImageObject\",\"inLanguage\":\"es\",\"@id\":\"https:\/\/www.noticiasradioreflejos.com.ar\/2021\/#\/schema\/person\/image\/\",\"url\":\"https:\/\/secure.gravatar.com\/avatar\/55cb5e37c1efa326397366e6974cb338056df65cb50e7d64d1cf314e87504837?s=96&d=mm&r=g\",\"contentUrl\":\"https:\/\/secure.gravatar.com\/avatar\/55cb5e37c1efa326397366e6974cb338056df65cb50e7d64d1cf314e87504837?s=96&d=mm&r=g\",\"caption\":\"Arnaldo Botto\"},\"url\":\"https:\/\/www.noticiasradioreflejos.com.ar\/2021\/author\/arnaldo\/\"}]}<\/script>\n<!-- \/ Yoast SEO plugin. -->","yoast_head_json":{"title":"Confirmaron en CABA un caso de sarampi\u00f3n importado desde Medio Oriente - Noticias Radio Reflejos","robots":{"index":"index","follow":"follow","max-snippet":"max-snippet:-1","max-image-preview":"max-image-preview:large","max-video-preview":"max-video-preview:-1"},"canonical":"https:\/\/www.noticiasradioreflejos.com.ar\/2021\/confirmaron-en-caba-un-caso-de-sarampion-importado-desde-medio-oriente\/","og_locale":"es_ES","og_type":"article","og_title":"Confirmaron en CABA un caso de sarampi\u00f3n importado desde Medio Oriente - Noticias Radio Reflejos","og_description":"\u00abLa globalizaci\u00f3n y el aumento de la circulaci\u00f3n tan importante del sarampi\u00f3n en much\u00edsimos pa\u00edses del mundo, hizo que tuvi\u00e9ramos un caso importado, y a partir de ah\u00ed el riesgo de un brote\u00bb, advirti\u00f3 la ministra de Salud, a la vez que destac\u00f3 la efectividad de la vacuna. Vizzotti record\u00f3 que la vacuna contra el [&hellip;]","og_url":"https:\/\/www.noticiasradioreflejos.com.ar\/2021\/confirmaron-en-caba-un-caso-de-sarampion-importado-desde-medio-oriente\/","og_site_name":"Noticias Radio Reflejos","article_published_time":"2022-03-29T13:10:26+00:00","og_image":[{"url":"https:\/\/www.telam.com.ar\/thumbs\/bluesteel\/advf\/imagenes\/2020\/02\/5e50659e02c51_900.jpg","type":"","width":"","height":""}],"author":"Arnaldo Botto","twitter_card":"summary_large_image","schema":{"@context":"https:\/\/schema.org","@graph":[{"@type":"WebPage","@id":"https:\/\/www.noticiasradioreflejos.com.ar\/2021\/confirmaron-en-caba-un-caso-de-sarampion-importado-desde-medio-oriente\/","url":"https:\/\/www.noticiasradioreflejos.com.ar\/2021\/confirmaron-en-caba-un-caso-de-sarampion-importado-desde-medio-oriente\/","name":"Confirmaron en CABA un caso de sarampi\u00f3n importado desde Medio Oriente - Noticias Radio Reflejos","isPartOf":{"@id":"https:\/\/www.noticiasradioreflejos.com.ar\/2021\/#website"},"primaryImageOfPage":{"@id":"https:\/\/www.noticiasradioreflejos.com.ar\/2021\/confirmaron-en-caba-un-caso-de-sarampion-importado-desde-medio-oriente\/#primaryimage"},"image":{"@id":"https:\/\/www.noticiasradioreflejos.com.ar\/2021\/confirmaron-en-caba-un-caso-de-sarampion-importado-desde-medio-oriente\/#primaryimage"},"thumbnailUrl":"https:\/\/www.telam.com.ar\/thumbs\/bluesteel\/advf\/imagenes\/2020\/02\/5e50659e02c51_900.jpg","datePublished":"2022-03-29T13:10:26+00:00","author":{"@id":"https:\/\/www.noticiasradioreflejos.com.ar\/2021\/#\/schema\/person\/ad82545263dcc5ec0996818884fd5fb1"},"breadcrumb":{"@id":"https:\/\/www.noticiasradioreflejos.com.ar\/2021\/confirmaron-en-caba-un-caso-de-sarampion-importado-desde-medio-oriente\/#breadcrumb"},"inLanguage":"es","potentialAction":[{"@type":"ReadAction","target":["https:\/\/www.noticiasradioreflejos.com.ar\/2021\/confirmaron-en-caba-un-caso-de-sarampion-importado-desde-medio-oriente\/"]}]},{"@type":"ImageObject","inLanguage":"es","@id":"https:\/\/www.noticiasradioreflejos.com.ar\/2021\/confirmaron-en-caba-un-caso-de-sarampion-importado-desde-medio-oriente\/#primaryimage","url":"https:\/\/www.telam.com.ar\/thumbs\/bluesteel\/advf\/imagenes\/2020\/02\/5e50659e02c51_900.jpg","contentUrl":"https:\/\/www.telam.com.ar\/thumbs\/bluesteel\/advf\/imagenes\/2020\/02\/5e50659e02c51_900.jpg"},{"@type":"BreadcrumbList","@id":"https:\/\/www.noticiasradioreflejos.com.ar\/2021\/confirmaron-en-caba-un-caso-de-sarampion-importado-desde-medio-oriente\/#breadcrumb","itemListElement":[{"@type":"ListItem","position":1,"name":"Portada","item":"https:\/\/www.noticiasradioreflejos.com.ar\/2021\/"},{"@type":"ListItem","position":2,"name":"Confirmaron en CABA un caso de sarampi\u00f3n importado desde Medio Oriente"}]},{"@type":"WebSite","@id":"https:\/\/www.noticiasradioreflejos.com.ar\/2021\/#website","url":"https:\/\/www.noticiasradioreflejos.com.ar\/2021\/","name":"Noticias Radio Reflejos","description":"Las noticias de mi comarca","potentialAction":[{"@type":"SearchAction","target":{"@type":"EntryPoint","urlTemplate":"https:\/\/www.noticiasradioreflejos.com.ar\/2021\/?s={search_term_string}"},"query-input":{"@type":"PropertyValueSpecification","valueRequired":true,"valueName":"search_term_string"}}],"inLanguage":"es"},{"@type":"Person","@id":"https:\/\/www.noticiasradioreflejos.com.ar\/2021\/#\/schema\/person\/ad82545263dcc5ec0996818884fd5fb1","name":"Arnaldo Botto","image":{"@type":"ImageObject","inLanguage":"es","@id":"https:\/\/www.noticiasradioreflejos.com.ar\/2021\/#\/schema\/person\/image\/","url":"https:\/\/secure.gravatar.com\/avatar\/55cb5e37c1efa326397366e6974cb338056df65cb50e7d64d1cf314e87504837?s=96&d=mm&r=g","contentUrl":"https:\/\/secure.gravatar.com\/avatar\/55cb5e37c1efa326397366e6974cb338056df65cb50e7d64d1cf314e87504837?s=96&d=mm&r=g","caption":"Arnaldo Botto"},"url":"https:\/\/www.noticiasradioreflejos.com.ar\/2021\/author\/arnaldo\/"}]}},"_links":{"self":[{"href":"https:\/\/www.noticiasradioreflejos.com.ar\/2021\/wp-json\/wp\/v2\/posts\/69885","targetHints":{"allow":["GET"]}}],"collection":[{"href":"https:\/\/www.noticiasradioreflejos.com.ar\/2021\/wp-json\/wp\/v2\/posts"}],"about":[{"href":"https:\/\/www.noticiasradioreflejos.com.ar\/2021\/wp-json\/wp\/v2\/types\/post"}],"author":[{"embeddable":true,"href":"https:\/\/www.noticiasradioreflejos.com.ar\/2021\/wp-json\/wp\/v2\/users\/3"}],"replies":[{"embeddable":true,"href":"https:\/\/www.noticiasradioreflejos.com.ar\/2021\/wp-json\/wp\/v2\/comments?post=69885"}],"version-history":[{"count":1,"href":"https:\/\/www.noticiasradioreflejos.com.ar\/2021\/wp-json\/wp\/v2\/posts\/69885\/revisions"}],"predecessor-version":[{"id":69887,"href":"https:\/\/www.noticiasradioreflejos.com.ar\/2021\/wp-json\/wp\/v2\/posts\/69885\/revisions\/69887"}],"wp:attachment":[{"href":"https:\/\/www.noticiasradioreflejos.com.ar\/2021\/wp-json\/wp\/v2\/media?parent=69885"}],"wp:term":[{"taxonomy":"category","embeddable":true,"href":"https:\/\/www.noticiasradioreflejos.com.ar\/2021\/wp-json\/wp\/v2\/categories?post=69885"},{"taxonomy":"post_tag","embeddable":true,"href":"https:\/\/www.noticiasradioreflejos.com.ar\/2021\/wp-json\/wp\/v2\/tags?post=69885"}],"curies":[{"name":"wp","href":"https:\/\/api.w.org\/{rel}","templated":true}]}}