{"id":69878,"date":"2022-03-29T11:43:38","date_gmt":"2022-03-29T11:43:38","guid":{"rendered":"http:\/\/www.noticiasradioreflejos.com.ar\/2021\/?p=69878"},"modified":"2022-03-29T11:43:38","modified_gmt":"2022-03-29T11:43:38","slug":"un-paro-de-la-fraternidad-afecta-a-todos-los-servicios-de-cargas-y-pasajeros","status":"publish","type":"post","link":"https:\/\/www.noticiasradioreflejos.com.ar\/2021\/un-paro-de-la-fraternidad-afecta-a-todos-los-servicios-de-cargas-y-pasajeros\/","title":{"rendered":"Un paro de La Fraternidad afecta a todos los servicios de cargas y pasajeros"},"content":{"rendered":"<p>La medida por 24 horas \u00aben defensa de la industria ferroviaria y los puestos de trabajo\u00bb fue ratificada por el secretario general del sindicato, Omar Maturano, quien denunci\u00f3 que la justicia y algunos intendentes atacan al sistema de transporte y ponen en peligro su viabilidad.<!--more--><\/p>\n<div>\n<div class=\"container-md\">\n<div class=\"row\">\n<div class=\"col-md-12 speak\">\n<div class=\"paragraph\">\n<figure class=\"mb-3\"><img decoding=\"async\" src=\"https:\/\/www.telam.com.ar\/thumbs\/bluesteel\/advf\/imagenes\/2020\/11\/5fbc1b7e53171_900.jpg\" alt=\"La Fraternidad sostiene que el sistema ferroviario est en peligro\" width=\"100%\" height=\"100%\" \/><\/p>\n<div class=\"media-icons\"><\/div><figcaption>La Fraternidad sostiene que el sistema ferroviario est\u00e1 en peligro.<\/figcaption><\/figure>\n<p>El sindicato ferroviario de\u00a0<strong>La Fraternidad inici\u00f3 desde la medianoche un paro de actividades por 24 horas<\/strong>\u00a0que mantiene paralizado los servicios de\u00a0<strong>trenes de cargas y de pasajeros en todo el pa\u00eds<\/strong>, seg\u00fan inform\u00f3 la organizaci\u00f3n gremial a trav\u00e9s de un comunicado.<\/p>\n<p>Este martes se registraban en las principales estaciones de trenes del Gran Buenos Aires\u00a0<strong>largas filas en las paradas de los colectivos<\/strong>\u00a0por parte de los usuarios habituales del servicio ferroviario que intentaba llegar por ese medio de transporte a sus lugares de trabajo.<\/p>\n<blockquote class=\"twitter-tweet\" data-width=\"500\" data-dnt=\"true\">\n<p lang=\"es\" dir=\"ltr\">La <a href=\"https:\/\/twitter.com\/hashtag\/Fraternidad?src=hash&amp;ref_src=twsrc%5Etfw\">#Fraternidad<\/a> ratifica el <a href=\"https:\/\/twitter.com\/hashtag\/parodetrenes?src=hash&amp;ref_src=twsrc%5Etfw\">#parodetrenes<\/a> por 24 horas para el d\u00eda de ma\u00f1ana, martes 29 de marzo. <a href=\"https:\/\/twitter.com\/hashtag\/LaFraternidad?src=hash&amp;ref_src=twsrc%5Etfw\">#LaFraternidad<\/a> <a href=\"https:\/\/t.co\/JhoNfB8Bwn\">pic.twitter.com\/JhoNfB8Bwn<\/a><\/p>\n<p>&mdash; La Fraternidad (@FraternidadArg) <a href=\"https:\/\/twitter.com\/FraternidadArg\/status\/1508493380304752644?ref_src=twsrc%5Etfw\">March 28, 2022<\/a><\/p><\/blockquote>\n<p><script async src=\"https:\/\/platform.twitter.com\/widgets.js\" charset=\"utf-8\"><\/script><\/p>\n<p>El secretario general de la entidad sindical,\u00a0<strong>Omar Maturano, ratific\u00f3 este lunes el paro \u00aben defensa de la industria ferroviaria y los puestos de trabajo\u00bb<\/strong>, lo que esta ma\u00f1ana afectaba a todos los servicios de pasajeros y de cargas.<\/p>\n<p>La acci\u00f3n de protesta hab\u00eda sido dispuesta el 21 de este mes por el Secretariado Nacional del gremio, y fue ratificada este lunes por la noche por Maturano para todas las formaciones de pasajeros y cargas.<\/p>\n<blockquote class=\"\"><p>\u00abEl ferrocarril est\u00e1 siendo atacado y, prueba de ello, es lo que ocurri\u00f3 durante el asfaltado de v\u00edas ante la negativa de algunos intendentes a que los servicios se detengan en sus localidades, como ocurre en Chascom\u00fas<cite class=\"author\">Omar Maturano<\/cite><\/p><\/blockquote>\n<p>\u00abLa Fraternidad no duda en defender a la industria ferroviaria y los puestos de trabajo, vulnerados por la decisi\u00f3n judicial de suspender los servicios entre Buenos Aires y Bah\u00eda Blanca por un descarrilamiento. La organizaci\u00f3n sindical tambi\u00e9n ratifica el estado de alerta y movilizaci\u00f3n\u00bb, enfatiz\u00f3 el dirigente, quien adelant\u00f3 que continuar\u00e1n los paros y el quite de colaboraci\u00f3n en la actividad.<\/p>\n<p>Maturano sostuvo en un video y en un documento de prensa que la industria ferroviaria \u00abes de forma permanente atacada, en este caso por la justicia\u00bb, y a\u00f1adi\u00f3 que el gremio tambi\u00e9n rechaza \u00ablas irregularidades producidas en la compra fantasma de pasajes en servicios de la actividad, que agotan las disponibilidades y transfieren pasajeros al sector del autotransporte\u00bb.<\/p>\n<figure class=\"mb-3\"><img decoding=\"async\" src=\"https:\/\/www.telam.com.ar\/thumbs\/bluesteel\/advf\/imagenes\/2020\/08\/5f28b0a5c39b7_900.jpg\" alt=\"Desde la madrugada se generaron largas colas en las paradas de colectivos\" width=\"100%\" height=\"100%\" \/><\/p>\n<div class=\"media-icons\"><\/div><figcaption>Desde la madrugada se generaron largas colas en las paradas de colectivos.<\/figcaption><\/figure>\n<p>\u00abEl ferrocarril est\u00e1 siendo atacado y, prueba de ello, es lo que ocurri\u00f3 durante el asfaltado de v\u00edas ante la negativa de algunos intendentes a que los servicios se detengan en sus localidades, como ocurre en Chascom\u00fas, por ejemplo\u00bb, afirm\u00f3.<\/p>\n<p>El malestar tambi\u00e9n se relaciona con \u00ablas conductas de algunos gobiernos provinciales que, violentando la ley, se adue\u00f1an de territorios ferroviarios propiedad de la Naci\u00f3n y utilizan terrenos para variados fines y no para construir viviendas para el personal, que no tiene casa propia en un 60 por ciento\u00bb, dijo.<\/p>\n<figure class=\"mb-3\"><img decoding=\"async\" src=\"https:\/\/www.telam.com.ar\/thumbs\/bluesteel\/advf\/imagenes\/2020\/12\/5fe1d8b3881b4_900.jpg\" alt=\"Omar Maturano ratific el paro de La Fraternidad \" width=\"100%\" height=\"100%\" \/><\/p>\n<div class=\"media-icons\"><\/div><figcaption>Omar Maturano ratific\u00f3 el paro de La Fraternidad.<\/figcaption><\/figure>\n<p>\u00abAlgunas comunas de forma irregular asfaltaron v\u00edas en los pasos a nivel, lo que impide que los trenes paren en las estaciones de esas localidades. Existe una embestida contra la actividad. A ello se suma la compra fantasma de pasajes, lo que agota las comodidades para derivar pasajeros al autotransporte\u00bb, denunci\u00f3.<\/p>\n<p>Maturano embisti\u00f3 contra la decisi\u00f3n de algunos jueces, que prohibieron \u00abla circulaci\u00f3n ferroviaria entre Buenos Aires y Bah\u00eda Blanca, lo que beneficia a empresas automotoras que reaparecieron en el mercado a partir de medidas tendenciosas que golpean al tren, en un contexto nacional en el que fallecen m\u00e1s de 5 mil personas en accidentes de tr\u00e1nsito carretero\u00bb, enfatiz\u00f3 el sindicalista.<\/p>\n<blockquote class=\"\"><p>\u00abLa clausura de servicios ferroviarios en ausencia de pericias t\u00e9cnicas previas afecta de forma econ\u00f3mica a los sectores populares, que utilizan el ferrocarril por sus tarifas sociales\u00bb<cite class=\"author\">Omar Maturano<\/cite><\/p><\/blockquote>\n<p>Para Maturano, \u00abla clausura de servicios ferroviarios en ausencia de pericias t\u00e9cnicas previas afecta de forma econ\u00f3mica a los sectores populares, que utilizan el ferrocarril por sus tarifas sociales\u00bb, y asegur\u00f3 que a fin de preservar la seguridad \u00abla justicia debe exigir a las empresas la reparaci\u00f3n de infraestructura y material tractivo y rodante, ajustando a derecho la responsabilidad patronal\u00bb.<\/p>\n<p>La justicia \u00abopt\u00f3 por lo m\u00e1s f\u00e1cil, es decir, una resoluci\u00f3n contraria al sistema ferroviario\u00bb, dijo Maturano, quien sostuvo que \u00abllama la atenci\u00f3n que los organismos de control no funcionen a partir de la inexistencia de una Ley Federal de Transporte, que La Fraternidad pregona desde hace m\u00e1s de 15 a\u00f1os\u00bb.<\/p>\n<\/div>\n<\/div>\n<\/div>\n<\/div>\n<\/div>\n","protected":false},"excerpt":{"rendered":"<p>La medida por 24 horas \u00aben defensa de la industria ferroviaria y los puestos de trabajo\u00bb fue ratificada por el secretario general del sindicato, Omar Maturano, quien denunci\u00f3 que la justicia y algunos intendentes atacan al sistema de transporte y ponen en peligro su viabilidad.<\/p>\n","protected":false},"author":3,"featured_media":0,"comment_status":"closed","ping_status":"closed","sticky":false,"template":"","format":"standard","meta":{"footnotes":""},"categories":[26],"tags":[],"class_list":["post-69878","post","type-post","status-publish","format-standard","hentry","category-sociedad"],"yoast_head":"<!-- This site is optimized with the Yoast SEO plugin v25.9 - https:\/\/yoast.com\/wordpress\/plugins\/seo\/ -->\n<title>Un paro de La Fraternidad afecta a todos los servicios de cargas y pasajeros - Noticias Radio Reflejos<\/title>\n<meta name=\"robots\" content=\"index, follow, max-snippet:-1, max-image-preview:large, max-video-preview:-1\" \/>\n<link rel=\"canonical\" href=\"https:\/\/www.noticiasradioreflejos.com.ar\/2021\/un-paro-de-la-fraternidad-afecta-a-todos-los-servicios-de-cargas-y-pasajeros\/\" \/>\n<meta property=\"og:locale\" content=\"es_ES\" \/>\n<meta property=\"og:type\" content=\"article\" \/>\n<meta property=\"og:title\" content=\"Un paro de La Fraternidad afecta a todos los servicios de cargas y pasajeros - Noticias Radio Reflejos\" \/>\n<meta property=\"og:description\" content=\"La medida por 24 horas \u00aben defensa de la industria ferroviaria y los puestos de trabajo\u00bb fue ratificada por el secretario general del sindicato, Omar Maturano, quien denunci\u00f3 que la justicia y algunos intendentes atacan al sistema de transporte y ponen en peligro su viabilidad.\" \/>\n<meta property=\"og:url\" content=\"https:\/\/www.noticiasradioreflejos.com.ar\/2021\/un-paro-de-la-fraternidad-afecta-a-todos-los-servicios-de-cargas-y-pasajeros\/\" \/>\n<meta property=\"og:site_name\" content=\"Noticias Radio Reflejos\" \/>\n<meta property=\"article:published_time\" content=\"2022-03-29T11:43:38+00:00\" \/>\n<meta property=\"og:image\" content=\"https:\/\/www.telam.com.ar\/thumbs\/bluesteel\/advf\/imagenes\/2020\/11\/5fbc1b7e53171_900.jpg\" \/>\n<meta name=\"author\" content=\"Arnaldo Botto\" \/>\n<meta name=\"twitter:card\" content=\"summary_large_image\" \/>\n<script type=\"application\/ld+json\" class=\"yoast-schema-graph\">{\"@context\":\"https:\/\/schema.org\",\"@graph\":[{\"@type\":\"WebPage\",\"@id\":\"https:\/\/www.noticiasradioreflejos.com.ar\/2021\/un-paro-de-la-fraternidad-afecta-a-todos-los-servicios-de-cargas-y-pasajeros\/\",\"url\":\"https:\/\/www.noticiasradioreflejos.com.ar\/2021\/un-paro-de-la-fraternidad-afecta-a-todos-los-servicios-de-cargas-y-pasajeros\/\",\"name\":\"Un paro de La Fraternidad afecta a todos los servicios de cargas y pasajeros - Noticias Radio Reflejos\",\"isPartOf\":{\"@id\":\"https:\/\/www.noticiasradioreflejos.com.ar\/2021\/#website\"},\"primaryImageOfPage\":{\"@id\":\"https:\/\/www.noticiasradioreflejos.com.ar\/2021\/un-paro-de-la-fraternidad-afecta-a-todos-los-servicios-de-cargas-y-pasajeros\/#primaryimage\"},\"image\":{\"@id\":\"https:\/\/www.noticiasradioreflejos.com.ar\/2021\/un-paro-de-la-fraternidad-afecta-a-todos-los-servicios-de-cargas-y-pasajeros\/#primaryimage\"},\"thumbnailUrl\":\"https:\/\/www.telam.com.ar\/thumbs\/bluesteel\/advf\/imagenes\/2020\/11\/5fbc1b7e53171_900.jpg\",\"datePublished\":\"2022-03-29T11:43:38+00:00\",\"author\":{\"@id\":\"https:\/\/www.noticiasradioreflejos.com.ar\/2021\/#\/schema\/person\/ad82545263dcc5ec0996818884fd5fb1\"},\"breadcrumb\":{\"@id\":\"https:\/\/www.noticiasradioreflejos.com.ar\/2021\/un-paro-de-la-fraternidad-afecta-a-todos-los-servicios-de-cargas-y-pasajeros\/#breadcrumb\"},\"inLanguage\":\"es\",\"potentialAction\":[{\"@type\":\"ReadAction\",\"target\":[\"https:\/\/www.noticiasradioreflejos.com.ar\/2021\/un-paro-de-la-fraternidad-afecta-a-todos-los-servicios-de-cargas-y-pasajeros\/\"]}]},{\"@type\":\"ImageObject\",\"inLanguage\":\"es\",\"@id\":\"https:\/\/www.noticiasradioreflejos.com.ar\/2021\/un-paro-de-la-fraternidad-afecta-a-todos-los-servicios-de-cargas-y-pasajeros\/#primaryimage\",\"url\":\"https:\/\/www.telam.com.ar\/thumbs\/bluesteel\/advf\/imagenes\/2020\/11\/5fbc1b7e53171_900.jpg\",\"contentUrl\":\"https:\/\/www.telam.com.ar\/thumbs\/bluesteel\/advf\/imagenes\/2020\/11\/5fbc1b7e53171_900.jpg\"},{\"@type\":\"BreadcrumbList\",\"@id\":\"https:\/\/www.noticiasradioreflejos.com.ar\/2021\/un-paro-de-la-fraternidad-afecta-a-todos-los-servicios-de-cargas-y-pasajeros\/#breadcrumb\",\"itemListElement\":[{\"@type\":\"ListItem\",\"position\":1,\"name\":\"Portada\",\"item\":\"https:\/\/www.noticiasradioreflejos.com.ar\/2021\/\"},{\"@type\":\"ListItem\",\"position\":2,\"name\":\"Un paro de La Fraternidad afecta a todos los servicios de cargas y pasajeros\"}]},{\"@type\":\"WebSite\",\"@id\":\"https:\/\/www.noticiasradioreflejos.com.ar\/2021\/#website\",\"url\":\"https:\/\/www.noticiasradioreflejos.com.ar\/2021\/\",\"name\":\"Noticias Radio Reflejos\",\"description\":\"Las noticias de mi comarca\",\"potentialAction\":[{\"@type\":\"SearchAction\",\"target\":{\"@type\":\"EntryPoint\",\"urlTemplate\":\"https:\/\/www.noticiasradioreflejos.com.ar\/2021\/?s={search_term_string}\"},\"query-input\":{\"@type\":\"PropertyValueSpecification\",\"valueRequired\":true,\"valueName\":\"search_term_string\"}}],\"inLanguage\":\"es\"},{\"@type\":\"Person\",\"@id\":\"https:\/\/www.noticiasradioreflejos.com.ar\/2021\/#\/schema\/person\/ad82545263dcc5ec0996818884fd5fb1\",\"name\":\"Arnaldo Botto\",\"image\":{\"@type\":\"ImageObject\",\"inLanguage\":\"es\",\"@id\":\"https:\/\/www.noticiasradioreflejos.com.ar\/2021\/#\/schema\/person\/image\/\",\"url\":\"https:\/\/secure.gravatar.com\/avatar\/55cb5e37c1efa326397366e6974cb338056df65cb50e7d64d1cf314e87504837?s=96&d=mm&r=g\",\"contentUrl\":\"https:\/\/secure.gravatar.com\/avatar\/55cb5e37c1efa326397366e6974cb338056df65cb50e7d64d1cf314e87504837?s=96&d=mm&r=g\",\"caption\":\"Arnaldo Botto\"},\"url\":\"https:\/\/www.noticiasradioreflejos.com.ar\/2021\/author\/arnaldo\/\"}]}<\/script>\n<!-- \/ Yoast SEO plugin. -->","yoast_head_json":{"title":"Un paro de La Fraternidad afecta a todos los servicios de cargas y pasajeros - Noticias Radio Reflejos","robots":{"index":"index","follow":"follow","max-snippet":"max-snippet:-1","max-image-preview":"max-image-preview:large","max-video-preview":"max-video-preview:-1"},"canonical":"https:\/\/www.noticiasradioreflejos.com.ar\/2021\/un-paro-de-la-fraternidad-afecta-a-todos-los-servicios-de-cargas-y-pasajeros\/","og_locale":"es_ES","og_type":"article","og_title":"Un paro de La Fraternidad afecta a todos los servicios de cargas y pasajeros - Noticias Radio Reflejos","og_description":"La medida por 24 horas \u00aben defensa de la industria ferroviaria y los puestos de trabajo\u00bb fue ratificada por el secretario general del sindicato, Omar Maturano, quien denunci\u00f3 que la justicia y algunos intendentes atacan al sistema de transporte y ponen en peligro su viabilidad.","og_url":"https:\/\/www.noticiasradioreflejos.com.ar\/2021\/un-paro-de-la-fraternidad-afecta-a-todos-los-servicios-de-cargas-y-pasajeros\/","og_site_name":"Noticias Radio Reflejos","article_published_time":"2022-03-29T11:43:38+00:00","og_image":[{"url":"https:\/\/www.telam.com.ar\/thumbs\/bluesteel\/advf\/imagenes\/2020\/11\/5fbc1b7e53171_900.jpg","type":"","width":"","height":""}],"author":"Arnaldo Botto","twitter_card":"summary_large_image","schema":{"@context":"https:\/\/schema.org","@graph":[{"@type":"WebPage","@id":"https:\/\/www.noticiasradioreflejos.com.ar\/2021\/un-paro-de-la-fraternidad-afecta-a-todos-los-servicios-de-cargas-y-pasajeros\/","url":"https:\/\/www.noticiasradioreflejos.com.ar\/2021\/un-paro-de-la-fraternidad-afecta-a-todos-los-servicios-de-cargas-y-pasajeros\/","name":"Un paro de La Fraternidad afecta a todos los servicios de cargas y pasajeros - Noticias Radio Reflejos","isPartOf":{"@id":"https:\/\/www.noticiasradioreflejos.com.ar\/2021\/#website"},"primaryImageOfPage":{"@id":"https:\/\/www.noticiasradioreflejos.com.ar\/2021\/un-paro-de-la-fraternidad-afecta-a-todos-los-servicios-de-cargas-y-pasajeros\/#primaryimage"},"image":{"@id":"https:\/\/www.noticiasradioreflejos.com.ar\/2021\/un-paro-de-la-fraternidad-afecta-a-todos-los-servicios-de-cargas-y-pasajeros\/#primaryimage"},"thumbnailUrl":"https:\/\/www.telam.com.ar\/thumbs\/bluesteel\/advf\/imagenes\/2020\/11\/5fbc1b7e53171_900.jpg","datePublished":"2022-03-29T11:43:38+00:00","author":{"@id":"https:\/\/www.noticiasradioreflejos.com.ar\/2021\/#\/schema\/person\/ad82545263dcc5ec0996818884fd5fb1"},"breadcrumb":{"@id":"https:\/\/www.noticiasradioreflejos.com.ar\/2021\/un-paro-de-la-fraternidad-afecta-a-todos-los-servicios-de-cargas-y-pasajeros\/#breadcrumb"},"inLanguage":"es","potentialAction":[{"@type":"ReadAction","target":["https:\/\/www.noticiasradioreflejos.com.ar\/2021\/un-paro-de-la-fraternidad-afecta-a-todos-los-servicios-de-cargas-y-pasajeros\/"]}]},{"@type":"ImageObject","inLanguage":"es","@id":"https:\/\/www.noticiasradioreflejos.com.ar\/2021\/un-paro-de-la-fraternidad-afecta-a-todos-los-servicios-de-cargas-y-pasajeros\/#primaryimage","url":"https:\/\/www.telam.com.ar\/thumbs\/bluesteel\/advf\/imagenes\/2020\/11\/5fbc1b7e53171_900.jpg","contentUrl":"https:\/\/www.telam.com.ar\/thumbs\/bluesteel\/advf\/imagenes\/2020\/11\/5fbc1b7e53171_900.jpg"},{"@type":"BreadcrumbList","@id":"https:\/\/www.noticiasradioreflejos.com.ar\/2021\/un-paro-de-la-fraternidad-afecta-a-todos-los-servicios-de-cargas-y-pasajeros\/#breadcrumb","itemListElement":[{"@type":"ListItem","position":1,"name":"Portada","item":"https:\/\/www.noticiasradioreflejos.com.ar\/2021\/"},{"@type":"ListItem","position":2,"name":"Un paro de La Fraternidad afecta a todos los servicios de cargas y pasajeros"}]},{"@type":"WebSite","@id":"https:\/\/www.noticiasradioreflejos.com.ar\/2021\/#website","url":"https:\/\/www.noticiasradioreflejos.com.ar\/2021\/","name":"Noticias Radio Reflejos","description":"Las noticias de mi comarca","potentialAction":[{"@type":"SearchAction","target":{"@type":"EntryPoint","urlTemplate":"https:\/\/www.noticiasradioreflejos.com.ar\/2021\/?s={search_term_string}"},"query-input":{"@type":"PropertyValueSpecification","valueRequired":true,"valueName":"search_term_string"}}],"inLanguage":"es"},{"@type":"Person","@id":"https:\/\/www.noticiasradioreflejos.com.ar\/2021\/#\/schema\/person\/ad82545263dcc5ec0996818884fd5fb1","name":"Arnaldo Botto","image":{"@type":"ImageObject","inLanguage":"es","@id":"https:\/\/www.noticiasradioreflejos.com.ar\/2021\/#\/schema\/person\/image\/","url":"https:\/\/secure.gravatar.com\/avatar\/55cb5e37c1efa326397366e6974cb338056df65cb50e7d64d1cf314e87504837?s=96&d=mm&r=g","contentUrl":"https:\/\/secure.gravatar.com\/avatar\/55cb5e37c1efa326397366e6974cb338056df65cb50e7d64d1cf314e87504837?s=96&d=mm&r=g","caption":"Arnaldo Botto"},"url":"https:\/\/www.noticiasradioreflejos.com.ar\/2021\/author\/arnaldo\/"}]}},"_links":{"self":[{"href":"https:\/\/www.noticiasradioreflejos.com.ar\/2021\/wp-json\/wp\/v2\/posts\/69878","targetHints":{"allow":["GET"]}}],"collection":[{"href":"https:\/\/www.noticiasradioreflejos.com.ar\/2021\/wp-json\/wp\/v2\/posts"}],"about":[{"href":"https:\/\/www.noticiasradioreflejos.com.ar\/2021\/wp-json\/wp\/v2\/types\/post"}],"author":[{"embeddable":true,"href":"https:\/\/www.noticiasradioreflejos.com.ar\/2021\/wp-json\/wp\/v2\/users\/3"}],"replies":[{"embeddable":true,"href":"https:\/\/www.noticiasradioreflejos.com.ar\/2021\/wp-json\/wp\/v2\/comments?post=69878"}],"version-history":[{"count":1,"href":"https:\/\/www.noticiasradioreflejos.com.ar\/2021\/wp-json\/wp\/v2\/posts\/69878\/revisions"}],"predecessor-version":[{"id":69880,"href":"https:\/\/www.noticiasradioreflejos.com.ar\/2021\/wp-json\/wp\/v2\/posts\/69878\/revisions\/69880"}],"wp:attachment":[{"href":"https:\/\/www.noticiasradioreflejos.com.ar\/2021\/wp-json\/wp\/v2\/media?parent=69878"}],"wp:term":[{"taxonomy":"category","embeddable":true,"href":"https:\/\/www.noticiasradioreflejos.com.ar\/2021\/wp-json\/wp\/v2\/categories?post=69878"},{"taxonomy":"post_tag","embeddable":true,"href":"https:\/\/www.noticiasradioreflejos.com.ar\/2021\/wp-json\/wp\/v2\/tags?post=69878"}],"curies":[{"name":"wp","href":"https:\/\/api.w.org\/{rel}","templated":true}]}}