{"id":69875,"date":"2022-03-29T11:39:47","date_gmt":"2022-03-29T11:39:47","guid":{"rendered":"http:\/\/www.noticiasradioreflejos.com.ar\/2021\/?p=69875"},"modified":"2022-03-29T11:39:47","modified_gmt":"2022-03-29T11:39:47","slug":"argentina-visita-a-ecuador-en-busca-del-invicto-historico","status":"publish","type":"post","link":"https:\/\/www.noticiasradioreflejos.com.ar\/2021\/argentina-visita-a-ecuador-en-busca-del-invicto-historico\/","title":{"rendered":"Argentina visita a Ecuador en busca del invicto hist\u00f3rico"},"content":{"rendered":"<p>La \u00abScaloneta\u00bb intentar\u00e1 alcanzar la marca hist\u00f3rica establecida por la Selecci\u00f3n del Alfio Basile de 31 partidos sin perder. El partido se jugar\u00e1 desde las 20.30 con arbitraje del brasile\u00f1o Raphael Claus y transmisi\u00f3n de la TV P\u00fablica y TyC Sports.<!--more--><\/p>\n<div>\n<div class=\"wrapper-editable-content\">\n<div>\n<div class=\"container-md\">\n<div class=\"row\">\n<div class=\"col-md-12 speak\">\n<div class=\"paragraph\">\n<figure class=\"mb-3\"><img decoding=\"async\" src=\"https:\/\/www.telam.com.ar\/thumbs\/bluesteel\/advf\/imagenes\/2022\/03\/6242d5e13e6e9_900.jpg\" alt=\"Con Lionel Messi la Seleccin buscar alcanzar una marca histrica \" width=\"100%\" height=\"100%\" \/><\/figure>\n<\/div>\n<\/div>\n<\/div>\n<\/div>\n<\/div>\n<\/div>\n<\/div>\n<div class=\"media-icons\"><\/div>\n<p>Con Lionel Messi, la Selecci\u00f3n buscar\u00e1 alcanzar una marca hist\u00f3rica.<\/p>\n<p><strong>El seleccionado de f\u00fatbol de la Argentina<\/strong>\u00a0asumir\u00e1 hoy\u00a0<strong>ante Ecuador<\/strong>\u00a0en Guayaquil su \u00faltimo compromiso por las\u00a0<strong>Eliminatorias Sudamericanas para el Mundial Qatar 2022<\/strong>, con el objetivo de igualar el mejor registro invicto de su historia: 31 partidos.<\/p>\n<p>El encuentro entre equipos clasificados para la m\u00e1xima competencia de la FIFA se disputar\u00e1 desde las 20.30 en simult\u00e1neo con los otros cuatro de la 18va. fecha, ser\u00e1 arbitrado por el brasile\u00f1o Raphael Claus y transmitido por la TV P\u00fablica y TyC Sports.<\/p>\n<p>Con aforo habilitado al 100%, el escenario ser\u00e1 el Estadio Municipal Banco Pichincha del club Barcelona, un reducto de buenos recuerdos para f\u00fatbol argentino porque fue el lugar de la consagraci\u00f3n en la Copa Am\u00e9rica &#8217;93, durante el primero de los dos ciclos de Alfio Basile.<\/p>\n<p>Justamente all\u00ed,\u00a0<strong>la \u00abScaloneta\u00bb tendr\u00e1 la posibilidad de alcanzar una marca hist\u00f3rica establecida por la Selecci\u00f3n del \u00abCoco\u00bb en aquellos tiempos: 31 partidos sin perder<\/strong>, serie que comenz\u00f3 a construir el 2 de julio de 2019 despu\u00e9s de caer ante Brasil (0-2) en Belo Horizonte por las semifinales de la Copa Am\u00e9rica.<\/p>\n<p>En ese recorrido, la \u00abAlbiceleste\u00bb capitaneada por Lionel Messi obtuvo la Copa Am\u00e9rica Brasil 2021 y termin\u00f3 con una sequ\u00eda de 28 a\u00f1os, que se extend\u00eda desde la coronaci\u00f3n en Guayaquil con el equipo que, entre otros, integraban Sergio Goycochea, Oscar Ruggeri, Fernando Redondo, Diego Simeone y Gabriel Batistuta.<\/p>\n<p>Argentina gole\u00f3 a Venezuela (3-0) el pasado viernes en la despedida ante el p\u00fablico argentino antes del Mundial y qued\u00f3 en el umbral del mayor invicto de su historia, lo que se manifiesta como un s\u00edntoma de su plet\u00f3rica actualidad.<\/p>\n<p>Ecuador se prepara para una fiesta a estadio lleno despu\u00e9s de asegurar su clasificaci\u00f3n el jueves pasado pese a la derrota que sufri\u00f3 ante Paraguay (3-1) en Asunci\u00f3n.<\/p>\n<p>La \u00abTri\u00bb, de la mano del argentino Gustavo Alfaro, jugar\u00e1 el Mundial por cuarta vez, tras dar el presente en Corea-Jap\u00f3n 2002, Alemania 2006 y Brasil 2014.<\/p>\n<p><strong>Probables formaciones<\/strong><\/p>\n<p><strong>Ecuador<\/strong>: Hern\u00e1n Gal\u00edndez; Byron Castillo, Piero Hincapi\u00e9, Robert Arboleda y Pelvis Estupi\u00f1\u00e1n; Carlos Grueso y Mois\u00e9s Caicedo; Alan Franco, Gonzalo Plata y Romario Ibarra; Michael Estrada. DT: Gustavo Alfaro.<\/p>\n<p><strong>Argentina<\/strong>: Juan Musso; Gonzalo Montiel, Germ\u00e1n Pezzella o Lucas Mart\u00ednez Quarta, Nicol\u00e1s Otamendi y Nicol\u00e1s Tagliafico; Rodrigo De Paul, Guido Rodr\u00edguez y Exequiel Palacios o Alexis Mac Allister; Lionel Messi, Juli\u00e1n \u00c1lvarez y Lucas Ocampos. DT: Lionel Scaloni.<\/p>\n<p><strong>\u00c1rbitro<\/strong>: Raphael Claus (Brasil).<\/p>\n<p><strong>Cancha<\/strong>: Municipal Banco Pichincha (Guayaquil).<\/p>\n<p><strong>Hora de inicio<\/strong>: 20.30.<\/p>\n<p><strong>TV: TV P\u00fablica y TyC Sports<\/strong>.<\/p>\n","protected":false},"excerpt":{"rendered":"<p>La \u00abScaloneta\u00bb intentar\u00e1 alcanzar la marca hist\u00f3rica establecida por la Selecci\u00f3n del Alfio Basile de 31 partidos sin perder. El partido se jugar\u00e1 desde las 20.30 con arbitraje del brasile\u00f1o Raphael Claus y transmisi\u00f3n de la TV P\u00fablica y TyC Sports.<\/p>\n","protected":false},"author":3,"featured_media":0,"comment_status":"closed","ping_status":"closed","sticky":false,"template":"","format":"standard","meta":{"footnotes":""},"categories":[27],"tags":[],"class_list":["post-69875","post","type-post","status-publish","format-standard","hentry","category-deportes"],"yoast_head":"<!-- This site is optimized with the Yoast SEO plugin v25.9 - https:\/\/yoast.com\/wordpress\/plugins\/seo\/ -->\n<title>Argentina visita a Ecuador en busca del invicto hist\u00f3rico - Noticias Radio Reflejos<\/title>\n<meta name=\"robots\" content=\"index, follow, max-snippet:-1, max-image-preview:large, max-video-preview:-1\" \/>\n<link rel=\"canonical\" href=\"https:\/\/www.noticiasradioreflejos.com.ar\/2021\/argentina-visita-a-ecuador-en-busca-del-invicto-historico\/\" \/>\n<meta property=\"og:locale\" content=\"es_ES\" \/>\n<meta property=\"og:type\" content=\"article\" \/>\n<meta property=\"og:title\" content=\"Argentina visita a Ecuador en busca del invicto hist\u00f3rico - Noticias Radio Reflejos\" \/>\n<meta property=\"og:description\" content=\"La \u00abScaloneta\u00bb intentar\u00e1 alcanzar la marca hist\u00f3rica establecida por la Selecci\u00f3n del Alfio Basile de 31 partidos sin perder. El partido se jugar\u00e1 desde las 20.30 con arbitraje del brasile\u00f1o Raphael Claus y transmisi\u00f3n de la TV P\u00fablica y TyC Sports.\" \/>\n<meta property=\"og:url\" content=\"https:\/\/www.noticiasradioreflejos.com.ar\/2021\/argentina-visita-a-ecuador-en-busca-del-invicto-historico\/\" \/>\n<meta property=\"og:site_name\" content=\"Noticias Radio Reflejos\" \/>\n<meta property=\"article:published_time\" content=\"2022-03-29T11:39:47+00:00\" \/>\n<meta property=\"og:image\" content=\"https:\/\/www.telam.com.ar\/thumbs\/bluesteel\/advf\/imagenes\/2022\/03\/6242d5e13e6e9_900.jpg\" \/>\n<meta name=\"author\" content=\"Arnaldo Botto\" \/>\n<meta name=\"twitter:card\" content=\"summary_large_image\" \/>\n<script type=\"application\/ld+json\" class=\"yoast-schema-graph\">{\"@context\":\"https:\/\/schema.org\",\"@graph\":[{\"@type\":\"WebPage\",\"@id\":\"https:\/\/www.noticiasradioreflejos.com.ar\/2021\/argentina-visita-a-ecuador-en-busca-del-invicto-historico\/\",\"url\":\"https:\/\/www.noticiasradioreflejos.com.ar\/2021\/argentina-visita-a-ecuador-en-busca-del-invicto-historico\/\",\"name\":\"Argentina visita a Ecuador en busca del invicto hist\u00f3rico - Noticias Radio Reflejos\",\"isPartOf\":{\"@id\":\"https:\/\/www.noticiasradioreflejos.com.ar\/2021\/#website\"},\"primaryImageOfPage\":{\"@id\":\"https:\/\/www.noticiasradioreflejos.com.ar\/2021\/argentina-visita-a-ecuador-en-busca-del-invicto-historico\/#primaryimage\"},\"image\":{\"@id\":\"https:\/\/www.noticiasradioreflejos.com.ar\/2021\/argentina-visita-a-ecuador-en-busca-del-invicto-historico\/#primaryimage\"},\"thumbnailUrl\":\"https:\/\/www.telam.com.ar\/thumbs\/bluesteel\/advf\/imagenes\/2022\/03\/6242d5e13e6e9_900.jpg\",\"datePublished\":\"2022-03-29T11:39:47+00:00\",\"author\":{\"@id\":\"https:\/\/www.noticiasradioreflejos.com.ar\/2021\/#\/schema\/person\/ad82545263dcc5ec0996818884fd5fb1\"},\"breadcrumb\":{\"@id\":\"https:\/\/www.noticiasradioreflejos.com.ar\/2021\/argentina-visita-a-ecuador-en-busca-del-invicto-historico\/#breadcrumb\"},\"inLanguage\":\"es\",\"potentialAction\":[{\"@type\":\"ReadAction\",\"target\":[\"https:\/\/www.noticiasradioreflejos.com.ar\/2021\/argentina-visita-a-ecuador-en-busca-del-invicto-historico\/\"]}]},{\"@type\":\"ImageObject\",\"inLanguage\":\"es\",\"@id\":\"https:\/\/www.noticiasradioreflejos.com.ar\/2021\/argentina-visita-a-ecuador-en-busca-del-invicto-historico\/#primaryimage\",\"url\":\"https:\/\/www.telam.com.ar\/thumbs\/bluesteel\/advf\/imagenes\/2022\/03\/6242d5e13e6e9_900.jpg\",\"contentUrl\":\"https:\/\/www.telam.com.ar\/thumbs\/bluesteel\/advf\/imagenes\/2022\/03\/6242d5e13e6e9_900.jpg\"},{\"@type\":\"BreadcrumbList\",\"@id\":\"https:\/\/www.noticiasradioreflejos.com.ar\/2021\/argentina-visita-a-ecuador-en-busca-del-invicto-historico\/#breadcrumb\",\"itemListElement\":[{\"@type\":\"ListItem\",\"position\":1,\"name\":\"Portada\",\"item\":\"https:\/\/www.noticiasradioreflejos.com.ar\/2021\/\"},{\"@type\":\"ListItem\",\"position\":2,\"name\":\"Argentina visita a Ecuador en busca del invicto hist\u00f3rico\"}]},{\"@type\":\"WebSite\",\"@id\":\"https:\/\/www.noticiasradioreflejos.com.ar\/2021\/#website\",\"url\":\"https:\/\/www.noticiasradioreflejos.com.ar\/2021\/\",\"name\":\"Noticias Radio Reflejos\",\"description\":\"Las noticias de mi comarca\",\"potentialAction\":[{\"@type\":\"SearchAction\",\"target\":{\"@type\":\"EntryPoint\",\"urlTemplate\":\"https:\/\/www.noticiasradioreflejos.com.ar\/2021\/?s={search_term_string}\"},\"query-input\":{\"@type\":\"PropertyValueSpecification\",\"valueRequired\":true,\"valueName\":\"search_term_string\"}}],\"inLanguage\":\"es\"},{\"@type\":\"Person\",\"@id\":\"https:\/\/www.noticiasradioreflejos.com.ar\/2021\/#\/schema\/person\/ad82545263dcc5ec0996818884fd5fb1\",\"name\":\"Arnaldo Botto\",\"image\":{\"@type\":\"ImageObject\",\"inLanguage\":\"es\",\"@id\":\"https:\/\/www.noticiasradioreflejos.com.ar\/2021\/#\/schema\/person\/image\/\",\"url\":\"https:\/\/secure.gravatar.com\/avatar\/55cb5e37c1efa326397366e6974cb338056df65cb50e7d64d1cf314e87504837?s=96&d=mm&r=g\",\"contentUrl\":\"https:\/\/secure.gravatar.com\/avatar\/55cb5e37c1efa326397366e6974cb338056df65cb50e7d64d1cf314e87504837?s=96&d=mm&r=g\",\"caption\":\"Arnaldo Botto\"},\"url\":\"https:\/\/www.noticiasradioreflejos.com.ar\/2021\/author\/arnaldo\/\"}]}<\/script>\n<!-- \/ Yoast SEO plugin. -->","yoast_head_json":{"title":"Argentina visita a Ecuador en busca del invicto hist\u00f3rico - Noticias Radio Reflejos","robots":{"index":"index","follow":"follow","max-snippet":"max-snippet:-1","max-image-preview":"max-image-preview:large","max-video-preview":"max-video-preview:-1"},"canonical":"https:\/\/www.noticiasradioreflejos.com.ar\/2021\/argentina-visita-a-ecuador-en-busca-del-invicto-historico\/","og_locale":"es_ES","og_type":"article","og_title":"Argentina visita a Ecuador en busca del invicto hist\u00f3rico - Noticias Radio Reflejos","og_description":"La \u00abScaloneta\u00bb intentar\u00e1 alcanzar la marca hist\u00f3rica establecida por la Selecci\u00f3n del Alfio Basile de 31 partidos sin perder. El partido se jugar\u00e1 desde las 20.30 con arbitraje del brasile\u00f1o Raphael Claus y transmisi\u00f3n de la TV P\u00fablica y TyC Sports.","og_url":"https:\/\/www.noticiasradioreflejos.com.ar\/2021\/argentina-visita-a-ecuador-en-busca-del-invicto-historico\/","og_site_name":"Noticias Radio Reflejos","article_published_time":"2022-03-29T11:39:47+00:00","og_image":[{"url":"https:\/\/www.telam.com.ar\/thumbs\/bluesteel\/advf\/imagenes\/2022\/03\/6242d5e13e6e9_900.jpg","type":"","width":"","height":""}],"author":"Arnaldo Botto","twitter_card":"summary_large_image","schema":{"@context":"https:\/\/schema.org","@graph":[{"@type":"WebPage","@id":"https:\/\/www.noticiasradioreflejos.com.ar\/2021\/argentina-visita-a-ecuador-en-busca-del-invicto-historico\/","url":"https:\/\/www.noticiasradioreflejos.com.ar\/2021\/argentina-visita-a-ecuador-en-busca-del-invicto-historico\/","name":"Argentina visita a Ecuador en busca del invicto hist\u00f3rico - Noticias Radio Reflejos","isPartOf":{"@id":"https:\/\/www.noticiasradioreflejos.com.ar\/2021\/#website"},"primaryImageOfPage":{"@id":"https:\/\/www.noticiasradioreflejos.com.ar\/2021\/argentina-visita-a-ecuador-en-busca-del-invicto-historico\/#primaryimage"},"image":{"@id":"https:\/\/www.noticiasradioreflejos.com.ar\/2021\/argentina-visita-a-ecuador-en-busca-del-invicto-historico\/#primaryimage"},"thumbnailUrl":"https:\/\/www.telam.com.ar\/thumbs\/bluesteel\/advf\/imagenes\/2022\/03\/6242d5e13e6e9_900.jpg","datePublished":"2022-03-29T11:39:47+00:00","author":{"@id":"https:\/\/www.noticiasradioreflejos.com.ar\/2021\/#\/schema\/person\/ad82545263dcc5ec0996818884fd5fb1"},"breadcrumb":{"@id":"https:\/\/www.noticiasradioreflejos.com.ar\/2021\/argentina-visita-a-ecuador-en-busca-del-invicto-historico\/#breadcrumb"},"inLanguage":"es","potentialAction":[{"@type":"ReadAction","target":["https:\/\/www.noticiasradioreflejos.com.ar\/2021\/argentina-visita-a-ecuador-en-busca-del-invicto-historico\/"]}]},{"@type":"ImageObject","inLanguage":"es","@id":"https:\/\/www.noticiasradioreflejos.com.ar\/2021\/argentina-visita-a-ecuador-en-busca-del-invicto-historico\/#primaryimage","url":"https:\/\/www.telam.com.ar\/thumbs\/bluesteel\/advf\/imagenes\/2022\/03\/6242d5e13e6e9_900.jpg","contentUrl":"https:\/\/www.telam.com.ar\/thumbs\/bluesteel\/advf\/imagenes\/2022\/03\/6242d5e13e6e9_900.jpg"},{"@type":"BreadcrumbList","@id":"https:\/\/www.noticiasradioreflejos.com.ar\/2021\/argentina-visita-a-ecuador-en-busca-del-invicto-historico\/#breadcrumb","itemListElement":[{"@type":"ListItem","position":1,"name":"Portada","item":"https:\/\/www.noticiasradioreflejos.com.ar\/2021\/"},{"@type":"ListItem","position":2,"name":"Argentina visita a Ecuador en busca del invicto hist\u00f3rico"}]},{"@type":"WebSite","@id":"https:\/\/www.noticiasradioreflejos.com.ar\/2021\/#website","url":"https:\/\/www.noticiasradioreflejos.com.ar\/2021\/","name":"Noticias Radio Reflejos","description":"Las noticias de mi comarca","potentialAction":[{"@type":"SearchAction","target":{"@type":"EntryPoint","urlTemplate":"https:\/\/www.noticiasradioreflejos.com.ar\/2021\/?s={search_term_string}"},"query-input":{"@type":"PropertyValueSpecification","valueRequired":true,"valueName":"search_term_string"}}],"inLanguage":"es"},{"@type":"Person","@id":"https:\/\/www.noticiasradioreflejos.com.ar\/2021\/#\/schema\/person\/ad82545263dcc5ec0996818884fd5fb1","name":"Arnaldo Botto","image":{"@type":"ImageObject","inLanguage":"es","@id":"https:\/\/www.noticiasradioreflejos.com.ar\/2021\/#\/schema\/person\/image\/","url":"https:\/\/secure.gravatar.com\/avatar\/55cb5e37c1efa326397366e6974cb338056df65cb50e7d64d1cf314e87504837?s=96&d=mm&r=g","contentUrl":"https:\/\/secure.gravatar.com\/avatar\/55cb5e37c1efa326397366e6974cb338056df65cb50e7d64d1cf314e87504837?s=96&d=mm&r=g","caption":"Arnaldo Botto"},"url":"https:\/\/www.noticiasradioreflejos.com.ar\/2021\/author\/arnaldo\/"}]}},"_links":{"self":[{"href":"https:\/\/www.noticiasradioreflejos.com.ar\/2021\/wp-json\/wp\/v2\/posts\/69875","targetHints":{"allow":["GET"]}}],"collection":[{"href":"https:\/\/www.noticiasradioreflejos.com.ar\/2021\/wp-json\/wp\/v2\/posts"}],"about":[{"href":"https:\/\/www.noticiasradioreflejos.com.ar\/2021\/wp-json\/wp\/v2\/types\/post"}],"author":[{"embeddable":true,"href":"https:\/\/www.noticiasradioreflejos.com.ar\/2021\/wp-json\/wp\/v2\/users\/3"}],"replies":[{"embeddable":true,"href":"https:\/\/www.noticiasradioreflejos.com.ar\/2021\/wp-json\/wp\/v2\/comments?post=69875"}],"version-history":[{"count":1,"href":"https:\/\/www.noticiasradioreflejos.com.ar\/2021\/wp-json\/wp\/v2\/posts\/69875\/revisions"}],"predecessor-version":[{"id":69877,"href":"https:\/\/www.noticiasradioreflejos.com.ar\/2021\/wp-json\/wp\/v2\/posts\/69875\/revisions\/69877"}],"wp:attachment":[{"href":"https:\/\/www.noticiasradioreflejos.com.ar\/2021\/wp-json\/wp\/v2\/media?parent=69875"}],"wp:term":[{"taxonomy":"category","embeddable":true,"href":"https:\/\/www.noticiasradioreflejos.com.ar\/2021\/wp-json\/wp\/v2\/categories?post=69875"},{"taxonomy":"post_tag","embeddable":true,"href":"https:\/\/www.noticiasradioreflejos.com.ar\/2021\/wp-json\/wp\/v2\/tags?post=69875"}],"curies":[{"name":"wp","href":"https:\/\/api.w.org\/{rel}","templated":true}]}}